{"id":129170,"date":"2022-12-23T11:55:39","date_gmt":"2022-12-23T11:55:39","guid":{"rendered":"https:\/\/all-car-news.com\/utrecht-schafft-kostenloses-parken-an-feiertagen-ab-nicht-inklusiv\/"},"modified":"2022-12-23T11:55:39","modified_gmt":"2022-12-23T11:55:39","slug":"utrecht-schafft-kostenloses-parken-an-feiertagen-ab-nicht-inklusiv","status":"publish","type":"post","link":"https:\/\/all-car-news.com\/de\/utrecht-schafft-kostenloses-parken-an-feiertagen-ab-nicht-inklusiv\/","title":{"rendered":"Utrecht schafft kostenloses Parken an Feiertagen ab, &#8222;nicht inklusiv"},"content":{"rendered":"<\/p>\n<h2>Kostenloses Parken Utrecht<\/h2>\n<p>Wer sein Auto an Weihnachten, Karfreitag, Ostern, Himmelfahrt und Pfingsten n\u00e4chsten Jahres in Utrecht parkt, riskiert ein Bu\u00dfgeld oder eine Radkralle, wenn er vergisst, die Parkgeb\u00fchren zu bezahlen. Ein von GroenLinks, Partij voor de Dieren, Student &amp; Starter und D66 eingereichter Antrag zur Abschaffung des kostenlosen Parkens an Feiertagen wurde im Domstad angenommen.<\/p>\n<figure class=\"wp-block-image size-content\"><img decoding=\"async\" loading=\"lazy\" width=\"1140\" height=\"854\" src=\"https:\/\/autorai.nl\/wp-content\/uploads\/2022\/12\/utrecht-parkeren-auto-1140x854.jpg\" alt=\"\" class=\"wp-image-143773\"><figcaption> <\/figcaption><\/figure>\n<h2>Wieso den?<\/h2>\n<p>Die Fraktionen brachten den Antrag im November 2021 mit der Begr\u00fcndung ein, die st\u00e4dtische Parkpolitik sei nicht integrativ. An christlichen Feiertagen d\u00fcrfen Autofahrer frei <a href=\"https:\/\/autorai.nl\/tips-om-goedkoop-je-auto-te-parkeren\/\" target=\"_blank\" rel=\"noreferrer noopener\">parken<\/a>, nicht aber an Feiertagen anderer Religionen. Nach Ansicht der Fraktionen ist das unfair. Da es nicht m\u00f6glich ist, an allen religi\u00f6sen Feiertagen kostenlos zu parken, schlugen die Parteien vor, das kostenlose Parken an allen Feiertagen aufzuheben.<\/p>\n<h2>Normaler Tag<\/h2>\n<p>Das Kollegium stimmte dem Antrag zu, und ab dem 1. Januar 2023 wird jeder Feiertag in Bezug auf das Parken als &#8222;normaler Tag&#8220; gelten. F\u00fcr diese neue Ma\u00dfnahme muss Utrecht zun\u00e4chst selbst den Geldhahn zudrehen. Die Stadt sollte alle Parkuhren umstellen und die Anwohner rund um alle (christlichen) Feiertage \u00fcber die \u00c4nderung der Parkpolitik informieren.<\/p>\n<h2>Erste Stadt in den Niederlanden<\/h2>\n<p>Dies ist ein weiterer Schlag f\u00fcr Besucher und Einwohner von Utrecht mit einem Auto. Nicht nur, dass die Tarife f\u00fcr Kurzzeitparken und Parkscheine extra angehoben wurden, im November k\u00fcndigte die Stadt auch an, dass sie als erste in den Niederlanden im gesamten Stadtgebiet geb\u00fchrenpflichtige Parkpl\u00e4tze einf\u00fchren <a href=\"https:\/\/www.rtvutrecht.nl\/nieuws\/3517534\/ook-motie-tegen-betaald-parkeren-in-utrecht-verandert-plannen-gemeente-niet\" target=\"_blank\" rel=\"noreferrer noopener\">wird<\/a>. Ab 2024 werden in jeder Stra\u00dfe Parkuhren aufgestellt. Nicht nur im Stadtzentrum, sondern auch in Vierteln wie Vleuten-De Meern, Zuilen, Overvecht und Leidsche Rijn, wo es keine oder nur geringe Parkprobleme gibt.  <\/p>\n<p>Lesen Sie auch:<\/p>\n<figure class=\"wp-block-embed is-type-wp-embed is-provider-autorai-nl wp-block-embed-autorai-nl\">\n<div class=\"wp-block-embed__wrapper\">\n<blockquote class=\"wp-embedded-content\" data-secret=\"LSo0SEF2aO\"><p><a href=\"https:\/\/autorai.nl\/waarom-er-bijna-10-000-zandzakken-op-de-a7-staan\/\">Warum fast 10.000 Sands\u00e4cke auf der A7 stehen<\/a><\/p><\/blockquote>\n<\/div>\n<\/figure>\n<p> <a href=\"https:\/\/www.rtvutrecht.nl\/nieuws\/3514554\/parkeerpetitie-maakt-weinig-indruk-plannen-voor-betaald-parkeren-in-utrecht-niet-in-het-geding\"><\/a><\/p>\n","protected":false},"excerpt":{"rendered":"Kostenloses Parken Utrecht Wer an Weihnachten, Karfreitag, Ostern, Himmelfahrt und Pfingsten n\u00e4chsten Jahres sein Auto in Utrecht abstellt, riskiert ein&hellip;","protected":false},"author":0,"featured_media":129117,"comment_status":"open","ping_status":"open","sticky":false,"template":"","format":"standard","meta":{"footnotes":""},"categories":[128],"tags":[],"class_list":["post-129170","post","type-post","status-publish","format-standard","has-post-thumbnail","hentry","category-hintergrund"],"acf":[],"yoast_head":"<!-- This site is optimized with the Yoast SEO plugin v21.2 - https:\/\/yoast.com\/wordpress\/plugins\/seo\/ -->\n<title>Utrecht schafft kostenloses Parken an Feiertagen ab, &quot;nicht inklusiv - All cars news<\/title>\n<meta name=\"robots\" content=\"index, follow, max-snippet:-1, max-image-preview:large, max-video-preview:-1\" \/>\n<link rel=\"canonical\" href=\"https:\/\/all-car-news.com\/de\/utrecht-schafft-kostenloses-parken-an-feiertagen-ab-nicht-inklusiv\/\" \/>\n<meta property=\"og:locale\" content=\"de_DE\" \/>\n<meta property=\"og:type\" content=\"article\" \/>\n<meta property=\"og:title\" content=\"Utrecht schafft kostenloses Parken an Feiertagen ab, &quot;nicht inklusiv - All cars news\" \/>\n<meta property=\"og:description\" content=\"Kostenloses Parken Utrecht Wer an Weihnachten, Karfreitag, Ostern, Himmelfahrt und Pfingsten n\u00e4chsten Jahres sein Auto in Utrecht abstellt, riskiert ein Bu\u00dfgeld oder eine Radkralle, wenn er vergisst, die Parkgeb\u00fchren zu bezahlen. Ein von GroenLinks, Partij voor de Dieren, Student &amp; Starter und D66 eingereichter Antrag zur Abschaffung des kostenlosen Parkens an Feiertagen wurde im [...]\" \/>\n<meta property=\"og:url\" content=\"https:\/\/all-car-news.com\/de\/utrecht-schafft-kostenloses-parken-an-feiertagen-ab-nicht-inklusiv\/\" \/>\n<meta property=\"og:site_name\" content=\"All cars news\" \/>\n<meta property=\"article:published_time\" content=\"2022-12-23T11:55:39+00:00\" \/>\n<meta property=\"og:image\" content=\"https:\/\/autorai.nl\/wp-content\/uploads\/2022\/12\/utrecht-parkeren-auto-1140x854.jpg\" \/>\n<meta name=\"twitter:card\" content=\"summary_large_image\" \/>\n<meta name=\"twitter:label1\" content=\"Gesch\u00e4tzte Lesezeit\" \/>\n\t<meta name=\"twitter:data1\" content=\"1\u00a0Minute\" \/>\n<script type=\"application\/ld+json\" class=\"yoast-schema-graph\">{\"@context\":\"https:\/\/schema.org\",\"@graph\":[{\"@type\":\"Article\",\"@id\":\"https:\/\/all-car-news.com\/de\/utrecht-schafft-kostenloses-parken-an-feiertagen-ab-nicht-inklusiv\/#article\",\"isPartOf\":{\"@id\":\"https:\/\/all-car-news.com\/de\/utrecht-schafft-kostenloses-parken-an-feiertagen-ab-nicht-inklusiv\/\"},\"author\":{\"name\":\"\",\"@id\":\"\"},\"headline\":\"Utrecht schafft kostenloses Parken an Feiertagen ab, &#8222;nicht inklusiv\",\"datePublished\":\"2022-12-23T11:55:39+00:00\",\"dateModified\":\"2022-12-23T11:55:39+00:00\",\"mainEntityOfPage\":{\"@id\":\"https:\/\/all-car-news.com\/de\/utrecht-schafft-kostenloses-parken-an-feiertagen-ab-nicht-inklusiv\/\"},\"wordCount\":294,\"commentCount\":0,\"publisher\":{\"@id\":\"https:\/\/all-car-news.com\/de\/#organization\"},\"articleSection\":[\"Hintergrund\"],\"inLanguage\":\"de\",\"potentialAction\":[{\"@type\":\"CommentAction\",\"name\":\"Comment\",\"target\":[\"https:\/\/all-car-news.com\/de\/utrecht-schafft-kostenloses-parken-an-feiertagen-ab-nicht-inklusiv\/#respond\"]}]},{\"@type\":\"WebPage\",\"@id\":\"https:\/\/all-car-news.com\/de\/utrecht-schafft-kostenloses-parken-an-feiertagen-ab-nicht-inklusiv\/\",\"url\":\"https:\/\/all-car-news.com\/de\/utrecht-schafft-kostenloses-parken-an-feiertagen-ab-nicht-inklusiv\/\",\"name\":\"Utrecht schafft kostenloses Parken an Feiertagen ab, \\\"nicht inklusiv - All cars news\",\"isPartOf\":{\"@id\":\"https:\/\/all-car-news.com\/de\/#website\"},\"datePublished\":\"2022-12-23T11:55:39+00:00\",\"dateModified\":\"2022-12-23T11:55:39+00:00\",\"breadcrumb\":{\"@id\":\"https:\/\/all-car-news.com\/de\/utrecht-schafft-kostenloses-parken-an-feiertagen-ab-nicht-inklusiv\/#breadcrumb\"},\"inLanguage\":\"de\",\"potentialAction\":[{\"@type\":\"ReadAction\",\"target\":[\"https:\/\/all-car-news.com\/de\/utrecht-schafft-kostenloses-parken-an-feiertagen-ab-nicht-inklusiv\/\"]}]},{\"@type\":\"BreadcrumbList\",\"@id\":\"https:\/\/all-car-news.com\/de\/utrecht-schafft-kostenloses-parken-an-feiertagen-ab-nicht-inklusiv\/#breadcrumb\",\"itemListElement\":[{\"@type\":\"ListItem\",\"position\":1,\"name\":\"Home\",\"item\":\"https:\/\/all-car-news.com\/de\/\"},{\"@type\":\"ListItem\",\"position\":2,\"name\":\"Utrecht schafft kostenloses Parken an Feiertagen ab, &#8222;nicht inklusiv\"}]},{\"@type\":\"WebSite\",\"@id\":\"https:\/\/all-car-news.com\/de\/#website\",\"url\":\"https:\/\/all-car-news.com\/de\/\",\"name\":\"All cars news\",\"description\":\"\",\"publisher\":{\"@id\":\"https:\/\/all-car-news.com\/de\/#organization\"},\"potentialAction\":[{\"@type\":\"SearchAction\",\"target\":{\"@type\":\"EntryPoint\",\"urlTemplate\":\"https:\/\/all-car-news.com\/de\/?s={search_term_string}\"},\"query-input\":\"required name=search_term_string\"}],\"inLanguage\":\"de\"},{\"@type\":\"Organization\",\"@id\":\"https:\/\/all-car-news.com\/de\/#organization\",\"name\":\"All cars news\",\"url\":\"https:\/\/all-car-news.com\/de\/\",\"logo\":{\"@type\":\"ImageObject\",\"inLanguage\":\"de\",\"@id\":\"https:\/\/all-car-news.com\/de\/#\/schema\/logo\/image\/\",\"url\":\"https:\/\/all-car-news.com\/wp-content\/uploads\/2022\/02\/CMYK-AllCarNews_LANDSCAPE_300px-1.png\",\"contentUrl\":\"https:\/\/all-car-news.com\/wp-content\/uploads\/2022\/02\/CMYK-AllCarNews_LANDSCAPE_300px-1.png\",\"width\":300,\"height\":100,\"caption\":\"All cars news\"},\"image\":{\"@id\":\"https:\/\/all-car-news.com\/de\/#\/schema\/logo\/image\/\"}}]}<\/script>\n<!-- \/ Yoast SEO plugin. -->","yoast_head_json":{"title":"Utrecht schafft kostenloses Parken an Feiertagen ab, \"nicht inklusiv - All cars news","robots":{"index":"index","follow":"follow","max-snippet":"max-snippet:-1","max-image-preview":"max-image-preview:large","max-video-preview":"max-video-preview:-1"},"canonical":"https:\/\/all-car-news.com\/de\/utrecht-schafft-kostenloses-parken-an-feiertagen-ab-nicht-inklusiv\/","og_locale":"de_DE","og_type":"article","og_title":"Utrecht schafft kostenloses Parken an Feiertagen ab, \"nicht inklusiv - All cars news","og_description":"Kostenloses Parken Utrecht Wer an Weihnachten, Karfreitag, Ostern, Himmelfahrt und Pfingsten n\u00e4chsten Jahres sein Auto in Utrecht abstellt, riskiert ein Bu\u00dfgeld oder eine Radkralle, wenn er vergisst, die Parkgeb\u00fchren zu bezahlen. Ein von GroenLinks, Partij voor de Dieren, Student &amp; Starter und D66 eingereichter Antrag zur Abschaffung des kostenlosen Parkens an Feiertagen wurde im [...]","og_url":"https:\/\/all-car-news.com\/de\/utrecht-schafft-kostenloses-parken-an-feiertagen-ab-nicht-inklusiv\/","og_site_name":"All cars news","article_published_time":"2022-12-23T11:55:39+00:00","og_image":[{"url":"https:\/\/autorai.nl\/wp-content\/uploads\/2022\/12\/utrecht-parkeren-auto-1140x854.jpg"}],"twitter_card":"summary_large_image","twitter_misc":{"Gesch\u00e4tzte Lesezeit":"1\u00a0Minute"},"schema":{"@context":"https:\/\/schema.org","@graph":[{"@type":"Article","@id":"https:\/\/all-car-news.com\/de\/utrecht-schafft-kostenloses-parken-an-feiertagen-ab-nicht-inklusiv\/#article","isPartOf":{"@id":"https:\/\/all-car-news.com\/de\/utrecht-schafft-kostenloses-parken-an-feiertagen-ab-nicht-inklusiv\/"},"author":{"name":"","@id":""},"headline":"Utrecht schafft kostenloses Parken an Feiertagen ab, &#8222;nicht inklusiv","datePublished":"2022-12-23T11:55:39+00:00","dateModified":"2022-12-23T11:55:39+00:00","mainEntityOfPage":{"@id":"https:\/\/all-car-news.com\/de\/utrecht-schafft-kostenloses-parken-an-feiertagen-ab-nicht-inklusiv\/"},"wordCount":294,"commentCount":0,"publisher":{"@id":"https:\/\/all-car-news.com\/de\/#organization"},"articleSection":["Hintergrund"],"inLanguage":"de","potentialAction":[{"@type":"CommentAction","name":"Comment","target":["https:\/\/all-car-news.com\/de\/utrecht-schafft-kostenloses-parken-an-feiertagen-ab-nicht-inklusiv\/#respond"]}]},{"@type":"WebPage","@id":"https:\/\/all-car-news.com\/de\/utrecht-schafft-kostenloses-parken-an-feiertagen-ab-nicht-inklusiv\/","url":"https:\/\/all-car-news.com\/de\/utrecht-schafft-kostenloses-parken-an-feiertagen-ab-nicht-inklusiv\/","name":"Utrecht schafft kostenloses Parken an Feiertagen ab, \"nicht inklusiv - All cars news","isPartOf":{"@id":"https:\/\/all-car-news.com\/de\/#website"},"datePublished":"2022-12-23T11:55:39+00:00","dateModified":"2022-12-23T11:55:39+00:00","breadcrumb":{"@id":"https:\/\/all-car-news.com\/de\/utrecht-schafft-kostenloses-parken-an-feiertagen-ab-nicht-inklusiv\/#breadcrumb"},"inLanguage":"de","potentialAction":[{"@type":"ReadAction","target":["https:\/\/all-car-news.com\/de\/utrecht-schafft-kostenloses-parken-an-feiertagen-ab-nicht-inklusiv\/"]}]},{"@type":"BreadcrumbList","@id":"https:\/\/all-car-news.com\/de\/utrecht-schafft-kostenloses-parken-an-feiertagen-ab-nicht-inklusiv\/#breadcrumb","itemListElement":[{"@type":"ListItem","position":1,"name":"Home","item":"https:\/\/all-car-news.com\/de\/"},{"@type":"ListItem","position":2,"name":"Utrecht schafft kostenloses Parken an Feiertagen ab, &#8222;nicht inklusiv"}]},{"@type":"WebSite","@id":"https:\/\/all-car-news.com\/de\/#website","url":"https:\/\/all-car-news.com\/de\/","name":"All cars news","description":"","publisher":{"@id":"https:\/\/all-car-news.com\/de\/#organization"},"potentialAction":[{"@type":"SearchAction","target":{"@type":"EntryPoint","urlTemplate":"https:\/\/all-car-news.com\/de\/?s={search_term_string}"},"query-input":"required name=search_term_string"}],"inLanguage":"de"},{"@type":"Organization","@id":"https:\/\/all-car-news.com\/de\/#organization","name":"All cars news","url":"https:\/\/all-car-news.com\/de\/","logo":{"@type":"ImageObject","inLanguage":"de","@id":"https:\/\/all-car-news.com\/de\/#\/schema\/logo\/image\/","url":"https:\/\/all-car-news.com\/wp-content\/uploads\/2022\/02\/CMYK-AllCarNews_LANDSCAPE_300px-1.png","contentUrl":"https:\/\/all-car-news.com\/wp-content\/uploads\/2022\/02\/CMYK-AllCarNews_LANDSCAPE_300px-1.png","width":300,"height":100,"caption":"All cars news"},"image":{"@id":"https:\/\/all-car-news.com\/de\/#\/schema\/logo\/image\/"}}]}},"_links":{"self":[{"href":"https:\/\/all-car-news.com\/de\/wp-json\/wp\/v2\/posts\/129170","targetHints":{"allow":["GET"]}}],"collection":[{"href":"https:\/\/all-car-news.com\/de\/wp-json\/wp\/v2\/posts"}],"about":[{"href":"https:\/\/all-car-news.com\/de\/wp-json\/wp\/v2\/types\/post"}],"replies":[{"embeddable":true,"href":"https:\/\/all-car-news.com\/de\/wp-json\/wp\/v2\/comments?post=129170"}],"version-history":[{"count":0,"href":"https:\/\/all-car-news.com\/de\/wp-json\/wp\/v2\/posts\/129170\/revisions"}],"wp:featuredmedia":[{"embeddable":true,"href":"https:\/\/all-car-news.com\/de\/wp-json\/wp\/v2\/media\/129117"}],"wp:attachment":[{"href":"https:\/\/all-car-news.com\/de\/wp-json\/wp\/v2\/media?parent=129170"}],"wp:term":[{"taxonomy":"category","embeddable":true,"href":"https:\/\/all-car-news.com\/de\/wp-json\/wp\/v2\/categories?post=129170"},{"taxonomy":"post_tag","embeddable":true,"href":"https:\/\/all-car-news.com\/de\/wp-json\/wp\/v2\/tags?post=129170"}],"curies":[{"name":"wp","href":"https:\/\/api.w.org\/{rel}","templated":true}]}}