{"id":128995,"date":"2022-12-20T17:54:11","date_gmt":"2022-12-20T17:54:11","guid":{"rendered":"https:\/\/all-car-news.com\/tipp-es-gibt-eine-weitere-ktm-brabus-1300-r-zu-verkaufen\/"},"modified":"2022-12-20T17:54:11","modified_gmt":"2022-12-20T17:54:11","slug":"tipp-es-gibt-eine-weitere-ktm-brabus-1300-r-zu-verkaufen","status":"publish","type":"post","link":"https:\/\/all-car-news.com\/de\/tipp-es-gibt-eine-weitere-ktm-brabus-1300-r-zu-verkaufen\/","title":{"rendered":"Tipp! Es gibt eine weitere KTM Brabus 1300 R zu verkaufen"},"content":{"rendered":"<p>Innerhalb von 1 Minute und 55 Sekunden waren alle KTMs Brabus 1300 R im Februar ausverkauft. Viele Fans hatten offenbar buchst\u00e4blich den Finger auf dem Vorbestellungsknopf. Sie hatten die Wahl zwischen 77 Exemplaren in der Farbe Magma Red und 77 Exemplaren in der Farbe Signature Black.<\/p>\n<p><img decoding=\"async\" loading=\"lazy\" width=\"1024\" height=\"768\" class=\"alignnone size-full wp-image-26516\" src=\"https:\/\/motorrai.nl\/wp-content\/uploads\/2022\/12\/12MRVJ_1_1.jpg\" alt=\"\"><\/p>\n<h2>Neue KTM Brabus 1300 R mit Zertifikaten<\/h2>\n<p>Eine dieser zweir\u00e4drigen Kreationen des Motorradherstellers KTM und der deutschen Tuningfirma Brabus steht jetzt in den Niederlanden zum Verkauf. Die KTM Brabus 1300 R Signature Black steht brandneu im Showroom des <a href=\"https:\/\/www.cortenraadautos.nl\/occasions\/ktm\/brabus-1300-r\/one-of-77-new-with-all-official-documents_occasion_12-mr-vj-locatie-margraten\/benzine\/1477848\">Bosch Car Service Cortenraad<\/a> in Margraten. Sie erhalten alle offiziellen Herstellerzertifikate mit. Nachdem Sie diesen Beitrag gelesen haben, sollten Sie vielleicht schnell reagieren.<\/p>\n<h2>Exotisches Motorrad mit ebenso exotischem Preis<\/h2>\n<p>Okay, der Preis ist saftig. Es l\u00e4uft also etwas weniger Sturm als im Februar. Der Preis f\u00fcr das Modell in Margraten betr\u00e4gt stolze 59.500 Euro. Damals haben Sie ihn f\u00fcr 39.950 Euro ab Werk gekauft. Das war allerdings ohne Steuern. Der KTM Brabus 1300 R, der von Bosch Car Service Cortenraad angeboten wird, hat ein niederl\u00e4ndisches Kennzeichen und der angegebene Preis ist daher inklusive Mehrwertsteuer und BPM.<\/p>\n<div class=\"galery galery-26515\">\n<figure>\n\t\t\t<a href=\"https:\/\/motorrai.nl\/wp-content\/uploads\/2022\/12\/12MRVJ_7_1.jpg\" data-fancybox=\"galery-26515\" title=\"\"><br \/>\n\t\t\t\t<img decoding=\"async\" src=\"https:\/\/motorrai.nl\/wp-content\/uploads\/2022\/12\/12MRVJ_7_1-360x270.jpg\" alt=\"\"><i class=\"fa fa-search-plus\" aria-hidden=\"true\"><\/i><br \/>\n\t\t\t<\/a><br \/>\n\t\t<\/figure>\n<figure>\n\t\t\t<a href=\"https:\/\/motorrai.nl\/wp-content\/uploads\/2022\/12\/12MRVJ_6_1.jpg\" data-fancybox=\"galery-26515\" title=\"\"><br \/>\n\t\t\t\t<img decoding=\"async\" src=\"https:\/\/motorrai.nl\/wp-content\/uploads\/2022\/12\/12MRVJ_6_1-360x270.jpg\" alt=\"\"><i class=\"fa fa-search-plus\" aria-hidden=\"true\"><\/i><br \/>\n\t\t\t<\/a><br \/>\n\t\t<\/figure>\n<figure>\n\t\t\t<a href=\"https:\/\/motorrai.nl\/wp-content\/uploads\/2022\/12\/12MRVJ_3_1.jpg\" data-fancybox=\"galery-26515\" title=\"\"><br \/>\n\t\t\t\t<img decoding=\"async\" src=\"https:\/\/motorrai.nl\/wp-content\/uploads\/2022\/12\/12MRVJ_3_1-360x270.jpg\" alt=\"\"><i class=\"fa fa-search-plus\" aria-hidden=\"true\"><\/i><br \/>\n\t\t\t<\/a><br \/>\n\t\t<\/figure>\n<figure>\n\t\t\t<a href=\"https:\/\/motorrai.nl\/wp-content\/uploads\/2022\/12\/12MRVJ_2_1.jpg\" data-fancybox=\"galery-26515\" title=\"\"><br \/>\n\t\t\t\t<img decoding=\"async\" src=\"https:\/\/motorrai.nl\/wp-content\/uploads\/2022\/12\/12MRVJ_2_1-360x270.jpg\" alt=\"\"><i class=\"fa fa-search-plus\" aria-hidden=\"true\"><\/i><br \/>\n\t\t\t<\/a><br \/>\n\t\t<\/figure>\n<div class=\"clear\"><\/div>\n<\/div>\n<h2>Basierend auf der KTM Super Duke R Evo<\/h2>\n<p>Die KTM Brabus 1300 R basiert auf der KTM Super Duke R Evo. Der 1.301-ccm-Motor leistet 132 kW (179 PS) und 140 Nm Drehmoment. Der Rahmen, die Schwinge, die Bremsanlage, die elektronische WP Apex-Federung, die Auspuffanlage, der Sto\u00dfd\u00e4mpfer und der Kraftstofftank sind dem KTM-Modell \u00e4hnlich. Die teilweise aus Kohlefaser bestehenden Paneele um den Tank herum sind anders, ebenso wie die Felgen (Neun-Speichen), die Auspuffrohre, der vordere Kotfl\u00fcgel, der einzelne runde Scheinwerfer und die Verkleidungsteile drum herum.<\/p>\n<h2>Zahlreiche Details<\/h2>\n<p>Auch die rote Polsterung des Sitzes, seine Form und die vielen Komponenten aus Carbon und gefr\u00e4stem Aluminium sind einzigartig und tragen teilweise die Handschrift von Brabus. Im Grunde sieht man ein bestialisches und brutales Motorrad, bei dem man deutlich die Handschrift von Brabus erkennt. Man muss nur einen Blick auf den Mercedes-Benz Brabus 600 werfen, der auf dem Gel\u00e4ndewagen G-Klasse 4\u00d74 von Mercedes basiert.<\/p>\n<div class=\"galery galery-26515\">\n<figure>\n\t\t\t<a href=\"https:\/\/motorrai.nl\/wp-content\/uploads\/2022\/12\/BRABUS-1300-R-06-1024x576-1.webp\" data-fancybox=\"galery-26515\" title=\"\"><br \/>\n\t\t\t\t<img decoding=\"async\" src=\"https:\/\/motorrai.nl\/wp-content\/uploads\/2022\/12\/BRABUS-1300-R-06-1024x576-1-360x270.webp\" alt=\"\"><i class=\"fa fa-search-plus\" aria-hidden=\"true\"><\/i><br \/>\n\t\t\t<\/a><br \/>\n\t\t<\/figure>\n<figure>\n\t\t\t<a href=\"https:\/\/motorrai.nl\/wp-content\/uploads\/2022\/12\/12MRVJ_26_1.jpg\" data-fancybox=\"galery-26515\" title=\"\"><br \/>\n\t\t\t\t<img decoding=\"async\" src=\"https:\/\/motorrai.nl\/wp-content\/uploads\/2022\/12\/12MRVJ_26_1-360x270.jpg\" alt=\"\"><i class=\"fa fa-search-plus\" aria-hidden=\"true\"><\/i><br \/>\n\t\t\t<\/a><br \/>\n\t\t<\/figure>\n<figure>\n\t\t\t<a href=\"https:\/\/motorrai.nl\/wp-content\/uploads\/2022\/12\/12MRVJ_24_1.jpg\" data-fancybox=\"galery-26515\" title=\"\"><br \/>\n\t\t\t\t<img decoding=\"async\" src=\"https:\/\/motorrai.nl\/wp-content\/uploads\/2022\/12\/12MRVJ_24_1-360x270.jpg\" alt=\"\"><i class=\"fa fa-search-plus\" aria-hidden=\"true\"><\/i><br \/>\n\t\t\t<\/a><br \/>\n\t\t<\/figure>\n<figure>\n\t\t\t<a href=\"https:\/\/motorrai.nl\/wp-content\/uploads\/2022\/12\/12MRVJ_23_1.jpg\" data-fancybox=\"galery-26515\" title=\"\"><br \/>\n\t\t\t\t<img decoding=\"async\" src=\"https:\/\/motorrai.nl\/wp-content\/uploads\/2022\/12\/12MRVJ_23_1-360x270.jpg\" alt=\"\"><i class=\"fa fa-search-plus\" aria-hidden=\"true\"><\/i><br \/>\n\t\t\t<\/a><br \/>\n\t\t<\/figure>\n<figure>\n\t\t\t<a href=\"https:\/\/motorrai.nl\/wp-content\/uploads\/2022\/12\/12MRVJ_21_1.jpg\" data-fancybox=\"galery-26515\" title=\"\"><br \/>\n\t\t\t\t<img decoding=\"async\" src=\"https:\/\/motorrai.nl\/wp-content\/uploads\/2022\/12\/12MRVJ_21_1-360x270.jpg\" alt=\"\"><i class=\"fa fa-search-plus\" aria-hidden=\"true\"><\/i><br \/>\n\t\t\t<\/a><br \/>\n\t\t<\/figure>\n<figure>\n\t\t\t<a href=\"https:\/\/motorrai.nl\/wp-content\/uploads\/2022\/12\/12MRVJ_19_1.jpg\" data-fancybox=\"galery-26515\" title=\"\"><br \/>\n\t\t\t\t<img decoding=\"async\" src=\"https:\/\/motorrai.nl\/wp-content\/uploads\/2022\/12\/12MRVJ_19_1-360x270.jpg\" alt=\"\"><i class=\"fa fa-search-plus\" aria-hidden=\"true\"><\/i><br \/>\n\t\t\t<\/a><br \/>\n\t\t<\/figure>\n<figure>\n\t\t\t<a href=\"https:\/\/motorrai.nl\/wp-content\/uploads\/2022\/12\/12MRVJ_18_1.jpg\" data-fancybox=\"galery-26515\" title=\"\"><br \/>\n\t\t\t\t<img decoding=\"async\" src=\"https:\/\/motorrai.nl\/wp-content\/uploads\/2022\/12\/12MRVJ_18_1-360x270.jpg\" alt=\"\"><i class=\"fa fa-search-plus\" aria-hidden=\"true\"><\/i><br \/>\n\t\t\t<\/a><br \/>\n\t\t<\/figure>\n<figure>\n\t\t\t<a href=\"https:\/\/motorrai.nl\/wp-content\/uploads\/2022\/12\/12MRVJ_16_1.jpg\" data-fancybox=\"galery-26515\" title=\"\"><br \/>\n\t\t\t\t<img decoding=\"async\" src=\"https:\/\/motorrai.nl\/wp-content\/uploads\/2022\/12\/12MRVJ_16_1-360x270.jpg\" alt=\"\"><i class=\"fa fa-search-plus\" aria-hidden=\"true\"><\/i><br \/>\n\t\t\t<\/a><br \/>\n\t\t<\/figure>\n<figure>\n\t\t\t<a href=\"https:\/\/motorrai.nl\/wp-content\/uploads\/2022\/12\/12MRVJ_14_1.jpg\" data-fancybox=\"galery-26515\" title=\"\"><br \/>\n\t\t\t\t<img decoding=\"async\" src=\"https:\/\/motorrai.nl\/wp-content\/uploads\/2022\/12\/12MRVJ_14_1-360x270.jpg\" alt=\"\"><i class=\"fa fa-search-plus\" aria-hidden=\"true\"><\/i><br \/>\n\t\t\t<\/a><br \/>\n\t\t<\/figure>\n<figure>\n\t\t\t<a href=\"https:\/\/motorrai.nl\/wp-content\/uploads\/2022\/12\/12MRVJ_12_1.jpg\" data-fancybox=\"galery-26515\" title=\"\"><br \/>\n\t\t\t\t<img decoding=\"async\" src=\"https:\/\/motorrai.nl\/wp-content\/uploads\/2022\/12\/12MRVJ_12_1-360x270.jpg\" alt=\"\"><i class=\"fa fa-search-plus\" aria-hidden=\"true\"><\/i><br \/>\n\t\t\t<\/a><br \/>\n\t\t<\/figure>\n<figure>\n\t\t\t<a href=\"https:\/\/motorrai.nl\/wp-content\/uploads\/2022\/12\/12MRVJ_9_1.jpg\" data-fancybox=\"galery-26515\" title=\"\"><br \/>\n\t\t\t\t<img decoding=\"async\" src=\"https:\/\/motorrai.nl\/wp-content\/uploads\/2022\/12\/12MRVJ_9_1-360x270.jpg\" alt=\"\"><i class=\"fa fa-search-plus\" aria-hidden=\"true\"><\/i><br \/>\n\t\t\t<\/a><br \/>\n\t\t<\/figure>\n<div class=\"clear\"><\/div>\n<\/div>\n<p>&nbsp;<\/p>\n<p>&nbsp;<\/p>\n","protected":false},"excerpt":{"rendered":"Innerhalb von 1 Minute und 55 Sekunden waren alle KTMs Brabus 1300 R im Februar ausverkauft. Viele Fans hatten offenbar&hellip;","protected":false},"author":0,"featured_media":128955,"comment_status":"open","ping_status":"open","sticky":false,"template":"","format":"standard","meta":{"footnotes":""},"categories":[125],"tags":[],"class_list":["post-128995","post","type-post","status-publish","format-standard","has-post-thumbnail","hentry","category-auto-nachrichten"],"acf":[],"yoast_head":"<!-- This site is optimized with the Yoast SEO plugin v21.2 - https:\/\/yoast.com\/wordpress\/plugins\/seo\/ -->\n<title>Tipp! Es gibt eine weitere KTM Brabus 1300 R zu verkaufen - All cars news<\/title>\n<meta name=\"robots\" content=\"index, follow, max-snippet:-1, max-image-preview:large, max-video-preview:-1\" \/>\n<link rel=\"canonical\" href=\"https:\/\/all-car-news.com\/de\/tipp-es-gibt-eine-weitere-ktm-brabus-1300-r-zu-verkaufen\/\" \/>\n<meta property=\"og:locale\" content=\"de_DE\" \/>\n<meta property=\"og:type\" content=\"article\" \/>\n<meta property=\"og:title\" content=\"Tipp! Es gibt eine weitere KTM Brabus 1300 R zu verkaufen - All cars news\" \/>\n<meta property=\"og:description\" content=\"Innerhalb von 1 Minute und 55 Sekunden waren alle KTMs Brabus 1300 R im Februar ausverkauft. Viele Fans hatten offenbar buchst\u00e4blich den Finger auf dem Vorbestellungsknopf. Sie hatten die Wahl zwischen 77 Exemplaren in der Farbe Magma Red und 77 Exemplaren in der Farbe Signature Black. Neue KTM Brabus 1300 R mit Zertifikaten A [...]\" \/>\n<meta property=\"og:url\" content=\"https:\/\/all-car-news.com\/de\/tipp-es-gibt-eine-weitere-ktm-brabus-1300-r-zu-verkaufen\/\" \/>\n<meta property=\"og:site_name\" content=\"All cars news\" \/>\n<meta property=\"article:published_time\" content=\"2022-12-20T17:54:11+00:00\" \/>\n<meta property=\"og:image\" content=\"https:\/\/motorrai.nl\/wp-content\/uploads\/2022\/12\/12MRVJ_1_1.jpg\" \/>\n<meta name=\"twitter:card\" content=\"summary_large_image\" \/>\n<meta name=\"twitter:label1\" content=\"Gesch\u00e4tzte Lesezeit\" \/>\n\t<meta name=\"twitter:data1\" content=\"2\u00a0Minuten\" \/>\n<script type=\"application\/ld+json\" class=\"yoast-schema-graph\">{\"@context\":\"https:\/\/schema.org\",\"@graph\":[{\"@type\":\"Article\",\"@id\":\"https:\/\/all-car-news.com\/de\/tipp-es-gibt-eine-weitere-ktm-brabus-1300-r-zu-verkaufen\/#article\",\"isPartOf\":{\"@id\":\"https:\/\/all-car-news.com\/de\/tipp-es-gibt-eine-weitere-ktm-brabus-1300-r-zu-verkaufen\/\"},\"author\":{\"name\":\"\",\"@id\":\"\"},\"headline\":\"Tipp! Es gibt eine weitere KTM Brabus 1300 R zu verkaufen\",\"datePublished\":\"2022-12-20T17:54:11+00:00\",\"dateModified\":\"2022-12-20T17:54:11+00:00\",\"mainEntityOfPage\":{\"@id\":\"https:\/\/all-car-news.com\/de\/tipp-es-gibt-eine-weitere-ktm-brabus-1300-r-zu-verkaufen\/\"},\"wordCount\":338,\"commentCount\":0,\"publisher\":{\"@id\":\"https:\/\/all-car-news.com\/de\/#organization\"},\"articleSection\":[\"Auto Nachrichten\"],\"inLanguage\":\"de\",\"potentialAction\":[{\"@type\":\"CommentAction\",\"name\":\"Comment\",\"target\":[\"https:\/\/all-car-news.com\/de\/tipp-es-gibt-eine-weitere-ktm-brabus-1300-r-zu-verkaufen\/#respond\"]}]},{\"@type\":\"WebPage\",\"@id\":\"https:\/\/all-car-news.com\/de\/tipp-es-gibt-eine-weitere-ktm-brabus-1300-r-zu-verkaufen\/\",\"url\":\"https:\/\/all-car-news.com\/de\/tipp-es-gibt-eine-weitere-ktm-brabus-1300-r-zu-verkaufen\/\",\"name\":\"Tipp! Es gibt eine weitere KTM Brabus 1300 R zu verkaufen - All cars news\",\"isPartOf\":{\"@id\":\"https:\/\/all-car-news.com\/de\/#website\"},\"datePublished\":\"2022-12-20T17:54:11+00:00\",\"dateModified\":\"2022-12-20T17:54:11+00:00\",\"breadcrumb\":{\"@id\":\"https:\/\/all-car-news.com\/de\/tipp-es-gibt-eine-weitere-ktm-brabus-1300-r-zu-verkaufen\/#breadcrumb\"},\"inLanguage\":\"de\",\"potentialAction\":[{\"@type\":\"ReadAction\",\"target\":[\"https:\/\/all-car-news.com\/de\/tipp-es-gibt-eine-weitere-ktm-brabus-1300-r-zu-verkaufen\/\"]}]},{\"@type\":\"BreadcrumbList\",\"@id\":\"https:\/\/all-car-news.com\/de\/tipp-es-gibt-eine-weitere-ktm-brabus-1300-r-zu-verkaufen\/#breadcrumb\",\"itemListElement\":[{\"@type\":\"ListItem\",\"position\":1,\"name\":\"Home\",\"item\":\"https:\/\/all-car-news.com\/de\/\"},{\"@type\":\"ListItem\",\"position\":2,\"name\":\"Tipp! Es gibt eine weitere KTM Brabus 1300 R zu verkaufen\"}]},{\"@type\":\"WebSite\",\"@id\":\"https:\/\/all-car-news.com\/de\/#website\",\"url\":\"https:\/\/all-car-news.com\/de\/\",\"name\":\"All cars news\",\"description\":\"\",\"publisher\":{\"@id\":\"https:\/\/all-car-news.com\/de\/#organization\"},\"potentialAction\":[{\"@type\":\"SearchAction\",\"target\":{\"@type\":\"EntryPoint\",\"urlTemplate\":\"https:\/\/all-car-news.com\/de\/?s={search_term_string}\"},\"query-input\":\"required name=search_term_string\"}],\"inLanguage\":\"de\"},{\"@type\":\"Organization\",\"@id\":\"https:\/\/all-car-news.com\/de\/#organization\",\"name\":\"All cars news\",\"url\":\"https:\/\/all-car-news.com\/de\/\",\"logo\":{\"@type\":\"ImageObject\",\"inLanguage\":\"de\",\"@id\":\"https:\/\/all-car-news.com\/de\/#\/schema\/logo\/image\/\",\"url\":\"https:\/\/all-car-news.com\/wp-content\/uploads\/2022\/02\/CMYK-AllCarNews_LANDSCAPE_300px-1.png\",\"contentUrl\":\"https:\/\/all-car-news.com\/wp-content\/uploads\/2022\/02\/CMYK-AllCarNews_LANDSCAPE_300px-1.png\",\"width\":300,\"height\":100,\"caption\":\"All cars news\"},\"image\":{\"@id\":\"https:\/\/all-car-news.com\/de\/#\/schema\/logo\/image\/\"}}]}<\/script>\n<!-- \/ Yoast SEO plugin. -->","yoast_head_json":{"title":"Tipp! Es gibt eine weitere KTM Brabus 1300 R zu verkaufen - All cars news","robots":{"index":"index","follow":"follow","max-snippet":"max-snippet:-1","max-image-preview":"max-image-preview:large","max-video-preview":"max-video-preview:-1"},"canonical":"https:\/\/all-car-news.com\/de\/tipp-es-gibt-eine-weitere-ktm-brabus-1300-r-zu-verkaufen\/","og_locale":"de_DE","og_type":"article","og_title":"Tipp! Es gibt eine weitere KTM Brabus 1300 R zu verkaufen - All cars news","og_description":"Innerhalb von 1 Minute und 55 Sekunden waren alle KTMs Brabus 1300 R im Februar ausverkauft. Viele Fans hatten offenbar buchst\u00e4blich den Finger auf dem Vorbestellungsknopf. Sie hatten die Wahl zwischen 77 Exemplaren in der Farbe Magma Red und 77 Exemplaren in der Farbe Signature Black. Neue KTM Brabus 1300 R mit Zertifikaten A [...]","og_url":"https:\/\/all-car-news.com\/de\/tipp-es-gibt-eine-weitere-ktm-brabus-1300-r-zu-verkaufen\/","og_site_name":"All cars news","article_published_time":"2022-12-20T17:54:11+00:00","og_image":[{"url":"https:\/\/motorrai.nl\/wp-content\/uploads\/2022\/12\/12MRVJ_1_1.jpg"}],"twitter_card":"summary_large_image","twitter_misc":{"Gesch\u00e4tzte Lesezeit":"2\u00a0Minuten"},"schema":{"@context":"https:\/\/schema.org","@graph":[{"@type":"Article","@id":"https:\/\/all-car-news.com\/de\/tipp-es-gibt-eine-weitere-ktm-brabus-1300-r-zu-verkaufen\/#article","isPartOf":{"@id":"https:\/\/all-car-news.com\/de\/tipp-es-gibt-eine-weitere-ktm-brabus-1300-r-zu-verkaufen\/"},"author":{"name":"","@id":""},"headline":"Tipp! Es gibt eine weitere KTM Brabus 1300 R zu verkaufen","datePublished":"2022-12-20T17:54:11+00:00","dateModified":"2022-12-20T17:54:11+00:00","mainEntityOfPage":{"@id":"https:\/\/all-car-news.com\/de\/tipp-es-gibt-eine-weitere-ktm-brabus-1300-r-zu-verkaufen\/"},"wordCount":338,"commentCount":0,"publisher":{"@id":"https:\/\/all-car-news.com\/de\/#organization"},"articleSection":["Auto Nachrichten"],"inLanguage":"de","potentialAction":[{"@type":"CommentAction","name":"Comment","target":["https:\/\/all-car-news.com\/de\/tipp-es-gibt-eine-weitere-ktm-brabus-1300-r-zu-verkaufen\/#respond"]}]},{"@type":"WebPage","@id":"https:\/\/all-car-news.com\/de\/tipp-es-gibt-eine-weitere-ktm-brabus-1300-r-zu-verkaufen\/","url":"https:\/\/all-car-news.com\/de\/tipp-es-gibt-eine-weitere-ktm-brabus-1300-r-zu-verkaufen\/","name":"Tipp! Es gibt eine weitere KTM Brabus 1300 R zu verkaufen - All cars news","isPartOf":{"@id":"https:\/\/all-car-news.com\/de\/#website"},"datePublished":"2022-12-20T17:54:11+00:00","dateModified":"2022-12-20T17:54:11+00:00","breadcrumb":{"@id":"https:\/\/all-car-news.com\/de\/tipp-es-gibt-eine-weitere-ktm-brabus-1300-r-zu-verkaufen\/#breadcrumb"},"inLanguage":"de","potentialAction":[{"@type":"ReadAction","target":["https:\/\/all-car-news.com\/de\/tipp-es-gibt-eine-weitere-ktm-brabus-1300-r-zu-verkaufen\/"]}]},{"@type":"BreadcrumbList","@id":"https:\/\/all-car-news.com\/de\/tipp-es-gibt-eine-weitere-ktm-brabus-1300-r-zu-verkaufen\/#breadcrumb","itemListElement":[{"@type":"ListItem","position":1,"name":"Home","item":"https:\/\/all-car-news.com\/de\/"},{"@type":"ListItem","position":2,"name":"Tipp! Es gibt eine weitere KTM Brabus 1300 R zu verkaufen"}]},{"@type":"WebSite","@id":"https:\/\/all-car-news.com\/de\/#website","url":"https:\/\/all-car-news.com\/de\/","name":"All cars news","description":"","publisher":{"@id":"https:\/\/all-car-news.com\/de\/#organization"},"potentialAction":[{"@type":"SearchAction","target":{"@type":"EntryPoint","urlTemplate":"https:\/\/all-car-news.com\/de\/?s={search_term_string}"},"query-input":"required name=search_term_string"}],"inLanguage":"de"},{"@type":"Organization","@id":"https:\/\/all-car-news.com\/de\/#organization","name":"All cars news","url":"https:\/\/all-car-news.com\/de\/","logo":{"@type":"ImageObject","inLanguage":"de","@id":"https:\/\/all-car-news.com\/de\/#\/schema\/logo\/image\/","url":"https:\/\/all-car-news.com\/wp-content\/uploads\/2022\/02\/CMYK-AllCarNews_LANDSCAPE_300px-1.png","contentUrl":"https:\/\/all-car-news.com\/wp-content\/uploads\/2022\/02\/CMYK-AllCarNews_LANDSCAPE_300px-1.png","width":300,"height":100,"caption":"All cars news"},"image":{"@id":"https:\/\/all-car-news.com\/de\/#\/schema\/logo\/image\/"}}]}},"_links":{"self":[{"href":"https:\/\/all-car-news.com\/de\/wp-json\/wp\/v2\/posts\/128995","targetHints":{"allow":["GET"]}}],"collection":[{"href":"https:\/\/all-car-news.com\/de\/wp-json\/wp\/v2\/posts"}],"about":[{"href":"https:\/\/all-car-news.com\/de\/wp-json\/wp\/v2\/types\/post"}],"replies":[{"embeddable":true,"href":"https:\/\/all-car-news.com\/de\/wp-json\/wp\/v2\/comments?post=128995"}],"version-history":[{"count":0,"href":"https:\/\/all-car-news.com\/de\/wp-json\/wp\/v2\/posts\/128995\/revisions"}],"wp:featuredmedia":[{"embeddable":true,"href":"https:\/\/all-car-news.com\/de\/wp-json\/wp\/v2\/media\/128955"}],"wp:attachment":[{"href":"https:\/\/all-car-news.com\/de\/wp-json\/wp\/v2\/media?parent=128995"}],"wp:term":[{"taxonomy":"category","embeddable":true,"href":"https:\/\/all-car-news.com\/de\/wp-json\/wp\/v2\/categories?post=128995"},{"taxonomy":"post_tag","embeddable":true,"href":"https:\/\/all-car-news.com\/de\/wp-json\/wp\/v2\/tags?post=128995"}],"curies":[{"name":"wp","href":"https:\/\/api.w.org\/{rel}","templated":true}]}}