{"id":128918,"date":"2022-12-19T16:52:32","date_gmt":"2022-12-19T16:52:32","guid":{"rendered":"https:\/\/all-car-news.com\/der-2-000-jahre-alte-citroen-von-asterix-und-obelix\/"},"modified":"2022-12-19T16:52:32","modified_gmt":"2022-12-19T16:52:32","slug":"der-2-000-jahre-alte-citroen-von-asterix-und-obelix","status":"publish","type":"post","link":"https:\/\/all-car-news.com\/de\/der-2-000-jahre-alte-citroen-von-asterix-und-obelix\/","title":{"rendered":"Der 2.000 Jahre alte Citro\u00ebn von Asterix und Obelix"},"content":{"rendered":"<h2>Ber\u00fchmte Filmautos  <\/h2>\n<p>Wenn man an <a href=\"https:\/\/autorai.nl\/beroemde-autos-in-films\/\">ber\u00fchmte Filmautos<\/a> denkt, fallen einem schnell K.I.T.T. aus <em>Knight Rider<\/em>, der Trans Am aus <em>Smokey and the Bandit<\/em>, der DeLorean DMC-12 aus <em>Zur\u00fcck in die<\/em> Zukunft und nat\u00fcrlich der Aston Martin DB5 von James Bond ein. Aber wie bringt man als Automarke ein Auto in einen Film, der vor \u00fcber zweitausend Jahren spielt?  <\/p>\n<h2>Asterix und Obelix<\/h2>\n<p>Ganz einfach: Man wird ein wenig kreativer mit dem Begriff &#8222;Auto&#8220;. Ein zweir\u00e4driger Wagen ist in der Tat ein entfernter Vorl\u00e4ufer des Autos. Diese gab es schon in der R\u00f6merzeit; immerhin ist das Rad um 3500 v. Chr. entstanden. Chr erfunden. Wie ein solches Fahrzeug ausgesehen h\u00e4tte, wenn es Citro\u00ebn damals schon gegeben h\u00e4tte, kann man im neuen Asterix &amp; Obelix-Film sehen.  <\/p>\n<figure class=\"wp-block-image size-content\"><img decoding=\"async\" loading=\"lazy\" width=\"1140\" height=\"641\" src=\"https:\/\/autorai.nl\/wp-content\/uploads\/2022\/12\/asterixobelixcitroen2-639b3da4c52b3-1140x641.jpg\" alt=\"\" class=\"wp-image-143267\"><\/figure>\n<h2>Zugwagen<\/h2>\n<p>Speziell f\u00fcr den Film entwarf und baute Citro\u00ebn ein Konzeptfahrzeug f\u00fcr den Wettbewerb. Normalerweise brauchen die Franzosen ein Jahr f\u00fcr ein Konzeptfahrzeug, aber bei diesem Konzeptfahrzeug lagen nur drei Monate zwischen der ersten Skizze und dem endg\u00fcltigen Konzeptfahrzeug.  <\/p>\n<figure class=\"wp-block-image size-content\"><img decoding=\"async\" loading=\"lazy\" width=\"1140\" height=\"641\" src=\"https:\/\/autorai.nl\/wp-content\/uploads\/2022\/12\/asterixobelixcitroen1-639b3dad3aafa-1-1140x641.jpg\" alt=\"\" class=\"wp-image-143271\"><\/figure>\n<h2>2CV<\/h2>\n<p>Der Wagen hat die Form eines Citro\u00ebn 2CV und wird daher offensichtlich von zwei Pferden gezogen. Es wurden sehr exotische Materialien verwendet, wie z. B. Wildschweinmagen f\u00fcr das Fahrgestell, und Gl\u00fchw\u00fcrmchen, die vom ber\u00fchmten Zaubertrank beeinflusst wurden, sorgen f\u00fcr die Beleuchtung. Die Scheinwerfer, mit denen sie herumfliegen, sind aus gallischen Helmen gemacht. Nat\u00fcrlich wurde auch an die Nachhaltigkeit gedacht, denn die R\u00e4der sind aus recycelten Muscheln hergestellt.  <\/p>\n<figure class=\"wp-block-image size-content\"><img decoding=\"async\" loading=\"lazy\" width=\"1140\" height=\"641\" src=\"https:\/\/autorai.nl\/wp-content\/uploads\/2022\/12\/asterixobelixcitroen3-639b3d9e79fc0-1-1140x641.jpg\" alt=\"\" class=\"wp-image-143268\"><\/figure>\n<\/p>\n<h2>Zlatan Ibrahimovic  <\/h2>\n<p>\u00dcbrigens ist der Citro\u00ebn nicht der einzige bemerkenswerte Auftritt im neuen A&amp;O-Film. Kein Geringerer als Zlatan Ibrahimovic ist mit von der Partie. Der schwedische St\u00fcrmer spielt eine kleine Rolle als r\u00f6mischer B\u00f6sewicht. Sehen Sie sich den Trailer so an. Asterix &amp; Obelix-Fans m\u00fcssen sich noch eine Weile gedulden. Der neue Film &#8211; Asterix &amp; Obelix im Reich der Mitte &#8211; wird am 1. Februar in Frankreich Premiere haben. Wann das Duo in den Niederlanden auf der Kinoleinwand zu sehen sein wird, ist noch nicht bekannt. Sie k\u00f6nnen sich den Trailer <a href=\"https:\/\/youtu.be\/syi82xvDkkY\" target=\"_blank\" rel=\"noreferrer noopener\">hier<\/a> ansehen.  <\/p>\n<figure class=\"wp-block-embed is-type-video is-provider-youtube wp-block-embed-youtube wp-embed-aspect-16-9 wp-has-aspect-ratio\">\n<div class=\"wp-block-embed__wrapper\">\n<\/div>\n<\/figure><\/p>\n","protected":false},"excerpt":{"rendered":"Ber\u00fchmte Filmautos Wenn man an ber\u00fchmte Filmautos denkt, fallen einem schnell K.I.T.T. aus Knight Rider, der Trans Am aus Smokey&hellip;","protected":false},"author":0,"featured_media":128892,"comment_status":"open","ping_status":"open","sticky":false,"template":"","format":"standard","meta":{"footnotes":""},"categories":[138],"tags":[],"class_list":["post-128918","post","type-post","status-publish","format-standard","has-post-thumbnail","hentry","category-lebensstil-spas"],"acf":[],"yoast_head":"<!-- This site is optimized with the Yoast SEO plugin v21.2 - https:\/\/yoast.com\/wordpress\/plugins\/seo\/ -->\n<title>Der 2.000 Jahre alte Citro\u00ebn von Asterix und Obelix - All cars news<\/title>\n<meta name=\"robots\" content=\"index, follow, max-snippet:-1, max-image-preview:large, max-video-preview:-1\" \/>\n<link rel=\"canonical\" href=\"https:\/\/all-car-news.com\/de\/der-2-000-jahre-alte-citroen-von-asterix-und-obelix\/\" \/>\n<meta property=\"og:locale\" content=\"de_DE\" \/>\n<meta property=\"og:type\" content=\"article\" \/>\n<meta property=\"og:title\" content=\"Der 2.000 Jahre alte Citro\u00ebn von Asterix und Obelix - All cars news\" \/>\n<meta property=\"og:description\" content=\"Ber\u00fchmte Filmautos Wenn man an ber\u00fchmte Filmautos denkt, fallen einem schnell K.I.T.T. aus Knight Rider, der Trans Am aus Smokey and the Bandit, der DeLorean DMC-12 aus Zur\u00fcck in die Zukunft und nat\u00fcrlich der Aston Martin DB5 von James Bond ein. Aber wie bekommt man als Automarke ein Auto in einen Film, der mehr als zweitausend Jahre [...]\" \/>\n<meta property=\"og:url\" content=\"https:\/\/all-car-news.com\/de\/der-2-000-jahre-alte-citroen-von-asterix-und-obelix\/\" \/>\n<meta property=\"og:site_name\" content=\"All cars news\" \/>\n<meta property=\"article:published_time\" content=\"2022-12-19T16:52:32+00:00\" \/>\n<meta property=\"og:image\" content=\"https:\/\/autorai.nl\/wp-content\/uploads\/2022\/12\/asterixobelixcitroen2-639b3da4c52b3-1140x641.jpg\" \/>\n<meta name=\"twitter:card\" content=\"summary_large_image\" \/>\n<meta name=\"twitter:label1\" content=\"Gesch\u00e4tzte Lesezeit\" \/>\n\t<meta name=\"twitter:data1\" content=\"2\u00a0Minuten\" \/>\n<script type=\"application\/ld+json\" class=\"yoast-schema-graph\">{\"@context\":\"https:\/\/schema.org\",\"@graph\":[{\"@type\":\"Article\",\"@id\":\"https:\/\/all-car-news.com\/de\/der-2-000-jahre-alte-citroen-von-asterix-und-obelix\/#article\",\"isPartOf\":{\"@id\":\"https:\/\/all-car-news.com\/de\/der-2-000-jahre-alte-citroen-von-asterix-und-obelix\/\"},\"author\":{\"name\":\"\",\"@id\":\"\"},\"headline\":\"Der 2.000 Jahre alte Citro\u00ebn von Asterix und Obelix\",\"datePublished\":\"2022-12-19T16:52:32+00:00\",\"dateModified\":\"2022-12-19T16:52:32+00:00\",\"mainEntityOfPage\":{\"@id\":\"https:\/\/all-car-news.com\/de\/der-2-000-jahre-alte-citroen-von-asterix-und-obelix\/\"},\"wordCount\":365,\"commentCount\":0,\"publisher\":{\"@id\":\"https:\/\/all-car-news.com\/de\/#organization\"},\"articleSection\":[\"Lebensstil &amp; Spa\u00df\"],\"inLanguage\":\"de\",\"potentialAction\":[{\"@type\":\"CommentAction\",\"name\":\"Comment\",\"target\":[\"https:\/\/all-car-news.com\/de\/der-2-000-jahre-alte-citroen-von-asterix-und-obelix\/#respond\"]}]},{\"@type\":\"WebPage\",\"@id\":\"https:\/\/all-car-news.com\/de\/der-2-000-jahre-alte-citroen-von-asterix-und-obelix\/\",\"url\":\"https:\/\/all-car-news.com\/de\/der-2-000-jahre-alte-citroen-von-asterix-und-obelix\/\",\"name\":\"Der 2.000 Jahre alte Citro\u00ebn von Asterix und Obelix - All cars news\",\"isPartOf\":{\"@id\":\"https:\/\/all-car-news.com\/de\/#website\"},\"datePublished\":\"2022-12-19T16:52:32+00:00\",\"dateModified\":\"2022-12-19T16:52:32+00:00\",\"breadcrumb\":{\"@id\":\"https:\/\/all-car-news.com\/de\/der-2-000-jahre-alte-citroen-von-asterix-und-obelix\/#breadcrumb\"},\"inLanguage\":\"de\",\"potentialAction\":[{\"@type\":\"ReadAction\",\"target\":[\"https:\/\/all-car-news.com\/de\/der-2-000-jahre-alte-citroen-von-asterix-und-obelix\/\"]}]},{\"@type\":\"BreadcrumbList\",\"@id\":\"https:\/\/all-car-news.com\/de\/der-2-000-jahre-alte-citroen-von-asterix-und-obelix\/#breadcrumb\",\"itemListElement\":[{\"@type\":\"ListItem\",\"position\":1,\"name\":\"Home\",\"item\":\"https:\/\/all-car-news.com\/de\/\"},{\"@type\":\"ListItem\",\"position\":2,\"name\":\"Der 2.000 Jahre alte Citro\u00ebn von Asterix und Obelix\"}]},{\"@type\":\"WebSite\",\"@id\":\"https:\/\/all-car-news.com\/de\/#website\",\"url\":\"https:\/\/all-car-news.com\/de\/\",\"name\":\"All cars news\",\"description\":\"\",\"publisher\":{\"@id\":\"https:\/\/all-car-news.com\/de\/#organization\"},\"potentialAction\":[{\"@type\":\"SearchAction\",\"target\":{\"@type\":\"EntryPoint\",\"urlTemplate\":\"https:\/\/all-car-news.com\/de\/?s={search_term_string}\"},\"query-input\":\"required name=search_term_string\"}],\"inLanguage\":\"de\"},{\"@type\":\"Organization\",\"@id\":\"https:\/\/all-car-news.com\/de\/#organization\",\"name\":\"All cars news\",\"url\":\"https:\/\/all-car-news.com\/de\/\",\"logo\":{\"@type\":\"ImageObject\",\"inLanguage\":\"de\",\"@id\":\"https:\/\/all-car-news.com\/de\/#\/schema\/logo\/image\/\",\"url\":\"https:\/\/all-car-news.com\/wp-content\/uploads\/2022\/02\/CMYK-AllCarNews_LANDSCAPE_300px-1.png\",\"contentUrl\":\"https:\/\/all-car-news.com\/wp-content\/uploads\/2022\/02\/CMYK-AllCarNews_LANDSCAPE_300px-1.png\",\"width\":300,\"height\":100,\"caption\":\"All cars news\"},\"image\":{\"@id\":\"https:\/\/all-car-news.com\/de\/#\/schema\/logo\/image\/\"}}]}<\/script>\n<!-- \/ Yoast SEO plugin. -->","yoast_head_json":{"title":"Der 2.000 Jahre alte Citro\u00ebn von Asterix und Obelix - All cars news","robots":{"index":"index","follow":"follow","max-snippet":"max-snippet:-1","max-image-preview":"max-image-preview:large","max-video-preview":"max-video-preview:-1"},"canonical":"https:\/\/all-car-news.com\/de\/der-2-000-jahre-alte-citroen-von-asterix-und-obelix\/","og_locale":"de_DE","og_type":"article","og_title":"Der 2.000 Jahre alte Citro\u00ebn von Asterix und Obelix - All cars news","og_description":"Ber\u00fchmte Filmautos Wenn man an ber\u00fchmte Filmautos denkt, fallen einem schnell K.I.T.T. aus Knight Rider, der Trans Am aus Smokey and the Bandit, der DeLorean DMC-12 aus Zur\u00fcck in die Zukunft und nat\u00fcrlich der Aston Martin DB5 von James Bond ein. Aber wie bekommt man als Automarke ein Auto in einen Film, der mehr als zweitausend Jahre [...]","og_url":"https:\/\/all-car-news.com\/de\/der-2-000-jahre-alte-citroen-von-asterix-und-obelix\/","og_site_name":"All cars news","article_published_time":"2022-12-19T16:52:32+00:00","og_image":[{"url":"https:\/\/autorai.nl\/wp-content\/uploads\/2022\/12\/asterixobelixcitroen2-639b3da4c52b3-1140x641.jpg"}],"twitter_card":"summary_large_image","twitter_misc":{"Gesch\u00e4tzte Lesezeit":"2\u00a0Minuten"},"schema":{"@context":"https:\/\/schema.org","@graph":[{"@type":"Article","@id":"https:\/\/all-car-news.com\/de\/der-2-000-jahre-alte-citroen-von-asterix-und-obelix\/#article","isPartOf":{"@id":"https:\/\/all-car-news.com\/de\/der-2-000-jahre-alte-citroen-von-asterix-und-obelix\/"},"author":{"name":"","@id":""},"headline":"Der 2.000 Jahre alte Citro\u00ebn von Asterix und Obelix","datePublished":"2022-12-19T16:52:32+00:00","dateModified":"2022-12-19T16:52:32+00:00","mainEntityOfPage":{"@id":"https:\/\/all-car-news.com\/de\/der-2-000-jahre-alte-citroen-von-asterix-und-obelix\/"},"wordCount":365,"commentCount":0,"publisher":{"@id":"https:\/\/all-car-news.com\/de\/#organization"},"articleSection":["Lebensstil &amp; Spa\u00df"],"inLanguage":"de","potentialAction":[{"@type":"CommentAction","name":"Comment","target":["https:\/\/all-car-news.com\/de\/der-2-000-jahre-alte-citroen-von-asterix-und-obelix\/#respond"]}]},{"@type":"WebPage","@id":"https:\/\/all-car-news.com\/de\/der-2-000-jahre-alte-citroen-von-asterix-und-obelix\/","url":"https:\/\/all-car-news.com\/de\/der-2-000-jahre-alte-citroen-von-asterix-und-obelix\/","name":"Der 2.000 Jahre alte Citro\u00ebn von Asterix und Obelix - All cars news","isPartOf":{"@id":"https:\/\/all-car-news.com\/de\/#website"},"datePublished":"2022-12-19T16:52:32+00:00","dateModified":"2022-12-19T16:52:32+00:00","breadcrumb":{"@id":"https:\/\/all-car-news.com\/de\/der-2-000-jahre-alte-citroen-von-asterix-und-obelix\/#breadcrumb"},"inLanguage":"de","potentialAction":[{"@type":"ReadAction","target":["https:\/\/all-car-news.com\/de\/der-2-000-jahre-alte-citroen-von-asterix-und-obelix\/"]}]},{"@type":"BreadcrumbList","@id":"https:\/\/all-car-news.com\/de\/der-2-000-jahre-alte-citroen-von-asterix-und-obelix\/#breadcrumb","itemListElement":[{"@type":"ListItem","position":1,"name":"Home","item":"https:\/\/all-car-news.com\/de\/"},{"@type":"ListItem","position":2,"name":"Der 2.000 Jahre alte Citro\u00ebn von Asterix und Obelix"}]},{"@type":"WebSite","@id":"https:\/\/all-car-news.com\/de\/#website","url":"https:\/\/all-car-news.com\/de\/","name":"All cars news","description":"","publisher":{"@id":"https:\/\/all-car-news.com\/de\/#organization"},"potentialAction":[{"@type":"SearchAction","target":{"@type":"EntryPoint","urlTemplate":"https:\/\/all-car-news.com\/de\/?s={search_term_string}"},"query-input":"required name=search_term_string"}],"inLanguage":"de"},{"@type":"Organization","@id":"https:\/\/all-car-news.com\/de\/#organization","name":"All cars news","url":"https:\/\/all-car-news.com\/de\/","logo":{"@type":"ImageObject","inLanguage":"de","@id":"https:\/\/all-car-news.com\/de\/#\/schema\/logo\/image\/","url":"https:\/\/all-car-news.com\/wp-content\/uploads\/2022\/02\/CMYK-AllCarNews_LANDSCAPE_300px-1.png","contentUrl":"https:\/\/all-car-news.com\/wp-content\/uploads\/2022\/02\/CMYK-AllCarNews_LANDSCAPE_300px-1.png","width":300,"height":100,"caption":"All cars news"},"image":{"@id":"https:\/\/all-car-news.com\/de\/#\/schema\/logo\/image\/"}}]}},"_links":{"self":[{"href":"https:\/\/all-car-news.com\/de\/wp-json\/wp\/v2\/posts\/128918","targetHints":{"allow":["GET"]}}],"collection":[{"href":"https:\/\/all-car-news.com\/de\/wp-json\/wp\/v2\/posts"}],"about":[{"href":"https:\/\/all-car-news.com\/de\/wp-json\/wp\/v2\/types\/post"}],"replies":[{"embeddable":true,"href":"https:\/\/all-car-news.com\/de\/wp-json\/wp\/v2\/comments?post=128918"}],"version-history":[{"count":0,"href":"https:\/\/all-car-news.com\/de\/wp-json\/wp\/v2\/posts\/128918\/revisions"}],"wp:featuredmedia":[{"embeddable":true,"href":"https:\/\/all-car-news.com\/de\/wp-json\/wp\/v2\/media\/128892"}],"wp:attachment":[{"href":"https:\/\/all-car-news.com\/de\/wp-json\/wp\/v2\/media?parent=128918"}],"wp:term":[{"taxonomy":"category","embeddable":true,"href":"https:\/\/all-car-news.com\/de\/wp-json\/wp\/v2\/categories?post=128918"},{"taxonomy":"post_tag","embeddable":true,"href":"https:\/\/all-car-news.com\/de\/wp-json\/wp\/v2\/tags?post=128918"}],"curies":[{"name":"wp","href":"https:\/\/api.w.org\/{rel}","templated":true}]}}