{"id":128672,"date":"2022-12-14T15:10:53","date_gmt":"2022-12-14T15:10:53","guid":{"rendered":"https:\/\/all-car-news.com\/byd-holt-auf-han-muss-sofort-bestellt-werden\/"},"modified":"2022-12-14T15:10:53","modified_gmt":"2022-12-14T15:10:53","slug":"byd-holt-auf-han-muss-sofort-bestellt-werden","status":"publish","type":"post","link":"https:\/\/all-car-news.com\/de\/byd-holt-auf-han-muss-sofort-bestellt-werden\/","title":{"rendered":"BYD holt auf: Han muss sofort bestellt werden"},"content":{"rendered":"<h2>Drittes Modell<\/h2>\n<p>Der BYD Han ist das dritte Modell der Marke, das der Importeur Louwman auf dem niederl\u00e4ndischen Markt einf\u00fchrt. Der <a href=\"https:\/\/autorai.nl\/byd-atto-3-blijkt-behoorlijk-veilig-in-crashtest\/\" target=\"_blank\" rel=\"noreferrer noopener\">Atto 3<\/a>, ein kompakter Crossover, und der <a href=\"https:\/\/autorai.nl\/byd-tang-dit-zijn-de-prijzen-en-mogelijkheden\/\" target=\"_blank\" rel=\"noreferrer noopener\">Tang<\/a>, ein siebensitziger SUV, gingen dem Han voraus. Mit dem Han er\u00f6ffnet BYD den Angriff auf europ\u00e4ische Luxusangebote wie den Mercedes-Benz EQE.  <\/p>\n<div class=\"galery galery-0\">\n<figure>\n\t\t\t\t\t<span style=\"cursor: pointer\" data-src=\"https:\/\/autorai.nl\/wp-content\/uploads\/2022\/10\/BYD-ATTO-3-50-1600x1068.jpg\" data-fancybox=\"galery-0\" title=\"BYD ATTO 3\"><br \/>\n\t\t\t\t\t\t\t<img decoding=\"async\" width=\"360\" height=\"270\" src=\"https:\/\/autorai.nl\/wp-content\/uploads\/2022\/10\/BYD-ATTO-3-50-360x270.jpg\" class=\"attachment-small size-small\" alt=\"BYD ATTO 3\" loading=\"lazy\"><i class=\"fa fa-search-plus\" aria-hidden=\"true\"><\/i><br \/>\n\t\t\t\t\t\t<\/span><br \/>\n\t\t\t\t\t<\/figure>\n<figure>\n\t\t\t\t\t<span style=\"cursor: pointer\" data-src=\"https:\/\/autorai.nl\/wp-content\/uploads\/2022\/12\/BYD_Brouwersdam_Versie_2-14-1.jpg\" data-fancybox=\"galery-0\" title=\"BYD Tang\"><br \/>\n\t\t\t\t\t\t\t<img decoding=\"async\" width=\"360\" height=\"270\" src=\"https:\/\/autorai.nl\/wp-content\/uploads\/2022\/12\/BYD_Brouwersdam_Versie_2-14-1-360x270.jpg\" class=\"attachment-small size-small\" alt=\"BYD Tang\" loading=\"lazy\"><i class=\"fa fa-search-plus\" aria-hidden=\"true\"><\/i><br \/>\n\t\t\t\t\t\t<\/span><br \/>\n\t\t\t\t\t<\/figure>\n<div class=\"clear\"><\/div>\n<\/div>\n<h2>Tropfenform<\/h2>\n<p>Wie der erw\u00e4hnte Konkurrent &#8211; und Elektroautos im Allgemeinen &#8211; schlie\u00dft sich BYD dem Trend an, die Autos vor allem aerodynamischer zu machen, um die Reichweite zu erh\u00f6hen. Mit der niedrigen Motorhaube, den hochgezogenen Kotfl\u00fcgeln, den konischen Karosseriekonturen und den flachen T\u00fcrgriffen wurde ein Luftwiderstandsbeiwert von 0,233 erreicht. Dies tr\u00e4gt zur WLTP-Reichweite von 521 Kilometern bei.  <\/p>\n<div class=\"galery shuffle galery-1\">\n<figure>\n\t\t\t\t\t<span style=\"cursor: pointer\" data-src=\"https:\/\/autorai.nl\/wp-content\/uploads\/2022\/12\/BYD-HAN-4-1600x959.jpg\" data-fancybox=\"galery-1\" title=\"\"><br \/>\n\t\t\t\t\t\t\t<img decoding=\"async\" width=\"640\" height=\"480\" src=\"https:\/\/autorai.nl\/wp-content\/uploads\/2022\/12\/BYD-HAN-4-640x480.jpg\" class=\"attachment-medium size-medium\" alt=\"BYD Han\" loading=\"lazy\"><i class=\"fa fa-search-plus\" aria-hidden=\"true\"><\/i><br \/>\n\t\t\t\t\t\t<\/span><br \/>\n\t\t\t\t\t<\/figure>\n<figure>\n\t\t\t\t\t<span style=\"cursor: pointer\" data-src=\"https:\/\/autorai.nl\/wp-content\/uploads\/2022\/12\/BYD-HAN-6-1600x959.jpg\" data-fancybox=\"galery-1\" title=\"\"><br \/>\n\t\t\t\t\t\t\t<img decoding=\"async\" width=\"360\" height=\"270\" src=\"https:\/\/autorai.nl\/wp-content\/uploads\/2022\/12\/BYD-HAN-6-360x270.jpg\" class=\"attachment-small size-small\" alt=\"BYD Han\" loading=\"lazy\"><i class=\"fa fa-search-plus\" aria-hidden=\"true\"><\/i><br \/>\n\t\t\t\t\t\t<\/span><br \/>\n\t\t\t\t\t<\/figure>\n<figure>\n\t\t\t\t\t<span style=\"cursor: pointer\" data-src=\"https:\/\/autorai.nl\/wp-content\/uploads\/2022\/12\/BYD-HAN-5-1600x959.jpg\" data-fancybox=\"galery-1\" title=\"\"><br \/>\n\t\t\t\t\t\t\t<img decoding=\"async\" width=\"360\" height=\"270\" src=\"https:\/\/autorai.nl\/wp-content\/uploads\/2022\/12\/BYD-HAN-5-360x270.jpg\" class=\"attachment-small size-small\" alt=\"BYD Han\" loading=\"lazy\"><i class=\"fa fa-search-plus\" aria-hidden=\"true\"><\/i><br \/>\n\t\t\t\t\t\t<\/span><br \/>\n\t\t\t\t\t<\/figure>\n<div class=\"clear\"><\/div>\n<\/div>\n<h2>BYD Han-Batterie<\/h2>\n<p>Im Boden des Han befindet sich ein 85,4-kWh-Batteriepaket. Zwei Elektromotoren sorgen f\u00fcr eine Systemleistung von 517 PS, die auf vier R\u00e4der verteilt wird. Das Ergebnis ist eine Beschleunigungszeit von 0 auf 100 km\/h in 3,9 Sekunden. Nicht schlecht f\u00fcr eine f\u00fcnf Meter lange Limousine. Bremsen von Brembo bringen das Unget\u00fcm wieder zum Stehen.  <\/p>\n<p>Das Aufladen des BYD Han kann mit einer 120-kW-Gleichstrom-Schnellladung erfolgen, mit der die Batterie innerhalb von 30 Minuten von 30 auf 80 % aufgeladen werden kann. Au\u00dferdem ist der Han mit der Vehicle-to-Load (V2L)-Technologie ausgestattet, mit der Sie elektrische Ger\u00e4te aufladen k\u00f6nnen.  <\/p>\n<figure class=\"wp-block-image size-content\"><img decoding=\"async\" loading=\"lazy\" width=\"1140\" height=\"534\" src=\"https:\/\/autorai.nl\/wp-content\/uploads\/2022\/12\/BYD-HAN-3-1140x534.jpg\" alt=\"BYD Han\" class=\"wp-image-142749\"><\/figure>\n<h2>Luxuri\u00f6se Ausstattung<\/h2>\n<p>Der BYD Han wird nicht auf kindische Weise ausgef\u00fchrt. Die Limousine verf\u00fcgt unter anderem \u00fcber Sitze aus perforiertem Nappaleder, die sowohl vorne als auch hinten beheizbar und bel\u00fcftet sind. Die Fondpassagiere k\u00f6nnen sich elektrisch zur\u00fccklehnen und verf\u00fcgen \u00fcber ein eigenes 7-Zoll-Media-Pad&#8220; in der Mittelarmlehne. Damit k\u00f6nnen Sie die Temperatur und den Luftstrom regeln, das Panorama-Schiebedach bedienen und aus den 31 Kombinationen der Ambientebeleuchtung Ihre Lieblingsfarbe w\u00e4hlen. Wir sehen auch diamantgen\u00e4htes Leder an den T\u00fcren und schwarzes Leder am Armaturenbrett und den T\u00fcrverkleidungen. Au\u00dferdem wurden Echtholz und Aluminium verwendet, und im gesamten Innenraum sind 12 Lautsprecher zu finden.<\/p>\n<div class=\"galery galery-2\">\n<figure>\n\t\t\t\t\t<span style=\"cursor: pointer\" data-src=\"https:\/\/autorai.nl\/wp-content\/uploads\/2022\/12\/interieur2-1600x887.jpg\" data-fancybox=\"galery-2\" title=\"\"><br \/>\n\t\t\t\t\t\t\t<img decoding=\"async\" width=\"360\" height=\"270\" src=\"https:\/\/autorai.nl\/wp-content\/uploads\/2022\/12\/interieur2-360x270.jpg\" class=\"attachment-small size-small\" alt=\"Innenbereich BYD Han\" loading=\"lazy\"><i class=\"fa fa-search-plus\" aria-hidden=\"true\"><\/i><br \/>\n\t\t\t\t\t\t<\/span><br \/>\n\t\t\t\t\t<\/figure>\n<figure>\n\t\t\t\t\t<span style=\"cursor: pointer\" data-src=\"https:\/\/autorai.nl\/wp-content\/uploads\/2022\/12\/interieur.jpg\" data-fancybox=\"galery-2\" title=\"\"><br \/>\n\t\t\t\t\t\t\t<img decoding=\"async\" width=\"360\" height=\"270\" src=\"https:\/\/autorai.nl\/wp-content\/uploads\/2022\/12\/interieur-360x270.jpg\" class=\"attachment-small size-small\" alt=\"Innenbereich BYD Han\" loading=\"lazy\"><i class=\"fa fa-search-plus\" aria-hidden=\"true\"><\/i><br \/>\n\t\t\t\t\t\t<\/span><br \/>\n\t\t\t\t\t<\/figure>\n<div class=\"clear\"><\/div>\n<\/div>\n<h2>Sicherheit<\/h2>\n<p>Der BYD Han verf\u00fcgt \u00fcber das intelligente Fahrassistenzsystem DiPilot. Dieses System bietet eine Reihe elektronischer Hilfen, darunter Toter-Winkel-Erkennung, Frontkollisionswarner, automatische Notbremsung, Heckkollisionswarner, Querverkehrswarner und Spurwechselassistent. Die Batterie im BYD Han, die so genannte BYD Blade Battery, ist kobaltfrei und verwendet Lithiumeisenphosphat (LFP) als Kathodenmaterial, das ein wesentlich h\u00f6heres Sicherheitsniveau als herk\u00f6mmliche Lithium-Ionen-Batterien bietet. LFP hat eine ausgezeichnete thermische Stabilit\u00e4t. Au\u00dferdem h\u00e4lt die Konstruktion der Batterie dem Nageldurchdringungstest (Nail Penetration Test) stand.  <\/p>\n<h2>Was kostet der BYD Han?<\/h2>\n<p>Die Preise f\u00fcr die chinesische Luxuslimousine beginnen bei 72.490 Euro f\u00fcr die 4WD Executive. Der Preis f\u00fcr die AWD Emerald Edition liegt bei 75.990 Euro. Beide Versionen verf\u00fcgen \u00fcber den gleichen, bereits erw\u00e4hnten Antriebsstrang mit 517 PS. Damit ist der Han einen Schlag g\u00fcnstiger als sein direkter Konkurrent, der EQE 43 AMG (476 PS und 532 km Reichweite), der im Prospekt mit 111.000 Euro gelistet ist.<\/p>\n<figure class=\"wp-block-image size-content\"><img decoding=\"async\" loading=\"lazy\" width=\"1140\" height=\"618\" src=\"https:\/\/autorai.nl\/wp-content\/uploads\/2022\/12\/BYD-HAN-2-1140x618.jpg\" alt=\"BYD Han\" class=\"wp-image-142748\"><\/figure>\n","protected":false},"excerpt":{"rendered":"Drittes Modell Der BYD Han ist das dritte Modell der Marke, das der Importeur Louwman auf den niederl\u00e4ndischen Markt bringt.&hellip;","protected":false},"author":0,"featured_media":128642,"comment_status":"open","ping_status":"open","sticky":false,"template":"","format":"standard","meta":{"footnotes":""},"categories":[125,159],"tags":[],"class_list":["post-128672","post","type-post","status-publish","format-standard","has-post-thumbnail","hentry","category-auto-nachrichten","category-elektrisch-de"],"acf":[],"yoast_head":"<!-- This site is optimized with the Yoast SEO plugin v21.2 - https:\/\/yoast.com\/wordpress\/plugins\/seo\/ -->\n<title>BYD holt auf: Han muss sofort bestellt werden - All cars news<\/title>\n<meta name=\"robots\" content=\"index, follow, max-snippet:-1, max-image-preview:large, max-video-preview:-1\" \/>\n<link rel=\"canonical\" href=\"https:\/\/all-car-news.com\/de\/byd-holt-auf-han-muss-sofort-bestellt-werden\/\" \/>\n<meta property=\"og:locale\" content=\"de_DE\" \/>\n<meta property=\"og:type\" content=\"article\" \/>\n<meta property=\"og:title\" content=\"BYD holt auf: Han muss sofort bestellt werden - All cars news\" \/>\n<meta property=\"og:description\" content=\"Drittes Modell Der BYD Han ist das dritte Modell der Marke, das der Importeur Louwman auf den niederl\u00e4ndischen Markt bringt. Der Atto 3, ein kompakter Crossover, und der Tang, ein siebensitziger SUV, gingen dem Han voraus. Mit dem Han er\u00f6ffnet BYD den Angriff auf europ\u00e4ische Luxusangebote wie den Mercedes-Benz [...]\" \/>\n<meta property=\"og:url\" content=\"https:\/\/all-car-news.com\/de\/byd-holt-auf-han-muss-sofort-bestellt-werden\/\" \/>\n<meta property=\"og:site_name\" content=\"All cars news\" \/>\n<meta property=\"article:published_time\" content=\"2022-12-14T15:10:53+00:00\" \/>\n<meta property=\"og:image\" content=\"https:\/\/autorai.nl\/wp-content\/uploads\/2022\/10\/BYD-ATTO-3-50-360x270.jpg\" \/>\n<meta name=\"twitter:card\" content=\"summary_large_image\" \/>\n<meta name=\"twitter:label1\" content=\"Gesch\u00e4tzte Lesezeit\" \/>\n\t<meta name=\"twitter:data1\" content=\"2\u00a0Minuten\" \/>\n<script type=\"application\/ld+json\" class=\"yoast-schema-graph\">{\"@context\":\"https:\/\/schema.org\",\"@graph\":[{\"@type\":\"Article\",\"@id\":\"https:\/\/all-car-news.com\/de\/byd-holt-auf-han-muss-sofort-bestellt-werden\/#article\",\"isPartOf\":{\"@id\":\"https:\/\/all-car-news.com\/de\/byd-holt-auf-han-muss-sofort-bestellt-werden\/\"},\"author\":{\"name\":\"\",\"@id\":\"\"},\"headline\":\"BYD holt auf: Han muss sofort bestellt werden\",\"datePublished\":\"2022-12-14T15:10:53+00:00\",\"dateModified\":\"2022-12-14T15:10:53+00:00\",\"mainEntityOfPage\":{\"@id\":\"https:\/\/all-car-news.com\/de\/byd-holt-auf-han-muss-sofort-bestellt-werden\/\"},\"wordCount\":480,\"commentCount\":0,\"publisher\":{\"@id\":\"https:\/\/all-car-news.com\/de\/#organization\"},\"articleSection\":[\"Auto Nachrichten\",\"Elektrisch\"],\"inLanguage\":\"de\",\"potentialAction\":[{\"@type\":\"CommentAction\",\"name\":\"Comment\",\"target\":[\"https:\/\/all-car-news.com\/de\/byd-holt-auf-han-muss-sofort-bestellt-werden\/#respond\"]}]},{\"@type\":\"WebPage\",\"@id\":\"https:\/\/all-car-news.com\/de\/byd-holt-auf-han-muss-sofort-bestellt-werden\/\",\"url\":\"https:\/\/all-car-news.com\/de\/byd-holt-auf-han-muss-sofort-bestellt-werden\/\",\"name\":\"BYD holt auf: Han muss sofort bestellt werden - All cars news\",\"isPartOf\":{\"@id\":\"https:\/\/all-car-news.com\/de\/#website\"},\"datePublished\":\"2022-12-14T15:10:53+00:00\",\"dateModified\":\"2022-12-14T15:10:53+00:00\",\"breadcrumb\":{\"@id\":\"https:\/\/all-car-news.com\/de\/byd-holt-auf-han-muss-sofort-bestellt-werden\/#breadcrumb\"},\"inLanguage\":\"de\",\"potentialAction\":[{\"@type\":\"ReadAction\",\"target\":[\"https:\/\/all-car-news.com\/de\/byd-holt-auf-han-muss-sofort-bestellt-werden\/\"]}]},{\"@type\":\"BreadcrumbList\",\"@id\":\"https:\/\/all-car-news.com\/de\/byd-holt-auf-han-muss-sofort-bestellt-werden\/#breadcrumb\",\"itemListElement\":[{\"@type\":\"ListItem\",\"position\":1,\"name\":\"Home\",\"item\":\"https:\/\/all-car-news.com\/de\/\"},{\"@type\":\"ListItem\",\"position\":2,\"name\":\"BYD holt auf: Han muss sofort bestellt werden\"}]},{\"@type\":\"WebSite\",\"@id\":\"https:\/\/all-car-news.com\/de\/#website\",\"url\":\"https:\/\/all-car-news.com\/de\/\",\"name\":\"All cars news\",\"description\":\"\",\"publisher\":{\"@id\":\"https:\/\/all-car-news.com\/de\/#organization\"},\"potentialAction\":[{\"@type\":\"SearchAction\",\"target\":{\"@type\":\"EntryPoint\",\"urlTemplate\":\"https:\/\/all-car-news.com\/de\/?s={search_term_string}\"},\"query-input\":\"required name=search_term_string\"}],\"inLanguage\":\"de\"},{\"@type\":\"Organization\",\"@id\":\"https:\/\/all-car-news.com\/de\/#organization\",\"name\":\"All cars news\",\"url\":\"https:\/\/all-car-news.com\/de\/\",\"logo\":{\"@type\":\"ImageObject\",\"inLanguage\":\"de\",\"@id\":\"https:\/\/all-car-news.com\/de\/#\/schema\/logo\/image\/\",\"url\":\"https:\/\/all-car-news.com\/wp-content\/uploads\/2022\/02\/CMYK-AllCarNews_LANDSCAPE_300px-1.png\",\"contentUrl\":\"https:\/\/all-car-news.com\/wp-content\/uploads\/2022\/02\/CMYK-AllCarNews_LANDSCAPE_300px-1.png\",\"width\":300,\"height\":100,\"caption\":\"All cars news\"},\"image\":{\"@id\":\"https:\/\/all-car-news.com\/de\/#\/schema\/logo\/image\/\"}}]}<\/script>\n<!-- \/ Yoast SEO plugin. -->","yoast_head_json":{"title":"BYD holt auf: Han muss sofort bestellt werden - All cars news","robots":{"index":"index","follow":"follow","max-snippet":"max-snippet:-1","max-image-preview":"max-image-preview:large","max-video-preview":"max-video-preview:-1"},"canonical":"https:\/\/all-car-news.com\/de\/byd-holt-auf-han-muss-sofort-bestellt-werden\/","og_locale":"de_DE","og_type":"article","og_title":"BYD holt auf: Han muss sofort bestellt werden - All cars news","og_description":"Drittes Modell Der BYD Han ist das dritte Modell der Marke, das der Importeur Louwman auf den niederl\u00e4ndischen Markt bringt. Der Atto 3, ein kompakter Crossover, und der Tang, ein siebensitziger SUV, gingen dem Han voraus. Mit dem Han er\u00f6ffnet BYD den Angriff auf europ\u00e4ische Luxusangebote wie den Mercedes-Benz [...]","og_url":"https:\/\/all-car-news.com\/de\/byd-holt-auf-han-muss-sofort-bestellt-werden\/","og_site_name":"All cars news","article_published_time":"2022-12-14T15:10:53+00:00","og_image":[{"url":"https:\/\/autorai.nl\/wp-content\/uploads\/2022\/10\/BYD-ATTO-3-50-360x270.jpg"}],"twitter_card":"summary_large_image","twitter_misc":{"Gesch\u00e4tzte Lesezeit":"2\u00a0Minuten"},"schema":{"@context":"https:\/\/schema.org","@graph":[{"@type":"Article","@id":"https:\/\/all-car-news.com\/de\/byd-holt-auf-han-muss-sofort-bestellt-werden\/#article","isPartOf":{"@id":"https:\/\/all-car-news.com\/de\/byd-holt-auf-han-muss-sofort-bestellt-werden\/"},"author":{"name":"","@id":""},"headline":"BYD holt auf: Han muss sofort bestellt werden","datePublished":"2022-12-14T15:10:53+00:00","dateModified":"2022-12-14T15:10:53+00:00","mainEntityOfPage":{"@id":"https:\/\/all-car-news.com\/de\/byd-holt-auf-han-muss-sofort-bestellt-werden\/"},"wordCount":480,"commentCount":0,"publisher":{"@id":"https:\/\/all-car-news.com\/de\/#organization"},"articleSection":["Auto Nachrichten","Elektrisch"],"inLanguage":"de","potentialAction":[{"@type":"CommentAction","name":"Comment","target":["https:\/\/all-car-news.com\/de\/byd-holt-auf-han-muss-sofort-bestellt-werden\/#respond"]}]},{"@type":"WebPage","@id":"https:\/\/all-car-news.com\/de\/byd-holt-auf-han-muss-sofort-bestellt-werden\/","url":"https:\/\/all-car-news.com\/de\/byd-holt-auf-han-muss-sofort-bestellt-werden\/","name":"BYD holt auf: Han muss sofort bestellt werden - All cars news","isPartOf":{"@id":"https:\/\/all-car-news.com\/de\/#website"},"datePublished":"2022-12-14T15:10:53+00:00","dateModified":"2022-12-14T15:10:53+00:00","breadcrumb":{"@id":"https:\/\/all-car-news.com\/de\/byd-holt-auf-han-muss-sofort-bestellt-werden\/#breadcrumb"},"inLanguage":"de","potentialAction":[{"@type":"ReadAction","target":["https:\/\/all-car-news.com\/de\/byd-holt-auf-han-muss-sofort-bestellt-werden\/"]}]},{"@type":"BreadcrumbList","@id":"https:\/\/all-car-news.com\/de\/byd-holt-auf-han-muss-sofort-bestellt-werden\/#breadcrumb","itemListElement":[{"@type":"ListItem","position":1,"name":"Home","item":"https:\/\/all-car-news.com\/de\/"},{"@type":"ListItem","position":2,"name":"BYD holt auf: Han muss sofort bestellt werden"}]},{"@type":"WebSite","@id":"https:\/\/all-car-news.com\/de\/#website","url":"https:\/\/all-car-news.com\/de\/","name":"All cars news","description":"","publisher":{"@id":"https:\/\/all-car-news.com\/de\/#organization"},"potentialAction":[{"@type":"SearchAction","target":{"@type":"EntryPoint","urlTemplate":"https:\/\/all-car-news.com\/de\/?s={search_term_string}"},"query-input":"required name=search_term_string"}],"inLanguage":"de"},{"@type":"Organization","@id":"https:\/\/all-car-news.com\/de\/#organization","name":"All cars news","url":"https:\/\/all-car-news.com\/de\/","logo":{"@type":"ImageObject","inLanguage":"de","@id":"https:\/\/all-car-news.com\/de\/#\/schema\/logo\/image\/","url":"https:\/\/all-car-news.com\/wp-content\/uploads\/2022\/02\/CMYK-AllCarNews_LANDSCAPE_300px-1.png","contentUrl":"https:\/\/all-car-news.com\/wp-content\/uploads\/2022\/02\/CMYK-AllCarNews_LANDSCAPE_300px-1.png","width":300,"height":100,"caption":"All cars news"},"image":{"@id":"https:\/\/all-car-news.com\/de\/#\/schema\/logo\/image\/"}}]}},"_links":{"self":[{"href":"https:\/\/all-car-news.com\/de\/wp-json\/wp\/v2\/posts\/128672","targetHints":{"allow":["GET"]}}],"collection":[{"href":"https:\/\/all-car-news.com\/de\/wp-json\/wp\/v2\/posts"}],"about":[{"href":"https:\/\/all-car-news.com\/de\/wp-json\/wp\/v2\/types\/post"}],"replies":[{"embeddable":true,"href":"https:\/\/all-car-news.com\/de\/wp-json\/wp\/v2\/comments?post=128672"}],"version-history":[{"count":0,"href":"https:\/\/all-car-news.com\/de\/wp-json\/wp\/v2\/posts\/128672\/revisions"}],"wp:featuredmedia":[{"embeddable":true,"href":"https:\/\/all-car-news.com\/de\/wp-json\/wp\/v2\/media\/128642"}],"wp:attachment":[{"href":"https:\/\/all-car-news.com\/de\/wp-json\/wp\/v2\/media?parent=128672"}],"wp:term":[{"taxonomy":"category","embeddable":true,"href":"https:\/\/all-car-news.com\/de\/wp-json\/wp\/v2\/categories?post=128672"},{"taxonomy":"post_tag","embeddable":true,"href":"https:\/\/all-car-news.com\/de\/wp-json\/wp\/v2\/tags?post=128672"}],"curies":[{"name":"wp","href":"https:\/\/api.w.org\/{rel}","templated":true}]}}