{"id":128328,"date":"2022-12-08T14:20:22","date_gmt":"2022-12-08T14:20:22","guid":{"rendered":"https:\/\/all-car-news.com\/harley-davidson-feiert-120-jaehriges-jubilaeum-in-budapest\/"},"modified":"2022-12-08T14:20:22","modified_gmt":"2022-12-08T14:20:22","slug":"harley-davidson-feiert-120-jaehriges-jubilaeum-in-budapest","status":"publish","type":"post","link":"https:\/\/all-car-news.com\/de\/harley-davidson-feiert-120-jaehriges-jubilaeum-in-budapest\/","title":{"rendered":"Harley-Davidson feiert 120-j\u00e4hriges Jubil\u00e4um in Budapest"},"content":{"rendered":"<p>1903, da begann alles f\u00fcr Harley-Davidson. Mit einer so langen Erfolgsgeschichte ist es einer der \u00e4ltesten Motorradhersteller. Die Amerikaner haben also allen Grund, ein Fest zum 120-j\u00e4hrigen Bestehen auszurichten. Die europ\u00e4ische Ausgabe dieser Veranstaltung findet in Budapest statt und bildet den Auftakt zu einer gro\u00dfen Heimkehrer-Veranstaltung vom 13. bis 16. Juli 2023 in Milwaukee, wo sich das Harley-Davidson-Werk befindet.<\/p>\n<p><img decoding=\"async\" loading=\"lazy\" width=\"1024\" height=\"716\" class=\"alignnone size-full wp-image-26410\" src=\"https:\/\/motorrai.nl\/wp-content\/uploads\/2022\/12\/HARLEY-DAVIDSON-EUROPEAN-120TH-ANNIVERSARY-FESTIVAL2.png\" alt=\"\"><\/p>\n<h2>Vier Tage lang wird 120 Jahre Harley-Davidson gefeiert<\/h2>\n<p>Die europ\u00e4ische 120-Jahr-Feier wird vier Tage dauern (22.-25. Juni 2023). Tickets k\u00f6nnen ab sofort bestellt werden. Harley-Davidson erwartet Zehntausende von Motorradfans und Harley-Fahrern. Das Programm ist noch nicht im Detail ausgearbeitet, aber die Liste der Aktivit\u00e4ten ist bereits beeindruckend.<\/p>\n<h2>Fu\u00dfballstadion Budapest<\/h2>\n<p>Im Juni findet im und um das Fu\u00dfballstadion im Herzen von Budapest, den Pust\u00e1s Ar\u00e9na Park, ein spektakul\u00e4res Festival statt. Die Zutaten sind eine Custom Bike Show, eine Motorrad-Stuntshow und eine Ausstellung aller neuen Harley-Davidson Modelle. Nicht weniger als 50 Bands werden an den vier Tagen auf verschiedenen B\u00fchnen im und am Stadion auftreten. Die Organisatoren versprechen 12 Stunden Musik am Tag!<\/p>\n<p><img decoding=\"async\" loading=\"lazy\" width=\"1024\" height=\"745\" class=\"alignnone size-full wp-image-26409\" src=\"https:\/\/motorrai.nl\/wp-content\/uploads\/2022\/12\/HARLEY-DAVIDSON-EUROPEAN-120TH-ANNIVERSARY-FESTIVAL3.png\" alt=\"\"><\/p>\n<h2>Motorradparade mit Tausenden von Harleys erwartet<\/h2>\n<p>Zweifellos wird Budapest unter der geplanten Motorradparade mit Tausenden von Harley-Fahrern aus ganz Europa erbeben und donnern. Au\u00dferdem gibt es Ausstellungen von Bekleidung und Zubeh\u00f6r f\u00fcr Harley-Davidson-Motorr\u00e4der. M\u00f6chten Sie mehr erfahren und\/oder ein Ticket bestellen? Dann klicken Sie <a href=\"https:\/\/hd120budapest.hu\/site\/\">hier<\/a>.<\/p>\n","protected":false},"excerpt":{"rendered":"1903, da begann alles f\u00fcr Harley-Davidson. Mit einer so langen Erfolgsgeschichte ist es einer der \u00e4ltesten Motorradhersteller. Die Amerikaner haben&hellip;","protected":false},"author":0,"featured_media":128293,"comment_status":"open","ping_status":"open","sticky":false,"template":"","format":"standard","meta":{"footnotes":""},"categories":[125],"tags":[],"class_list":["post-128328","post","type-post","status-publish","format-standard","has-post-thumbnail","hentry","category-auto-nachrichten"],"acf":[],"yoast_head":"<!-- This site is optimized with the Yoast SEO plugin v21.2 - https:\/\/yoast.com\/wordpress\/plugins\/seo\/ -->\n<title>Harley-Davidson feiert 120-j\u00e4hriges Jubil\u00e4um in Budapest - All cars news<\/title>\n<meta name=\"robots\" content=\"index, follow, max-snippet:-1, max-image-preview:large, max-video-preview:-1\" \/>\n<link rel=\"canonical\" href=\"https:\/\/all-car-news.com\/de\/harley-davidson-feiert-120-jaehriges-jubilaeum-in-budapest\/\" \/>\n<meta property=\"og:locale\" content=\"de_DE\" \/>\n<meta property=\"og:type\" content=\"article\" \/>\n<meta property=\"og:title\" content=\"Harley-Davidson feiert 120-j\u00e4hriges Jubil\u00e4um in Budapest - All cars news\" \/>\n<meta property=\"og:description\" content=\"1903, da begann alles f\u00fcr Harley-Davidson. Mit einer so langen Erfolgsgeschichte ist es einer der \u00e4ltesten Motorradhersteller. Die Amerikaner haben also allen Grund, ein Fest zum 120-j\u00e4hrigen Bestehen auszurichten. Die europ\u00e4ische Ausgabe dieser Veranstaltung findet in Budapest statt und bildet den Auftakt zu einer gro\u00dfen &quot;Heimkehr&quot;-Veranstaltung vom 13. bis 16. Juli [...].\" \/>\n<meta property=\"og:url\" content=\"https:\/\/all-car-news.com\/de\/harley-davidson-feiert-120-jaehriges-jubilaeum-in-budapest\/\" \/>\n<meta property=\"og:site_name\" content=\"All cars news\" \/>\n<meta property=\"article:published_time\" content=\"2022-12-08T14:20:22+00:00\" \/>\n<meta property=\"og:image\" content=\"https:\/\/motorrai.nl\/wp-content\/uploads\/2022\/12\/HARLEY-DAVIDSON-EUROPEAN-120TH-ANNIVERSARY-FESTIVAL2.png\" \/>\n<meta name=\"twitter:card\" content=\"summary_large_image\" \/>\n<meta name=\"twitter:label1\" content=\"Gesch\u00e4tzte Lesezeit\" \/>\n\t<meta name=\"twitter:data1\" content=\"1\u00a0Minute\" \/>\n<script type=\"application\/ld+json\" class=\"yoast-schema-graph\">{\"@context\":\"https:\/\/schema.org\",\"@graph\":[{\"@type\":\"Article\",\"@id\":\"https:\/\/all-car-news.com\/de\/harley-davidson-feiert-120-jaehriges-jubilaeum-in-budapest\/#article\",\"isPartOf\":{\"@id\":\"https:\/\/all-car-news.com\/de\/harley-davidson-feiert-120-jaehriges-jubilaeum-in-budapest\/\"},\"author\":{\"name\":\"\",\"@id\":\"\"},\"headline\":\"Harley-Davidson feiert 120-j\u00e4hriges Jubil\u00e4um in Budapest\",\"datePublished\":\"2022-12-08T14:20:22+00:00\",\"dateModified\":\"2022-12-08T14:20:22+00:00\",\"mainEntityOfPage\":{\"@id\":\"https:\/\/all-car-news.com\/de\/harley-davidson-feiert-120-jaehriges-jubilaeum-in-budapest\/\"},\"wordCount\":234,\"commentCount\":0,\"publisher\":{\"@id\":\"https:\/\/all-car-news.com\/de\/#organization\"},\"articleSection\":[\"Auto Nachrichten\"],\"inLanguage\":\"de\",\"potentialAction\":[{\"@type\":\"CommentAction\",\"name\":\"Comment\",\"target\":[\"https:\/\/all-car-news.com\/de\/harley-davidson-feiert-120-jaehriges-jubilaeum-in-budapest\/#respond\"]}]},{\"@type\":\"WebPage\",\"@id\":\"https:\/\/all-car-news.com\/de\/harley-davidson-feiert-120-jaehriges-jubilaeum-in-budapest\/\",\"url\":\"https:\/\/all-car-news.com\/de\/harley-davidson-feiert-120-jaehriges-jubilaeum-in-budapest\/\",\"name\":\"Harley-Davidson feiert 120-j\u00e4hriges Jubil\u00e4um in Budapest - All cars news\",\"isPartOf\":{\"@id\":\"https:\/\/all-car-news.com\/de\/#website\"},\"datePublished\":\"2022-12-08T14:20:22+00:00\",\"dateModified\":\"2022-12-08T14:20:22+00:00\",\"breadcrumb\":{\"@id\":\"https:\/\/all-car-news.com\/de\/harley-davidson-feiert-120-jaehriges-jubilaeum-in-budapest\/#breadcrumb\"},\"inLanguage\":\"de\",\"potentialAction\":[{\"@type\":\"ReadAction\",\"target\":[\"https:\/\/all-car-news.com\/de\/harley-davidson-feiert-120-jaehriges-jubilaeum-in-budapest\/\"]}]},{\"@type\":\"BreadcrumbList\",\"@id\":\"https:\/\/all-car-news.com\/de\/harley-davidson-feiert-120-jaehriges-jubilaeum-in-budapest\/#breadcrumb\",\"itemListElement\":[{\"@type\":\"ListItem\",\"position\":1,\"name\":\"Home\",\"item\":\"https:\/\/all-car-news.com\/de\/\"},{\"@type\":\"ListItem\",\"position\":2,\"name\":\"Harley-Davidson feiert 120-j\u00e4hriges Jubil\u00e4um in Budapest\"}]},{\"@type\":\"WebSite\",\"@id\":\"https:\/\/all-car-news.com\/de\/#website\",\"url\":\"https:\/\/all-car-news.com\/de\/\",\"name\":\"All cars news\",\"description\":\"\",\"publisher\":{\"@id\":\"https:\/\/all-car-news.com\/de\/#organization\"},\"potentialAction\":[{\"@type\":\"SearchAction\",\"target\":{\"@type\":\"EntryPoint\",\"urlTemplate\":\"https:\/\/all-car-news.com\/de\/?s={search_term_string}\"},\"query-input\":\"required name=search_term_string\"}],\"inLanguage\":\"de\"},{\"@type\":\"Organization\",\"@id\":\"https:\/\/all-car-news.com\/de\/#organization\",\"name\":\"All cars news\",\"url\":\"https:\/\/all-car-news.com\/de\/\",\"logo\":{\"@type\":\"ImageObject\",\"inLanguage\":\"de\",\"@id\":\"https:\/\/all-car-news.com\/de\/#\/schema\/logo\/image\/\",\"url\":\"https:\/\/all-car-news.com\/wp-content\/uploads\/2022\/02\/CMYK-AllCarNews_LANDSCAPE_300px-1.png\",\"contentUrl\":\"https:\/\/all-car-news.com\/wp-content\/uploads\/2022\/02\/CMYK-AllCarNews_LANDSCAPE_300px-1.png\",\"width\":300,\"height\":100,\"caption\":\"All cars news\"},\"image\":{\"@id\":\"https:\/\/all-car-news.com\/de\/#\/schema\/logo\/image\/\"}}]}<\/script>\n<!-- \/ Yoast SEO plugin. -->","yoast_head_json":{"title":"Harley-Davidson feiert 120-j\u00e4hriges Jubil\u00e4um in Budapest - All cars news","robots":{"index":"index","follow":"follow","max-snippet":"max-snippet:-1","max-image-preview":"max-image-preview:large","max-video-preview":"max-video-preview:-1"},"canonical":"https:\/\/all-car-news.com\/de\/harley-davidson-feiert-120-jaehriges-jubilaeum-in-budapest\/","og_locale":"de_DE","og_type":"article","og_title":"Harley-Davidson feiert 120-j\u00e4hriges Jubil\u00e4um in Budapest - All cars news","og_description":"1903, da begann alles f\u00fcr Harley-Davidson. Mit einer so langen Erfolgsgeschichte ist es einer der \u00e4ltesten Motorradhersteller. Die Amerikaner haben also allen Grund, ein Fest zum 120-j\u00e4hrigen Bestehen auszurichten. Die europ\u00e4ische Ausgabe dieser Veranstaltung findet in Budapest statt und bildet den Auftakt zu einer gro\u00dfen \"Heimkehr\"-Veranstaltung vom 13. bis 16. Juli [...].","og_url":"https:\/\/all-car-news.com\/de\/harley-davidson-feiert-120-jaehriges-jubilaeum-in-budapest\/","og_site_name":"All cars news","article_published_time":"2022-12-08T14:20:22+00:00","og_image":[{"url":"https:\/\/motorrai.nl\/wp-content\/uploads\/2022\/12\/HARLEY-DAVIDSON-EUROPEAN-120TH-ANNIVERSARY-FESTIVAL2.png"}],"twitter_card":"summary_large_image","twitter_misc":{"Gesch\u00e4tzte Lesezeit":"1\u00a0Minute"},"schema":{"@context":"https:\/\/schema.org","@graph":[{"@type":"Article","@id":"https:\/\/all-car-news.com\/de\/harley-davidson-feiert-120-jaehriges-jubilaeum-in-budapest\/#article","isPartOf":{"@id":"https:\/\/all-car-news.com\/de\/harley-davidson-feiert-120-jaehriges-jubilaeum-in-budapest\/"},"author":{"name":"","@id":""},"headline":"Harley-Davidson feiert 120-j\u00e4hriges Jubil\u00e4um in Budapest","datePublished":"2022-12-08T14:20:22+00:00","dateModified":"2022-12-08T14:20:22+00:00","mainEntityOfPage":{"@id":"https:\/\/all-car-news.com\/de\/harley-davidson-feiert-120-jaehriges-jubilaeum-in-budapest\/"},"wordCount":234,"commentCount":0,"publisher":{"@id":"https:\/\/all-car-news.com\/de\/#organization"},"articleSection":["Auto Nachrichten"],"inLanguage":"de","potentialAction":[{"@type":"CommentAction","name":"Comment","target":["https:\/\/all-car-news.com\/de\/harley-davidson-feiert-120-jaehriges-jubilaeum-in-budapest\/#respond"]}]},{"@type":"WebPage","@id":"https:\/\/all-car-news.com\/de\/harley-davidson-feiert-120-jaehriges-jubilaeum-in-budapest\/","url":"https:\/\/all-car-news.com\/de\/harley-davidson-feiert-120-jaehriges-jubilaeum-in-budapest\/","name":"Harley-Davidson feiert 120-j\u00e4hriges Jubil\u00e4um in Budapest - All cars news","isPartOf":{"@id":"https:\/\/all-car-news.com\/de\/#website"},"datePublished":"2022-12-08T14:20:22+00:00","dateModified":"2022-12-08T14:20:22+00:00","breadcrumb":{"@id":"https:\/\/all-car-news.com\/de\/harley-davidson-feiert-120-jaehriges-jubilaeum-in-budapest\/#breadcrumb"},"inLanguage":"de","potentialAction":[{"@type":"ReadAction","target":["https:\/\/all-car-news.com\/de\/harley-davidson-feiert-120-jaehriges-jubilaeum-in-budapest\/"]}]},{"@type":"BreadcrumbList","@id":"https:\/\/all-car-news.com\/de\/harley-davidson-feiert-120-jaehriges-jubilaeum-in-budapest\/#breadcrumb","itemListElement":[{"@type":"ListItem","position":1,"name":"Home","item":"https:\/\/all-car-news.com\/de\/"},{"@type":"ListItem","position":2,"name":"Harley-Davidson feiert 120-j\u00e4hriges Jubil\u00e4um in Budapest"}]},{"@type":"WebSite","@id":"https:\/\/all-car-news.com\/de\/#website","url":"https:\/\/all-car-news.com\/de\/","name":"All cars news","description":"","publisher":{"@id":"https:\/\/all-car-news.com\/de\/#organization"},"potentialAction":[{"@type":"SearchAction","target":{"@type":"EntryPoint","urlTemplate":"https:\/\/all-car-news.com\/de\/?s={search_term_string}"},"query-input":"required name=search_term_string"}],"inLanguage":"de"},{"@type":"Organization","@id":"https:\/\/all-car-news.com\/de\/#organization","name":"All cars news","url":"https:\/\/all-car-news.com\/de\/","logo":{"@type":"ImageObject","inLanguage":"de","@id":"https:\/\/all-car-news.com\/de\/#\/schema\/logo\/image\/","url":"https:\/\/all-car-news.com\/wp-content\/uploads\/2022\/02\/CMYK-AllCarNews_LANDSCAPE_300px-1.png","contentUrl":"https:\/\/all-car-news.com\/wp-content\/uploads\/2022\/02\/CMYK-AllCarNews_LANDSCAPE_300px-1.png","width":300,"height":100,"caption":"All cars news"},"image":{"@id":"https:\/\/all-car-news.com\/de\/#\/schema\/logo\/image\/"}}]}},"_links":{"self":[{"href":"https:\/\/all-car-news.com\/de\/wp-json\/wp\/v2\/posts\/128328","targetHints":{"allow":["GET"]}}],"collection":[{"href":"https:\/\/all-car-news.com\/de\/wp-json\/wp\/v2\/posts"}],"about":[{"href":"https:\/\/all-car-news.com\/de\/wp-json\/wp\/v2\/types\/post"}],"replies":[{"embeddable":true,"href":"https:\/\/all-car-news.com\/de\/wp-json\/wp\/v2\/comments?post=128328"}],"version-history":[{"count":0,"href":"https:\/\/all-car-news.com\/de\/wp-json\/wp\/v2\/posts\/128328\/revisions"}],"wp:featuredmedia":[{"embeddable":true,"href":"https:\/\/all-car-news.com\/de\/wp-json\/wp\/v2\/media\/128293"}],"wp:attachment":[{"href":"https:\/\/all-car-news.com\/de\/wp-json\/wp\/v2\/media?parent=128328"}],"wp:term":[{"taxonomy":"category","embeddable":true,"href":"https:\/\/all-car-news.com\/de\/wp-json\/wp\/v2\/categories?post=128328"},{"taxonomy":"post_tag","embeddable":true,"href":"https:\/\/all-car-news.com\/de\/wp-json\/wp\/v2\/tags?post=128328"}],"curies":[{"name":"wp","href":"https:\/\/api.w.org\/{rel}","templated":true}]}}