{"id":128212,"date":"2022-12-08T07:50:00","date_gmt":"2022-12-08T07:50:00","guid":{"rendered":"https:\/\/all-car-news.com\/krankenwagen-in-utrecht-bei-patientenhilfe-gestohlen\/"},"modified":"2022-12-08T07:50:00","modified_gmt":"2022-12-08T07:50:00","slug":"krankenwagen-in-utrecht-bei-patientenhilfe-gestohlen","status":"publish","type":"post","link":"https:\/\/all-car-news.com\/de\/krankenwagen-in-utrecht-bei-patientenhilfe-gestohlen\/","title":{"rendered":"Krankenwagen in Utrecht bei Patientenhilfe gestohlen"},"content":{"rendered":"<h2>Chaos<\/h2>\n<p>Gegen 22 Uhr ging bei der Leitstelle der Polizei in Utrecht die Meldung ein, dass jemand mit einem Krankenwagen im Zentrum von Utrecht f\u00fcr Chaos gesorgt hatte. Der <a href=\"https:\/\/autorai.nl\/volvo-xc90-ambulance-nederland\/\" target=\"_blank\" rel=\"noreferrer noopener\">Krankenwagen<\/a> hatte mehrere Zusammenst\u00f6\u00dfe verursacht. Es wurde schnell klar, dass es sich nicht um medizinisches Personal handelte, da der r\u00fccksichtslose Fahrer keine &#8222;erkennbare Kleidung&#8220; trug.<\/p>\n<h2>Gestohlen<\/h2>\n<p>Das Fahrzeug wurde in der Lange Nieuwstraat als gestohlen gemeldet. Dort versorgten die Sanit\u00e4ter einen Patienten. Die Polizei hat den T\u00e4ter schnell gefasst und ermittelt nun, was genau passiert ist. Kurz nach dem Diebstahl wurde ein neuer Krankenwagen losgeschickt, so dass der Diebstahl keine Auswirkungen auf den Patienten hatte.<\/p>\n<blockquote class=\"instagram-media\" data-instgrm-captioned=\"\" data-instgrm-permalink=\"https:\/\/www.instagram.com\/p\/Cl4fZTioL7G\/?utm_source=ig_embed&amp;utm_campaign=loading\" data-instgrm-version=\"14\" style=\"background:#FFF;border:0;border-radius:3px;margin: 1px;max-width:540px;min-width:326px;padding:0;width:99.375%;width:-webkit-calc(100% - 2px);width:calc(100% - 2px)\">\n<div style=\"padding:16px\"> <a href=\"https:\/\/www.instagram.com\/p\/Cl4fZTioL7G\/?utm_source=ig_embed&amp;utm_campaign=loading\" style=\"background:#FFFFFF;line-height:0;padding:0 0;text-align:center;text-decoration:none;width:100%\" target=\"_blank\" rel=\"noopener\"> <\/p>\n<div style=\"flex-direction: row;align-items: center\">\n<div style=\"background-color: #F4F4F4;border-radius: 50%;flex-grow: 0;height: 40px;margin-right: 14px;width: 40px\"><\/div>\n<div style=\"flex-direction: column;flex-grow: 1;justify-content: center\">\n<div style=\"background-color: #F4F4F4;border-radius: 4px;flex-grow: 0;height: 14px;margin-bottom: 6px;width: 100px\"><\/div>\n<div style=\"background-color: #F4F4F4;border-radius: 4px;flex-grow: 0;height: 14px;width: 60px\"><\/div>\n<\/div>\n<\/div>\n<div style=\"padding: 19% 0\"><\/div>\n<div style=\"height:50px;margin:0 auto 12px;width:50px\"><\/div>\n<div style=\"padding-top: 8px\">\n<div style=\"color:#3897f0;font-family:Arial,sans-serif;font-size:14px;font-style:normal;font-weight:550;line-height:18px\">Diesen Beitrag auf Instagram anzeigen<\/div>\n<\/div>\n<div style=\"padding: 12.5% 0\"><\/div>\n<div style=\"flex-direction: row;margin-bottom: 14px;align-items: center\">\n<div>\n<div style=\"background-color: #F4F4F4;border-radius: 50%;height: 12.5px;width: 12.5px\"><\/div>\n<div style=\"background-color: #F4F4F4;height: 12.5px;width: 12.5px;flex-grow: 0;margin-right: 14px;margin-left: 2px\"><\/div>\n<div style=\"background-color: #F4F4F4;border-radius: 50%;height: 12.5px;width: 12.5px\"><\/div>\n<\/div>\n<div style=\"margin-left: 8px\">\n<div style=\"background-color: #F4F4F4;border-radius: 50%;flex-grow: 0;height: 20px;width: 20px\"><\/div>\n<div style=\"width: 0;height: 0;border-top: 2px solid transparent;border-left: 6px solid #f4f4f4;border-bottom: 2px solid transparent\"><\/div>\n<\/div>\n<div style=\"margin-left: auto\">\n<div style=\"width: 0px;border-top: 8px solid #F4F4F4;border-right: 8px solid transparent\"><\/div>\n<div style=\"background-color: #F4F4F4;flex-grow: 0;height: 12px;width: 16px\"><\/div>\n<div style=\"width: 0;height: 0;border-top: 8px solid #F4F4F4;border-left: 8px solid transparent\"><\/div>\n<\/div>\n<\/div>\n<div style=\"flex-direction: column;flex-grow: 1;justify-content: center;margin-bottom: 24px\">\n<div style=\"background-color: #F4F4F4;border-radius: 4px;flex-grow: 0;height: 14px;margin-bottom: 6px;width: 224px\"><\/div>\n<div style=\"background-color: #F4F4F4;border-radius: 4px;flex-grow: 0;height: 14px;width: 144px\"><\/div>\n<\/div>\n<p><\/a><\/p>\n<p style=\"color:#c9c8cd;font-family:Arial,sans-serif;font-size:14px;line-height:17px;margin-bottom:0;margin-top:8px;overflow:hidden;padding:8px 0 7px;text-align:center\"><a href=\"https:\/\/www.instagram.com\/p\/Cl4fZTioL7G\/?utm_source=ig_embed&amp;utm_campaign=loading\" style=\"color:#c9c8cd;font-family:Arial,sans-serif;font-size:14px;font-style:normal;font-weight:normal;line-height:17px;text-decoration:none\" target=\"_blank\" rel=\"noopener\">Ein Beitrag geteilt von Politie Basisteam Utrecht Nrd (@politie_utrechtnoord)<\/a><\/p>\n<\/div>\n<\/blockquote>\n<p>Foto: <a href=\"https:\/\/www.instagram.com\/p\/Cl4fZTioL7G\/?utm_source=ig_web_copy_link\" target=\"_blank\" rel=\"noreferrer noopener\">Instagram police_utrechtnoord <\/a> <\/p>\n","protected":false},"excerpt":{"rendered":"Chaos Gegen 22 Uhr ging bei der Leitstelle der Polizei in Utrecht die Meldung ein, dass jemand mit einem Krankenwagen&hellip;","protected":false},"author":0,"featured_media":128173,"comment_status":"open","ping_status":"open","sticky":false,"template":"","format":"standard","meta":{"footnotes":""},"categories":[128],"tags":[],"class_list":["post-128212","post","type-post","status-publish","format-standard","has-post-thumbnail","hentry","category-hintergrund"],"acf":[],"yoast_head":"<!-- This site is optimized with the Yoast SEO plugin v21.2 - https:\/\/yoast.com\/wordpress\/plugins\/seo\/ -->\n<title>Krankenwagen in Utrecht bei Patientenhilfe gestohlen - All cars news<\/title>\n<meta name=\"robots\" content=\"index, follow, max-snippet:-1, max-image-preview:large, max-video-preview:-1\" \/>\n<link rel=\"canonical\" href=\"https:\/\/all-car-news.com\/de\/krankenwagen-in-utrecht-bei-patientenhilfe-gestohlen\/\" \/>\n<meta property=\"og:locale\" content=\"de_DE\" \/>\n<meta property=\"og:type\" content=\"article\" \/>\n<meta property=\"og:title\" content=\"Krankenwagen in Utrecht bei Patientenhilfe gestohlen - All cars news\" \/>\n<meta property=\"og:description\" content=\"Chaos Gegen 22 Uhr ging bei der Leitstelle der Polizei in Utrecht die Meldung ein, dass jemand mit einem Krankenwagen ein Chaos im Zentrum von Utrecht verursacht hatte. Der Krankenwagen hatte mehrere Zusammenst\u00f6\u00dfe verursacht. Es wurde schnell klar, dass es sich nicht um medizinisches Personal handelte, da der r\u00fccksichtslose Fahrer keine &quot;erkennbare Kleidung&quot; trug. Gestohlen Das Fahrzeug wurde als gestohlen gemeldet [...]\" \/>\n<meta property=\"og:url\" content=\"https:\/\/all-car-news.com\/de\/krankenwagen-in-utrecht-bei-patientenhilfe-gestohlen\/\" \/>\n<meta property=\"og:site_name\" content=\"All cars news\" \/>\n<meta property=\"article:published_time\" content=\"2022-12-08T07:50:00+00:00\" \/>\n<meta name=\"twitter:card\" content=\"summary_large_image\" \/>\n<meta name=\"twitter:label1\" content=\"Gesch\u00e4tzte Lesezeit\" \/>\n\t<meta name=\"twitter:data1\" content=\"1\u00a0Minute\" \/>\n<script type=\"application\/ld+json\" class=\"yoast-schema-graph\">{\"@context\":\"https:\/\/schema.org\",\"@graph\":[{\"@type\":\"Article\",\"@id\":\"https:\/\/all-car-news.com\/de\/krankenwagen-in-utrecht-bei-patientenhilfe-gestohlen\/#article\",\"isPartOf\":{\"@id\":\"https:\/\/all-car-news.com\/de\/krankenwagen-in-utrecht-bei-patientenhilfe-gestohlen\/\"},\"author\":{\"name\":\"\",\"@id\":\"\"},\"headline\":\"Krankenwagen in Utrecht bei Patientenhilfe gestohlen\",\"datePublished\":\"2022-12-08T07:50:00+00:00\",\"dateModified\":\"2022-12-08T07:50:00+00:00\",\"mainEntityOfPage\":{\"@id\":\"https:\/\/all-car-news.com\/de\/krankenwagen-in-utrecht-bei-patientenhilfe-gestohlen\/\"},\"wordCount\":133,\"commentCount\":0,\"publisher\":{\"@id\":\"https:\/\/all-car-news.com\/de\/#organization\"},\"articleSection\":[\"Hintergrund\"],\"inLanguage\":\"de\",\"potentialAction\":[{\"@type\":\"CommentAction\",\"name\":\"Comment\",\"target\":[\"https:\/\/all-car-news.com\/de\/krankenwagen-in-utrecht-bei-patientenhilfe-gestohlen\/#respond\"]}]},{\"@type\":\"WebPage\",\"@id\":\"https:\/\/all-car-news.com\/de\/krankenwagen-in-utrecht-bei-patientenhilfe-gestohlen\/\",\"url\":\"https:\/\/all-car-news.com\/de\/krankenwagen-in-utrecht-bei-patientenhilfe-gestohlen\/\",\"name\":\"Krankenwagen in Utrecht bei Patientenhilfe gestohlen - All cars news\",\"isPartOf\":{\"@id\":\"https:\/\/all-car-news.com\/de\/#website\"},\"datePublished\":\"2022-12-08T07:50:00+00:00\",\"dateModified\":\"2022-12-08T07:50:00+00:00\",\"breadcrumb\":{\"@id\":\"https:\/\/all-car-news.com\/de\/krankenwagen-in-utrecht-bei-patientenhilfe-gestohlen\/#breadcrumb\"},\"inLanguage\":\"de\",\"potentialAction\":[{\"@type\":\"ReadAction\",\"target\":[\"https:\/\/all-car-news.com\/de\/krankenwagen-in-utrecht-bei-patientenhilfe-gestohlen\/\"]}]},{\"@type\":\"BreadcrumbList\",\"@id\":\"https:\/\/all-car-news.com\/de\/krankenwagen-in-utrecht-bei-patientenhilfe-gestohlen\/#breadcrumb\",\"itemListElement\":[{\"@type\":\"ListItem\",\"position\":1,\"name\":\"Home\",\"item\":\"https:\/\/all-car-news.com\/de\/\"},{\"@type\":\"ListItem\",\"position\":2,\"name\":\"Krankenwagen in Utrecht bei Patientenhilfe gestohlen\"}]},{\"@type\":\"WebSite\",\"@id\":\"https:\/\/all-car-news.com\/de\/#website\",\"url\":\"https:\/\/all-car-news.com\/de\/\",\"name\":\"All cars news\",\"description\":\"\",\"publisher\":{\"@id\":\"https:\/\/all-car-news.com\/de\/#organization\"},\"potentialAction\":[{\"@type\":\"SearchAction\",\"target\":{\"@type\":\"EntryPoint\",\"urlTemplate\":\"https:\/\/all-car-news.com\/de\/?s={search_term_string}\"},\"query-input\":\"required name=search_term_string\"}],\"inLanguage\":\"de\"},{\"@type\":\"Organization\",\"@id\":\"https:\/\/all-car-news.com\/de\/#organization\",\"name\":\"All cars news\",\"url\":\"https:\/\/all-car-news.com\/de\/\",\"logo\":{\"@type\":\"ImageObject\",\"inLanguage\":\"de\",\"@id\":\"https:\/\/all-car-news.com\/de\/#\/schema\/logo\/image\/\",\"url\":\"https:\/\/all-car-news.com\/wp-content\/uploads\/2022\/02\/CMYK-AllCarNews_LANDSCAPE_300px-1.png\",\"contentUrl\":\"https:\/\/all-car-news.com\/wp-content\/uploads\/2022\/02\/CMYK-AllCarNews_LANDSCAPE_300px-1.png\",\"width\":300,\"height\":100,\"caption\":\"All cars news\"},\"image\":{\"@id\":\"https:\/\/all-car-news.com\/de\/#\/schema\/logo\/image\/\"}}]}<\/script>\n<!-- \/ Yoast SEO plugin. -->","yoast_head_json":{"title":"Krankenwagen in Utrecht bei Patientenhilfe gestohlen - All cars news","robots":{"index":"index","follow":"follow","max-snippet":"max-snippet:-1","max-image-preview":"max-image-preview:large","max-video-preview":"max-video-preview:-1"},"canonical":"https:\/\/all-car-news.com\/de\/krankenwagen-in-utrecht-bei-patientenhilfe-gestohlen\/","og_locale":"de_DE","og_type":"article","og_title":"Krankenwagen in Utrecht bei Patientenhilfe gestohlen - All cars news","og_description":"Chaos Gegen 22 Uhr ging bei der Leitstelle der Polizei in Utrecht die Meldung ein, dass jemand mit einem Krankenwagen ein Chaos im Zentrum von Utrecht verursacht hatte. Der Krankenwagen hatte mehrere Zusammenst\u00f6\u00dfe verursacht. Es wurde schnell klar, dass es sich nicht um medizinisches Personal handelte, da der r\u00fccksichtslose Fahrer keine \"erkennbare Kleidung\" trug. Gestohlen Das Fahrzeug wurde als gestohlen gemeldet [...]","og_url":"https:\/\/all-car-news.com\/de\/krankenwagen-in-utrecht-bei-patientenhilfe-gestohlen\/","og_site_name":"All cars news","article_published_time":"2022-12-08T07:50:00+00:00","twitter_card":"summary_large_image","twitter_misc":{"Gesch\u00e4tzte Lesezeit":"1\u00a0Minute"},"schema":{"@context":"https:\/\/schema.org","@graph":[{"@type":"Article","@id":"https:\/\/all-car-news.com\/de\/krankenwagen-in-utrecht-bei-patientenhilfe-gestohlen\/#article","isPartOf":{"@id":"https:\/\/all-car-news.com\/de\/krankenwagen-in-utrecht-bei-patientenhilfe-gestohlen\/"},"author":{"name":"","@id":""},"headline":"Krankenwagen in Utrecht bei Patientenhilfe gestohlen","datePublished":"2022-12-08T07:50:00+00:00","dateModified":"2022-12-08T07:50:00+00:00","mainEntityOfPage":{"@id":"https:\/\/all-car-news.com\/de\/krankenwagen-in-utrecht-bei-patientenhilfe-gestohlen\/"},"wordCount":133,"commentCount":0,"publisher":{"@id":"https:\/\/all-car-news.com\/de\/#organization"},"articleSection":["Hintergrund"],"inLanguage":"de","potentialAction":[{"@type":"CommentAction","name":"Comment","target":["https:\/\/all-car-news.com\/de\/krankenwagen-in-utrecht-bei-patientenhilfe-gestohlen\/#respond"]}]},{"@type":"WebPage","@id":"https:\/\/all-car-news.com\/de\/krankenwagen-in-utrecht-bei-patientenhilfe-gestohlen\/","url":"https:\/\/all-car-news.com\/de\/krankenwagen-in-utrecht-bei-patientenhilfe-gestohlen\/","name":"Krankenwagen in Utrecht bei Patientenhilfe gestohlen - All cars news","isPartOf":{"@id":"https:\/\/all-car-news.com\/de\/#website"},"datePublished":"2022-12-08T07:50:00+00:00","dateModified":"2022-12-08T07:50:00+00:00","breadcrumb":{"@id":"https:\/\/all-car-news.com\/de\/krankenwagen-in-utrecht-bei-patientenhilfe-gestohlen\/#breadcrumb"},"inLanguage":"de","potentialAction":[{"@type":"ReadAction","target":["https:\/\/all-car-news.com\/de\/krankenwagen-in-utrecht-bei-patientenhilfe-gestohlen\/"]}]},{"@type":"BreadcrumbList","@id":"https:\/\/all-car-news.com\/de\/krankenwagen-in-utrecht-bei-patientenhilfe-gestohlen\/#breadcrumb","itemListElement":[{"@type":"ListItem","position":1,"name":"Home","item":"https:\/\/all-car-news.com\/de\/"},{"@type":"ListItem","position":2,"name":"Krankenwagen in Utrecht bei Patientenhilfe gestohlen"}]},{"@type":"WebSite","@id":"https:\/\/all-car-news.com\/de\/#website","url":"https:\/\/all-car-news.com\/de\/","name":"All cars news","description":"","publisher":{"@id":"https:\/\/all-car-news.com\/de\/#organization"},"potentialAction":[{"@type":"SearchAction","target":{"@type":"EntryPoint","urlTemplate":"https:\/\/all-car-news.com\/de\/?s={search_term_string}"},"query-input":"required name=search_term_string"}],"inLanguage":"de"},{"@type":"Organization","@id":"https:\/\/all-car-news.com\/de\/#organization","name":"All cars news","url":"https:\/\/all-car-news.com\/de\/","logo":{"@type":"ImageObject","inLanguage":"de","@id":"https:\/\/all-car-news.com\/de\/#\/schema\/logo\/image\/","url":"https:\/\/all-car-news.com\/wp-content\/uploads\/2022\/02\/CMYK-AllCarNews_LANDSCAPE_300px-1.png","contentUrl":"https:\/\/all-car-news.com\/wp-content\/uploads\/2022\/02\/CMYK-AllCarNews_LANDSCAPE_300px-1.png","width":300,"height":100,"caption":"All cars news"},"image":{"@id":"https:\/\/all-car-news.com\/de\/#\/schema\/logo\/image\/"}}]}},"_links":{"self":[{"href":"https:\/\/all-car-news.com\/de\/wp-json\/wp\/v2\/posts\/128212","targetHints":{"allow":["GET"]}}],"collection":[{"href":"https:\/\/all-car-news.com\/de\/wp-json\/wp\/v2\/posts"}],"about":[{"href":"https:\/\/all-car-news.com\/de\/wp-json\/wp\/v2\/types\/post"}],"replies":[{"embeddable":true,"href":"https:\/\/all-car-news.com\/de\/wp-json\/wp\/v2\/comments?post=128212"}],"version-history":[{"count":0,"href":"https:\/\/all-car-news.com\/de\/wp-json\/wp\/v2\/posts\/128212\/revisions"}],"wp:featuredmedia":[{"embeddable":true,"href":"https:\/\/all-car-news.com\/de\/wp-json\/wp\/v2\/media\/128173"}],"wp:attachment":[{"href":"https:\/\/all-car-news.com\/de\/wp-json\/wp\/v2\/media?parent=128212"}],"wp:term":[{"taxonomy":"category","embeddable":true,"href":"https:\/\/all-car-news.com\/de\/wp-json\/wp\/v2\/categories?post=128212"},{"taxonomy":"post_tag","embeddable":true,"href":"https:\/\/all-car-news.com\/de\/wp-json\/wp\/v2\/tags?post=128212"}],"curies":[{"name":"wp","href":"https:\/\/api.w.org\/{rel}","templated":true}]}}