{"id":127929,"date":"2022-12-02T15:42:18","date_gmt":"2022-12-02T15:42:18","guid":{"rendered":"https:\/\/all-car-news.com\/bmw-ix5-hydrogen-auf-der-strasse-im-fruehjahr-2023\/"},"modified":"2022-12-02T15:42:18","modified_gmt":"2022-12-02T15:42:18","slug":"bmw-ix5-hydrogen-auf-der-strasse-im-fruehjahr-2023","status":"publish","type":"post","link":"https:\/\/all-car-news.com\/de\/bmw-ix5-hydrogen-auf-der-strasse-im-fruehjahr-2023\/","title":{"rendered":"BMW iX5 Hydrogen auf der Stra\u00dfe im Fr\u00fchjahr 2023"},"content":{"rendered":"<p>Die Produktion des BMW iX5 Hydrogen findet in der Pilotanlage des Forschungs- und Innovationszentrums M\u00fcnchen (FIZ) statt. Dieses allererste Sports Activity Vehicle (SAV) mit Wasserstoff-Brennstoffzellentechnologie hat bereits w\u00e4hrend der Entwicklungsphase ein intensives Testprogramm unter anspruchsvollen Bedingungen durchlaufen, beispielsweise bei winterlicher K\u00e4lte in Arjeplog in Nordschweden.<\/p>\n<figure class=\"wp-block-image size-content\"><img decoding=\"async\" loading=\"lazy\" width=\"1140\" height=\"760\" src=\"https:\/\/autorai.nl\/wp-content\/uploads\/2022\/12\/BMW-iX5-Hydrogen-2-1140x760.jpg\" alt=\"\" class=\"wp-image-141407\"><\/figure>\n<h2>Wasserstoff wichtig f\u00fcr individuelle Mobilit\u00e4t<\/h2>\n<p>&#8222;Wasserstoff ist ein vielseitiger Energietr\u00e4ger, der auf dem Weg zur Klimaneutralit\u00e4t eine wichtige Rolle spielt&#8220;, sagt Frank Weber, Mitglied des Vorstands der BMW AG und zust\u00e4ndig f\u00fcr Entwicklung. &#8222;Wir sind uns sicher, dass Wasserstoff f\u00fcr die individuelle Mobilit\u00e4t stark an Bedeutung gewinnen wird und halten daher langfristig eine Kombination aus Batterie- und Brennstoffzellen-Elektroantrieb f\u00fcr sinnvoll.&#8220;<\/p>\n<figure class=\"wp-block-image size-content\"><img decoding=\"async\" loading=\"lazy\" width=\"1140\" height=\"760\" src=\"https:\/\/autorai.nl\/wp-content\/uploads\/2022\/12\/BMW-iX5-Hydrogen-9-1140x760.jpg\" alt=\"\" class=\"wp-image-141414\"><\/figure>\n<h2>BMW iX5 Hydrogen auch mit Batterie<\/h2>\n<p>Der BMW iX5 Hydrogen verf\u00fcgt \u00fcber ein einzigartiges Antriebssystem. Denn der Elektromotor bezieht seine Energie nicht nur aus der Brennstoffzelle, die Wasserstoff in Strom und Wasserdampf umwandelt. Au\u00dferdem ist ein gro\u00dfer Akku an Bord, der f\u00fcr zus\u00e4tzliche Leistung beim Beschleunigen sorgt. Beim Bremsen wird er durch den Elektromotor aufgeladen, der wie ein Dynamo wirkt.<\/p>\n<h2>BMW und Fahrdynamik<\/h2>\n<p>Der Elektromotor leistet 125 kW (170 PS), aber mit der zus\u00e4tzlichen Leistung der Batterie sind zeitweise bis zu 275 kW (374 PS) m\u00f6glich. So kann der BMW iX5 Hydrogen sowohl temperamentvolle Beschleunigung als auch die Fahrdynamik bieten, die K\u00e4ufer von einem BMW erwarten. Die batteriebetriebene Unterst\u00fctzung ist eine praktische L\u00f6sung. Es wird eine kleinere Brennstoffzelle ben\u00f6tigt, die das Fahrzeuggewicht und den Wasserstoffverbrauch in Grenzen h\u00e4lt.<\/p>\n<figure class=\"wp-block-image size-content\"><img decoding=\"async\" loading=\"lazy\" width=\"1140\" height=\"760\" src=\"https:\/\/autorai.nl\/wp-content\/uploads\/2022\/12\/BMW-iX5-Hydrogen-3-1140x760.jpg\" alt=\"\" class=\"wp-image-141408\"><\/figure>\n<h2>Testflotte als Vorl\u00e4ufer der Produktionsversion<\/h2>\n<p>Feldtests im Fr\u00fchjahr 2023 sollen zeigen, ob das Konzept die Erwartungen erf\u00fcllt und ob weitere Anpassungen zur Optimierung des Antriebsstrangs notwendig sind. &#8222;Mit unserer BMW iX5 Hydrogen Testflotte k\u00f6nnen wir neue und wertvolle Erkenntnisse gewinnen, um den Kunden ein attraktives Produktangebot anbieten zu k\u00f6nnen, wenn die Wasserstoffwirtschaft fl\u00e4chendeckend Realit\u00e4t wird&#8220;, so Weber.<\/p>\n<h2>Pilotanlage von BMW<\/h2>\n<p>Der BMW iX5 Hydrogen wird in der Pilotanlage der BMW Group im Forschungs- und Innovationszentrum in M\u00fcnchen gebaut. Dies ist die Schnittstelle zwischen Entwicklung und Produktion, wo jedes neue Modell einer der Marken des Unternehmens zum ersten Mal hergestellt wird. Rund 900 Menschen arbeiten in den Bereichen Karosseriebau, Montage, Modellbau, Konzeptfahrzeugbau und additive Fertigung. Sie arbeiten jeweils an bis zu sechs Fahrzeugprojekten gleichzeitig und m\u00fcssen sicherstellen, dass sowohl das Produkt als auch der Produktionsprozess serienreif sind.<\/p>\n<div class=\"galery shuffle galery-0\">\n<figure>\n\t\t\t\t\t<span style=\"cursor: pointer\" data-src=\"https:\/\/autorai.nl\/wp-content\/uploads\/2022\/12\/BMW-iX5-Hydrogen-7.jpg\" data-fancybox=\"galery-0\" title=\"\"><br \/>\n\t\t\t\t\t\t\t<img decoding=\"async\" width=\"640\" height=\"480\" src=\"https:\/\/autorai.nl\/wp-content\/uploads\/2022\/12\/BMW-iX5-Hydrogen-7-640x480.jpg\" class=\"attachment-medium size-medium\" alt=\"\" loading=\"lazy\"><i class=\"fa fa-search-plus\" aria-hidden=\"true\"><\/i><br \/>\n\t\t\t\t\t\t<\/span><br \/>\n\t\t\t\t\t<\/figure>\n<figure>\n\t\t\t\t\t<span style=\"cursor: pointer\" data-src=\"https:\/\/autorai.nl\/wp-content\/uploads\/2022\/12\/BMW-iX5-Hydrogen-8.jpg\" data-fancybox=\"galery-0\" title=\"\"><br \/>\n\t\t\t\t\t\t\t<img decoding=\"async\" width=\"360\" height=\"270\" src=\"https:\/\/autorai.nl\/wp-content\/uploads\/2022\/12\/BMW-iX5-Hydrogen-8-360x270.jpg\" class=\"attachment-small size-small\" alt=\"\" loading=\"lazy\"><i class=\"fa fa-search-plus\" aria-hidden=\"true\"><\/i><br \/>\n\t\t\t\t\t\t<\/span><br \/>\n\t\t\t\t\t<\/figure>\n<figure>\n\t\t\t\t\t<span style=\"cursor: pointer\" data-src=\"https:\/\/autorai.nl\/wp-content\/uploads\/2022\/12\/BMW-iX5-Hydrogen-4.jpg\" data-fancybox=\"galery-0\" title=\"\"><br \/>\n\t\t\t\t\t\t\t<img decoding=\"async\" width=\"360\" height=\"270\" src=\"https:\/\/autorai.nl\/wp-content\/uploads\/2022\/12\/BMW-iX5-Hydrogen-4-360x270.jpg\" class=\"attachment-small size-small\" alt=\"\" loading=\"lazy\"><i class=\"fa fa-search-plus\" aria-hidden=\"true\"><\/i><br \/>\n\t\t\t\t\t\t<\/span><br \/>\n\t\t\t\t\t<\/figure>\n<div class=\"clear\"><\/div>\n<\/div>\n<h2>Wasserstofftechnologie<\/h2>\n<p>Beim BMW iX5 Hydrogen arbeiteten die Spezialisten f\u00fcr Wasserstofftechnologie, Fahrzeugentwicklung und Erstmontage neuer Modelle eng zusammen. Das BMW Group Werk Spartanburg in den USA wird die Basisfahrzeuge f\u00fcr das Wasserstoffmodell liefern, das auf der Plattform des BMW X5 entwickelt wurde.<\/p>\n<div class=\"galery galery-1\">\n<figure>\n\t\t\t\t\t<span style=\"cursor: pointer\" data-src=\"https:\/\/autorai.nl\/wp-content\/uploads\/2022\/12\/BMW-iX5-Hydrogen-6.jpg\" data-fancybox=\"galery-1\" title=\"\"><br \/>\n\t\t\t\t\t\t\t<img decoding=\"async\" width=\"360\" height=\"270\" src=\"https:\/\/autorai.nl\/wp-content\/uploads\/2022\/12\/BMW-iX5-Hydrogen-6-360x270.jpg\" class=\"attachment-small size-small\" alt=\"\" loading=\"lazy\"><i class=\"fa fa-search-plus\" aria-hidden=\"true\"><\/i><br \/>\n\t\t\t\t\t\t<\/span><br \/>\n\t\t\t\t\t<\/figure>\n<figure>\n\t\t\t\t\t<span style=\"cursor: pointer\" data-src=\"https:\/\/autorai.nl\/wp-content\/uploads\/2022\/12\/BMW-iX5-Hydrogen-5.jpg\" data-fancybox=\"galery-1\" title=\"\"><br \/>\n\t\t\t\t\t\t\t<img decoding=\"async\" width=\"360\" height=\"270\" src=\"https:\/\/autorai.nl\/wp-content\/uploads\/2022\/12\/BMW-iX5-Hydrogen-5-360x270.jpg\" class=\"attachment-small size-small\" alt=\"\" loading=\"lazy\"><i class=\"fa fa-search-plus\" aria-hidden=\"true\"><\/i><br \/>\n\t\t\t\t\t\t<\/span><br \/>\n\t\t\t\t\t<\/figure>\n<div class=\"clear\"><\/div>\n<\/div>\n<h2>6 kg Wasserstoff in Tanks im Bodenaufbau<\/h2>\n<p>Der iX5 Hydrogen hat ein neues Bodendesign mit zwei Wasserstofftanks, die bis zu 6 kg Wasserstoff (700 bar) fassen, im Mitteltunnel und unter dem R\u00fccksitz. Die modellspezifischen 12V- und 400V-Bordnetze, die Hochleistungsbatterie, der Elektromotor und die Brennstoffzelle werden in der Montagephase integriert. Der Elektromotor befindet sich zusammen mit der Batterie in der N\u00e4he der Hinterachse. Die Brennstoffzelle befindet sich vorne unter der Motorhaube.<\/p>\n","protected":false},"excerpt":{"rendered":"Die Produktion des BMW iX5 Hydrogen findet in der Pilotanlage des Forschungs- und Innovationszentrums M\u00fcnchen (FIZ) statt. Dieses allererste Sports&hellip;","protected":false},"author":0,"featured_media":127913,"comment_status":"open","ping_status":"open","sticky":false,"template":"","format":"standard","meta":{"footnotes":""},"categories":[125],"tags":[],"class_list":["post-127929","post","type-post","status-publish","format-standard","has-post-thumbnail","hentry","category-auto-nachrichten"],"acf":[],"yoast_head":"<!-- This site is optimized with the Yoast SEO plugin v21.2 - https:\/\/yoast.com\/wordpress\/plugins\/seo\/ -->\n<title>BMW iX5 Hydrogen auf der Stra\u00dfe im Fr\u00fchjahr 2023 - All cars news<\/title>\n<meta name=\"robots\" content=\"index, follow, max-snippet:-1, max-image-preview:large, max-video-preview:-1\" \/>\n<link rel=\"canonical\" href=\"https:\/\/all-car-news.com\/de\/bmw-ix5-hydrogen-auf-der-strasse-im-fruehjahr-2023\/\" \/>\n<meta property=\"og:locale\" content=\"de_DE\" \/>\n<meta property=\"og:type\" content=\"article\" \/>\n<meta property=\"og:title\" content=\"BMW iX5 Hydrogen auf der Stra\u00dfe im Fr\u00fchjahr 2023 - All cars news\" \/>\n<meta property=\"og:description\" content=\"Die Produktion des BMW iX5 Hydrogen findet in der Pilotanlage des Forschungs- und Innovationszentrums M\u00fcnchen (FIZ) statt. Dieses allererste Sports Activity Vehicle (SAV) mit Wasserstoff-Brennstoffzellentechnologie hat bereits w\u00e4hrend der Entwicklungsphase ein intensives Testprogramm unter anspruchsvollen Bedingungen durchlaufen, beispielsweise bei winterlicher K\u00e4lte in Arjeplog in Nordschweden. Wasserstoff wichtig f\u00fcr individuelle Mobilit\u00e4t &quot;Wasserstoff [...]\" \/>\n<meta property=\"og:url\" content=\"https:\/\/all-car-news.com\/de\/bmw-ix5-hydrogen-auf-der-strasse-im-fruehjahr-2023\/\" \/>\n<meta property=\"og:site_name\" content=\"All cars news\" \/>\n<meta property=\"article:published_time\" content=\"2022-12-02T15:42:18+00:00\" \/>\n<meta property=\"og:image\" content=\"https:\/\/autorai.nl\/wp-content\/uploads\/2022\/12\/BMW-iX5-Hydrogen-2-1140x760.jpg\" \/>\n<meta name=\"twitter:card\" content=\"summary_large_image\" \/>\n<meta name=\"twitter:label1\" content=\"Gesch\u00e4tzte Lesezeit\" \/>\n\t<meta name=\"twitter:data1\" content=\"3\u00a0Minuten\" \/>\n<script type=\"application\/ld+json\" class=\"yoast-schema-graph\">{\"@context\":\"https:\/\/schema.org\",\"@graph\":[{\"@type\":\"Article\",\"@id\":\"https:\/\/all-car-news.com\/de\/bmw-ix5-hydrogen-auf-der-strasse-im-fruehjahr-2023\/#article\",\"isPartOf\":{\"@id\":\"https:\/\/all-car-news.com\/de\/bmw-ix5-hydrogen-auf-der-strasse-im-fruehjahr-2023\/\"},\"author\":{\"name\":\"\",\"@id\":\"\"},\"headline\":\"BMW iX5 Hydrogen auf der Stra\u00dfe im Fr\u00fchjahr 2023\",\"datePublished\":\"2022-12-02T15:42:18+00:00\",\"dateModified\":\"2022-12-02T15:42:18+00:00\",\"mainEntityOfPage\":{\"@id\":\"https:\/\/all-car-news.com\/de\/bmw-ix5-hydrogen-auf-der-strasse-im-fruehjahr-2023\/\"},\"wordCount\":518,\"commentCount\":0,\"publisher\":{\"@id\":\"https:\/\/all-car-news.com\/de\/#organization\"},\"articleSection\":[\"Auto Nachrichten\"],\"inLanguage\":\"de\",\"potentialAction\":[{\"@type\":\"CommentAction\",\"name\":\"Comment\",\"target\":[\"https:\/\/all-car-news.com\/de\/bmw-ix5-hydrogen-auf-der-strasse-im-fruehjahr-2023\/#respond\"]}]},{\"@type\":\"WebPage\",\"@id\":\"https:\/\/all-car-news.com\/de\/bmw-ix5-hydrogen-auf-der-strasse-im-fruehjahr-2023\/\",\"url\":\"https:\/\/all-car-news.com\/de\/bmw-ix5-hydrogen-auf-der-strasse-im-fruehjahr-2023\/\",\"name\":\"BMW iX5 Hydrogen auf der Stra\u00dfe im Fr\u00fchjahr 2023 - All cars news\",\"isPartOf\":{\"@id\":\"https:\/\/all-car-news.com\/de\/#website\"},\"datePublished\":\"2022-12-02T15:42:18+00:00\",\"dateModified\":\"2022-12-02T15:42:18+00:00\",\"breadcrumb\":{\"@id\":\"https:\/\/all-car-news.com\/de\/bmw-ix5-hydrogen-auf-der-strasse-im-fruehjahr-2023\/#breadcrumb\"},\"inLanguage\":\"de\",\"potentialAction\":[{\"@type\":\"ReadAction\",\"target\":[\"https:\/\/all-car-news.com\/de\/bmw-ix5-hydrogen-auf-der-strasse-im-fruehjahr-2023\/\"]}]},{\"@type\":\"BreadcrumbList\",\"@id\":\"https:\/\/all-car-news.com\/de\/bmw-ix5-hydrogen-auf-der-strasse-im-fruehjahr-2023\/#breadcrumb\",\"itemListElement\":[{\"@type\":\"ListItem\",\"position\":1,\"name\":\"Home\",\"item\":\"https:\/\/all-car-news.com\/de\/\"},{\"@type\":\"ListItem\",\"position\":2,\"name\":\"BMW iX5 Hydrogen auf der Stra\u00dfe im Fr\u00fchjahr 2023\"}]},{\"@type\":\"WebSite\",\"@id\":\"https:\/\/all-car-news.com\/de\/#website\",\"url\":\"https:\/\/all-car-news.com\/de\/\",\"name\":\"All cars news\",\"description\":\"\",\"publisher\":{\"@id\":\"https:\/\/all-car-news.com\/de\/#organization\"},\"potentialAction\":[{\"@type\":\"SearchAction\",\"target\":{\"@type\":\"EntryPoint\",\"urlTemplate\":\"https:\/\/all-car-news.com\/de\/?s={search_term_string}\"},\"query-input\":\"required name=search_term_string\"}],\"inLanguage\":\"de\"},{\"@type\":\"Organization\",\"@id\":\"https:\/\/all-car-news.com\/de\/#organization\",\"name\":\"All cars news\",\"url\":\"https:\/\/all-car-news.com\/de\/\",\"logo\":{\"@type\":\"ImageObject\",\"inLanguage\":\"de\",\"@id\":\"https:\/\/all-car-news.com\/de\/#\/schema\/logo\/image\/\",\"url\":\"https:\/\/all-car-news.com\/wp-content\/uploads\/2022\/02\/CMYK-AllCarNews_LANDSCAPE_300px-1.png\",\"contentUrl\":\"https:\/\/all-car-news.com\/wp-content\/uploads\/2022\/02\/CMYK-AllCarNews_LANDSCAPE_300px-1.png\",\"width\":300,\"height\":100,\"caption\":\"All cars news\"},\"image\":{\"@id\":\"https:\/\/all-car-news.com\/de\/#\/schema\/logo\/image\/\"}}]}<\/script>\n<!-- \/ Yoast SEO plugin. -->","yoast_head_json":{"title":"BMW iX5 Hydrogen auf der Stra\u00dfe im Fr\u00fchjahr 2023 - All cars news","robots":{"index":"index","follow":"follow","max-snippet":"max-snippet:-1","max-image-preview":"max-image-preview:large","max-video-preview":"max-video-preview:-1"},"canonical":"https:\/\/all-car-news.com\/de\/bmw-ix5-hydrogen-auf-der-strasse-im-fruehjahr-2023\/","og_locale":"de_DE","og_type":"article","og_title":"BMW iX5 Hydrogen auf der Stra\u00dfe im Fr\u00fchjahr 2023 - All cars news","og_description":"Die Produktion des BMW iX5 Hydrogen findet in der Pilotanlage des Forschungs- und Innovationszentrums M\u00fcnchen (FIZ) statt. Dieses allererste Sports Activity Vehicle (SAV) mit Wasserstoff-Brennstoffzellentechnologie hat bereits w\u00e4hrend der Entwicklungsphase ein intensives Testprogramm unter anspruchsvollen Bedingungen durchlaufen, beispielsweise bei winterlicher K\u00e4lte in Arjeplog in Nordschweden. Wasserstoff wichtig f\u00fcr individuelle Mobilit\u00e4t \"Wasserstoff [...]","og_url":"https:\/\/all-car-news.com\/de\/bmw-ix5-hydrogen-auf-der-strasse-im-fruehjahr-2023\/","og_site_name":"All cars news","article_published_time":"2022-12-02T15:42:18+00:00","og_image":[{"url":"https:\/\/autorai.nl\/wp-content\/uploads\/2022\/12\/BMW-iX5-Hydrogen-2-1140x760.jpg"}],"twitter_card":"summary_large_image","twitter_misc":{"Gesch\u00e4tzte Lesezeit":"3\u00a0Minuten"},"schema":{"@context":"https:\/\/schema.org","@graph":[{"@type":"Article","@id":"https:\/\/all-car-news.com\/de\/bmw-ix5-hydrogen-auf-der-strasse-im-fruehjahr-2023\/#article","isPartOf":{"@id":"https:\/\/all-car-news.com\/de\/bmw-ix5-hydrogen-auf-der-strasse-im-fruehjahr-2023\/"},"author":{"name":"","@id":""},"headline":"BMW iX5 Hydrogen auf der Stra\u00dfe im Fr\u00fchjahr 2023","datePublished":"2022-12-02T15:42:18+00:00","dateModified":"2022-12-02T15:42:18+00:00","mainEntityOfPage":{"@id":"https:\/\/all-car-news.com\/de\/bmw-ix5-hydrogen-auf-der-strasse-im-fruehjahr-2023\/"},"wordCount":518,"commentCount":0,"publisher":{"@id":"https:\/\/all-car-news.com\/de\/#organization"},"articleSection":["Auto Nachrichten"],"inLanguage":"de","potentialAction":[{"@type":"CommentAction","name":"Comment","target":["https:\/\/all-car-news.com\/de\/bmw-ix5-hydrogen-auf-der-strasse-im-fruehjahr-2023\/#respond"]}]},{"@type":"WebPage","@id":"https:\/\/all-car-news.com\/de\/bmw-ix5-hydrogen-auf-der-strasse-im-fruehjahr-2023\/","url":"https:\/\/all-car-news.com\/de\/bmw-ix5-hydrogen-auf-der-strasse-im-fruehjahr-2023\/","name":"BMW iX5 Hydrogen auf der Stra\u00dfe im Fr\u00fchjahr 2023 - All cars news","isPartOf":{"@id":"https:\/\/all-car-news.com\/de\/#website"},"datePublished":"2022-12-02T15:42:18+00:00","dateModified":"2022-12-02T15:42:18+00:00","breadcrumb":{"@id":"https:\/\/all-car-news.com\/de\/bmw-ix5-hydrogen-auf-der-strasse-im-fruehjahr-2023\/#breadcrumb"},"inLanguage":"de","potentialAction":[{"@type":"ReadAction","target":["https:\/\/all-car-news.com\/de\/bmw-ix5-hydrogen-auf-der-strasse-im-fruehjahr-2023\/"]}]},{"@type":"BreadcrumbList","@id":"https:\/\/all-car-news.com\/de\/bmw-ix5-hydrogen-auf-der-strasse-im-fruehjahr-2023\/#breadcrumb","itemListElement":[{"@type":"ListItem","position":1,"name":"Home","item":"https:\/\/all-car-news.com\/de\/"},{"@type":"ListItem","position":2,"name":"BMW iX5 Hydrogen auf der Stra\u00dfe im Fr\u00fchjahr 2023"}]},{"@type":"WebSite","@id":"https:\/\/all-car-news.com\/de\/#website","url":"https:\/\/all-car-news.com\/de\/","name":"All cars news","description":"","publisher":{"@id":"https:\/\/all-car-news.com\/de\/#organization"},"potentialAction":[{"@type":"SearchAction","target":{"@type":"EntryPoint","urlTemplate":"https:\/\/all-car-news.com\/de\/?s={search_term_string}"},"query-input":"required name=search_term_string"}],"inLanguage":"de"},{"@type":"Organization","@id":"https:\/\/all-car-news.com\/de\/#organization","name":"All cars news","url":"https:\/\/all-car-news.com\/de\/","logo":{"@type":"ImageObject","inLanguage":"de","@id":"https:\/\/all-car-news.com\/de\/#\/schema\/logo\/image\/","url":"https:\/\/all-car-news.com\/wp-content\/uploads\/2022\/02\/CMYK-AllCarNews_LANDSCAPE_300px-1.png","contentUrl":"https:\/\/all-car-news.com\/wp-content\/uploads\/2022\/02\/CMYK-AllCarNews_LANDSCAPE_300px-1.png","width":300,"height":100,"caption":"All cars news"},"image":{"@id":"https:\/\/all-car-news.com\/de\/#\/schema\/logo\/image\/"}}]}},"_links":{"self":[{"href":"https:\/\/all-car-news.com\/de\/wp-json\/wp\/v2\/posts\/127929","targetHints":{"allow":["GET"]}}],"collection":[{"href":"https:\/\/all-car-news.com\/de\/wp-json\/wp\/v2\/posts"}],"about":[{"href":"https:\/\/all-car-news.com\/de\/wp-json\/wp\/v2\/types\/post"}],"replies":[{"embeddable":true,"href":"https:\/\/all-car-news.com\/de\/wp-json\/wp\/v2\/comments?post=127929"}],"version-history":[{"count":0,"href":"https:\/\/all-car-news.com\/de\/wp-json\/wp\/v2\/posts\/127929\/revisions"}],"wp:featuredmedia":[{"embeddable":true,"href":"https:\/\/all-car-news.com\/de\/wp-json\/wp\/v2\/media\/127913"}],"wp:attachment":[{"href":"https:\/\/all-car-news.com\/de\/wp-json\/wp\/v2\/media?parent=127929"}],"wp:term":[{"taxonomy":"category","embeddable":true,"href":"https:\/\/all-car-news.com\/de\/wp-json\/wp\/v2\/categories?post=127929"},{"taxonomy":"post_tag","embeddable":true,"href":"https:\/\/all-car-news.com\/de\/wp-json\/wp\/v2\/tags?post=127929"}],"curies":[{"name":"wp","href":"https:\/\/api.w.org\/{rel}","templated":true}]}}