{"id":127439,"date":"2022-11-24T10:03:00","date_gmt":"2022-11-24T10:03:00","guid":{"rendered":"https:\/\/all-car-news.com\/elektrisches-fahren-ist-wirtschaftlicher-als-man-denkt\/"},"modified":"2022-11-24T10:03:00","modified_gmt":"2022-11-24T10:03:00","slug":"elektrisches-fahren-ist-wirtschaftlicher-als-man-denkt","status":"publish","type":"post","link":"https:\/\/all-car-news.com\/de\/elektrisches-fahren-ist-wirtschaftlicher-als-man-denkt\/","title":{"rendered":"Elektrisches Fahren ist wirtschaftlicher als man denkt"},"content":{"rendered":"<p>Elektroautos gelten vor allem wegen ihres Anschaffungspreises als teuer. Allerdings ist er immer noch deutlich h\u00f6her als der eines vergleichbaren Benziners. Diese Differenz wird jedoch durch den staatlichen Zuschuss verringert, der im Jahr 2023 beim Kauf eines neuen Elektroautos 2.950 \u20ac und beim Kauf eines gebrauchten Elektroautos 2.000 \u20ac betr\u00e4gt. Die Subvention erhalten Sie auch beim Privatleasing. Dann wird der Zuschuss zu einem Rabatt pro Monat verrechnet. Die einzige Voraussetzung ist, dass das betreffende Elektroauto h\u00f6chstens 45.000 Euro kostet.<\/p>\n<h2>Gekauft? Dann speichern Sie sofort!<\/h2>\n<p>Sobald das Elektroauto vor der Haust\u00fcr steht, f\u00e4ngt das Sparen erst richtig an. F\u00fcr das vollst\u00e4ndige Aufladen der Batterie zahlen Sie n\u00e4mlich pro gefahrenem Kilometer viel weniger als f\u00fcr das Tanken eines Benzinautos. Bei den heutigen hohen Kraftstoffpreisen muss man gar nicht so viel fahren, um mit einem Elektroauto sparsamer zu sein.<\/p>\n<h2>Berechnungsbeispiel elektrisch versus Benzin<\/h2>\n<p>Wir f\u00fcgen ein Berechnungsbeispiel bei. Der Peugeot 208 ist ein Beispiel f\u00fcr ein erschwingliches Auto, das auch in einer rein elektrischen Ausf\u00fchrung erh\u00e4ltlich ist. Nehmen wir an, Sie entscheiden sich f\u00fcr ein Privatleasing und geben dann f\u00fcr die Benzinversion 309 Euro pro Monat aus. F\u00fcr eine \u00e4hnlich ausgestattete Elektroversion w\u00e4ren das 384 \u20ac pro Monat.<\/p>\n<p>Sie w\u00fcrden dann sagen, dass Sie mit der elektrischen Version viel teurer w\u00e4ren. Allerdings erhalten Sie f\u00fcr den elektrischen Peugeot umgerechnet 58,33 \u20ac Zuschuss pro Monat. Das bedeutet, dass es nur 325,67 \u20ac pro Monat kostet. Dann ist der Unterschied schon sehr viel geringer.<\/p>\n<p>An der Zapfs\u00e4ule\/Ladestation findet der eigentliche Wendepunkt statt. F\u00fcr das Berechnungsbeispiel gehen wir von einer monatlichen Fahrstrecke von 833 Kilometern aus. Der Peugeot ist sch\u00f6n sparsam mit einem Verbrauch von 1:15, aber an der Tankstelle zahlt man 2,40 \u20ac pro Liter (nationale Preisempfehlung). Der Strompreis betr\u00e4gt derzeit 0,14 \u20ac pro kW. Zum Beispiel zahlen Sie jeden Monat 135 Euro f\u00fcr Kraftstoff oder 63,27 Euro f\u00fcr Strom.<\/p>\n<p>Unter dem Strich kostet der benzinbetriebene Peugeot 208 444 Euro pro Monat, w\u00e4hrend der elektrische Peugeot e-208&nbsp; mit 388,94 Euro die g\u00fcnstigere Variante ist.<\/p>\n<h2>Elektroautos werden immer erschwinglicher<\/h2>\n<p>Au\u00dferdem werden Elektroautos gl\u00fccklicherweise immer erschwinglicher. Auch im Kompaktsegment sind zunehmend Elektroautos zu finden. Der Dacia Spring zum Beispiel, der bereits ab 20.850 Euro (oder 279 Euro pro Monat) erh\u00e4ltlich ist. Die Reichweite dieser kompakten Elektroautos ist zwar oft begrenzt, aber f\u00fcr die allermeisten Fahrten mit dem Auto in den Niederlanden bereits mehr als ausreichend. Andernfalls ist gegen einen geringen Aufpreis auch eine gr\u00f6\u00dfere Reichweite m\u00f6glich. Der Peugeot e-208 zum Beispiel ist bereits ab 32.250 \u20ac (oder 384 \u20ac pro Monat) erh\u00e4ltlich und kommt in seiner neuesten Version mit einer vollen Batterie 362 km weit. \u00dcbrigens sind die genannten Kaufsummen noch ohne Subvention, die wird sich also reduzieren.<\/p>\n<h2>Gebrauchtes Elektroauto<\/h2>\n<p>Wenn Sie bei der Anschaffung noch mehr sparen wollen, k\u00f6nnen Sie sich auch f\u00fcr ein gebrauchtes Elektroauto entscheiden. Tats\u00e4chlich gibt es auch davon immer mehr, wenngleich das Angebot noch etwas begrenzter ist als bei neuen Elektroautos. Ein gebrauchtes Elektroauto ist jedoch viel billiger, vor allem mit der 2.000-Euro-F\u00f6rderung. Es ist sogar m\u00f6glich, einen Gebrauchtwagen privat zu leasen.<\/p>\n<h2>Kaufen oder privat leasen?<\/h2>\n<p>\u00dcberzeugt? Sie haben also die Wahl zwischen Kauf und&nbsp;<a href=\"https:\/\/www.auto.nl\/blog\/private-lease-elektrische-auto\">Privatleasing des Elektroautos<\/a>. Der Vorteil des Kaufs besteht darin, dass Sie das Auto auf einen Schlag haben. Beim Privatleasing k\u00f6nnen Sie den Betrag strecken, so dass Sie ihn nicht erst zusammensparen m\u00fcssen. Beim Kauf sind Sie vielleicht billiger, aber bedenken Sie, dass der Preis f\u00fcr das Privatleasing Versicherung und Wartung einschlie\u00dft. Auf diese Weise kann es noch vorteilhafter sein.<\/p>\n","protected":false},"excerpt":{"rendered":"Elektroautos gelten vor allem wegen ihres Anschaffungspreises als teuer. Allerdings ist er immer noch viel h\u00f6her als der eines vergleichbaren&hellip;","protected":false},"author":0,"featured_media":120438,"comment_status":"open","ping_status":"open","sticky":false,"template":"","format":"standard","meta":{"footnotes":""},"categories":[137],"tags":[],"class_list":["post-127439","post","type-post","status-publish","format-standard","has-post-thumbnail","hentry","category-elektrisches-fahren"],"acf":[],"yoast_head":"<!-- This site is optimized with the Yoast SEO plugin v21.2 - https:\/\/yoast.com\/wordpress\/plugins\/seo\/ -->\n<title>Elektrisches Fahren ist wirtschaftlicher als man denkt - All cars news<\/title>\n<meta name=\"robots\" content=\"index, follow, max-snippet:-1, max-image-preview:large, max-video-preview:-1\" \/>\n<link rel=\"canonical\" href=\"https:\/\/all-car-news.com\/de\/elektrisches-fahren-ist-wirtschaftlicher-als-man-denkt\/\" \/>\n<meta property=\"og:locale\" content=\"de_DE\" \/>\n<meta property=\"og:type\" content=\"article\" \/>\n<meta property=\"og:title\" content=\"Elektrisches Fahren ist wirtschaftlicher als man denkt - All cars news\" \/>\n<meta property=\"og:description\" content=\"Elektroautos gelten vor allem wegen ihres Anschaffungspreises als teuer. Allerdings ist er immer noch viel h\u00f6her als der eines vergleichbaren Benziners. Diese Differenz wird jedoch durch den staatlichen Zuschuss verringert, der im Jahr 2023 beim Kauf eines neuen Elektroautos 2.950 \u20ac und beim Kauf eines gebrauchten Elektroautos 2.000 \u20ac betr\u00e4gt. Der Zuschuss [...]\" \/>\n<meta property=\"og:url\" content=\"https:\/\/all-car-news.com\/de\/elektrisches-fahren-ist-wirtschaftlicher-als-man-denkt\/\" \/>\n<meta property=\"og:site_name\" content=\"All cars news\" \/>\n<meta property=\"article:published_time\" content=\"2022-11-24T10:03:00+00:00\" \/>\n<meta name=\"twitter:card\" content=\"summary_large_image\" \/>\n<meta name=\"twitter:label1\" content=\"Gesch\u00e4tzte Lesezeit\" \/>\n\t<meta name=\"twitter:data1\" content=\"3\u00a0Minuten\" \/>\n<script type=\"application\/ld+json\" class=\"yoast-schema-graph\">{\"@context\":\"https:\/\/schema.org\",\"@graph\":[{\"@type\":\"Article\",\"@id\":\"https:\/\/all-car-news.com\/de\/elektrisches-fahren-ist-wirtschaftlicher-als-man-denkt\/#article\",\"isPartOf\":{\"@id\":\"https:\/\/all-car-news.com\/de\/elektrisches-fahren-ist-wirtschaftlicher-als-man-denkt\/\"},\"author\":{\"name\":\"\",\"@id\":\"\"},\"headline\":\"Elektrisches Fahren ist wirtschaftlicher als man denkt\",\"datePublished\":\"2022-11-24T10:03:00+00:00\",\"dateModified\":\"2022-11-24T10:03:00+00:00\",\"mainEntityOfPage\":{\"@id\":\"https:\/\/all-car-news.com\/de\/elektrisches-fahren-ist-wirtschaftlicher-als-man-denkt\/\"},\"wordCount\":594,\"commentCount\":0,\"publisher\":{\"@id\":\"https:\/\/all-car-news.com\/de\/#organization\"},\"articleSection\":[\"Elektrisches Fahren\"],\"inLanguage\":\"de\",\"potentialAction\":[{\"@type\":\"CommentAction\",\"name\":\"Comment\",\"target\":[\"https:\/\/all-car-news.com\/de\/elektrisches-fahren-ist-wirtschaftlicher-als-man-denkt\/#respond\"]}]},{\"@type\":\"WebPage\",\"@id\":\"https:\/\/all-car-news.com\/de\/elektrisches-fahren-ist-wirtschaftlicher-als-man-denkt\/\",\"url\":\"https:\/\/all-car-news.com\/de\/elektrisches-fahren-ist-wirtschaftlicher-als-man-denkt\/\",\"name\":\"Elektrisches Fahren ist wirtschaftlicher als man denkt - All cars news\",\"isPartOf\":{\"@id\":\"https:\/\/all-car-news.com\/de\/#website\"},\"datePublished\":\"2022-11-24T10:03:00+00:00\",\"dateModified\":\"2022-11-24T10:03:00+00:00\",\"breadcrumb\":{\"@id\":\"https:\/\/all-car-news.com\/de\/elektrisches-fahren-ist-wirtschaftlicher-als-man-denkt\/#breadcrumb\"},\"inLanguage\":\"de\",\"potentialAction\":[{\"@type\":\"ReadAction\",\"target\":[\"https:\/\/all-car-news.com\/de\/elektrisches-fahren-ist-wirtschaftlicher-als-man-denkt\/\"]}]},{\"@type\":\"BreadcrumbList\",\"@id\":\"https:\/\/all-car-news.com\/de\/elektrisches-fahren-ist-wirtschaftlicher-als-man-denkt\/#breadcrumb\",\"itemListElement\":[{\"@type\":\"ListItem\",\"position\":1,\"name\":\"Home\",\"item\":\"https:\/\/all-car-news.com\/de\/\"},{\"@type\":\"ListItem\",\"position\":2,\"name\":\"Elektrisches Fahren ist wirtschaftlicher als man denkt\"}]},{\"@type\":\"WebSite\",\"@id\":\"https:\/\/all-car-news.com\/de\/#website\",\"url\":\"https:\/\/all-car-news.com\/de\/\",\"name\":\"All cars news\",\"description\":\"\",\"publisher\":{\"@id\":\"https:\/\/all-car-news.com\/de\/#organization\"},\"potentialAction\":[{\"@type\":\"SearchAction\",\"target\":{\"@type\":\"EntryPoint\",\"urlTemplate\":\"https:\/\/all-car-news.com\/de\/?s={search_term_string}\"},\"query-input\":\"required name=search_term_string\"}],\"inLanguage\":\"de\"},{\"@type\":\"Organization\",\"@id\":\"https:\/\/all-car-news.com\/de\/#organization\",\"name\":\"All cars news\",\"url\":\"https:\/\/all-car-news.com\/de\/\",\"logo\":{\"@type\":\"ImageObject\",\"inLanguage\":\"de\",\"@id\":\"https:\/\/all-car-news.com\/de\/#\/schema\/logo\/image\/\",\"url\":\"https:\/\/all-car-news.com\/wp-content\/uploads\/2022\/02\/CMYK-AllCarNews_LANDSCAPE_300px-1.png\",\"contentUrl\":\"https:\/\/all-car-news.com\/wp-content\/uploads\/2022\/02\/CMYK-AllCarNews_LANDSCAPE_300px-1.png\",\"width\":300,\"height\":100,\"caption\":\"All cars news\"},\"image\":{\"@id\":\"https:\/\/all-car-news.com\/de\/#\/schema\/logo\/image\/\"}}]}<\/script>\n<!-- \/ Yoast SEO plugin. -->","yoast_head_json":{"title":"Elektrisches Fahren ist wirtschaftlicher als man denkt - All cars news","robots":{"index":"index","follow":"follow","max-snippet":"max-snippet:-1","max-image-preview":"max-image-preview:large","max-video-preview":"max-video-preview:-1"},"canonical":"https:\/\/all-car-news.com\/de\/elektrisches-fahren-ist-wirtschaftlicher-als-man-denkt\/","og_locale":"de_DE","og_type":"article","og_title":"Elektrisches Fahren ist wirtschaftlicher als man denkt - All cars news","og_description":"Elektroautos gelten vor allem wegen ihres Anschaffungspreises als teuer. Allerdings ist er immer noch viel h\u00f6her als der eines vergleichbaren Benziners. Diese Differenz wird jedoch durch den staatlichen Zuschuss verringert, der im Jahr 2023 beim Kauf eines neuen Elektroautos 2.950 \u20ac und beim Kauf eines gebrauchten Elektroautos 2.000 \u20ac betr\u00e4gt. Der Zuschuss [...]","og_url":"https:\/\/all-car-news.com\/de\/elektrisches-fahren-ist-wirtschaftlicher-als-man-denkt\/","og_site_name":"All cars news","article_published_time":"2022-11-24T10:03:00+00:00","twitter_card":"summary_large_image","twitter_misc":{"Gesch\u00e4tzte Lesezeit":"3\u00a0Minuten"},"schema":{"@context":"https:\/\/schema.org","@graph":[{"@type":"Article","@id":"https:\/\/all-car-news.com\/de\/elektrisches-fahren-ist-wirtschaftlicher-als-man-denkt\/#article","isPartOf":{"@id":"https:\/\/all-car-news.com\/de\/elektrisches-fahren-ist-wirtschaftlicher-als-man-denkt\/"},"author":{"name":"","@id":""},"headline":"Elektrisches Fahren ist wirtschaftlicher als man denkt","datePublished":"2022-11-24T10:03:00+00:00","dateModified":"2022-11-24T10:03:00+00:00","mainEntityOfPage":{"@id":"https:\/\/all-car-news.com\/de\/elektrisches-fahren-ist-wirtschaftlicher-als-man-denkt\/"},"wordCount":594,"commentCount":0,"publisher":{"@id":"https:\/\/all-car-news.com\/de\/#organization"},"articleSection":["Elektrisches Fahren"],"inLanguage":"de","potentialAction":[{"@type":"CommentAction","name":"Comment","target":["https:\/\/all-car-news.com\/de\/elektrisches-fahren-ist-wirtschaftlicher-als-man-denkt\/#respond"]}]},{"@type":"WebPage","@id":"https:\/\/all-car-news.com\/de\/elektrisches-fahren-ist-wirtschaftlicher-als-man-denkt\/","url":"https:\/\/all-car-news.com\/de\/elektrisches-fahren-ist-wirtschaftlicher-als-man-denkt\/","name":"Elektrisches Fahren ist wirtschaftlicher als man denkt - All cars news","isPartOf":{"@id":"https:\/\/all-car-news.com\/de\/#website"},"datePublished":"2022-11-24T10:03:00+00:00","dateModified":"2022-11-24T10:03:00+00:00","breadcrumb":{"@id":"https:\/\/all-car-news.com\/de\/elektrisches-fahren-ist-wirtschaftlicher-als-man-denkt\/#breadcrumb"},"inLanguage":"de","potentialAction":[{"@type":"ReadAction","target":["https:\/\/all-car-news.com\/de\/elektrisches-fahren-ist-wirtschaftlicher-als-man-denkt\/"]}]},{"@type":"BreadcrumbList","@id":"https:\/\/all-car-news.com\/de\/elektrisches-fahren-ist-wirtschaftlicher-als-man-denkt\/#breadcrumb","itemListElement":[{"@type":"ListItem","position":1,"name":"Home","item":"https:\/\/all-car-news.com\/de\/"},{"@type":"ListItem","position":2,"name":"Elektrisches Fahren ist wirtschaftlicher als man denkt"}]},{"@type":"WebSite","@id":"https:\/\/all-car-news.com\/de\/#website","url":"https:\/\/all-car-news.com\/de\/","name":"All cars news","description":"","publisher":{"@id":"https:\/\/all-car-news.com\/de\/#organization"},"potentialAction":[{"@type":"SearchAction","target":{"@type":"EntryPoint","urlTemplate":"https:\/\/all-car-news.com\/de\/?s={search_term_string}"},"query-input":"required name=search_term_string"}],"inLanguage":"de"},{"@type":"Organization","@id":"https:\/\/all-car-news.com\/de\/#organization","name":"All cars news","url":"https:\/\/all-car-news.com\/de\/","logo":{"@type":"ImageObject","inLanguage":"de","@id":"https:\/\/all-car-news.com\/de\/#\/schema\/logo\/image\/","url":"https:\/\/all-car-news.com\/wp-content\/uploads\/2022\/02\/CMYK-AllCarNews_LANDSCAPE_300px-1.png","contentUrl":"https:\/\/all-car-news.com\/wp-content\/uploads\/2022\/02\/CMYK-AllCarNews_LANDSCAPE_300px-1.png","width":300,"height":100,"caption":"All cars news"},"image":{"@id":"https:\/\/all-car-news.com\/de\/#\/schema\/logo\/image\/"}}]}},"_links":{"self":[{"href":"https:\/\/all-car-news.com\/de\/wp-json\/wp\/v2\/posts\/127439","targetHints":{"allow":["GET"]}}],"collection":[{"href":"https:\/\/all-car-news.com\/de\/wp-json\/wp\/v2\/posts"}],"about":[{"href":"https:\/\/all-car-news.com\/de\/wp-json\/wp\/v2\/types\/post"}],"replies":[{"embeddable":true,"href":"https:\/\/all-car-news.com\/de\/wp-json\/wp\/v2\/comments?post=127439"}],"version-history":[{"count":0,"href":"https:\/\/all-car-news.com\/de\/wp-json\/wp\/v2\/posts\/127439\/revisions"}],"wp:featuredmedia":[{"embeddable":true,"href":"https:\/\/all-car-news.com\/de\/wp-json\/wp\/v2\/media\/120438"}],"wp:attachment":[{"href":"https:\/\/all-car-news.com\/de\/wp-json\/wp\/v2\/media?parent=127439"}],"wp:term":[{"taxonomy":"category","embeddable":true,"href":"https:\/\/all-car-news.com\/de\/wp-json\/wp\/v2\/categories?post=127439"},{"taxonomy":"post_tag","embeddable":true,"href":"https:\/\/all-car-news.com\/de\/wp-json\/wp\/v2\/tags?post=127439"}],"curies":[{"name":"wp","href":"https:\/\/api.w.org\/{rel}","templated":true}]}}