{"id":127368,"date":"2022-11-23T08:37:06","date_gmt":"2022-11-23T08:37:06","guid":{"rendered":"https:\/\/all-car-news.com\/mazda-aendert-seinen-kurs-komplett-zukunftsplaene-werden-vorgestellt\/"},"modified":"2022-11-23T08:37:06","modified_gmt":"2022-11-23T08:37:06","slug":"mazda-aendert-seinen-kurs-komplett-zukunftsplaene-werden-vorgestellt","status":"publish","type":"post","link":"https:\/\/all-car-news.com\/de\/mazda-aendert-seinen-kurs-komplett-zukunftsplaene-werden-vorgestellt\/","title":{"rendered":"Mazda \u00e4ndert seinen Kurs komplett: Zukunftspl\u00e4ne werden vorgestellt"},"content":{"rendered":"<h2>Mazda Zukunft<\/h2>\n<p>In den letzten Jahren hat sich das Umfeld, in dem Automobilhersteller t\u00e4tig sind, dramatisch ver\u00e4ndert, insbesondere in Europa mit der Zunahme elektrifizierter Produkte und den damit verbundenen Vorschriften. Es gibt also viel zu tun. Um auf diese zuk\u00fcnftigen Ver\u00e4nderungen flexibel reagieren zu k\u00f6nnen, legt Mazda einen <a href=\"https:\/\/eu.mazda-press.com\/news\/2022\/mazda-continues-to-build-for-the-future\/\" target=\"_blank\" rel=\"noreferrer noopener\">Drei-Phasen-Plan<\/a> f\u00fcr den Zeitraum bis 2030 vor. Das ist die Zukunft von Mazda.<\/p>\n<h2>Mazda Kosteneinsparungen<\/h2>\n<p>Von heute bis 2024 wird sich Mazda darauf konzentrieren, eine gr\u00f6\u00dfere Widerstandsf\u00e4higkeit gegen\u00fcber Umweltver\u00e4nderungen zu erreichen. Der Schwerpunkt liegt auf der St\u00e4rkung von technologischen Entwicklungen, Lieferketten und Kosteneinsparungen.<\/p>\n<p>In dieser Zeit beschleunigt Mazda die Elektrifizierung seiner Flotte, indem das Unternehmen nach eigenen Angaben attraktive Produkte auf den Markt bringt, die den Vorschriften in den jeweiligen M\u00e4rkten entsprechen. Mazda verfolgt hier nach wie vor den Mazda Multi-Solution-Ansatz, so dass die Kunden das ausw\u00e4hlen k\u00f6nnen, was am besten zu ihnen passt.<\/p>\n<figure class=\"wp-block-image size-content\"><img decoding=\"async\" loading=\"lazy\" width=\"1140\" height=\"725\" src=\"https:\/\/autorai.nl\/wp-content\/uploads\/2022\/11\/mazda-vision-concept-foto4-1140x725.jpg\" alt=\"\" class=\"wp-image-140198\"><\/figure>\n<h2>Mazda Vision Concept, Vorschau auf den neuen MX-5?<\/h2>\n<p>In Europa ist Mazda sehr stolz auf den Erfolg des Mazda MX-30 BEV, den k\u00fcrzlich auf den Markt gebrachten <a href=\"https:\/\/autorai.nl\/vijf-redenen-om-niet-een-mazda-cx-60-te-kopen\/\">Mazda CX-60 PHEV<\/a>, von dem bereits mehr als 20.000 Einheiten verkauft wurden, sowie auf die Einf\u00fchrung des Mazda MX-30 R-EV im Jahr 2023. Diese Version hat einen Wankelmotor als Reichweitenverl\u00e4ngerer. Weitere elektrifizierte Produkte werden als n\u00e4chstes folgen, darunter der Mazda CX-80 mit drei Sitzreihen. Gleichzeitig mit diesen Zukunftspl\u00e4nen pr\u00e4sentiert Mazda auch das Mazda Vision Concept, eine Studie mit verd\u00e4chtig vielen MX-5 Merkmalen. M\u00f6glicherweise gibt dieses Modell einen Vorgeschmack auf den MX-5 der Zukunft. Denn ja, es gibt auch noch Platz f\u00fcr einen neuen MX-5 in der Zukunft. Vielleicht gibt das Modell auch einen Vorgeschmack auf den neuen RX-7.<\/p>\n<figure class=\"wp-block-image size-content\"><img decoding=\"async\" loading=\"lazy\" width=\"1140\" height=\"780\" src=\"https:\/\/autorai.nl\/wp-content\/uploads\/2022\/11\/mazda-vision-concept-foto3-1140x780.jpg\" alt=\"\" class=\"wp-image-140197\"><\/figure>\n<h2>Mazda Zukunft 2025 bis 2027<\/h2>\n<p>Von 2025 bis 2027, wenn die Vorschriften vor allem in Europa strenger werden, wird Mazda die n\u00e4chsten notwendigen Schritte unternehmen, um den \u00dcbergang zur Elektrifizierung seiner Produktpalette zu f\u00f6rdern. Dazu geh\u00f6ren sowohl die Verfeinerung und Nutzung der vielf\u00e4ltigen Elektrifizierungs- und Produktionstechnologien von Mazda als auch die weltweite Einf\u00fchrung neuer batterieelektrischer Fahrzeuge, verspricht der Hersteller.<\/p>\n<h2>Mazda-Partnerschaftsabkommen<\/h2>\n<p>Mazda wird den \u00dcbergang zur Elektrifizierung durch Kooperationen in verschiedenen Bereichen erreichen. Bei der Vorstellung dieses Zukunftsplans wurde bekannt gegeben, dass Mazda eine Kooperationsvereinbarung zur Entwicklung und Produktion hocheffizienter elektrischer Antriebsstr\u00e4nge mit seinen Partnern unterzeichnet hat. Investitionen in die Batterieproduktion sind ebenfalls Teil der Zukunftspl\u00e4ne.<\/p>\n<figure class=\"wp-block-image size-content\"><img decoding=\"async\" loading=\"lazy\" width=\"1140\" height=\"641\" src=\"https:\/\/autorai.nl\/wp-content\/uploads\/2022\/11\/mazda-vision-concept-foto1-1140x641.jpg\" alt=\"Mazda Vision Concept - Seite\" class=\"wp-image-140200\"><\/figure>\n<h2>Kohlenstoffneutralit\u00e4t bis 2050<\/h2>\n<p>Alle Pl\u00e4ne sollen sicherstellen, dass Mazda bis zum Jahr 2050 in allen Bereichen des Unternehmens klimaneutral wird. Mazda arbeitet mit mehreren Partnern zusammen, um diese Zukunftspl\u00e4ne zu verwirklichen. Dies sind Namen von Unternehmen, von denen Sie wahrscheinlich noch nie geh\u00f6rt haben.<\/p>\n<h2>Mazda arbeitet mit diesen Unternehmen zusammen<\/h2>\n<p>Um hocheffiziente Elektroantriebe zu entwickeln und zu produzieren, arbeitet Mazda mit bis zu sieben Unternehmen zusammen. Dazu geh\u00f6ren Imasen Electric Industrial, Ondo Corporation, Chuo Kaseihin, Hiroshima Aluminum Industry, HIROTEC Corporation, Fukuta Electric &amp; Machinery und ROHM.<\/p>\n<p>Mit Ondo, Hiroshima Aluminum Industry und HIROTEC hat Mazda ein Joint Venture zur Entwicklung einer effizienten Produktionstechnologie gegr\u00fcndet. Mazda beabsichtigt au\u00dferdem, mit diesen Parteien einen Rahmen f\u00fcr die Herstellung und Lieferung von Elektroantrieben zu schaffen.<\/p>\n<p>Mit Imasen Electric Industrial und ROHM wurde eine Kooperationsvereinbarung \u00fcber die Entwicklung von Wechselrichtern, einschlie\u00dflich Siliziumkarbid-Halbleitern, getroffen. Bei der Entwicklung von Elektromotoren arbeitet Mazda mit Chuo Kaseihin und Fukuta Electric &amp; Machinery zusammen. Schlie\u00dflich hat Mazda ein Joint Venture mit Fukuta Electric &amp; Machinery gegr\u00fcndet, um Wissen zu sammeln und Motorentechnologie zu entwickeln.<\/p>\n<figure class=\"wp-block-image size-content\"><img decoding=\"async\" loading=\"lazy\" width=\"1140\" height=\"641\" src=\"https:\/\/autorai.nl\/wp-content\/uploads\/2022\/11\/mazda-vision-concept-foto5-1140x641.jpg\" alt=\"Mazda Vision Concept - Heckpartie\" class=\"wp-image-140199\"><\/figure>\n","protected":false},"excerpt":{"rendered":"Die Zukunft von Mazda In den letzten Jahren hat sich das Umfeld, in dem Automobilhersteller agieren, dramatisch ver\u00e4ndert, insbesondere in&hellip;","protected":false},"author":0,"featured_media":127311,"comment_status":"open","ping_status":"open","sticky":false,"template":"","format":"standard","meta":{"footnotes":""},"categories":[125,128],"tags":[],"class_list":["post-127368","post","type-post","status-publish","format-standard","has-post-thumbnail","hentry","category-auto-nachrichten","category-hintergrund"],"acf":[],"yoast_head":"<!-- This site is optimized with the Yoast SEO plugin v21.2 - https:\/\/yoast.com\/wordpress\/plugins\/seo\/ -->\n<title>Mazda \u00e4ndert seinen Kurs komplett: Zukunftspl\u00e4ne werden vorgestellt - All cars news<\/title>\n<meta name=\"robots\" content=\"index, follow, max-snippet:-1, max-image-preview:large, max-video-preview:-1\" \/>\n<link rel=\"canonical\" href=\"https:\/\/all-car-news.com\/de\/mazda-aendert-seinen-kurs-komplett-zukunftsplaene-werden-vorgestellt\/\" \/>\n<meta property=\"og:locale\" content=\"de_DE\" \/>\n<meta property=\"og:type\" content=\"article\" \/>\n<meta property=\"og:title\" content=\"Mazda \u00e4ndert seinen Kurs komplett: Zukunftspl\u00e4ne werden vorgestellt - All cars news\" \/>\n<meta property=\"og:description\" content=\"Die Zukunft von Mazda In den letzten Jahren hat sich das Umfeld, in dem Automobilhersteller agieren, dramatisch ver\u00e4ndert, insbesondere in Europa mit der Zunahme von elektrifizierten Produkten und den damit verbundenen Vorschriften. Es gibt also viel zu tun. Um auf diese zuk\u00fcnftigen Ver\u00e4nderungen flexibel reagieren zu k\u00f6nnen, legt Mazda einen Drei-Phasen-Plan f\u00fcr den Zeitraum bis 2030 vor. Das ist die Zukunft von Mazda. Kosteneinsparungen durch [...]\" \/>\n<meta property=\"og:url\" content=\"https:\/\/all-car-news.com\/de\/mazda-aendert-seinen-kurs-komplett-zukunftsplaene-werden-vorgestellt\/\" \/>\n<meta property=\"og:site_name\" content=\"All cars news\" \/>\n<meta property=\"article:published_time\" content=\"2022-11-23T08:37:06+00:00\" \/>\n<meta property=\"og:image\" content=\"https:\/\/autorai.nl\/wp-content\/uploads\/2022\/11\/mazda-vision-concept-foto4-1140x725.jpg\" \/>\n<meta name=\"twitter:card\" content=\"summary_large_image\" \/>\n<meta name=\"twitter:label1\" content=\"Gesch\u00e4tzte Lesezeit\" \/>\n\t<meta name=\"twitter:data1\" content=\"3\u00a0Minuten\" \/>\n<script type=\"application\/ld+json\" class=\"yoast-schema-graph\">{\"@context\":\"https:\/\/schema.org\",\"@graph\":[{\"@type\":\"Article\",\"@id\":\"https:\/\/all-car-news.com\/de\/mazda-aendert-seinen-kurs-komplett-zukunftsplaene-werden-vorgestellt\/#article\",\"isPartOf\":{\"@id\":\"https:\/\/all-car-news.com\/de\/mazda-aendert-seinen-kurs-komplett-zukunftsplaene-werden-vorgestellt\/\"},\"author\":{\"name\":\"\",\"@id\":\"\"},\"headline\":\"Mazda \u00e4ndert seinen Kurs komplett: Zukunftspl\u00e4ne werden vorgestellt\",\"datePublished\":\"2022-11-23T08:37:06+00:00\",\"dateModified\":\"2022-11-23T08:37:06+00:00\",\"mainEntityOfPage\":{\"@id\":\"https:\/\/all-car-news.com\/de\/mazda-aendert-seinen-kurs-komplett-zukunftsplaene-werden-vorgestellt\/\"},\"wordCount\":586,\"commentCount\":0,\"publisher\":{\"@id\":\"https:\/\/all-car-news.com\/de\/#organization\"},\"articleSection\":[\"Auto Nachrichten\",\"Hintergrund\"],\"inLanguage\":\"de\",\"potentialAction\":[{\"@type\":\"CommentAction\",\"name\":\"Comment\",\"target\":[\"https:\/\/all-car-news.com\/de\/mazda-aendert-seinen-kurs-komplett-zukunftsplaene-werden-vorgestellt\/#respond\"]}]},{\"@type\":\"WebPage\",\"@id\":\"https:\/\/all-car-news.com\/de\/mazda-aendert-seinen-kurs-komplett-zukunftsplaene-werden-vorgestellt\/\",\"url\":\"https:\/\/all-car-news.com\/de\/mazda-aendert-seinen-kurs-komplett-zukunftsplaene-werden-vorgestellt\/\",\"name\":\"Mazda \u00e4ndert seinen Kurs komplett: Zukunftspl\u00e4ne werden vorgestellt - All cars news\",\"isPartOf\":{\"@id\":\"https:\/\/all-car-news.com\/de\/#website\"},\"datePublished\":\"2022-11-23T08:37:06+00:00\",\"dateModified\":\"2022-11-23T08:37:06+00:00\",\"breadcrumb\":{\"@id\":\"https:\/\/all-car-news.com\/de\/mazda-aendert-seinen-kurs-komplett-zukunftsplaene-werden-vorgestellt\/#breadcrumb\"},\"inLanguage\":\"de\",\"potentialAction\":[{\"@type\":\"ReadAction\",\"target\":[\"https:\/\/all-car-news.com\/de\/mazda-aendert-seinen-kurs-komplett-zukunftsplaene-werden-vorgestellt\/\"]}]},{\"@type\":\"BreadcrumbList\",\"@id\":\"https:\/\/all-car-news.com\/de\/mazda-aendert-seinen-kurs-komplett-zukunftsplaene-werden-vorgestellt\/#breadcrumb\",\"itemListElement\":[{\"@type\":\"ListItem\",\"position\":1,\"name\":\"Home\",\"item\":\"https:\/\/all-car-news.com\/de\/\"},{\"@type\":\"ListItem\",\"position\":2,\"name\":\"Mazda \u00e4ndert seinen Kurs komplett: Zukunftspl\u00e4ne werden vorgestellt\"}]},{\"@type\":\"WebSite\",\"@id\":\"https:\/\/all-car-news.com\/de\/#website\",\"url\":\"https:\/\/all-car-news.com\/de\/\",\"name\":\"All cars news\",\"description\":\"\",\"publisher\":{\"@id\":\"https:\/\/all-car-news.com\/de\/#organization\"},\"potentialAction\":[{\"@type\":\"SearchAction\",\"target\":{\"@type\":\"EntryPoint\",\"urlTemplate\":\"https:\/\/all-car-news.com\/de\/?s={search_term_string}\"},\"query-input\":\"required name=search_term_string\"}],\"inLanguage\":\"de\"},{\"@type\":\"Organization\",\"@id\":\"https:\/\/all-car-news.com\/de\/#organization\",\"name\":\"All cars news\",\"url\":\"https:\/\/all-car-news.com\/de\/\",\"logo\":{\"@type\":\"ImageObject\",\"inLanguage\":\"de\",\"@id\":\"https:\/\/all-car-news.com\/de\/#\/schema\/logo\/image\/\",\"url\":\"https:\/\/all-car-news.com\/wp-content\/uploads\/2022\/02\/CMYK-AllCarNews_LANDSCAPE_300px-1.png\",\"contentUrl\":\"https:\/\/all-car-news.com\/wp-content\/uploads\/2022\/02\/CMYK-AllCarNews_LANDSCAPE_300px-1.png\",\"width\":300,\"height\":100,\"caption\":\"All cars news\"},\"image\":{\"@id\":\"https:\/\/all-car-news.com\/de\/#\/schema\/logo\/image\/\"}}]}<\/script>\n<!-- \/ Yoast SEO plugin. -->","yoast_head_json":{"title":"Mazda \u00e4ndert seinen Kurs komplett: Zukunftspl\u00e4ne werden vorgestellt - All cars news","robots":{"index":"index","follow":"follow","max-snippet":"max-snippet:-1","max-image-preview":"max-image-preview:large","max-video-preview":"max-video-preview:-1"},"canonical":"https:\/\/all-car-news.com\/de\/mazda-aendert-seinen-kurs-komplett-zukunftsplaene-werden-vorgestellt\/","og_locale":"de_DE","og_type":"article","og_title":"Mazda \u00e4ndert seinen Kurs komplett: Zukunftspl\u00e4ne werden vorgestellt - All cars news","og_description":"Die Zukunft von Mazda In den letzten Jahren hat sich das Umfeld, in dem Automobilhersteller agieren, dramatisch ver\u00e4ndert, insbesondere in Europa mit der Zunahme von elektrifizierten Produkten und den damit verbundenen Vorschriften. Es gibt also viel zu tun. Um auf diese zuk\u00fcnftigen Ver\u00e4nderungen flexibel reagieren zu k\u00f6nnen, legt Mazda einen Drei-Phasen-Plan f\u00fcr den Zeitraum bis 2030 vor. Das ist die Zukunft von Mazda. Kosteneinsparungen durch [...]","og_url":"https:\/\/all-car-news.com\/de\/mazda-aendert-seinen-kurs-komplett-zukunftsplaene-werden-vorgestellt\/","og_site_name":"All cars news","article_published_time":"2022-11-23T08:37:06+00:00","og_image":[{"url":"https:\/\/autorai.nl\/wp-content\/uploads\/2022\/11\/mazda-vision-concept-foto4-1140x725.jpg"}],"twitter_card":"summary_large_image","twitter_misc":{"Gesch\u00e4tzte Lesezeit":"3\u00a0Minuten"},"schema":{"@context":"https:\/\/schema.org","@graph":[{"@type":"Article","@id":"https:\/\/all-car-news.com\/de\/mazda-aendert-seinen-kurs-komplett-zukunftsplaene-werden-vorgestellt\/#article","isPartOf":{"@id":"https:\/\/all-car-news.com\/de\/mazda-aendert-seinen-kurs-komplett-zukunftsplaene-werden-vorgestellt\/"},"author":{"name":"","@id":""},"headline":"Mazda \u00e4ndert seinen Kurs komplett: Zukunftspl\u00e4ne werden vorgestellt","datePublished":"2022-11-23T08:37:06+00:00","dateModified":"2022-11-23T08:37:06+00:00","mainEntityOfPage":{"@id":"https:\/\/all-car-news.com\/de\/mazda-aendert-seinen-kurs-komplett-zukunftsplaene-werden-vorgestellt\/"},"wordCount":586,"commentCount":0,"publisher":{"@id":"https:\/\/all-car-news.com\/de\/#organization"},"articleSection":["Auto Nachrichten","Hintergrund"],"inLanguage":"de","potentialAction":[{"@type":"CommentAction","name":"Comment","target":["https:\/\/all-car-news.com\/de\/mazda-aendert-seinen-kurs-komplett-zukunftsplaene-werden-vorgestellt\/#respond"]}]},{"@type":"WebPage","@id":"https:\/\/all-car-news.com\/de\/mazda-aendert-seinen-kurs-komplett-zukunftsplaene-werden-vorgestellt\/","url":"https:\/\/all-car-news.com\/de\/mazda-aendert-seinen-kurs-komplett-zukunftsplaene-werden-vorgestellt\/","name":"Mazda \u00e4ndert seinen Kurs komplett: Zukunftspl\u00e4ne werden vorgestellt - All cars news","isPartOf":{"@id":"https:\/\/all-car-news.com\/de\/#website"},"datePublished":"2022-11-23T08:37:06+00:00","dateModified":"2022-11-23T08:37:06+00:00","breadcrumb":{"@id":"https:\/\/all-car-news.com\/de\/mazda-aendert-seinen-kurs-komplett-zukunftsplaene-werden-vorgestellt\/#breadcrumb"},"inLanguage":"de","potentialAction":[{"@type":"ReadAction","target":["https:\/\/all-car-news.com\/de\/mazda-aendert-seinen-kurs-komplett-zukunftsplaene-werden-vorgestellt\/"]}]},{"@type":"BreadcrumbList","@id":"https:\/\/all-car-news.com\/de\/mazda-aendert-seinen-kurs-komplett-zukunftsplaene-werden-vorgestellt\/#breadcrumb","itemListElement":[{"@type":"ListItem","position":1,"name":"Home","item":"https:\/\/all-car-news.com\/de\/"},{"@type":"ListItem","position":2,"name":"Mazda \u00e4ndert seinen Kurs komplett: Zukunftspl\u00e4ne werden vorgestellt"}]},{"@type":"WebSite","@id":"https:\/\/all-car-news.com\/de\/#website","url":"https:\/\/all-car-news.com\/de\/","name":"All cars news","description":"","publisher":{"@id":"https:\/\/all-car-news.com\/de\/#organization"},"potentialAction":[{"@type":"SearchAction","target":{"@type":"EntryPoint","urlTemplate":"https:\/\/all-car-news.com\/de\/?s={search_term_string}"},"query-input":"required name=search_term_string"}],"inLanguage":"de"},{"@type":"Organization","@id":"https:\/\/all-car-news.com\/de\/#organization","name":"All cars news","url":"https:\/\/all-car-news.com\/de\/","logo":{"@type":"ImageObject","inLanguage":"de","@id":"https:\/\/all-car-news.com\/de\/#\/schema\/logo\/image\/","url":"https:\/\/all-car-news.com\/wp-content\/uploads\/2022\/02\/CMYK-AllCarNews_LANDSCAPE_300px-1.png","contentUrl":"https:\/\/all-car-news.com\/wp-content\/uploads\/2022\/02\/CMYK-AllCarNews_LANDSCAPE_300px-1.png","width":300,"height":100,"caption":"All cars news"},"image":{"@id":"https:\/\/all-car-news.com\/de\/#\/schema\/logo\/image\/"}}]}},"_links":{"self":[{"href":"https:\/\/all-car-news.com\/de\/wp-json\/wp\/v2\/posts\/127368","targetHints":{"allow":["GET"]}}],"collection":[{"href":"https:\/\/all-car-news.com\/de\/wp-json\/wp\/v2\/posts"}],"about":[{"href":"https:\/\/all-car-news.com\/de\/wp-json\/wp\/v2\/types\/post"}],"replies":[{"embeddable":true,"href":"https:\/\/all-car-news.com\/de\/wp-json\/wp\/v2\/comments?post=127368"}],"version-history":[{"count":0,"href":"https:\/\/all-car-news.com\/de\/wp-json\/wp\/v2\/posts\/127368\/revisions"}],"wp:featuredmedia":[{"embeddable":true,"href":"https:\/\/all-car-news.com\/de\/wp-json\/wp\/v2\/media\/127311"}],"wp:attachment":[{"href":"https:\/\/all-car-news.com\/de\/wp-json\/wp\/v2\/media?parent=127368"}],"wp:term":[{"taxonomy":"category","embeddable":true,"href":"https:\/\/all-car-news.com\/de\/wp-json\/wp\/v2\/categories?post=127368"},{"taxonomy":"post_tag","embeddable":true,"href":"https:\/\/all-car-news.com\/de\/wp-json\/wp\/v2\/tags?post=127368"}],"curies":[{"name":"wp","href":"https:\/\/api.w.org\/{rel}","templated":true}]}}