{"id":126772,"date":"2022-11-12T13:11:00","date_gmt":"2022-11-12T13:11:00","guid":{"rendered":"https:\/\/all-car-news.com\/renault-wind-alles-was-sie-wissen-muessen\/"},"modified":"2022-11-12T13:11:00","modified_gmt":"2022-11-12T13:11:00","slug":"renault-wind-alles-was-sie-wissen-muessen","status":"publish","type":"post","link":"https:\/\/all-car-news.com\/de\/renault-wind-alles-was-sie-wissen-muessen\/","title":{"rendered":"Renault Wind &#8211; Alles, was Sie wissen m\u00fcssen"},"content":{"rendered":"<h2>Geschichte Renault Wind<\/h2>\n<p>Die Geschichte des Renault Wind begann mit einem schelmischen Konzeptfahrzeug, das auf dem Pariser Autosalon 2004 vorgestellt wurde. Es sollte bis 2010 dauern, bis die ersten Exemplare aus der slowenischen Autofabrik rollten. In diesem Artikel erfahren Sie alles, was Sie \u00fcber diesen gut gemeinten, aber grandios gescheiterten Zweisitzer wissen m\u00fcssen.<\/p>\n<figure class=\"wp-block-gallery has-nested-images columns-default is-cropped\">\n<figure class=\"wp-block-image size-large\"><img decoding=\"async\" loading=\"lazy\" width=\"1600\" height=\"1200\" data-id=\"138537\" src=\"https:\/\/autorai.nl\/wp-content\/uploads\/2022\/11\/056_Renault_Wind.jpg\" alt=\"\" class=\"wp-image-138537\"><\/figure>\n<figure class=\"wp-block-image size-large\"><img decoding=\"async\" loading=\"lazy\" width=\"1829\" height=\"1200\" data-id=\"138546\" src=\"https:\/\/autorai.nl\/wp-content\/uploads\/2022\/11\/036_Renault_Wind.jpg\" alt=\"\" class=\"wp-image-138546\"><\/figure>\n<\/figure>\n<p>Entt\u00e4uschende Verkaufszahlen zwangen Renault bereits 2012, das Projekt einzustellen. Trotz aller franz\u00f6sischen Hoffnungen auf mindestens 75.000 verkaufte Exemplare pro Jahr: der Z\u00e4hler blieb bei nur 14.000 Exemplaren stehen. Damit geh\u00f6rt der Wind zu der seltenen Kategorie von Fahrzeugen, bei denen der Entwicklungsprozess l\u00e4nger dauerte als die Produktionsphase.<\/p>\n<h2>Konkurrenten<\/h2>\n<p>Das Auto wurde in einer Zeit auf den Markt gebracht, in der <a href=\"https:\/\/autorai.nl\/goedkope-cabrio-welke-neem-jij-mee-naar-huis\/\" target=\"_blank\" rel=\"noreferrer noopener\">dachlose Versionen<\/a> von kompakten Stadtautos sehr beliebt waren. Autok\u00e4ufer wurden mit Modellen wie dem Peugeot 207 CC, dem <a href=\"https:\/\/autorai.nl\/autotest-mini-john-cooper-works-cabrio-2017\/\" target=\"_blank\" rel=\"noreferrer noopener\">Mini Cabrio<\/a> oder dem Opel Tigra Twintop gelockt. Seltener waren der <a href=\"https:\/\/autorai.nl\/rit-jaar-2017-paul-spek\/\" target=\"_blank\" rel=\"noreferrer noopener\">Ford StreetKa<\/a>, der Mitsubishi Colt CZC und der Smart Roadster. Und f\u00fcr sportliche Fahrer gab es den <a href=\"https:\/\/autorai.nl\/infographic-zoveel-mx-5s-heeft-mazda-gebouwd\/\" target=\"_blank\" rel=\"noreferrer noopener\">Mazda MX-5<\/a>.<\/p>\n<figure class=\"wp-block-image size-content\"><img decoding=\"async\" loading=\"lazy\" width=\"1140\" height=\"855\" src=\"https:\/\/autorai.nl\/wp-content\/uploads\/2022\/11\/042_Renault_Wind-1140x855.jpg\" alt=\"\" class=\"wp-image-138534\"><\/figure>\n<h2>Entwurf Renault Wind<\/h2>\n<p>Das auff\u00e4llige Design von The Wind ist nicht seine Schuld. Klein und kompakt, nach Meinung einiger zu schmal und zu hoch. Der Wind zeichnet sich durch ein hoch aufragendes Heck mit integriertem Spoiler aus. Das Design des Faltdachs &#8211; der \u00dcbergang von geschlossen zu ge\u00f6ffnet dauert nur 12 Sekunden &#8211; erinnert stark an den Ferrari 575 SuperAmerica.<\/p>\n<figure class=\"wp-block-gallery has-nested-images columns-default is-cropped\">\n<figure class=\"wp-block-image size-large\"><img decoding=\"async\" loading=\"lazy\" width=\"1800\" height=\"1200\" data-id=\"138549\" src=\"https:\/\/autorai.nl\/wp-content\/uploads\/2022\/11\/045_Renault_Wind.jpg\" alt=\"\" class=\"wp-image-138549\"><\/figure>\n<figure class=\"wp-block-image size-large\"><img decoding=\"async\" loading=\"lazy\" width=\"1600\" height=\"1200\" data-id=\"138550\" src=\"https:\/\/autorai.nl\/wp-content\/uploads\/2022\/11\/ferrari_575_superamerica_us-spec_1.jpg\" alt=\"\" class=\"wp-image-138550\"><\/figure>\n<\/figure>\n<p>Einmal im Wind, f\u00e4llt auf, dass Renault seltsame Entscheidungen getroffen hat. Effizienter w\u00e4re es gewesen, ein Armaturenbrett aus dem Twingo einzubauen. Stattdessen zogen die Franzosen die Rei\u00dfleine und statteten dieses Cabrio mit einer separat gestalteten Instrumententafel aus. Leider blieb das viel zu gro\u00dfe Lenkrad, das in vielen Renaults dieser Zeit eingebaut war, erhalten.<\/p>\n<figure class=\"wp-block-gallery has-nested-images columns-default is-cropped\">\n<figure class=\"wp-block-image size-large\"><img decoding=\"async\" loading=\"lazy\" width=\"1600\" height=\"1200\" data-id=\"138539\" src=\"https:\/\/autorai.nl\/wp-content\/uploads\/2022\/11\/054_Renault_Wind.jpg\" alt=\"\" class=\"wp-image-138539\"><\/figure>\n<figure class=\"wp-block-image size-large\"><img decoding=\"async\" loading=\"lazy\" width=\"1882\" height=\"1200\" data-id=\"138544\" src=\"https:\/\/autorai.nl\/wp-content\/uploads\/2022\/11\/038_Renault_Wind.jpg\" alt=\"\" class=\"wp-image-138544\"><\/figure>\n<\/figure>\n<h2>Doppelsitzer<\/h2>\n<p>Renault machte aus dem Wind einen eigenst\u00e4ndigen Zweisitzer. Und das ist auch gut so: Der Platz hinter den Vordersitzen ist so eng, dass es keinen Sinn macht, dort Gep\u00e4ck oder zus\u00e4tzliche Insassen unterzubringen. Allerdings hat der Wind einen brauchbaren Kofferraum: mit 360 Litern ist er deutlich gr\u00f6\u00dfer als der eines MINI Cabrio (125 Liter) oder Mazda MX-5 (150 Liter).<\/p>\n<figure class=\"wp-block-gallery has-nested-images columns-default is-cropped\">\n<figure class=\"wp-block-image size-large\"><img decoding=\"async\" loading=\"lazy\" width=\"1600\" height=\"1200\" data-id=\"138535\" src=\"https:\/\/autorai.nl\/wp-content\/uploads\/2022\/11\/048_Renault_Wind.jpg\" alt=\"\" class=\"wp-image-138535\"><\/figure>\n<figure class=\"wp-block-image size-large\"><img decoding=\"async\" loading=\"lazy\" width=\"1675\" height=\"1200\" data-id=\"138547\" src=\"https:\/\/autorai.nl\/wp-content\/uploads\/2022\/11\/041_Renault_Wind.jpg\" alt=\"\" class=\"wp-image-138547\"><\/figure>\n<\/figure>\n<h2>Motoren Renault Wind<\/h2>\n<p>Der Renault Wind kann mit zwei Benzinmotoren bestellt werden, die vom Twingo \u00fcbernommen wurden: ein 1,2-Liter-Turbo-Vierzylinder mit 100 PS oder ein atmosph\u00e4rischer 1,6-Liter mit 133 PS. Beide sind mit einem F\u00fcnfgang-Schaltgetriebe ausgestattet. Der atmosph\u00e4rische 1,6-Liter war auch als Gordini-Version erh\u00e4ltlich, mit markanter blauer Lackierung und wei\u00dfen Streifen. So verwandeln Sie Ihren Wind fast in eine Miniatur-Alpine.<\/p>\n<figure class=\"wp-block-gallery has-nested-images columns-default is-cropped\">\n<figure class=\"wp-block-image size-large\"><img decoding=\"async\" loading=\"lazy\" width=\"1600\" height=\"1200\" data-id=\"138545\" src=\"https:\/\/autorai.nl\/wp-content\/uploads\/2022\/11\/037_Renault_Wind.jpg\" alt=\"\" class=\"wp-image-138545\"><\/figure>\n<figure class=\"wp-block-image size-large\"><img decoding=\"async\" loading=\"lazy\" width=\"1800\" height=\"1200\" data-id=\"138543\" src=\"https:\/\/autorai.nl\/wp-content\/uploads\/2022\/11\/039_Renault_Wind.jpg\" alt=\"\" class=\"wp-image-138543\"><\/figure>\n<\/figure>\n<h2>Ausstattungsniveau Renault Wind<\/h2>\n<p>Es gab ungef\u00e4hr drei Versionen f\u00fcr Ihren Renault Wind. Der Dynamique war die Basisversion, die serienm\u00e4\u00dfig mit 16-Zoll-R\u00e4dern und einer Klimaanlage ausgestattet war. Der Dynamique S verf\u00fcgte \u00fcber 17-Zoll-Leichtmetallfelgen und eine Klimaanlage; die Collection-Version zeichnete sich durch ein schwarzes Hochglanz-Schiebedach sowie rote und verchromte Innenraumakzente aus.<\/p>\n<figure class=\"wp-block-gallery has-nested-images columns-default is-cropped\">\n<figure class=\"wp-block-image size-large\"><img decoding=\"async\" loading=\"lazy\" width=\"1600\" height=\"1200\" data-id=\"138538\" src=\"https:\/\/autorai.nl\/wp-content\/uploads\/2022\/11\/055_Renault_Wind.jpg\" alt=\"\" class=\"wp-image-138538\"><\/figure>\n<figure class=\"wp-block-image size-large\"><img decoding=\"async\" loading=\"lazy\" width=\"1600\" height=\"1200\" data-id=\"138541\" src=\"https:\/\/autorai.nl\/wp-content\/uploads\/2022\/11\/049_Renault_Wind.jpg\" alt=\"\" class=\"wp-image-138541\"><\/figure>\n<\/figure>\n<h2>Gebrauchte Renault Wind<\/h2>\n<p>Aufgrund der entt\u00e4uschend niedrigen Produktionszahlen ist und bleibt der Renault Wind eine Rarit\u00e4t. Wer dieses Auto sucht, muss <a href=\"https:\/\/www.viabovag.nl\/auto\/merk-renault\/model-wind\" target=\"_blank\" rel=\"noreferrer noopener\">genau hinschauen<\/a>. Dennoch ist dieses Auto zu einem vern\u00fcnftigen Preis erh\u00e4ltlich. Wenn Sie wirklich alles \u00fcber den Renault Wind wissen wollen, dann ist es sch\u00f6n, dass sich die Technik dieser Generation des Renault Twingo &#8211; und damit auch des Renault Wind &#8211; als recht zuverl\u00e4ssig erweist. Kurz gesagt: Wer traut sich?<\/p>\n","protected":false},"excerpt":{"rendered":"Geschichte Renault Wind Die Geschichte des Renault Wind begann mit einem schelmischen Konzeptfahrzeug, das auf dem Pariser Autosalon 2004 vorgestellt&hellip;","protected":false},"author":0,"featured_media":126727,"comment_status":"open","ping_status":"open","sticky":false,"template":"","format":"standard","meta":{"footnotes":""},"categories":[125],"tags":[],"class_list":["post-126772","post","type-post","status-publish","format-standard","has-post-thumbnail","hentry","category-auto-nachrichten"],"acf":[],"yoast_head":"<!-- This site is optimized with the Yoast SEO plugin v21.2 - https:\/\/yoast.com\/wordpress\/plugins\/seo\/ -->\n<title>Renault Wind - Alles, was Sie wissen m\u00fcssen - All cars news<\/title>\n<meta name=\"robots\" content=\"index, follow, max-snippet:-1, max-image-preview:large, max-video-preview:-1\" \/>\n<link rel=\"canonical\" href=\"https:\/\/all-car-news.com\/de\/renault-wind-alles-was-sie-wissen-muessen\/\" \/>\n<meta property=\"og:locale\" content=\"de_DE\" \/>\n<meta property=\"og:type\" content=\"article\" \/>\n<meta property=\"og:title\" content=\"Renault Wind - Alles, was Sie wissen m\u00fcssen - All cars news\" \/>\n<meta property=\"og:description\" content=\"Geschichte Renault Wind Die Geschichte des Renault Wind begann mit einem schelmischen Konzeptfahrzeug, das auf dem Pariser Autosalon 2004 vorgestellt wurde. Es sollte bis 2010 dauern, bis die ersten Exemplare aus der slowenischen Autofabrik rollten. In diesem Artikel erfahren Sie alles, was Sie \u00fcber diesen gut gemeinten, aber grandiosen Fehlschlag wissen m\u00fcssen [...].\" \/>\n<meta property=\"og:url\" content=\"https:\/\/all-car-news.com\/de\/renault-wind-alles-was-sie-wissen-muessen\/\" \/>\n<meta property=\"og:site_name\" content=\"All cars news\" \/>\n<meta property=\"article:published_time\" content=\"2022-11-12T13:11:00+00:00\" \/>\n<meta property=\"og:image\" content=\"https:\/\/autorai.nl\/wp-content\/uploads\/2022\/11\/056_Renault_Wind.jpg\" \/>\n<meta name=\"twitter:card\" content=\"summary_large_image\" \/>\n<meta name=\"twitter:label1\" content=\"Gesch\u00e4tzte Lesezeit\" \/>\n\t<meta name=\"twitter:data1\" content=\"3\u00a0Minuten\" \/>\n<script type=\"application\/ld+json\" class=\"yoast-schema-graph\">{\"@context\":\"https:\/\/schema.org\",\"@graph\":[{\"@type\":\"Article\",\"@id\":\"https:\/\/all-car-news.com\/de\/renault-wind-alles-was-sie-wissen-muessen\/#article\",\"isPartOf\":{\"@id\":\"https:\/\/all-car-news.com\/de\/renault-wind-alles-was-sie-wissen-muessen\/\"},\"author\":{\"name\":\"\",\"@id\":\"\"},\"headline\":\"Renault Wind &#8211; Alles, was Sie wissen m\u00fcssen\",\"datePublished\":\"2022-11-12T13:11:00+00:00\",\"dateModified\":\"2022-11-12T13:11:00+00:00\",\"mainEntityOfPage\":{\"@id\":\"https:\/\/all-car-news.com\/de\/renault-wind-alles-was-sie-wissen-muessen\/\"},\"wordCount\":544,\"commentCount\":0,\"publisher\":{\"@id\":\"https:\/\/all-car-news.com\/de\/#organization\"},\"articleSection\":[\"Auto Nachrichten\"],\"inLanguage\":\"de\",\"potentialAction\":[{\"@type\":\"CommentAction\",\"name\":\"Comment\",\"target\":[\"https:\/\/all-car-news.com\/de\/renault-wind-alles-was-sie-wissen-muessen\/#respond\"]}]},{\"@type\":\"WebPage\",\"@id\":\"https:\/\/all-car-news.com\/de\/renault-wind-alles-was-sie-wissen-muessen\/\",\"url\":\"https:\/\/all-car-news.com\/de\/renault-wind-alles-was-sie-wissen-muessen\/\",\"name\":\"Renault Wind - Alles, was Sie wissen m\u00fcssen - All cars news\",\"isPartOf\":{\"@id\":\"https:\/\/all-car-news.com\/de\/#website\"},\"datePublished\":\"2022-11-12T13:11:00+00:00\",\"dateModified\":\"2022-11-12T13:11:00+00:00\",\"breadcrumb\":{\"@id\":\"https:\/\/all-car-news.com\/de\/renault-wind-alles-was-sie-wissen-muessen\/#breadcrumb\"},\"inLanguage\":\"de\",\"potentialAction\":[{\"@type\":\"ReadAction\",\"target\":[\"https:\/\/all-car-news.com\/de\/renault-wind-alles-was-sie-wissen-muessen\/\"]}]},{\"@type\":\"BreadcrumbList\",\"@id\":\"https:\/\/all-car-news.com\/de\/renault-wind-alles-was-sie-wissen-muessen\/#breadcrumb\",\"itemListElement\":[{\"@type\":\"ListItem\",\"position\":1,\"name\":\"Home\",\"item\":\"https:\/\/all-car-news.com\/de\/\"},{\"@type\":\"ListItem\",\"position\":2,\"name\":\"Renault Wind &#8211; Alles, was Sie wissen m\u00fcssen\"}]},{\"@type\":\"WebSite\",\"@id\":\"https:\/\/all-car-news.com\/de\/#website\",\"url\":\"https:\/\/all-car-news.com\/de\/\",\"name\":\"All cars news\",\"description\":\"\",\"publisher\":{\"@id\":\"https:\/\/all-car-news.com\/de\/#organization\"},\"potentialAction\":[{\"@type\":\"SearchAction\",\"target\":{\"@type\":\"EntryPoint\",\"urlTemplate\":\"https:\/\/all-car-news.com\/de\/?s={search_term_string}\"},\"query-input\":\"required name=search_term_string\"}],\"inLanguage\":\"de\"},{\"@type\":\"Organization\",\"@id\":\"https:\/\/all-car-news.com\/de\/#organization\",\"name\":\"All cars news\",\"url\":\"https:\/\/all-car-news.com\/de\/\",\"logo\":{\"@type\":\"ImageObject\",\"inLanguage\":\"de\",\"@id\":\"https:\/\/all-car-news.com\/de\/#\/schema\/logo\/image\/\",\"url\":\"https:\/\/all-car-news.com\/wp-content\/uploads\/2022\/02\/CMYK-AllCarNews_LANDSCAPE_300px-1.png\",\"contentUrl\":\"https:\/\/all-car-news.com\/wp-content\/uploads\/2022\/02\/CMYK-AllCarNews_LANDSCAPE_300px-1.png\",\"width\":300,\"height\":100,\"caption\":\"All cars news\"},\"image\":{\"@id\":\"https:\/\/all-car-news.com\/de\/#\/schema\/logo\/image\/\"}}]}<\/script>\n<!-- \/ Yoast SEO plugin. -->","yoast_head_json":{"title":"Renault Wind - Alles, was Sie wissen m\u00fcssen - All cars news","robots":{"index":"index","follow":"follow","max-snippet":"max-snippet:-1","max-image-preview":"max-image-preview:large","max-video-preview":"max-video-preview:-1"},"canonical":"https:\/\/all-car-news.com\/de\/renault-wind-alles-was-sie-wissen-muessen\/","og_locale":"de_DE","og_type":"article","og_title":"Renault Wind - Alles, was Sie wissen m\u00fcssen - All cars news","og_description":"Geschichte Renault Wind Die Geschichte des Renault Wind begann mit einem schelmischen Konzeptfahrzeug, das auf dem Pariser Autosalon 2004 vorgestellt wurde. Es sollte bis 2010 dauern, bis die ersten Exemplare aus der slowenischen Autofabrik rollten. In diesem Artikel erfahren Sie alles, was Sie \u00fcber diesen gut gemeinten, aber grandiosen Fehlschlag wissen m\u00fcssen [...].","og_url":"https:\/\/all-car-news.com\/de\/renault-wind-alles-was-sie-wissen-muessen\/","og_site_name":"All cars news","article_published_time":"2022-11-12T13:11:00+00:00","og_image":[{"url":"https:\/\/autorai.nl\/wp-content\/uploads\/2022\/11\/056_Renault_Wind.jpg"}],"twitter_card":"summary_large_image","twitter_misc":{"Gesch\u00e4tzte Lesezeit":"3\u00a0Minuten"},"schema":{"@context":"https:\/\/schema.org","@graph":[{"@type":"Article","@id":"https:\/\/all-car-news.com\/de\/renault-wind-alles-was-sie-wissen-muessen\/#article","isPartOf":{"@id":"https:\/\/all-car-news.com\/de\/renault-wind-alles-was-sie-wissen-muessen\/"},"author":{"name":"","@id":""},"headline":"Renault Wind &#8211; Alles, was Sie wissen m\u00fcssen","datePublished":"2022-11-12T13:11:00+00:00","dateModified":"2022-11-12T13:11:00+00:00","mainEntityOfPage":{"@id":"https:\/\/all-car-news.com\/de\/renault-wind-alles-was-sie-wissen-muessen\/"},"wordCount":544,"commentCount":0,"publisher":{"@id":"https:\/\/all-car-news.com\/de\/#organization"},"articleSection":["Auto Nachrichten"],"inLanguage":"de","potentialAction":[{"@type":"CommentAction","name":"Comment","target":["https:\/\/all-car-news.com\/de\/renault-wind-alles-was-sie-wissen-muessen\/#respond"]}]},{"@type":"WebPage","@id":"https:\/\/all-car-news.com\/de\/renault-wind-alles-was-sie-wissen-muessen\/","url":"https:\/\/all-car-news.com\/de\/renault-wind-alles-was-sie-wissen-muessen\/","name":"Renault Wind - Alles, was Sie wissen m\u00fcssen - All cars news","isPartOf":{"@id":"https:\/\/all-car-news.com\/de\/#website"},"datePublished":"2022-11-12T13:11:00+00:00","dateModified":"2022-11-12T13:11:00+00:00","breadcrumb":{"@id":"https:\/\/all-car-news.com\/de\/renault-wind-alles-was-sie-wissen-muessen\/#breadcrumb"},"inLanguage":"de","potentialAction":[{"@type":"ReadAction","target":["https:\/\/all-car-news.com\/de\/renault-wind-alles-was-sie-wissen-muessen\/"]}]},{"@type":"BreadcrumbList","@id":"https:\/\/all-car-news.com\/de\/renault-wind-alles-was-sie-wissen-muessen\/#breadcrumb","itemListElement":[{"@type":"ListItem","position":1,"name":"Home","item":"https:\/\/all-car-news.com\/de\/"},{"@type":"ListItem","position":2,"name":"Renault Wind &#8211; Alles, was Sie wissen m\u00fcssen"}]},{"@type":"WebSite","@id":"https:\/\/all-car-news.com\/de\/#website","url":"https:\/\/all-car-news.com\/de\/","name":"All cars news","description":"","publisher":{"@id":"https:\/\/all-car-news.com\/de\/#organization"},"potentialAction":[{"@type":"SearchAction","target":{"@type":"EntryPoint","urlTemplate":"https:\/\/all-car-news.com\/de\/?s={search_term_string}"},"query-input":"required name=search_term_string"}],"inLanguage":"de"},{"@type":"Organization","@id":"https:\/\/all-car-news.com\/de\/#organization","name":"All cars news","url":"https:\/\/all-car-news.com\/de\/","logo":{"@type":"ImageObject","inLanguage":"de","@id":"https:\/\/all-car-news.com\/de\/#\/schema\/logo\/image\/","url":"https:\/\/all-car-news.com\/wp-content\/uploads\/2022\/02\/CMYK-AllCarNews_LANDSCAPE_300px-1.png","contentUrl":"https:\/\/all-car-news.com\/wp-content\/uploads\/2022\/02\/CMYK-AllCarNews_LANDSCAPE_300px-1.png","width":300,"height":100,"caption":"All cars news"},"image":{"@id":"https:\/\/all-car-news.com\/de\/#\/schema\/logo\/image\/"}}]}},"_links":{"self":[{"href":"https:\/\/all-car-news.com\/de\/wp-json\/wp\/v2\/posts\/126772","targetHints":{"allow":["GET"]}}],"collection":[{"href":"https:\/\/all-car-news.com\/de\/wp-json\/wp\/v2\/posts"}],"about":[{"href":"https:\/\/all-car-news.com\/de\/wp-json\/wp\/v2\/types\/post"}],"replies":[{"embeddable":true,"href":"https:\/\/all-car-news.com\/de\/wp-json\/wp\/v2\/comments?post=126772"}],"version-history":[{"count":0,"href":"https:\/\/all-car-news.com\/de\/wp-json\/wp\/v2\/posts\/126772\/revisions"}],"wp:featuredmedia":[{"embeddable":true,"href":"https:\/\/all-car-news.com\/de\/wp-json\/wp\/v2\/media\/126727"}],"wp:attachment":[{"href":"https:\/\/all-car-news.com\/de\/wp-json\/wp\/v2\/media?parent=126772"}],"wp:term":[{"taxonomy":"category","embeddable":true,"href":"https:\/\/all-car-news.com\/de\/wp-json\/wp\/v2\/categories?post=126772"},{"taxonomy":"post_tag","embeddable":true,"href":"https:\/\/all-car-news.com\/de\/wp-json\/wp\/v2\/tags?post=126772"}],"curies":[{"name":"wp","href":"https:\/\/api.w.org\/{rel}","templated":true}]}}