{"id":126710,"date":"2022-11-11T08:23:00","date_gmt":"2022-11-11T08:23:00","guid":{"rendered":"https:\/\/all-car-news.com\/gesichtet-die-ersten-nios-in-freier-wildbahn\/"},"modified":"2022-11-11T08:23:00","modified_gmt":"2022-11-11T08:23:00","slug":"gesichtet-die-ersten-nios-in-freier-wildbahn","status":"publish","type":"post","link":"https:\/\/all-car-news.com\/de\/gesichtet-die-ersten-nios-in-freier-wildbahn\/","title":{"rendered":"Gesichtet: die ersten NIOs in freier Wildbahn"},"content":{"rendered":"<p>NIO Niederlande hat seinen Sitz in Amsterdam, in der N\u00e4he der Amsterdam ArenA. In der N\u00e4he des niederl\u00e4ndischen Hauptsitzes stie\u00df AutoRAI.nl neulich auf einige Exemplare des NIO ET7.<\/p>\n<h2><strong>Die ersten NIO ET7s in freier Wildbahn<\/strong><\/h2>\n<p>Wir hatten das Auto schon in Deutschland <a href=\"https:\/\/autorai.nl\/review-nio-et7-2023-moeten-mercedes-bmw-en-tesla-zich-zorgen-maken\/\" target=\"_blank\" rel=\"noreferrer noopener\">fahren k\u00f6nnen<\/a>, aber in den Niederlanden hatten wir es noch nicht gesehen. Mit diesen Exemplaren haben wir also die ersten NIOs &#8218;in freier Wildbahn&#8216; gesichtet, obwohl es sich h\u00f6chstwahrscheinlich noch um Exemplare der Marke selbst handelt.<\/p>\n<p>Im Falle des wei\u00dfen Fahrzeugs ist dies durch die gro\u00dfen NIO-Aufkleber an den Vordert\u00fcren offensichtlich. Au\u00dferdem wird es buchst\u00e4blich vor der Haust\u00fcr der Zentrale aufgeladen. Der dunkelgraue Wagen, der etwas weiter die Stra\u00dfe hinunter geparkt war, scheint bereits ein Privatfahrzeug zu sein, w\u00e4re er nicht schon seit August angemeldet. Damals wurden \u00fcberhaupt keine Autos an Kunden ausgeliefert.<\/p>\n<div class=\"galery shuffle galery-0\">\n<figure>\n\t\t\t\t\t<span style=\"cursor: pointer\" data-src=\"https:\/\/autorai.nl\/wp-content\/uploads\/2022\/11\/Gespot-NIO-ET7-3-1600x1200.jpg\" data-fancybox=\"galery-0\" title=\"\"><br \/>\n\t\t\t\t\t\t\t<img decoding=\"async\" width=\"640\" height=\"480\" src=\"https:\/\/autorai.nl\/wp-content\/uploads\/2022\/11\/Gespot-NIO-ET7-3-640x480.jpg\" class=\"attachment-medium size-medium\" alt=\"\" loading=\"lazy\"><i class=\"fa fa-search-plus\" aria-hidden=\"true\"><\/i><br \/>\n\t\t\t\t\t\t<\/span><br \/>\n\t\t\t\t\t<\/figure>\n<figure>\n\t\t\t\t\t<span style=\"cursor: pointer\" data-src=\"https:\/\/autorai.nl\/wp-content\/uploads\/2022\/11\/Gespot-NIO-ET7-4-1600x1200.jpg\" data-fancybox=\"galery-0\" title=\"\"><br \/>\n\t\t\t\t\t\t\t<img decoding=\"async\" width=\"360\" height=\"270\" src=\"https:\/\/autorai.nl\/wp-content\/uploads\/2022\/11\/Gespot-NIO-ET7-4-360x270.jpg\" class=\"attachment-small size-small\" alt=\"\" loading=\"lazy\"><i class=\"fa fa-search-plus\" aria-hidden=\"true\"><\/i><br \/>\n\t\t\t\t\t\t<\/span><br \/>\n\t\t\t\t\t<\/figure>\n<figure>\n\t\t\t\t\t<span style=\"cursor: pointer\" data-src=\"https:\/\/autorai.nl\/wp-content\/uploads\/2022\/11\/Gespot-NIO-ET7-5-1600x1200.jpg\" data-fancybox=\"galery-0\" title=\"\"><br \/>\n\t\t\t\t\t\t\t<img decoding=\"async\" width=\"360\" height=\"270\" src=\"https:\/\/autorai.nl\/wp-content\/uploads\/2022\/11\/Gespot-NIO-ET7-5-360x270.jpg\" class=\"attachment-small size-small\" alt=\"\" loading=\"lazy\"><i class=\"fa fa-search-plus\" aria-hidden=\"true\"><\/i><br \/>\n\t\t\t\t\t\t<\/span><br \/>\n\t\t\t\t\t<\/figure>\n<div class=\"clear\"><\/div>\n<\/div>\n<div class=\"galery galery-1\">\n<figure>\n\t\t\t\t\t<span style=\"cursor: pointer\" data-src=\"https:\/\/autorai.nl\/wp-content\/uploads\/2022\/11\/Gespot-NIO-ET7-1-1600x1200.jpg\" data-fancybox=\"galery-1\" title=\"\"><br \/>\n\t\t\t\t\t\t\t<img decoding=\"async\" width=\"360\" height=\"270\" src=\"https:\/\/autorai.nl\/wp-content\/uploads\/2022\/11\/Gespot-NIO-ET7-1-360x270.jpg\" class=\"attachment-small size-small\" alt=\"\" loading=\"lazy\"><i class=\"fa fa-search-plus\" aria-hidden=\"true\"><\/i><br \/>\n\t\t\t\t\t\t<\/span><br \/>\n\t\t\t\t\t<\/figure>\n<figure>\n\t\t\t\t\t<span style=\"cursor: pointer\" data-src=\"https:\/\/autorai.nl\/wp-content\/uploads\/2022\/11\/Gespot-NIO-ET7-2-1600x1200.jpg\" data-fancybox=\"galery-1\" title=\"\"><br \/>\n\t\t\t\t\t\t\t<img decoding=\"async\" width=\"360\" height=\"270\" src=\"https:\/\/autorai.nl\/wp-content\/uploads\/2022\/11\/Gespot-NIO-ET7-2-360x270.jpg\" class=\"attachment-small size-small\" alt=\"\" loading=\"lazy\"><i class=\"fa fa-search-plus\" aria-hidden=\"true\"><\/i><br \/>\n\t\t\t\t\t\t<\/span><br \/>\n\t\t\t\t\t<\/figure>\n<div class=\"clear\"><\/div>\n<\/div>\n<p>Wenn man sie auf einem niederl\u00e4ndischen Parkplatz sieht, f\u00e4llt auf, dass der ET7 eigentlich ein ziemlich gro\u00dfes Auto ist. Vergleichen Sie ihn einfach mit den Teslas, neben denen der hellgraue steht, oder mit dem Renault Twingo neben dem dunkelgrauen. Mit 5,1 Metern L\u00e4nge ist der ET7 sogar etwas gr\u00f6\u00dfer als ein Tesla Model S, einer seiner direkten Konkurrenten. Der ET7 ist somit das Flaggschiff der neuen Marke. F\u00fcr diejenigen, die ein Auto mit bescheideneren Abmessungen bevorzugen, wird NIO demn\u00e4chst auch den <a href=\"https:\/\/autorai.nl\/de-nio-et5-komt-dit-jaar-op-de-markt-en-komt-1-000-kilometer-ver\/\" target=\"_blank\" rel=\"noreferrer noopener\">etwas kleineren ET5<\/a> auf den Markt bringen.<\/p>\n<h2><strong>Das ist etwas Besonderes: ein NIO ES8<\/strong><\/h2>\n<p>Vor ein paar Wochen kamen wir auch am NIO-Hauptquartier vorbei, und auf dem Parkplatz stand etwas, das noch viel spezieller war: ein NIO ES8. Es ist das erste regul\u00e4re Serienmodell der Marke, das 2018 eingef\u00fchrt und 2020 einem dezenten Facelift unterzogen wird. Sie k\u00f6nnen das Facelift-Modell hier sehen. Dieser ist seit Mitte September registriert.<\/p>\n<p>Was macht diesen ES8 zu einem so besonderen Strahler? Nun, NIO plant zwar, mit <a href=\"https:\/\/autorai.nl\/nio-et7-komt-dit-jaar-nog-naar-nederland\/\" target=\"_blank\" rel=\"noreferrer noopener\">mehreren Modellen<\/a> auf den niederl\u00e4ndischen Markt zu kommen, aber das ES8 ist vorerst <a href=\"https:\/\/www.nio.com\/nl_NL\" target=\"_blank\" rel=\"noreferrer noopener\">nicht darunter<\/a>. \u00dcbrigens liefern sie das ES8 auch nach Norwegen, das im vergangenen Jahr das erste europ\u00e4ische Land war, in dem NIO aktiv war.<\/p>\n<div class=\"galery shuffle galery-2\">\n<figure>\n\t\t\t\t\t<span style=\"cursor: pointer\" data-src=\"https:\/\/autorai.nl\/wp-content\/uploads\/2022\/11\/Gespot-NIO-ES8-header-1600x1200.jpg\" data-fancybox=\"galery-2\" title=\"\"><br \/>\n\t\t\t\t\t\t\t<img decoding=\"async\" width=\"640\" height=\"480\" src=\"https:\/\/autorai.nl\/wp-content\/uploads\/2022\/11\/Gespot-NIO-ES8-header-640x480.jpg\" class=\"attachment-medium size-medium\" alt=\"\" loading=\"lazy\"><i class=\"fa fa-search-plus\" aria-hidden=\"true\"><\/i><br \/>\n\t\t\t\t\t\t<\/span><br \/>\n\t\t\t\t\t<\/figure>\n<figure>\n\t\t\t\t\t<span style=\"cursor: pointer\" data-src=\"https:\/\/autorai.nl\/wp-content\/uploads\/2022\/11\/Gespot-NIO-ES8-2-1600x1200.jpg\" data-fancybox=\"galery-2\" title=\"\"><br \/>\n\t\t\t\t\t\t\t<img decoding=\"async\" width=\"360\" height=\"270\" src=\"https:\/\/autorai.nl\/wp-content\/uploads\/2022\/11\/Gespot-NIO-ES8-2-360x270.jpg\" class=\"attachment-small size-small\" alt=\"\" loading=\"lazy\"><i class=\"fa fa-search-plus\" aria-hidden=\"true\"><\/i><br \/>\n\t\t\t\t\t\t<\/span><br \/>\n\t\t\t\t\t<\/figure>\n<figure>\n\t\t\t\t\t<span style=\"cursor: pointer\" data-src=\"https:\/\/autorai.nl\/wp-content\/uploads\/2022\/11\/Gespot-NIO-ES8-3-1600x1200.jpg\" data-fancybox=\"galery-2\" title=\"\"><br \/>\n\t\t\t\t\t\t\t<img decoding=\"async\" width=\"360\" height=\"270\" src=\"https:\/\/autorai.nl\/wp-content\/uploads\/2022\/11\/Gespot-NIO-ES8-3-360x270.jpg\" class=\"attachment-small size-small\" alt=\"\" loading=\"lazy\"><i class=\"fa fa-search-plus\" aria-hidden=\"true\"><\/i><br \/>\n\t\t\t\t\t\t<\/span><br \/>\n\t\t\t\t\t<\/figure>\n<div class=\"clear\"><\/div>\n<\/div>\n","protected":false},"excerpt":{"rendered":"NIO Niederlande hat seinen Sitz in Amsterdam, in der N\u00e4he der Amsterdam ArenA. In der N\u00e4he des niederl\u00e4ndischen Hauptsitzes stie\u00df&hellip;","protected":false},"author":0,"featured_media":126693,"comment_status":"open","ping_status":"open","sticky":false,"template":"","format":"standard","meta":{"footnotes":""},"categories":[174],"tags":[],"class_list":["post-126710","post","type-post","status-publish","format-standard","has-post-thumbnail","hentry","category-spas"],"acf":[],"yoast_head":"<!-- This site is optimized with the Yoast SEO plugin v21.2 - https:\/\/yoast.com\/wordpress\/plugins\/seo\/ -->\n<title>Gesichtet: die ersten NIOs in freier Wildbahn - All cars news<\/title>\n<meta name=\"robots\" content=\"index, follow, max-snippet:-1, max-image-preview:large, max-video-preview:-1\" \/>\n<link rel=\"canonical\" href=\"https:\/\/all-car-news.com\/de\/gesichtet-die-ersten-nios-in-freier-wildbahn\/\" \/>\n<meta property=\"og:locale\" content=\"de_DE\" \/>\n<meta property=\"og:type\" content=\"article\" \/>\n<meta property=\"og:title\" content=\"Gesichtet: die ersten NIOs in freier Wildbahn - All cars news\" \/>\n<meta property=\"og:description\" content=\"NIO Niederlande hat seinen Sitz in Amsterdam, in der N\u00e4he der Amsterdam ArenA. In der N\u00e4he des niederl\u00e4ndischen Hauptsitzes stie\u00df AutoRAI.nl neulich auf einige Exemplare des NIO ET7. Die ersten NIO ET7s in freier Wildbahn In Deutschland hatten wir das Auto schon fahren k\u00f6nnen, aber in den Niederlanden waren wir ihm noch nicht begegnet. Mit diesen Exemplaren [...]\" \/>\n<meta property=\"og:url\" content=\"https:\/\/all-car-news.com\/de\/gesichtet-die-ersten-nios-in-freier-wildbahn\/\" \/>\n<meta property=\"og:site_name\" content=\"All cars news\" \/>\n<meta property=\"article:published_time\" content=\"2022-11-11T08:23:00+00:00\" \/>\n<meta property=\"og:image\" content=\"https:\/\/autorai.nl\/wp-content\/uploads\/2022\/11\/Gespot-NIO-ET7-3-640x480.jpg\" \/>\n<meta name=\"twitter:card\" content=\"summary_large_image\" \/>\n<meta name=\"twitter:label1\" content=\"Gesch\u00e4tzte Lesezeit\" \/>\n\t<meta name=\"twitter:data1\" content=\"2\u00a0Minuten\" \/>\n<script type=\"application\/ld+json\" class=\"yoast-schema-graph\">{\"@context\":\"https:\/\/schema.org\",\"@graph\":[{\"@type\":\"Article\",\"@id\":\"https:\/\/all-car-news.com\/de\/gesichtet-die-ersten-nios-in-freier-wildbahn\/#article\",\"isPartOf\":{\"@id\":\"https:\/\/all-car-news.com\/de\/gesichtet-die-ersten-nios-in-freier-wildbahn\/\"},\"author\":{\"name\":\"\",\"@id\":\"\"},\"headline\":\"Gesichtet: die ersten NIOs in freier Wildbahn\",\"datePublished\":\"2022-11-11T08:23:00+00:00\",\"dateModified\":\"2022-11-11T08:23:00+00:00\",\"mainEntityOfPage\":{\"@id\":\"https:\/\/all-car-news.com\/de\/gesichtet-die-ersten-nios-in-freier-wildbahn\/\"},\"wordCount\":366,\"commentCount\":0,\"publisher\":{\"@id\":\"https:\/\/all-car-news.com\/de\/#organization\"},\"articleSection\":[\"Spa\u00df\"],\"inLanguage\":\"de\",\"potentialAction\":[{\"@type\":\"CommentAction\",\"name\":\"Comment\",\"target\":[\"https:\/\/all-car-news.com\/de\/gesichtet-die-ersten-nios-in-freier-wildbahn\/#respond\"]}]},{\"@type\":\"WebPage\",\"@id\":\"https:\/\/all-car-news.com\/de\/gesichtet-die-ersten-nios-in-freier-wildbahn\/\",\"url\":\"https:\/\/all-car-news.com\/de\/gesichtet-die-ersten-nios-in-freier-wildbahn\/\",\"name\":\"Gesichtet: die ersten NIOs in freier Wildbahn - All cars news\",\"isPartOf\":{\"@id\":\"https:\/\/all-car-news.com\/de\/#website\"},\"datePublished\":\"2022-11-11T08:23:00+00:00\",\"dateModified\":\"2022-11-11T08:23:00+00:00\",\"breadcrumb\":{\"@id\":\"https:\/\/all-car-news.com\/de\/gesichtet-die-ersten-nios-in-freier-wildbahn\/#breadcrumb\"},\"inLanguage\":\"de\",\"potentialAction\":[{\"@type\":\"ReadAction\",\"target\":[\"https:\/\/all-car-news.com\/de\/gesichtet-die-ersten-nios-in-freier-wildbahn\/\"]}]},{\"@type\":\"BreadcrumbList\",\"@id\":\"https:\/\/all-car-news.com\/de\/gesichtet-die-ersten-nios-in-freier-wildbahn\/#breadcrumb\",\"itemListElement\":[{\"@type\":\"ListItem\",\"position\":1,\"name\":\"Home\",\"item\":\"https:\/\/all-car-news.com\/de\/\"},{\"@type\":\"ListItem\",\"position\":2,\"name\":\"Gesichtet: die ersten NIOs in freier Wildbahn\"}]},{\"@type\":\"WebSite\",\"@id\":\"https:\/\/all-car-news.com\/de\/#website\",\"url\":\"https:\/\/all-car-news.com\/de\/\",\"name\":\"All cars news\",\"description\":\"\",\"publisher\":{\"@id\":\"https:\/\/all-car-news.com\/de\/#organization\"},\"potentialAction\":[{\"@type\":\"SearchAction\",\"target\":{\"@type\":\"EntryPoint\",\"urlTemplate\":\"https:\/\/all-car-news.com\/de\/?s={search_term_string}\"},\"query-input\":\"required name=search_term_string\"}],\"inLanguage\":\"de\"},{\"@type\":\"Organization\",\"@id\":\"https:\/\/all-car-news.com\/de\/#organization\",\"name\":\"All cars news\",\"url\":\"https:\/\/all-car-news.com\/de\/\",\"logo\":{\"@type\":\"ImageObject\",\"inLanguage\":\"de\",\"@id\":\"https:\/\/all-car-news.com\/de\/#\/schema\/logo\/image\/\",\"url\":\"https:\/\/all-car-news.com\/wp-content\/uploads\/2022\/02\/CMYK-AllCarNews_LANDSCAPE_300px-1.png\",\"contentUrl\":\"https:\/\/all-car-news.com\/wp-content\/uploads\/2022\/02\/CMYK-AllCarNews_LANDSCAPE_300px-1.png\",\"width\":300,\"height\":100,\"caption\":\"All cars news\"},\"image\":{\"@id\":\"https:\/\/all-car-news.com\/de\/#\/schema\/logo\/image\/\"}}]}<\/script>\n<!-- \/ Yoast SEO plugin. -->","yoast_head_json":{"title":"Gesichtet: die ersten NIOs in freier Wildbahn - All cars news","robots":{"index":"index","follow":"follow","max-snippet":"max-snippet:-1","max-image-preview":"max-image-preview:large","max-video-preview":"max-video-preview:-1"},"canonical":"https:\/\/all-car-news.com\/de\/gesichtet-die-ersten-nios-in-freier-wildbahn\/","og_locale":"de_DE","og_type":"article","og_title":"Gesichtet: die ersten NIOs in freier Wildbahn - All cars news","og_description":"NIO Niederlande hat seinen Sitz in Amsterdam, in der N\u00e4he der Amsterdam ArenA. In der N\u00e4he des niederl\u00e4ndischen Hauptsitzes stie\u00df AutoRAI.nl neulich auf einige Exemplare des NIO ET7. Die ersten NIO ET7s in freier Wildbahn In Deutschland hatten wir das Auto schon fahren k\u00f6nnen, aber in den Niederlanden waren wir ihm noch nicht begegnet. Mit diesen Exemplaren [...]","og_url":"https:\/\/all-car-news.com\/de\/gesichtet-die-ersten-nios-in-freier-wildbahn\/","og_site_name":"All cars news","article_published_time":"2022-11-11T08:23:00+00:00","og_image":[{"url":"https:\/\/autorai.nl\/wp-content\/uploads\/2022\/11\/Gespot-NIO-ET7-3-640x480.jpg"}],"twitter_card":"summary_large_image","twitter_misc":{"Gesch\u00e4tzte Lesezeit":"2\u00a0Minuten"},"schema":{"@context":"https:\/\/schema.org","@graph":[{"@type":"Article","@id":"https:\/\/all-car-news.com\/de\/gesichtet-die-ersten-nios-in-freier-wildbahn\/#article","isPartOf":{"@id":"https:\/\/all-car-news.com\/de\/gesichtet-die-ersten-nios-in-freier-wildbahn\/"},"author":{"name":"","@id":""},"headline":"Gesichtet: die ersten NIOs in freier Wildbahn","datePublished":"2022-11-11T08:23:00+00:00","dateModified":"2022-11-11T08:23:00+00:00","mainEntityOfPage":{"@id":"https:\/\/all-car-news.com\/de\/gesichtet-die-ersten-nios-in-freier-wildbahn\/"},"wordCount":366,"commentCount":0,"publisher":{"@id":"https:\/\/all-car-news.com\/de\/#organization"},"articleSection":["Spa\u00df"],"inLanguage":"de","potentialAction":[{"@type":"CommentAction","name":"Comment","target":["https:\/\/all-car-news.com\/de\/gesichtet-die-ersten-nios-in-freier-wildbahn\/#respond"]}]},{"@type":"WebPage","@id":"https:\/\/all-car-news.com\/de\/gesichtet-die-ersten-nios-in-freier-wildbahn\/","url":"https:\/\/all-car-news.com\/de\/gesichtet-die-ersten-nios-in-freier-wildbahn\/","name":"Gesichtet: die ersten NIOs in freier Wildbahn - All cars news","isPartOf":{"@id":"https:\/\/all-car-news.com\/de\/#website"},"datePublished":"2022-11-11T08:23:00+00:00","dateModified":"2022-11-11T08:23:00+00:00","breadcrumb":{"@id":"https:\/\/all-car-news.com\/de\/gesichtet-die-ersten-nios-in-freier-wildbahn\/#breadcrumb"},"inLanguage":"de","potentialAction":[{"@type":"ReadAction","target":["https:\/\/all-car-news.com\/de\/gesichtet-die-ersten-nios-in-freier-wildbahn\/"]}]},{"@type":"BreadcrumbList","@id":"https:\/\/all-car-news.com\/de\/gesichtet-die-ersten-nios-in-freier-wildbahn\/#breadcrumb","itemListElement":[{"@type":"ListItem","position":1,"name":"Home","item":"https:\/\/all-car-news.com\/de\/"},{"@type":"ListItem","position":2,"name":"Gesichtet: die ersten NIOs in freier Wildbahn"}]},{"@type":"WebSite","@id":"https:\/\/all-car-news.com\/de\/#website","url":"https:\/\/all-car-news.com\/de\/","name":"All cars news","description":"","publisher":{"@id":"https:\/\/all-car-news.com\/de\/#organization"},"potentialAction":[{"@type":"SearchAction","target":{"@type":"EntryPoint","urlTemplate":"https:\/\/all-car-news.com\/de\/?s={search_term_string}"},"query-input":"required name=search_term_string"}],"inLanguage":"de"},{"@type":"Organization","@id":"https:\/\/all-car-news.com\/de\/#organization","name":"All cars news","url":"https:\/\/all-car-news.com\/de\/","logo":{"@type":"ImageObject","inLanguage":"de","@id":"https:\/\/all-car-news.com\/de\/#\/schema\/logo\/image\/","url":"https:\/\/all-car-news.com\/wp-content\/uploads\/2022\/02\/CMYK-AllCarNews_LANDSCAPE_300px-1.png","contentUrl":"https:\/\/all-car-news.com\/wp-content\/uploads\/2022\/02\/CMYK-AllCarNews_LANDSCAPE_300px-1.png","width":300,"height":100,"caption":"All cars news"},"image":{"@id":"https:\/\/all-car-news.com\/de\/#\/schema\/logo\/image\/"}}]}},"_links":{"self":[{"href":"https:\/\/all-car-news.com\/de\/wp-json\/wp\/v2\/posts\/126710","targetHints":{"allow":["GET"]}}],"collection":[{"href":"https:\/\/all-car-news.com\/de\/wp-json\/wp\/v2\/posts"}],"about":[{"href":"https:\/\/all-car-news.com\/de\/wp-json\/wp\/v2\/types\/post"}],"replies":[{"embeddable":true,"href":"https:\/\/all-car-news.com\/de\/wp-json\/wp\/v2\/comments?post=126710"}],"version-history":[{"count":0,"href":"https:\/\/all-car-news.com\/de\/wp-json\/wp\/v2\/posts\/126710\/revisions"}],"wp:featuredmedia":[{"embeddable":true,"href":"https:\/\/all-car-news.com\/de\/wp-json\/wp\/v2\/media\/126693"}],"wp:attachment":[{"href":"https:\/\/all-car-news.com\/de\/wp-json\/wp\/v2\/media?parent=126710"}],"wp:term":[{"taxonomy":"category","embeddable":true,"href":"https:\/\/all-car-news.com\/de\/wp-json\/wp\/v2\/categories?post=126710"},{"taxonomy":"post_tag","embeddable":true,"href":"https:\/\/all-car-news.com\/de\/wp-json\/wp\/v2\/tags?post=126710"}],"curies":[{"name":"wp","href":"https:\/\/api.w.org\/{rel}","templated":true}]}}