{"id":126599,"date":"2022-11-08T17:13:00","date_gmt":"2022-11-08T17:13:00","guid":{"rendered":"https:\/\/all-car-news.com\/opel-calibra-alles-was-sie-wissen-muessen\/"},"modified":"2022-11-08T17:13:00","modified_gmt":"2022-11-08T17:13:00","slug":"opel-calibra-alles-was-sie-wissen-muessen","status":"publish","type":"post","link":"https:\/\/all-car-news.com\/de\/opel-calibra-alles-was-sie-wissen-muessen\/","title":{"rendered":"Opel Calibra &#8211; alles was Sie wissen m\u00fcssen"},"content":{"rendered":"<h2>Was ist der Opel Calibra?<\/h2>\n<p>Der Opel Calibra kam 1989 auf den Markt. Opel hat den Calibra nicht von Grund auf neu konstruiert: Das Coup\u00e9 teilte sich die Plattform mit dem Opel Vectra der ersten Generation, was bedeutete, dass es sich im Grunde um ein Auto mit Frontantrieb handelte. Allradantrieb war eine Option. Ab November kam auch eine ausschlie\u00dflich allradgetriebene Version auf den Markt: der 2.0i 16V Turbo. Das wurde sofort das m\u00e4chtigste UND seltenste Calibra, aber dazu sp\u00e4ter mehr.<\/p>\n<figure class=\"wp-block-image size-content\"><img decoding=\"async\" loading=\"lazy\" width=\"1140\" height=\"641\" src=\"https:\/\/autorai.nl\/wp-content\/uploads\/2022\/11\/opel_calibra_1-1140x641.jpg\" alt=\"Opel Calibra\" class=\"wp-image-137910\"><\/figure>\n<p>Obwohl der Calibra seinen Genpool mit dem Vectra teilt, unterscheidet sich das Design erheblich. Der von Wayne Cherry und <a href=\"https:\/\/autorai.nl\/opel-gt-en-calibra-ontwerper-erhard-schnell-is-niet-meer\/\" target=\"_blank\" rel=\"noreferrer noopener\">Erhard Schnell<\/a> entworfene Calibra hat eine einzigartige Frontpartie, die durch rechteckige Formen gekennzeichnet ist, wobei vor allem die relativ kleinen Scheinwerfer auffallen. Die gro\u00dfen Seitenfenster und die Heckscheibe sind ebenfalls typisch f\u00fcr den Calibra. Die Heckscheibe klappt \u00fcbrigens mit nach oben, wenn Sie den Kofferraum \u00f6ffnen, so dass der Calibra tats\u00e4chlich ein Flie\u00dfheck ist. Das machte den Calibra zu einem ziemlich praktischen Auto.<\/p>\n<h2 id=\"block-16b996e9-f343-42e1-b1b5-baafd43f3491\">Technik<\/h2>\n<p id=\"block-e2210255-4976-4cb4-989e-8606b4978fab\">Wie bereits erw\u00e4hnt, war der Vauxhall Calibra mit einer Ausnahme grunds\u00e4tzlich frontangetrieben. Die Motorenpalette begann mit einem unspektakul\u00e4ren 2.0-Vierzylinder mit 115 PS. Besser wurde es schon mit dem 2.0i 16V mit 150 PS, der \u00fcbrigens sp\u00e4ter als 136-PS-Variante auf den Markt kam. 1992 gelang Opel mit dem 204 PS starken 2.0i 16V Turbo ein gro\u00dfer Wurf. Diese Version verf\u00fcgte nicht nur \u00fcber deutlich mehr Leistung, sondern auch \u00fcber serienm\u00e4\u00dfigen Allradantrieb und ein Sechsgang-Schaltgetriebe. Das verleiht dem Calibra endlich Fl\u00fcgel: Der Sprint auf 100 km\/h gelingt in 6,8 Sekunden, und erst bei 245 km\/h ist der Kuchen vorbei.<\/p>\n<figure class=\"wp-block-image size-content\"><img decoding=\"async\" loading=\"lazy\" width=\"1140\" height=\"641\" src=\"https:\/\/autorai.nl\/wp-content\/uploads\/2022\/11\/opel_calibra_2.0i_5-1140x641.jpg\" alt=\"Opel Calibra\" class=\"wp-image-137902\"><\/figure>\n<p id=\"block-e2210255-4976-4cb4-989e-8606b4978fab\">Schlie\u00dflich f\u00fchrte Opel 1993 einen weiteren 2.5i V6 f\u00fcr den Calibra ein, der aber mit 170 PS nicht der st\u00e4rkste Motor f\u00fcr das Coup\u00e9 war. Au\u00dferdem war der V6 im Gegensatz zu den Vierzylindern nur mit Vorderradantrieb erh\u00e4ltlich. \u00dcbrigens: Mit Ausnahme des 2.0i 16V Turbo war der Calibra auch mit einem Viergang-Automatikgetriebe erh\u00e4ltlich.  <\/p>\n<p id=\"block-e2210255-4976-4cb4-989e-8606b4978fab\">Die heute seltensten Versionen des Calibra sind der V6 (12.015 Einheiten) und der 4\u00d74 (3.385 Einheiten). So hatten alle anderen Calibras die weniger gut ausgestatteten Vierzylinder unter der Haube<\/p>\n<h2>Warum hat Opel den Calibra eingestellt?<\/h2>\n<p>Die Produktion des Calibra wurde 1997, acht Jahre nach seiner Einf\u00fchrung, eingestellt. In dieser Zeit erwies sich der Calibra mit einer Gesamtproduktion von 239.118 Einheiten als recht erfolgreich, aber ein Nachfolger des Calibra passte nicht in die Modellstrategie der Muttergesellschaft General Motors. \u00dcbrigens hatte Opel dort 1996 einen &#8218;Calibra B&#8216; gestartet, das Projekt musste aber aufgegeben werden. Gl\u00fccklicherweise ist <a href=\"https:\/\/www.autozeitung.de\/opel-calibra-classic-cars-201612.html\" target=\"_blank\" rel=\"noreferrer noopener\">ein Modell dieses Wagens<\/a> in der Garage des Opel-Museums erhalten geblieben.<\/p>\n<figure class=\"wp-block-image size-content\"><img decoding=\"async\" loading=\"lazy\" width=\"1140\" height=\"641\" src=\"https:\/\/autorai.nl\/wp-content\/uploads\/2022\/11\/opel_calibra_2.0i_2-1140x641.jpg\" alt=\"Opel Calibra mit abgeschr\u00e4gtem Heck\" class=\"wp-image-137903\"><\/figure>\n<p>War es also nach dem Aus f\u00fcr den Calibra vorbei mit den Opel-Coup\u00e9s? Nein, denn 1998 kam das Astra G Coup\u00e9 auf den Markt. Er war nur eine Nummer kleiner als der Calibra.<\/p>\n<h2>DTM<\/h2>\n<p>Opel nutzte die Einf\u00fchrung des Calibra f\u00fcr den Einstieg in die Deutsche Tourenwagen Masters (DTM) und die International Touring Car Championship (ITC). Der DTM-Calibra hatte ein breites Bodykit und einen gro\u00dfen Heckspoiler, wodurch er der Stra\u00dfenversion kaum noch \u00e4hnelte. Er hatte auch Allradantrieb und einen bis zu 480 PS starken V6. Mit dem Calibra gewann Opel 1996 die ITC-Meisterschaft, was eigentlich der einzige wirklich gro\u00dfe Erfolg des Calibra im Motorsport war.<\/p>\n<figure class=\"wp-block-image size-content\"><img decoding=\"async\" loading=\"lazy\" width=\"1140\" height=\"641\" src=\"https:\/\/autorai.nl\/wp-content\/uploads\/2022\/11\/opel_calibra_cliff_motorsport_edition_manuel_reuter-1140x641.jpg\" alt=\"Opel Calibra DTM\" class=\"wp-image-137913\"><\/figure>\n<div class=\"galery galery-0\">\n<figure>\n\t\t\t\t\t<span style=\"cursor: pointer\" data-src=\"https:\/\/autorai.nl\/wp-content\/uploads\/2022\/11\/opel_calibra_1.jpg\" data-fancybox=\"galery-0\" title=\"\"><br \/>\n\t\t\t\t\t\t\t<img decoding=\"async\" width=\"360\" height=\"270\" src=\"https:\/\/autorai.nl\/wp-content\/uploads\/2022\/11\/opel_calibra_1-360x270.jpg\" class=\"attachment-small size-small\" alt=\"\" loading=\"lazy\"><i class=\"fa fa-search-plus\" aria-hidden=\"true\"><\/i><br \/>\n\t\t\t\t\t\t<\/span><br \/>\n\t\t\t\t\t<\/figure>\n<figure>\n\t\t\t\t\t<span style=\"cursor: pointer\" data-src=\"https:\/\/autorai.nl\/wp-content\/uploads\/2022\/11\/opel_calibra_2.0i_5.jpg\" data-fancybox=\"galery-0\" title=\"\"><br \/>\n\t\t\t\t\t\t\t<img decoding=\"async\" width=\"360\" height=\"270\" src=\"https:\/\/autorai.nl\/wp-content\/uploads\/2022\/11\/opel_calibra_2.0i_5-360x270.jpg\" class=\"attachment-small size-small\" alt=\"\" loading=\"lazy\"><i class=\"fa fa-search-plus\" aria-hidden=\"true\"><\/i><br \/>\n\t\t\t\t\t\t<\/span><br \/>\n\t\t\t\t\t<\/figure>\n<figure>\n\t\t\t\t\t<span style=\"cursor: pointer\" data-src=\"https:\/\/autorai.nl\/wp-content\/uploads\/2022\/11\/opel_calibra_v6_1.jpg\" data-fancybox=\"galery-0\" title=\"\"><br \/>\n\t\t\t\t\t\t\t<img decoding=\"async\" width=\"360\" height=\"270\" src=\"https:\/\/autorai.nl\/wp-content\/uploads\/2022\/11\/opel_calibra_v6_1-360x270.jpg\" class=\"attachment-small size-small\" alt=\"\" loading=\"lazy\"><i class=\"fa fa-search-plus\" aria-hidden=\"true\"><\/i><br \/>\n\t\t\t\t\t\t<\/span><br \/>\n\t\t\t\t\t<\/figure>\n<figure>\n\t\t\t\t\t<span style=\"cursor: pointer\" data-src=\"https:\/\/autorai.nl\/wp-content\/uploads\/2022\/11\/opel_calibra_v6_48.jpg\" data-fancybox=\"galery-0\" title=\"\"><br \/>\n\t\t\t\t\t\t\t<img decoding=\"async\" width=\"360\" height=\"270\" src=\"https:\/\/autorai.nl\/wp-content\/uploads\/2022\/11\/opel_calibra_v6_48-360x270.jpg\" class=\"attachment-small size-small\" alt=\"\" loading=\"lazy\"><i class=\"fa fa-search-plus\" aria-hidden=\"true\"><\/i><br \/>\n\t\t\t\t\t\t<\/span><br \/>\n\t\t\t\t\t<\/figure>\n<figure>\n\t\t\t\t\t<span style=\"cursor: pointer\" data-src=\"https:\/\/autorai.nl\/wp-content\/uploads\/2022\/11\/opel_calibra_2.0i_2.jpg\" data-fancybox=\"galery-0\" title=\"\"><br \/>\n\t\t\t\t\t\t\t<img decoding=\"async\" width=\"360\" height=\"270\" src=\"https:\/\/autorai.nl\/wp-content\/uploads\/2022\/11\/opel_calibra_2.0i_2-360x270.jpg\" class=\"attachment-small size-small\" alt=\"\" loading=\"lazy\"><i class=\"fa fa-search-plus\" aria-hidden=\"true\"><\/i><br \/>\n\t\t\t\t\t\t<\/span><br \/>\n\t\t\t\t\t<\/figure>\n<figure>\n\t\t\t\t\t<span style=\"cursor: pointer\" data-src=\"https:\/\/autorai.nl\/wp-content\/uploads\/2022\/11\/opel_calibra_2.0i_11.jpg\" data-fancybox=\"galery-0\" title=\"\"><br \/>\n\t\t\t\t\t\t\t<img decoding=\"async\" width=\"360\" height=\"270\" src=\"https:\/\/autorai.nl\/wp-content\/uploads\/2022\/11\/opel_calibra_2.0i_11-360x270.jpg\" class=\"attachment-small size-small\" alt=\"\" loading=\"lazy\"><i class=\"fa fa-search-plus\" aria-hidden=\"true\"><\/i><br \/>\n\t\t\t\t\t\t<\/span><br \/>\n\t\t\t\t\t<\/figure>\n<figure>\n\t\t\t\t\t<span style=\"cursor: pointer\" data-src=\"https:\/\/autorai.nl\/wp-content\/uploads\/2022\/11\/opel_calibra_2.0i_98-1600x900.jpg\" data-fancybox=\"galery-0\" title=\"\"><br \/>\n\t\t\t\t\t\t\t<img decoding=\"async\" width=\"360\" height=\"270\" src=\"https:\/\/autorai.nl\/wp-content\/uploads\/2022\/11\/opel_calibra_2.0i_98-360x270.jpg\" class=\"attachment-small size-small\" alt=\"\" loading=\"lazy\"><i class=\"fa fa-search-plus\" aria-hidden=\"true\"><\/i><br \/>\n\t\t\t\t\t\t<\/span><br \/>\n\t\t\t\t\t<\/figure>\n<figure>\n\t\t\t\t\t<span style=\"cursor: pointer\" data-src=\"https:\/\/autorai.nl\/wp-content\/uploads\/2022\/11\/opel_calibra_v6_5.jpg\" data-fancybox=\"galery-0\" title=\"\"><br \/>\n\t\t\t\t\t\t\t<img decoding=\"async\" width=\"360\" height=\"270\" src=\"https:\/\/autorai.nl\/wp-content\/uploads\/2022\/11\/opel_calibra_v6_5-360x270.jpg\" class=\"attachment-small size-small\" alt=\"\" loading=\"lazy\"><i class=\"fa fa-search-plus\" aria-hidden=\"true\"><\/i><br \/>\n\t\t\t\t\t\t<\/span><br \/>\n\t\t\t\t\t<\/figure>\n<div class=\"clear\"><\/div>\n<\/div>\n","protected":false},"excerpt":{"rendered":"Was ist der Opel Calibra? Der Opel Calibra kam 1989 auf den Markt. Opel hat den Calibra nicht von Grund&hellip;","protected":false},"author":0,"featured_media":126553,"comment_status":"open","ping_status":"open","sticky":false,"template":"","format":"standard","meta":{"footnotes":""},"categories":[128],"tags":[],"class_list":["post-126599","post","type-post","status-publish","format-standard","has-post-thumbnail","hentry","category-hintergrund"],"acf":[],"yoast_head":"<!-- This site is optimized with the Yoast SEO plugin v21.2 - https:\/\/yoast.com\/wordpress\/plugins\/seo\/ -->\n<title>Opel Calibra - alles was Sie wissen m\u00fcssen - All cars news<\/title>\n<meta name=\"robots\" content=\"index, follow, max-snippet:-1, max-image-preview:large, max-video-preview:-1\" \/>\n<link rel=\"canonical\" href=\"https:\/\/all-car-news.com\/de\/opel-calibra-alles-was-sie-wissen-muessen\/\" \/>\n<meta property=\"og:locale\" content=\"de_DE\" \/>\n<meta property=\"og:type\" content=\"article\" \/>\n<meta property=\"og:title\" content=\"Opel Calibra - alles was Sie wissen m\u00fcssen - All cars news\" \/>\n<meta property=\"og:description\" content=\"Was ist der Opel Calibra? Der Opel Calibra kam 1989 auf den Markt. Opel hat den Calibra nicht von Grund auf neu konstruiert: Das Coup\u00e9 teilte sich die Plattform mit dem Opel Vectra der ersten Generation, was bedeutete, dass es sich im Grunde um ein Auto mit Frontantrieb handelte. Allradantrieb war eine Option. Ab November [...]\" \/>\n<meta property=\"og:url\" content=\"https:\/\/all-car-news.com\/de\/opel-calibra-alles-was-sie-wissen-muessen\/\" \/>\n<meta property=\"og:site_name\" content=\"All cars news\" \/>\n<meta property=\"article:published_time\" content=\"2022-11-08T17:13:00+00:00\" \/>\n<meta property=\"og:image\" content=\"https:\/\/autorai.nl\/wp-content\/uploads\/2022\/11\/opel_calibra_1-1140x641.jpg\" \/>\n<meta name=\"twitter:card\" content=\"summary_large_image\" \/>\n<meta name=\"twitter:label1\" content=\"Gesch\u00e4tzte Lesezeit\" \/>\n\t<meta name=\"twitter:data1\" content=\"3\u00a0Minuten\" \/>\n<script type=\"application\/ld+json\" class=\"yoast-schema-graph\">{\"@context\":\"https:\/\/schema.org\",\"@graph\":[{\"@type\":\"Article\",\"@id\":\"https:\/\/all-car-news.com\/de\/opel-calibra-alles-was-sie-wissen-muessen\/#article\",\"isPartOf\":{\"@id\":\"https:\/\/all-car-news.com\/de\/opel-calibra-alles-was-sie-wissen-muessen\/\"},\"author\":{\"name\":\"\",\"@id\":\"\"},\"headline\":\"Opel Calibra &#8211; alles was Sie wissen m\u00fcssen\",\"datePublished\":\"2022-11-08T17:13:00+00:00\",\"dateModified\":\"2022-11-08T17:13:00+00:00\",\"mainEntityOfPage\":{\"@id\":\"https:\/\/all-car-news.com\/de\/opel-calibra-alles-was-sie-wissen-muessen\/\"},\"wordCount\":547,\"commentCount\":0,\"publisher\":{\"@id\":\"https:\/\/all-car-news.com\/de\/#organization\"},\"articleSection\":[\"Hintergrund\"],\"inLanguage\":\"de\",\"potentialAction\":[{\"@type\":\"CommentAction\",\"name\":\"Comment\",\"target\":[\"https:\/\/all-car-news.com\/de\/opel-calibra-alles-was-sie-wissen-muessen\/#respond\"]}]},{\"@type\":\"WebPage\",\"@id\":\"https:\/\/all-car-news.com\/de\/opel-calibra-alles-was-sie-wissen-muessen\/\",\"url\":\"https:\/\/all-car-news.com\/de\/opel-calibra-alles-was-sie-wissen-muessen\/\",\"name\":\"Opel Calibra - alles was Sie wissen m\u00fcssen - All cars news\",\"isPartOf\":{\"@id\":\"https:\/\/all-car-news.com\/de\/#website\"},\"datePublished\":\"2022-11-08T17:13:00+00:00\",\"dateModified\":\"2022-11-08T17:13:00+00:00\",\"breadcrumb\":{\"@id\":\"https:\/\/all-car-news.com\/de\/opel-calibra-alles-was-sie-wissen-muessen\/#breadcrumb\"},\"inLanguage\":\"de\",\"potentialAction\":[{\"@type\":\"ReadAction\",\"target\":[\"https:\/\/all-car-news.com\/de\/opel-calibra-alles-was-sie-wissen-muessen\/\"]}]},{\"@type\":\"BreadcrumbList\",\"@id\":\"https:\/\/all-car-news.com\/de\/opel-calibra-alles-was-sie-wissen-muessen\/#breadcrumb\",\"itemListElement\":[{\"@type\":\"ListItem\",\"position\":1,\"name\":\"Home\",\"item\":\"https:\/\/all-car-news.com\/de\/\"},{\"@type\":\"ListItem\",\"position\":2,\"name\":\"Opel Calibra &#8211; alles was Sie wissen m\u00fcssen\"}]},{\"@type\":\"WebSite\",\"@id\":\"https:\/\/all-car-news.com\/de\/#website\",\"url\":\"https:\/\/all-car-news.com\/de\/\",\"name\":\"All cars news\",\"description\":\"\",\"publisher\":{\"@id\":\"https:\/\/all-car-news.com\/de\/#organization\"},\"potentialAction\":[{\"@type\":\"SearchAction\",\"target\":{\"@type\":\"EntryPoint\",\"urlTemplate\":\"https:\/\/all-car-news.com\/de\/?s={search_term_string}\"},\"query-input\":\"required name=search_term_string\"}],\"inLanguage\":\"de\"},{\"@type\":\"Organization\",\"@id\":\"https:\/\/all-car-news.com\/de\/#organization\",\"name\":\"All cars news\",\"url\":\"https:\/\/all-car-news.com\/de\/\",\"logo\":{\"@type\":\"ImageObject\",\"inLanguage\":\"de\",\"@id\":\"https:\/\/all-car-news.com\/de\/#\/schema\/logo\/image\/\",\"url\":\"https:\/\/all-car-news.com\/wp-content\/uploads\/2022\/02\/CMYK-AllCarNews_LANDSCAPE_300px-1.png\",\"contentUrl\":\"https:\/\/all-car-news.com\/wp-content\/uploads\/2022\/02\/CMYK-AllCarNews_LANDSCAPE_300px-1.png\",\"width\":300,\"height\":100,\"caption\":\"All cars news\"},\"image\":{\"@id\":\"https:\/\/all-car-news.com\/de\/#\/schema\/logo\/image\/\"}}]}<\/script>\n<!-- \/ Yoast SEO plugin. -->","yoast_head_json":{"title":"Opel Calibra - alles was Sie wissen m\u00fcssen - All cars news","robots":{"index":"index","follow":"follow","max-snippet":"max-snippet:-1","max-image-preview":"max-image-preview:large","max-video-preview":"max-video-preview:-1"},"canonical":"https:\/\/all-car-news.com\/de\/opel-calibra-alles-was-sie-wissen-muessen\/","og_locale":"de_DE","og_type":"article","og_title":"Opel Calibra - alles was Sie wissen m\u00fcssen - All cars news","og_description":"Was ist der Opel Calibra? Der Opel Calibra kam 1989 auf den Markt. Opel hat den Calibra nicht von Grund auf neu konstruiert: Das Coup\u00e9 teilte sich die Plattform mit dem Opel Vectra der ersten Generation, was bedeutete, dass es sich im Grunde um ein Auto mit Frontantrieb handelte. Allradantrieb war eine Option. Ab November [...]","og_url":"https:\/\/all-car-news.com\/de\/opel-calibra-alles-was-sie-wissen-muessen\/","og_site_name":"All cars news","article_published_time":"2022-11-08T17:13:00+00:00","og_image":[{"url":"https:\/\/autorai.nl\/wp-content\/uploads\/2022\/11\/opel_calibra_1-1140x641.jpg"}],"twitter_card":"summary_large_image","twitter_misc":{"Gesch\u00e4tzte Lesezeit":"3\u00a0Minuten"},"schema":{"@context":"https:\/\/schema.org","@graph":[{"@type":"Article","@id":"https:\/\/all-car-news.com\/de\/opel-calibra-alles-was-sie-wissen-muessen\/#article","isPartOf":{"@id":"https:\/\/all-car-news.com\/de\/opel-calibra-alles-was-sie-wissen-muessen\/"},"author":{"name":"","@id":""},"headline":"Opel Calibra &#8211; alles was Sie wissen m\u00fcssen","datePublished":"2022-11-08T17:13:00+00:00","dateModified":"2022-11-08T17:13:00+00:00","mainEntityOfPage":{"@id":"https:\/\/all-car-news.com\/de\/opel-calibra-alles-was-sie-wissen-muessen\/"},"wordCount":547,"commentCount":0,"publisher":{"@id":"https:\/\/all-car-news.com\/de\/#organization"},"articleSection":["Hintergrund"],"inLanguage":"de","potentialAction":[{"@type":"CommentAction","name":"Comment","target":["https:\/\/all-car-news.com\/de\/opel-calibra-alles-was-sie-wissen-muessen\/#respond"]}]},{"@type":"WebPage","@id":"https:\/\/all-car-news.com\/de\/opel-calibra-alles-was-sie-wissen-muessen\/","url":"https:\/\/all-car-news.com\/de\/opel-calibra-alles-was-sie-wissen-muessen\/","name":"Opel Calibra - alles was Sie wissen m\u00fcssen - All cars news","isPartOf":{"@id":"https:\/\/all-car-news.com\/de\/#website"},"datePublished":"2022-11-08T17:13:00+00:00","dateModified":"2022-11-08T17:13:00+00:00","breadcrumb":{"@id":"https:\/\/all-car-news.com\/de\/opel-calibra-alles-was-sie-wissen-muessen\/#breadcrumb"},"inLanguage":"de","potentialAction":[{"@type":"ReadAction","target":["https:\/\/all-car-news.com\/de\/opel-calibra-alles-was-sie-wissen-muessen\/"]}]},{"@type":"BreadcrumbList","@id":"https:\/\/all-car-news.com\/de\/opel-calibra-alles-was-sie-wissen-muessen\/#breadcrumb","itemListElement":[{"@type":"ListItem","position":1,"name":"Home","item":"https:\/\/all-car-news.com\/de\/"},{"@type":"ListItem","position":2,"name":"Opel Calibra &#8211; alles was Sie wissen m\u00fcssen"}]},{"@type":"WebSite","@id":"https:\/\/all-car-news.com\/de\/#website","url":"https:\/\/all-car-news.com\/de\/","name":"All cars news","description":"","publisher":{"@id":"https:\/\/all-car-news.com\/de\/#organization"},"potentialAction":[{"@type":"SearchAction","target":{"@type":"EntryPoint","urlTemplate":"https:\/\/all-car-news.com\/de\/?s={search_term_string}"},"query-input":"required name=search_term_string"}],"inLanguage":"de"},{"@type":"Organization","@id":"https:\/\/all-car-news.com\/de\/#organization","name":"All cars news","url":"https:\/\/all-car-news.com\/de\/","logo":{"@type":"ImageObject","inLanguage":"de","@id":"https:\/\/all-car-news.com\/de\/#\/schema\/logo\/image\/","url":"https:\/\/all-car-news.com\/wp-content\/uploads\/2022\/02\/CMYK-AllCarNews_LANDSCAPE_300px-1.png","contentUrl":"https:\/\/all-car-news.com\/wp-content\/uploads\/2022\/02\/CMYK-AllCarNews_LANDSCAPE_300px-1.png","width":300,"height":100,"caption":"All cars news"},"image":{"@id":"https:\/\/all-car-news.com\/de\/#\/schema\/logo\/image\/"}}]}},"_links":{"self":[{"href":"https:\/\/all-car-news.com\/de\/wp-json\/wp\/v2\/posts\/126599","targetHints":{"allow":["GET"]}}],"collection":[{"href":"https:\/\/all-car-news.com\/de\/wp-json\/wp\/v2\/posts"}],"about":[{"href":"https:\/\/all-car-news.com\/de\/wp-json\/wp\/v2\/types\/post"}],"replies":[{"embeddable":true,"href":"https:\/\/all-car-news.com\/de\/wp-json\/wp\/v2\/comments?post=126599"}],"version-history":[{"count":0,"href":"https:\/\/all-car-news.com\/de\/wp-json\/wp\/v2\/posts\/126599\/revisions"}],"wp:featuredmedia":[{"embeddable":true,"href":"https:\/\/all-car-news.com\/de\/wp-json\/wp\/v2\/media\/126553"}],"wp:attachment":[{"href":"https:\/\/all-car-news.com\/de\/wp-json\/wp\/v2\/media?parent=126599"}],"wp:term":[{"taxonomy":"category","embeddable":true,"href":"https:\/\/all-car-news.com\/de\/wp-json\/wp\/v2\/categories?post=126599"},{"taxonomy":"post_tag","embeddable":true,"href":"https:\/\/all-car-news.com\/de\/wp-json\/wp\/v2\/tags?post=126599"}],"curies":[{"name":"wp","href":"https:\/\/api.w.org\/{rel}","templated":true}]}}