{"id":126591,"date":"2022-11-09T07:10:00","date_gmt":"2022-11-09T07:10:00","guid":{"rendered":"https:\/\/all-car-news.com\/alpine-kommt-mit-schraegheck-im-b-segment-auf-den-markt\/"},"modified":"2022-11-09T07:10:00","modified_gmt":"2022-11-09T07:10:00","slug":"alpine-kommt-mit-schraegheck-im-b-segment-auf-den-markt","status":"publish","type":"post","link":"https:\/\/all-car-news.com\/de\/alpine-kommt-mit-schraegheck-im-b-segment-auf-den-markt\/","title":{"rendered":"Alpine kommt mit Schr\u00e4gheck im B-Segment auf den Markt!"},"content":{"rendered":"<h2>Mehrere Alpine-Modelle auf dem Weg!<\/h2>\n<p>Alpine entwickelt eine v\u00f6llig neue Modellreihe, die dem <a href=\"https:\/\/media.renault-group.nl\/renaulution-nu-revolution\/\" target=\"_blank\" rel=\"noreferrer noopener\">Plan Revolution der Renault-Gruppe<\/a> entspricht. Ab 2026 wird die Alpine vollst\u00e4ndig elektrisch betrieben werden. Bis dahin wird Alpine auch die n\u00e4chste Generation der A110 und zwei neue Modelle vorstellen: eine Schr\u00e4ghecklimousine f\u00fcr das B-Segment und einen Crossover f\u00fcr das obere C-Segment. Nat\u00fcrlich alles mit einer Sportsauce. Rechnen Sie also mit superschnellen Elektromodellen.  <\/p>\n<h2>Renault 5 Alpine Turbo<\/h2>\n<p>Das B-Segment-Auto deutet darauf hin, dass Alpine an einem geistigen Nachfolger des Renault 5 Alpine Turbo arbeitet, der wahrscheinlich auf dem neuen vollelektrischen Renault 5 basiert, der auf dem Weg ist.<\/p>\n<h2>Noch mehr Modelle!<\/h2>\n<p>Alpine plant als N\u00e4chstes die Einf\u00fchrung von zwei fortschrittlichen Fahrzeugen in den Segmenten D und E, um die internationale Expansion von Alpine zu unterst\u00fctzen. Alpine will vor allem auf au\u00dfereurop\u00e4ischen M\u00e4rkten wachsen, m\u00f6glicherweise auch in Nordamerika und China.<\/p>\n<h2>Alpine auf Steam!<\/h2>\n<p>Alpine ist jetzt eine High-End-Marke, ein vollwertiger Erstausr\u00fcster mit einem starken Fokus auf Technologie. Das Team von Alpine besteht derzeit aus 2.000 Mitarbeitern, von denen 50 Prozent Ingenieure sind. Derzeit ist die Alpine A110 das einzige Modell des franz\u00f6sischen Automobilherstellers.  <a href=\"https:\/\/autorai.nl\/fotos-waarom-de-alpine-fabriek-anders-is-dan-andere-autofabrieken\/\">\u00dcbrigens wird der Sportwagen A110 auf diese Weise hergestellt.<\/a><\/p>\n","protected":false},"excerpt":{"rendered":"Mehrere Alpine-Modelle auf dem Weg! Alpine entwickelt eine v\u00f6llig neue Modellreihe, die dem Plan Revolution der Renault-Gruppe entspricht. Ab 2026&hellip;","protected":false},"author":0,"featured_media":126541,"comment_status":"open","ping_status":"open","sticky":false,"template":"","format":"standard","meta":{"footnotes":""},"categories":[125],"tags":[],"class_list":["post-126591","post","type-post","status-publish","format-standard","has-post-thumbnail","hentry","category-auto-nachrichten"],"acf":[],"yoast_head":"<!-- This site is optimized with the Yoast SEO plugin v21.2 - https:\/\/yoast.com\/wordpress\/plugins\/seo\/ -->\n<title>Alpine kommt mit Schr\u00e4gheck im B-Segment auf den Markt! - All cars news<\/title>\n<meta name=\"robots\" content=\"index, follow, max-snippet:-1, max-image-preview:large, max-video-preview:-1\" \/>\n<link rel=\"canonical\" href=\"https:\/\/all-car-news.com\/de\/alpine-kommt-mit-schraegheck-im-b-segment-auf-den-markt\/\" \/>\n<meta property=\"og:locale\" content=\"de_DE\" \/>\n<meta property=\"og:type\" content=\"article\" \/>\n<meta property=\"og:title\" content=\"Alpine kommt mit Schr\u00e4gheck im B-Segment auf den Markt! - All cars news\" \/>\n<meta property=\"og:description\" content=\"Mehrere Alpine-Modelle auf dem Weg! Alpine entwickelt eine v\u00f6llig neue Modellreihe, die dem Plan Revolution der Renault-Gruppe entspricht. Ab 2026 wird die Alpine vollst\u00e4ndig elektrisch betrieben werden. Bis dahin wird Alpine auch die n\u00e4chste Generation der A110 und zwei neue Modelle vorstellen: eine Schr\u00e4ghecklimousine f\u00fcr das B-Segment und einen Crossover f\u00fcr das obere C-Segment. Offensichtlich [...]\" \/>\n<meta property=\"og:url\" content=\"https:\/\/all-car-news.com\/de\/alpine-kommt-mit-schraegheck-im-b-segment-auf-den-markt\/\" \/>\n<meta property=\"og:site_name\" content=\"All cars news\" \/>\n<meta property=\"article:published_time\" content=\"2022-11-09T07:10:00+00:00\" \/>\n<meta name=\"twitter:card\" content=\"summary_large_image\" \/>\n<meta name=\"twitter:label1\" content=\"Gesch\u00e4tzte Lesezeit\" \/>\n\t<meta name=\"twitter:data1\" content=\"1\u00a0Minute\" \/>\n<script type=\"application\/ld+json\" class=\"yoast-schema-graph\">{\"@context\":\"https:\/\/schema.org\",\"@graph\":[{\"@type\":\"Article\",\"@id\":\"https:\/\/all-car-news.com\/de\/alpine-kommt-mit-schraegheck-im-b-segment-auf-den-markt\/#article\",\"isPartOf\":{\"@id\":\"https:\/\/all-car-news.com\/de\/alpine-kommt-mit-schraegheck-im-b-segment-auf-den-markt\/\"},\"author\":{\"name\":\"\",\"@id\":\"\"},\"headline\":\"Alpine kommt mit Schr\u00e4gheck im B-Segment auf den Markt!\",\"datePublished\":\"2022-11-09T07:10:00+00:00\",\"dateModified\":\"2022-11-09T07:10:00+00:00\",\"mainEntityOfPage\":{\"@id\":\"https:\/\/all-car-news.com\/de\/alpine-kommt-mit-schraegheck-im-b-segment-auf-den-markt\/\"},\"wordCount\":213,\"commentCount\":0,\"publisher\":{\"@id\":\"https:\/\/all-car-news.com\/de\/#organization\"},\"articleSection\":[\"Auto Nachrichten\"],\"inLanguage\":\"de\",\"potentialAction\":[{\"@type\":\"CommentAction\",\"name\":\"Comment\",\"target\":[\"https:\/\/all-car-news.com\/de\/alpine-kommt-mit-schraegheck-im-b-segment-auf-den-markt\/#respond\"]}]},{\"@type\":\"WebPage\",\"@id\":\"https:\/\/all-car-news.com\/de\/alpine-kommt-mit-schraegheck-im-b-segment-auf-den-markt\/\",\"url\":\"https:\/\/all-car-news.com\/de\/alpine-kommt-mit-schraegheck-im-b-segment-auf-den-markt\/\",\"name\":\"Alpine kommt mit Schr\u00e4gheck im B-Segment auf den Markt! - All cars news\",\"isPartOf\":{\"@id\":\"https:\/\/all-car-news.com\/de\/#website\"},\"datePublished\":\"2022-11-09T07:10:00+00:00\",\"dateModified\":\"2022-11-09T07:10:00+00:00\",\"breadcrumb\":{\"@id\":\"https:\/\/all-car-news.com\/de\/alpine-kommt-mit-schraegheck-im-b-segment-auf-den-markt\/#breadcrumb\"},\"inLanguage\":\"de\",\"potentialAction\":[{\"@type\":\"ReadAction\",\"target\":[\"https:\/\/all-car-news.com\/de\/alpine-kommt-mit-schraegheck-im-b-segment-auf-den-markt\/\"]}]},{\"@type\":\"BreadcrumbList\",\"@id\":\"https:\/\/all-car-news.com\/de\/alpine-kommt-mit-schraegheck-im-b-segment-auf-den-markt\/#breadcrumb\",\"itemListElement\":[{\"@type\":\"ListItem\",\"position\":1,\"name\":\"Home\",\"item\":\"https:\/\/all-car-news.com\/de\/\"},{\"@type\":\"ListItem\",\"position\":2,\"name\":\"Alpine kommt mit Schr\u00e4gheck im B-Segment auf den Markt!\"}]},{\"@type\":\"WebSite\",\"@id\":\"https:\/\/all-car-news.com\/de\/#website\",\"url\":\"https:\/\/all-car-news.com\/de\/\",\"name\":\"All cars news\",\"description\":\"\",\"publisher\":{\"@id\":\"https:\/\/all-car-news.com\/de\/#organization\"},\"potentialAction\":[{\"@type\":\"SearchAction\",\"target\":{\"@type\":\"EntryPoint\",\"urlTemplate\":\"https:\/\/all-car-news.com\/de\/?s={search_term_string}\"},\"query-input\":\"required name=search_term_string\"}],\"inLanguage\":\"de\"},{\"@type\":\"Organization\",\"@id\":\"https:\/\/all-car-news.com\/de\/#organization\",\"name\":\"All cars news\",\"url\":\"https:\/\/all-car-news.com\/de\/\",\"logo\":{\"@type\":\"ImageObject\",\"inLanguage\":\"de\",\"@id\":\"https:\/\/all-car-news.com\/de\/#\/schema\/logo\/image\/\",\"url\":\"https:\/\/all-car-news.com\/wp-content\/uploads\/2022\/02\/CMYK-AllCarNews_LANDSCAPE_300px-1.png\",\"contentUrl\":\"https:\/\/all-car-news.com\/wp-content\/uploads\/2022\/02\/CMYK-AllCarNews_LANDSCAPE_300px-1.png\",\"width\":300,\"height\":100,\"caption\":\"All cars news\"},\"image\":{\"@id\":\"https:\/\/all-car-news.com\/de\/#\/schema\/logo\/image\/\"}}]}<\/script>\n<!-- \/ Yoast SEO plugin. -->","yoast_head_json":{"title":"Alpine kommt mit Schr\u00e4gheck im B-Segment auf den Markt! - All cars news","robots":{"index":"index","follow":"follow","max-snippet":"max-snippet:-1","max-image-preview":"max-image-preview:large","max-video-preview":"max-video-preview:-1"},"canonical":"https:\/\/all-car-news.com\/de\/alpine-kommt-mit-schraegheck-im-b-segment-auf-den-markt\/","og_locale":"de_DE","og_type":"article","og_title":"Alpine kommt mit Schr\u00e4gheck im B-Segment auf den Markt! - All cars news","og_description":"Mehrere Alpine-Modelle auf dem Weg! Alpine entwickelt eine v\u00f6llig neue Modellreihe, die dem Plan Revolution der Renault-Gruppe entspricht. Ab 2026 wird die Alpine vollst\u00e4ndig elektrisch betrieben werden. Bis dahin wird Alpine auch die n\u00e4chste Generation der A110 und zwei neue Modelle vorstellen: eine Schr\u00e4ghecklimousine f\u00fcr das B-Segment und einen Crossover f\u00fcr das obere C-Segment. Offensichtlich [...]","og_url":"https:\/\/all-car-news.com\/de\/alpine-kommt-mit-schraegheck-im-b-segment-auf-den-markt\/","og_site_name":"All cars news","article_published_time":"2022-11-09T07:10:00+00:00","twitter_card":"summary_large_image","twitter_misc":{"Gesch\u00e4tzte Lesezeit":"1\u00a0Minute"},"schema":{"@context":"https:\/\/schema.org","@graph":[{"@type":"Article","@id":"https:\/\/all-car-news.com\/de\/alpine-kommt-mit-schraegheck-im-b-segment-auf-den-markt\/#article","isPartOf":{"@id":"https:\/\/all-car-news.com\/de\/alpine-kommt-mit-schraegheck-im-b-segment-auf-den-markt\/"},"author":{"name":"","@id":""},"headline":"Alpine kommt mit Schr\u00e4gheck im B-Segment auf den Markt!","datePublished":"2022-11-09T07:10:00+00:00","dateModified":"2022-11-09T07:10:00+00:00","mainEntityOfPage":{"@id":"https:\/\/all-car-news.com\/de\/alpine-kommt-mit-schraegheck-im-b-segment-auf-den-markt\/"},"wordCount":213,"commentCount":0,"publisher":{"@id":"https:\/\/all-car-news.com\/de\/#organization"},"articleSection":["Auto Nachrichten"],"inLanguage":"de","potentialAction":[{"@type":"CommentAction","name":"Comment","target":["https:\/\/all-car-news.com\/de\/alpine-kommt-mit-schraegheck-im-b-segment-auf-den-markt\/#respond"]}]},{"@type":"WebPage","@id":"https:\/\/all-car-news.com\/de\/alpine-kommt-mit-schraegheck-im-b-segment-auf-den-markt\/","url":"https:\/\/all-car-news.com\/de\/alpine-kommt-mit-schraegheck-im-b-segment-auf-den-markt\/","name":"Alpine kommt mit Schr\u00e4gheck im B-Segment auf den Markt! - All cars news","isPartOf":{"@id":"https:\/\/all-car-news.com\/de\/#website"},"datePublished":"2022-11-09T07:10:00+00:00","dateModified":"2022-11-09T07:10:00+00:00","breadcrumb":{"@id":"https:\/\/all-car-news.com\/de\/alpine-kommt-mit-schraegheck-im-b-segment-auf-den-markt\/#breadcrumb"},"inLanguage":"de","potentialAction":[{"@type":"ReadAction","target":["https:\/\/all-car-news.com\/de\/alpine-kommt-mit-schraegheck-im-b-segment-auf-den-markt\/"]}]},{"@type":"BreadcrumbList","@id":"https:\/\/all-car-news.com\/de\/alpine-kommt-mit-schraegheck-im-b-segment-auf-den-markt\/#breadcrumb","itemListElement":[{"@type":"ListItem","position":1,"name":"Home","item":"https:\/\/all-car-news.com\/de\/"},{"@type":"ListItem","position":2,"name":"Alpine kommt mit Schr\u00e4gheck im B-Segment auf den Markt!"}]},{"@type":"WebSite","@id":"https:\/\/all-car-news.com\/de\/#website","url":"https:\/\/all-car-news.com\/de\/","name":"All cars news","description":"","publisher":{"@id":"https:\/\/all-car-news.com\/de\/#organization"},"potentialAction":[{"@type":"SearchAction","target":{"@type":"EntryPoint","urlTemplate":"https:\/\/all-car-news.com\/de\/?s={search_term_string}"},"query-input":"required name=search_term_string"}],"inLanguage":"de"},{"@type":"Organization","@id":"https:\/\/all-car-news.com\/de\/#organization","name":"All cars news","url":"https:\/\/all-car-news.com\/de\/","logo":{"@type":"ImageObject","inLanguage":"de","@id":"https:\/\/all-car-news.com\/de\/#\/schema\/logo\/image\/","url":"https:\/\/all-car-news.com\/wp-content\/uploads\/2022\/02\/CMYK-AllCarNews_LANDSCAPE_300px-1.png","contentUrl":"https:\/\/all-car-news.com\/wp-content\/uploads\/2022\/02\/CMYK-AllCarNews_LANDSCAPE_300px-1.png","width":300,"height":100,"caption":"All cars news"},"image":{"@id":"https:\/\/all-car-news.com\/de\/#\/schema\/logo\/image\/"}}]}},"_links":{"self":[{"href":"https:\/\/all-car-news.com\/de\/wp-json\/wp\/v2\/posts\/126591","targetHints":{"allow":["GET"]}}],"collection":[{"href":"https:\/\/all-car-news.com\/de\/wp-json\/wp\/v2\/posts"}],"about":[{"href":"https:\/\/all-car-news.com\/de\/wp-json\/wp\/v2\/types\/post"}],"replies":[{"embeddable":true,"href":"https:\/\/all-car-news.com\/de\/wp-json\/wp\/v2\/comments?post=126591"}],"version-history":[{"count":0,"href":"https:\/\/all-car-news.com\/de\/wp-json\/wp\/v2\/posts\/126591\/revisions"}],"wp:featuredmedia":[{"embeddable":true,"href":"https:\/\/all-car-news.com\/de\/wp-json\/wp\/v2\/media\/126541"}],"wp:attachment":[{"href":"https:\/\/all-car-news.com\/de\/wp-json\/wp\/v2\/media?parent=126591"}],"wp:term":[{"taxonomy":"category","embeddable":true,"href":"https:\/\/all-car-news.com\/de\/wp-json\/wp\/v2\/categories?post=126591"},{"taxonomy":"post_tag","embeddable":true,"href":"https:\/\/all-car-news.com\/de\/wp-json\/wp\/v2\/tags?post=126591"}],"curies":[{"name":"wp","href":"https:\/\/api.w.org\/{rel}","templated":true}]}}