{"id":126423,"date":"2022-11-06T09:23:00","date_gmt":"2022-11-06T09:23:00","guid":{"rendered":"https:\/\/all-car-news.com\/audi-a3-s-line-alles-was-sie-wissen-muessen\/"},"modified":"2022-11-06T09:23:00","modified_gmt":"2022-11-06T09:23:00","slug":"audi-a3-s-line-alles-was-sie-wissen-muessen","status":"publish","type":"post","link":"https:\/\/all-car-news.com\/de\/audi-a3-s-line-alles-was-sie-wissen-muessen\/","title":{"rendered":"Audi A3 S Line &#8211; alles, was Sie wissen m\u00fcssen"},"content":{"rendered":"<h2>Die Geschichte des Audi A3<\/h2>\n<p>Bevor wir uns der Linie A3 S zuwenden, eine kurze Geschichtsstunde. Der Audi A3 befindet sich derzeit in seiner vierten Generation. Der Name A3 geht auf das Jahr 1996 zur\u00fcck, als die erste Generation des Modells auf den Markt kam. Mit dem A3 kehrte Audi in das Kompaktsegment zur\u00fcck, nachdem die Produktion des <a href=\"https:\/\/www.klassiekerweb.nl\/merken\/audi\/50\/\" target=\"_blank\" rel=\"noreferrer noopener\">Audi 50<\/a> 1978 eingestellt worden war. Mit dem A3 stie\u00df Audi in eine neue Nische vor: die der kompakten Luxusschr\u00e4ghecklimousine. Mercedes-Benz und BMW hatten 1996 keine kompakte Schr\u00e4ghecklimousine in ihren Modellreihen.<\/p>\n<figure class=\"wp-block-image size-content is-resized\"><img decoding=\"async\" loading=\"lazy\" src=\"https:\/\/autorai.nl\/wp-content\/uploads\/2022\/11\/audi_a3_sportback_45-1140x642.jpg\" alt=\"Der Audi A3 der ersten Generation, noch nicht als S Line.\" class=\"wp-image-137537\" width=\"840\" height=\"473\"><figcaption>Der Audi A3 der ersten Generation<\/figcaption><\/figure>\n<p>Zun\u00e4chst kam der Audi A3 nur als drei- und f\u00fcnft\u00fcrige Schr\u00e4ghecklimousine auf den Markt. Mit dem Facelift der zweiten Generation im Jahr 2008 erg\u00e4nzte Audi das Angebot um ein A3 Cabriolet. Erst mit dieser zweiten Generation konnte auch der A3 S Line bestellt werden. Die A3 Limousine vervollst\u00e4ndigt das Angebot der dritten Generation des A3. F\u00fcr die aktuelle Generation des A3 hat Audi jedoch wieder einige Karosserievarianten gestrichen. Derzeit ist der A3 nur als f\u00fcnft\u00fcrige Schr\u00e4ghecklimousine oder als viert\u00fcrige Limousine erh\u00e4ltlich.<\/p>\n<h2>Was ist ein Audi A3 S Line?<\/h2>\n<p>Die S-Line-Version ist unbestreitbar eine der optisch ansprechendsten Versionen des A3. Erst ab der zweiten Generation konnte der A3 auch als S-Line bestellt werden. Die S Line war die sportliche Version f\u00fcr den Audi A3 und brachte einige sportliche Akzente im Exterieur und Interieur des Autos. Der A3 S Line ist nur in Kombination mit der regul\u00e4ren Motorenpalette erh\u00e4ltlich. Der Audi S3 und der RS3 haben bereits serienm\u00e4\u00dfig einen einzigartigen sportlichen Look.<\/p>\n<div class=\"galery shuffle galery-0\">\n<figure>\n\t\t\t\t\t<span style=\"cursor: pointer\" data-src=\"https:\/\/autorai.nl\/wp-content\/uploads\/2022\/11\/audi_a3_1.8t_s-line_4-1.jpg\" data-fancybox=\"galery-0\" title=\"\"><br \/>\n\t\t\t\t\t\t\t<img decoding=\"async\" width=\"640\" height=\"480\" src=\"https:\/\/autorai.nl\/wp-content\/uploads\/2022\/11\/audi_a3_1.8t_s-line_4-1-640x480.jpg\" class=\"attachment-medium size-medium\" alt=\"\" loading=\"lazy\"><i class=\"fa fa-search-plus\" aria-hidden=\"true\"><\/i><br \/>\n\t\t\t\t\t\t<\/span><br \/>\n\t\t\t\t\t<\/figure>\n<figure>\n\t\t\t\t\t<span style=\"cursor: pointer\" data-src=\"https:\/\/autorai.nl\/wp-content\/uploads\/2022\/11\/audi_a3_1.8t_s-line_5-1.jpg\" data-fancybox=\"galery-0\" title=\"\"><br \/>\n\t\t\t\t\t\t\t<img decoding=\"async\" width=\"360\" height=\"270\" src=\"https:\/\/autorai.nl\/wp-content\/uploads\/2022\/11\/audi_a3_1.8t_s-line_5-1-360x270.jpg\" class=\"attachment-small size-small\" alt=\"\" loading=\"lazy\"><i class=\"fa fa-search-plus\" aria-hidden=\"true\"><\/i><br \/>\n\t\t\t\t\t\t<\/span><br \/>\n\t\t\t\t\t<\/figure>\n<figure>\n\t\t\t\t\t<span style=\"cursor: pointer\" data-src=\"https:\/\/autorai.nl\/wp-content\/uploads\/2022\/11\/audi_a3_1.8t_s-line_94-1.jpg\" data-fancybox=\"galery-0\" title=\"\"><br \/>\n\t\t\t\t\t\t\t<img decoding=\"async\" width=\"360\" height=\"270\" src=\"https:\/\/autorai.nl\/wp-content\/uploads\/2022\/11\/audi_a3_1.8t_s-line_94-1-360x270.jpg\" class=\"attachment-small size-small\" alt=\"\" loading=\"lazy\"><i class=\"fa fa-search-plus\" aria-hidden=\"true\"><\/i><br \/>\n\t\t\t\t\t\t<\/span><br \/>\n\t\t\t\t\t<\/figure>\n<div class=\"clear\"><\/div>\n<\/div>\n<h2>Die wichtigsten Merkmale des Audi A3 S Line<\/h2>\n<p>Die Ausstattung eines Audi A3 S Line variiert von Generation zu Generation, aber eine Linie im Ausstattungspaket l\u00e4sst sich \u00fcber die Jahre hinweg ziehen. Ein <a href=\"https:\/\/autorai.nl\/autotest-audi-a3-sportback-35-tfsi-2020\/\" target=\"_blank\" rel=\"noreferrer noopener\">Audi A3<\/a> in S Line-Ausstattung hat typischerweise einen sportlicheren Front- und Hecksto\u00dff\u00e4nger, gr\u00f6\u00dfere Leichtmetallr\u00e4der und S Line-Logos an den Flanken. Das w\u00e4re das S-Line-Exterieurpaket. Im Innenraum bietet Audi das S Line-Interieurpaket an, das ein Sportlenkrad &#8211; auf Wunsch abgeflacht -, Aluminiumpedale, Sportsitze mit S Line-Logo und spezielle Zierteile umfasst. Diese beiden Pakete k\u00f6nnen zusammen oder getrennt bestellt werden.<\/p>\n<div class=\"galery galery-1\">\n<figure>\n\t\t\t\t\t<span style=\"cursor: pointer\" data-src=\"https:\/\/autorai.nl\/wp-content\/uploads\/2022\/11\/audi_a3_1.8t_s_line_4-1-1600x900.jpg\" data-fancybox=\"galery-1\" title=\"\"><br \/>\n\t\t\t\t\t\t\t<img decoding=\"async\" width=\"360\" height=\"270\" src=\"https:\/\/autorai.nl\/wp-content\/uploads\/2022\/11\/audi_a3_1.8t_s_line_4-1-360x270.jpg\" class=\"attachment-small size-small\" alt=\"\" loading=\"lazy\"><i class=\"fa fa-search-plus\" aria-hidden=\"true\"><\/i><br \/>\n\t\t\t\t\t\t<\/span><br \/>\n\t\t\t\t\t<\/figure>\n<figure>\n\t\t\t\t\t<span style=\"cursor: pointer\" data-src=\"https:\/\/autorai.nl\/wp-content\/uploads\/2022\/11\/audi_a3_1.4t_s_line_1.jpg\" data-fancybox=\"galery-1\" title=\"\"><br \/>\n\t\t\t\t\t\t\t<img decoding=\"async\" width=\"360\" height=\"270\" src=\"https:\/\/autorai.nl\/wp-content\/uploads\/2022\/11\/audi_a3_1.4t_s_line_1-360x270.jpg\" class=\"attachment-small size-small\" alt=\"\" loading=\"lazy\"><i class=\"fa fa-search-plus\" aria-hidden=\"true\"><\/i><br \/>\n\t\t\t\t\t\t<\/span><br \/>\n\t\t\t\t\t<\/figure>\n<figure>\n\t\t\t\t\t<span style=\"cursor: pointer\" data-src=\"https:\/\/autorai.nl\/wp-content\/uploads\/2022\/11\/audi_a3_1.8t_s_line_31-1.jpg\" data-fancybox=\"galery-1\" title=\"\"><br \/>\n\t\t\t\t\t\t\t<img decoding=\"async\" width=\"360\" height=\"270\" src=\"https:\/\/autorai.nl\/wp-content\/uploads\/2022\/11\/audi_a3_1.8t_s_line_31-1-360x270.jpg\" class=\"attachment-small size-small\" alt=\"\" loading=\"lazy\"><i class=\"fa fa-search-plus\" aria-hidden=\"true\"><\/i><br \/>\n\t\t\t\t\t\t<\/span><br \/>\n\t\t\t\t\t<\/figure>\n<figure>\n\t\t\t\t\t<span style=\"cursor: pointer\" data-src=\"https:\/\/autorai.nl\/wp-content\/uploads\/2022\/11\/audi_a3_1.8t_s_line_37-1.jpg\" data-fancybox=\"galery-1\" title=\"\"><br \/>\n\t\t\t\t\t\t\t<img decoding=\"async\" width=\"360\" height=\"270\" src=\"https:\/\/autorai.nl\/wp-content\/uploads\/2022\/11\/audi_a3_1.8t_s_line_37-1-360x270.jpg\" class=\"attachment-small size-small\" alt=\"\" loading=\"lazy\"><i class=\"fa fa-search-plus\" aria-hidden=\"true\"><\/i><br \/>\n\t\t\t\t\t\t<\/span><br \/>\n\t\t\t\t\t<\/figure>\n<div class=\"clear\"><\/div>\n<\/div>\n<h2>Warum ein Audi A3 S Line?<\/h2>\n<p>Audi bietet den A3 S Line als Zwischenstufe zu den noch sportlicheren S3 und RS 3 an. Die beiden letztgenannten sind f\u00fcr manche vielleicht ein bisschen zu <em>hart<\/em> f\u00fcr den t\u00e4glichen Gebrauch. Wenn Sie einen sportlichen Look w\u00fcnschen, aber auch ein sparsames Auto f\u00fcr den t\u00e4glichen Gebrauch suchen, ist die S-Line-Version eine geeignete Option.<\/p>\n<div class=\"galery galery-2\">\n<figure>\n\t\t\t\t\t<span style=\"cursor: pointer\" data-src=\"https:\/\/autorai.nl\/wp-content\/uploads\/2022\/11\/audi_a3_sportback_45_tfsi_e.jpg\" data-fancybox=\"galery-2\" title=\"\"><br \/>\n\t\t\t\t\t\t\t<img decoding=\"async\" width=\"360\" height=\"270\" src=\"https:\/\/autorai.nl\/wp-content\/uploads\/2022\/11\/audi_a3_sportback_45_tfsi_e-360x270.jpg\" class=\"attachment-small size-small\" alt=\"\" loading=\"lazy\"><i class=\"fa fa-search-plus\" aria-hidden=\"true\"><\/i><br \/>\n\t\t\t\t\t\t<\/span><br \/>\n\t\t\t\t\t<\/figure>\n<figure>\n\t\t\t\t\t<span style=\"cursor: pointer\" data-src=\"https:\/\/autorai.nl\/wp-content\/uploads\/2022\/11\/audi_a3_sportback_45_tfsi_e_85.jpg\" data-fancybox=\"galery-2\" title=\"\"><br \/>\n\t\t\t\t\t\t\t<img decoding=\"async\" width=\"360\" height=\"270\" src=\"https:\/\/autorai.nl\/wp-content\/uploads\/2022\/11\/audi_a3_sportback_45_tfsi_e_85-360x270.jpg\" class=\"attachment-small size-small\" alt=\"\" loading=\"lazy\"><i class=\"fa fa-search-plus\" aria-hidden=\"true\"><\/i><br \/>\n\t\t\t\t\t\t<\/span><br \/>\n\t\t\t\t\t<\/figure>\n<figure>\n\t\t\t\t\t<span style=\"cursor: pointer\" data-src=\"https:\/\/autorai.nl\/wp-content\/uploads\/2022\/11\/audi_a3_sportback_45_tfsi_e_1.jpg\" data-fancybox=\"galery-2\" title=\"\"><br \/>\n\t\t\t\t\t\t\t<img decoding=\"async\" width=\"360\" height=\"270\" src=\"https:\/\/autorai.nl\/wp-content\/uploads\/2022\/11\/audi_a3_sportback_45_tfsi_e_1-360x270.jpg\" class=\"attachment-small size-small\" alt=\"\" loading=\"lazy\"><i class=\"fa fa-search-plus\" aria-hidden=\"true\"><\/i><br \/>\n\t\t\t\t\t\t<\/span><br \/>\n\t\t\t\t\t<\/figure>\n<figure>\n\t\t\t\t\t<span style=\"cursor: pointer\" data-src=\"https:\/\/autorai.nl\/wp-content\/uploads\/2022\/11\/audi_a3_sportback_45_tfsi_e_58.jpg\" data-fancybox=\"galery-2\" title=\"\"><br \/>\n\t\t\t\t\t\t\t<img decoding=\"async\" width=\"360\" height=\"270\" src=\"https:\/\/autorai.nl\/wp-content\/uploads\/2022\/11\/audi_a3_sportback_45_tfsi_e_58-360x270.jpg\" class=\"attachment-small size-small\" alt=\"\" loading=\"lazy\"><i class=\"fa fa-search-plus\" aria-hidden=\"true\"><\/i><br \/>\n\t\t\t\t\t\t<\/span><br \/>\n\t\t\t\t\t<\/figure>\n<div class=\"clear\"><\/div>\n<\/div>\n<h2>Audi S3 und RS3<\/h2>\n<p>Wem die S Line nicht heftig genug ist, dem bieten der S3 und der RS 3 Abhilfe. Der S3 kam erstmals 1999 auf den Markt und ist seither in allen vier Generationen des A3 vertreten. Der RS 3 wurde erst mit der zweiten Generation des A3 im Jahr 2011 eingef\u00fchrt. Damit war er mit seinem 340 PS starken 2,5-Liter-F\u00fcnfzylinder sofort eine Party-Nummer. Der <a href=\"https:\/\/autorai.nl\/review-audi-rs-3-2022-de-ideale-daily-driver\/\" target=\"_blank\" rel=\"noreferrer noopener\">aktuelle RS 3<\/a> hat immer noch einen 2,5-Liter-F\u00fcnfzylinder, aber mit satten 400 PS!<\/p>\n<figure class=\"wp-block-image size-content\"><img decoding=\"async\" loading=\"lazy\" width=\"1140\" height=\"760\" src=\"https:\/\/autorai.nl\/wp-content\/uploads\/2022\/04\/Audi-RS-3-2022-18-1140x760.jpg\" alt=\"\" class=\"wp-image-121382\"><figcaption>Der Audi RS 3<\/figcaption><\/figure>\n","protected":false},"excerpt":{"rendered":"Geschichte des Audi A3 Bevor wir zum A3 S Line kommen, eine kurze Geschichtsstunde. Der Audi A3 befindet sich derzeit&hellip;","protected":false},"author":0,"featured_media":126225,"comment_status":"open","ping_status":"open","sticky":false,"template":"","format":"standard","meta":{"footnotes":""},"categories":[128],"tags":[],"class_list":["post-126423","post","type-post","status-publish","format-standard","has-post-thumbnail","hentry","category-hintergrund"],"acf":[],"yoast_head":"<!-- This site is optimized with the Yoast SEO plugin v21.2 - https:\/\/yoast.com\/wordpress\/plugins\/seo\/ -->\n<title>Audi A3 S Line - alles, was Sie wissen m\u00fcssen - All cars news<\/title>\n<meta name=\"robots\" content=\"index, follow, max-snippet:-1, max-image-preview:large, max-video-preview:-1\" \/>\n<link rel=\"canonical\" href=\"https:\/\/all-car-news.com\/de\/audi-a3-s-line-alles-was-sie-wissen-muessen\/\" \/>\n<meta property=\"og:locale\" content=\"de_DE\" \/>\n<meta property=\"og:type\" content=\"article\" \/>\n<meta property=\"og:title\" content=\"Audi A3 S Line - alles, was Sie wissen m\u00fcssen - All cars news\" \/>\n<meta property=\"og:description\" content=\"Geschichte des Audi A3 Bevor wir zum A3 S Line kommen, eine kurze Geschichtsstunde. Der Audi A3 befindet sich derzeit in seiner vierten Generation. Der Name A3 geht auf das Jahr 1996 zur\u00fcck, als die erste Generation des Modells auf den Markt kam. Mit dem A3 kehrte Audi in das Kompaktsegment zur\u00fcck [...]\" \/>\n<meta property=\"og:url\" content=\"https:\/\/all-car-news.com\/de\/audi-a3-s-line-alles-was-sie-wissen-muessen\/\" \/>\n<meta property=\"og:site_name\" content=\"All cars news\" \/>\n<meta property=\"article:published_time\" content=\"2022-11-06T09:23:00+00:00\" \/>\n<meta property=\"og:image\" content=\"https:\/\/autorai.nl\/wp-content\/uploads\/2022\/11\/audi_a3_sportback_45-1140x642.jpg\" \/>\n<meta name=\"twitter:card\" content=\"summary_large_image\" \/>\n<meta name=\"twitter:label1\" content=\"Gesch\u00e4tzte Lesezeit\" \/>\n\t<meta name=\"twitter:data1\" content=\"3\u00a0Minuten\" \/>\n<script type=\"application\/ld+json\" class=\"yoast-schema-graph\">{\"@context\":\"https:\/\/schema.org\",\"@graph\":[{\"@type\":\"Article\",\"@id\":\"https:\/\/all-car-news.com\/de\/audi-a3-s-line-alles-was-sie-wissen-muessen\/#article\",\"isPartOf\":{\"@id\":\"https:\/\/all-car-news.com\/de\/audi-a3-s-line-alles-was-sie-wissen-muessen\/\"},\"author\":{\"name\":\"\",\"@id\":\"\"},\"headline\":\"Audi A3 S Line &#8211; alles, was Sie wissen m\u00fcssen\",\"datePublished\":\"2022-11-06T09:23:00+00:00\",\"dateModified\":\"2022-11-06T09:23:00+00:00\",\"mainEntityOfPage\":{\"@id\":\"https:\/\/all-car-news.com\/de\/audi-a3-s-line-alles-was-sie-wissen-muessen\/\"},\"wordCount\":523,\"commentCount\":0,\"publisher\":{\"@id\":\"https:\/\/all-car-news.com\/de\/#organization\"},\"articleSection\":[\"Hintergrund\"],\"inLanguage\":\"de\",\"potentialAction\":[{\"@type\":\"CommentAction\",\"name\":\"Comment\",\"target\":[\"https:\/\/all-car-news.com\/de\/audi-a3-s-line-alles-was-sie-wissen-muessen\/#respond\"]}]},{\"@type\":\"WebPage\",\"@id\":\"https:\/\/all-car-news.com\/de\/audi-a3-s-line-alles-was-sie-wissen-muessen\/\",\"url\":\"https:\/\/all-car-news.com\/de\/audi-a3-s-line-alles-was-sie-wissen-muessen\/\",\"name\":\"Audi A3 S Line - alles, was Sie wissen m\u00fcssen - All cars news\",\"isPartOf\":{\"@id\":\"https:\/\/all-car-news.com\/de\/#website\"},\"datePublished\":\"2022-11-06T09:23:00+00:00\",\"dateModified\":\"2022-11-06T09:23:00+00:00\",\"breadcrumb\":{\"@id\":\"https:\/\/all-car-news.com\/de\/audi-a3-s-line-alles-was-sie-wissen-muessen\/#breadcrumb\"},\"inLanguage\":\"de\",\"potentialAction\":[{\"@type\":\"ReadAction\",\"target\":[\"https:\/\/all-car-news.com\/de\/audi-a3-s-line-alles-was-sie-wissen-muessen\/\"]}]},{\"@type\":\"BreadcrumbList\",\"@id\":\"https:\/\/all-car-news.com\/de\/audi-a3-s-line-alles-was-sie-wissen-muessen\/#breadcrumb\",\"itemListElement\":[{\"@type\":\"ListItem\",\"position\":1,\"name\":\"Home\",\"item\":\"https:\/\/all-car-news.com\/de\/\"},{\"@type\":\"ListItem\",\"position\":2,\"name\":\"Audi A3 S Line &#8211; alles, was Sie wissen m\u00fcssen\"}]},{\"@type\":\"WebSite\",\"@id\":\"https:\/\/all-car-news.com\/de\/#website\",\"url\":\"https:\/\/all-car-news.com\/de\/\",\"name\":\"All cars news\",\"description\":\"\",\"publisher\":{\"@id\":\"https:\/\/all-car-news.com\/de\/#organization\"},\"potentialAction\":[{\"@type\":\"SearchAction\",\"target\":{\"@type\":\"EntryPoint\",\"urlTemplate\":\"https:\/\/all-car-news.com\/de\/?s={search_term_string}\"},\"query-input\":\"required name=search_term_string\"}],\"inLanguage\":\"de\"},{\"@type\":\"Organization\",\"@id\":\"https:\/\/all-car-news.com\/de\/#organization\",\"name\":\"All cars news\",\"url\":\"https:\/\/all-car-news.com\/de\/\",\"logo\":{\"@type\":\"ImageObject\",\"inLanguage\":\"de\",\"@id\":\"https:\/\/all-car-news.com\/de\/#\/schema\/logo\/image\/\",\"url\":\"https:\/\/all-car-news.com\/wp-content\/uploads\/2022\/02\/CMYK-AllCarNews_LANDSCAPE_300px-1.png\",\"contentUrl\":\"https:\/\/all-car-news.com\/wp-content\/uploads\/2022\/02\/CMYK-AllCarNews_LANDSCAPE_300px-1.png\",\"width\":300,\"height\":100,\"caption\":\"All cars news\"},\"image\":{\"@id\":\"https:\/\/all-car-news.com\/de\/#\/schema\/logo\/image\/\"}}]}<\/script>\n<!-- \/ Yoast SEO plugin. -->","yoast_head_json":{"title":"Audi A3 S Line - alles, was Sie wissen m\u00fcssen - All cars news","robots":{"index":"index","follow":"follow","max-snippet":"max-snippet:-1","max-image-preview":"max-image-preview:large","max-video-preview":"max-video-preview:-1"},"canonical":"https:\/\/all-car-news.com\/de\/audi-a3-s-line-alles-was-sie-wissen-muessen\/","og_locale":"de_DE","og_type":"article","og_title":"Audi A3 S Line - alles, was Sie wissen m\u00fcssen - All cars news","og_description":"Geschichte des Audi A3 Bevor wir zum A3 S Line kommen, eine kurze Geschichtsstunde. Der Audi A3 befindet sich derzeit in seiner vierten Generation. Der Name A3 geht auf das Jahr 1996 zur\u00fcck, als die erste Generation des Modells auf den Markt kam. Mit dem A3 kehrte Audi in das Kompaktsegment zur\u00fcck [...]","og_url":"https:\/\/all-car-news.com\/de\/audi-a3-s-line-alles-was-sie-wissen-muessen\/","og_site_name":"All cars news","article_published_time":"2022-11-06T09:23:00+00:00","og_image":[{"url":"https:\/\/autorai.nl\/wp-content\/uploads\/2022\/11\/audi_a3_sportback_45-1140x642.jpg"}],"twitter_card":"summary_large_image","twitter_misc":{"Gesch\u00e4tzte Lesezeit":"3\u00a0Minuten"},"schema":{"@context":"https:\/\/schema.org","@graph":[{"@type":"Article","@id":"https:\/\/all-car-news.com\/de\/audi-a3-s-line-alles-was-sie-wissen-muessen\/#article","isPartOf":{"@id":"https:\/\/all-car-news.com\/de\/audi-a3-s-line-alles-was-sie-wissen-muessen\/"},"author":{"name":"","@id":""},"headline":"Audi A3 S Line &#8211; alles, was Sie wissen m\u00fcssen","datePublished":"2022-11-06T09:23:00+00:00","dateModified":"2022-11-06T09:23:00+00:00","mainEntityOfPage":{"@id":"https:\/\/all-car-news.com\/de\/audi-a3-s-line-alles-was-sie-wissen-muessen\/"},"wordCount":523,"commentCount":0,"publisher":{"@id":"https:\/\/all-car-news.com\/de\/#organization"},"articleSection":["Hintergrund"],"inLanguage":"de","potentialAction":[{"@type":"CommentAction","name":"Comment","target":["https:\/\/all-car-news.com\/de\/audi-a3-s-line-alles-was-sie-wissen-muessen\/#respond"]}]},{"@type":"WebPage","@id":"https:\/\/all-car-news.com\/de\/audi-a3-s-line-alles-was-sie-wissen-muessen\/","url":"https:\/\/all-car-news.com\/de\/audi-a3-s-line-alles-was-sie-wissen-muessen\/","name":"Audi A3 S Line - alles, was Sie wissen m\u00fcssen - All cars news","isPartOf":{"@id":"https:\/\/all-car-news.com\/de\/#website"},"datePublished":"2022-11-06T09:23:00+00:00","dateModified":"2022-11-06T09:23:00+00:00","breadcrumb":{"@id":"https:\/\/all-car-news.com\/de\/audi-a3-s-line-alles-was-sie-wissen-muessen\/#breadcrumb"},"inLanguage":"de","potentialAction":[{"@type":"ReadAction","target":["https:\/\/all-car-news.com\/de\/audi-a3-s-line-alles-was-sie-wissen-muessen\/"]}]},{"@type":"BreadcrumbList","@id":"https:\/\/all-car-news.com\/de\/audi-a3-s-line-alles-was-sie-wissen-muessen\/#breadcrumb","itemListElement":[{"@type":"ListItem","position":1,"name":"Home","item":"https:\/\/all-car-news.com\/de\/"},{"@type":"ListItem","position":2,"name":"Audi A3 S Line &#8211; alles, was Sie wissen m\u00fcssen"}]},{"@type":"WebSite","@id":"https:\/\/all-car-news.com\/de\/#website","url":"https:\/\/all-car-news.com\/de\/","name":"All cars news","description":"","publisher":{"@id":"https:\/\/all-car-news.com\/de\/#organization"},"potentialAction":[{"@type":"SearchAction","target":{"@type":"EntryPoint","urlTemplate":"https:\/\/all-car-news.com\/de\/?s={search_term_string}"},"query-input":"required name=search_term_string"}],"inLanguage":"de"},{"@type":"Organization","@id":"https:\/\/all-car-news.com\/de\/#organization","name":"All cars news","url":"https:\/\/all-car-news.com\/de\/","logo":{"@type":"ImageObject","inLanguage":"de","@id":"https:\/\/all-car-news.com\/de\/#\/schema\/logo\/image\/","url":"https:\/\/all-car-news.com\/wp-content\/uploads\/2022\/02\/CMYK-AllCarNews_LANDSCAPE_300px-1.png","contentUrl":"https:\/\/all-car-news.com\/wp-content\/uploads\/2022\/02\/CMYK-AllCarNews_LANDSCAPE_300px-1.png","width":300,"height":100,"caption":"All cars news"},"image":{"@id":"https:\/\/all-car-news.com\/de\/#\/schema\/logo\/image\/"}}]}},"_links":{"self":[{"href":"https:\/\/all-car-news.com\/de\/wp-json\/wp\/v2\/posts\/126423","targetHints":{"allow":["GET"]}}],"collection":[{"href":"https:\/\/all-car-news.com\/de\/wp-json\/wp\/v2\/posts"}],"about":[{"href":"https:\/\/all-car-news.com\/de\/wp-json\/wp\/v2\/types\/post"}],"replies":[{"embeddable":true,"href":"https:\/\/all-car-news.com\/de\/wp-json\/wp\/v2\/comments?post=126423"}],"version-history":[{"count":0,"href":"https:\/\/all-car-news.com\/de\/wp-json\/wp\/v2\/posts\/126423\/revisions"}],"wp:featuredmedia":[{"embeddable":true,"href":"https:\/\/all-car-news.com\/de\/wp-json\/wp\/v2\/media\/126225"}],"wp:attachment":[{"href":"https:\/\/all-car-news.com\/de\/wp-json\/wp\/v2\/media?parent=126423"}],"wp:term":[{"taxonomy":"category","embeddable":true,"href":"https:\/\/all-car-news.com\/de\/wp-json\/wp\/v2\/categories?post=126423"},{"taxonomy":"post_tag","embeddable":true,"href":"https:\/\/all-car-news.com\/de\/wp-json\/wp\/v2\/tags?post=126423"}],"curies":[{"name":"wp","href":"https:\/\/api.w.org\/{rel}","templated":true}]}}