{"id":126391,"date":"2022-11-04T09:46:00","date_gmt":"2022-11-04T09:46:00","guid":{"rendered":"https:\/\/all-car-news.com\/neuer-bmw-m2-bereits-getunt-staerker-als-m3\/"},"modified":"2022-11-04T09:46:00","modified_gmt":"2022-11-04T09:46:00","slug":"neuer-bmw-m2-bereits-getunt-staerker-als-m3","status":"publish","type":"post","link":"https:\/\/all-car-news.com\/de\/neuer-bmw-m2-bereits-getunt-staerker-als-m3\/","title":{"rendered":"Neuer BMW M2 bereits getunt: St\u00e4rker als M3!"},"content":{"rendered":"<h2>Manhart MH2 560<\/h2>\n<p>Manhart ist kein Tuner, der sich speziell auf eine Marke konzentriert, sondern der Veredler nimmt sich vor allem der <a href=\"https:\/\/autorai.nl\/manhart-onthult-exclusieve-bmw-x3-m-met-635-pk\/\" target=\"_blank\" rel=\"noreferrer noopener\">M-Modelle von BMW<\/a> an. Jetzt ist ein Modell an der Reihe, das zum Zeitpunkt der Erstellung dieses Artikels noch nicht einmal im Showroom steht: <a href=\"https:\/\/autorai.nl\/nieuwe-bmw-m2-nederlandse-vanafprijs\/\" target=\"_blank\" rel=\"noreferrer noopener\">der neue BMW M2<\/a>.  <\/p>\n<p>Wir beginnen damit, die Zahl 560 f\u00fcr einen Moment zu interpretieren. So erh\u00e4lt der 3,0-Liter-Reihensechszylinder eine Leistungssteigerung von 460 PS auf 560 PS. Diese satten 100 PS mehr machen den MH2 560 deutlich st\u00e4rker als den <a href=\"https:\/\/autorai.nl\/autotest-bmw-m3-competition-2021\/\">M3 Competition<\/a> (510 PS) und \u00fcbertrumpfen sogar den M3 CSL (550 PS). Das Drehmoment ist mit 650 Nm \u00fcbrigens auch recht gut. Der Weg zu dieser zus\u00e4tzlichen Leistung ist relativ einfach: Manhart modifiziert die Software und baut eine Edelstahl-Auspuffanlage mit Ventilen ein. Es ist noch nicht klar, wie sich diese Leistungssteigerung auf die Leistung des M2 auswirken wird.<\/p>\n<figure class=\"wp-block-image size-content\"><img decoding=\"async\" loading=\"lazy\" width=\"1140\" height=\"642\" src=\"https:\/\/autorai.nl\/wp-content\/uploads\/2022\/11\/MANHART-MH2-560-G87-Renders-Website-2-1-1140x642.jpg\" alt=\"Manhart MH2 560\" class=\"wp-image-136928\"><\/figure>\n<h2>Noch weniger subtil<\/h2>\n<p>Wo es dem Standard-M2 schon an Subtilit\u00e4t mangelt, setzt der MH2 560 noch einen drauf. Das schwarz-goldene Farbschema sticht sofort ins Auge, aber auch die Kohlefaserteile, die Manhart an die Karosserie des M2 schraubt. Das Aerodynamikpaket besteht aus einer Sto\u00dff\u00e4ngerlippe, einem Heckspoiler, Seitenschwellern und zus\u00e4tzlichen Luftschlitzen hinter den vorderen und hinteren Kotfl\u00fcgeln. Damit ist Manharts Kit ziemlich identisch mit den M Performance Teilen, die BMW selbst bereits f\u00fcr den M2 anbietet.<\/p>\n<p>Am Heck f\u00e4llt die Nebelschlussleuchte im F1-Stil auf, die in der Mitte des Diffusors platziert ist. Der MH2 560 steht auf mattschwarzen Manhart Concave One&#8220;-R\u00e4dern mit goldenen Zierleisten, w\u00e4hrend der M2 dank eines Tieferlegungssatzes f\u00fcr das Fahrwerk etwas n\u00e4her am Asphalt liegt.<\/p>\n<h2>Preis Manhart MH2 560<\/h2>\n<p>Der Preis des MH2 560 ist noch nicht bekannt, aber <a href=\"https:\/\/manhart-performance.de\/manhart-mh2-560-furchtlos-gewagt\/\" target=\"_blank\" rel=\"noreferrer noopener\">auf Anfrage erh\u00e4ltlich<\/a>. Alles in allem wird er nicht billig sein, denn der Startpreis des M2 in den Niederlanden wurde bereits auf \u00fcber 113.000 Euro festgesetzt.<\/p>\n<div class=\"galery galery-0\">\n<figure>\n\t\t\t\t\t<span style=\"cursor: pointer\" data-src=\"https:\/\/autorai.nl\/wp-content\/uploads\/2022\/11\/MANHART-MH2-560-G87-Renders-Website-1-1-1600x901.jpg\" data-fancybox=\"galery-0\" title=\"\"><br \/>\n\t\t\t\t\t\t\t<img decoding=\"async\" width=\"360\" height=\"270\" src=\"https:\/\/autorai.nl\/wp-content\/uploads\/2022\/11\/MANHART-MH2-560-G87-Renders-Website-1-1-360x270.jpg\" class=\"attachment-small size-small\" alt=\"\" loading=\"lazy\"><i class=\"fa fa-search-plus\" aria-hidden=\"true\"><\/i><br \/>\n\t\t\t\t\t\t<\/span><br \/>\n\t\t\t\t\t<\/figure>\n<figure>\n\t\t\t\t\t<span style=\"cursor: pointer\" data-src=\"https:\/\/autorai.nl\/wp-content\/uploads\/2022\/11\/MANHART-MH2-560-G87-Renders-Website-2-1-1600x901.jpg\" data-fancybox=\"galery-0\" title=\"\"><br \/>\n\t\t\t\t\t\t\t<img decoding=\"async\" width=\"360\" height=\"270\" src=\"https:\/\/autorai.nl\/wp-content\/uploads\/2022\/11\/MANHART-MH2-560-G87-Renders-Website-2-1-360x270.jpg\" class=\"attachment-small size-small\" alt=\"\" loading=\"lazy\"><i class=\"fa fa-search-plus\" aria-hidden=\"true\"><\/i><br \/>\n\t\t\t\t\t\t<\/span><br \/>\n\t\t\t\t\t<\/figure>\n<div class=\"clear\"><\/div>\n<\/div>\n","protected":false},"excerpt":{"rendered":"Manhart MH2 560 Manhart ist kein Tuner, der sich speziell auf eine Marke konzentriert, sondern der Veredler nimmt sich vor&hellip;","protected":false},"author":0,"featured_media":126158,"comment_status":"open","ping_status":"open","sticky":false,"template":"","format":"standard","meta":{"footnotes":""},"categories":[125],"tags":[],"class_list":["post-126391","post","type-post","status-publish","format-standard","has-post-thumbnail","hentry","category-auto-nachrichten"],"acf":[],"yoast_head":"<!-- This site is optimized with the Yoast SEO plugin v21.2 - https:\/\/yoast.com\/wordpress\/plugins\/seo\/ -->\n<title>Neuer BMW M2 bereits getunt: St\u00e4rker als M3! - All cars news<\/title>\n<meta name=\"robots\" content=\"index, follow, max-snippet:-1, max-image-preview:large, max-video-preview:-1\" \/>\n<link rel=\"canonical\" href=\"https:\/\/all-car-news.com\/de\/neuer-bmw-m2-bereits-getunt-staerker-als-m3\/\" \/>\n<meta property=\"og:locale\" content=\"de_DE\" \/>\n<meta property=\"og:type\" content=\"article\" \/>\n<meta property=\"og:title\" content=\"Neuer BMW M2 bereits getunt: St\u00e4rker als M3! - All cars news\" \/>\n<meta property=\"og:description\" content=\"Manhart MH2 560 Manhart ist kein Tuner, der sich speziell auf eine Marke konzentriert, sondern der Veredler nimmt sich vor allem der M-Modelle von BMW an. Jetzt ist ein Modell an der Reihe, das zum Zeitpunkt der Erstellung dieses Artikels noch nicht einmal im Showroom steht: der neue BMW M2. Wir beginnen mit einer kurzen Interpretation von [...]\" \/>\n<meta property=\"og:url\" content=\"https:\/\/all-car-news.com\/de\/neuer-bmw-m2-bereits-getunt-staerker-als-m3\/\" \/>\n<meta property=\"og:site_name\" content=\"All cars news\" \/>\n<meta property=\"article:published_time\" content=\"2022-11-04T09:46:00+00:00\" \/>\n<meta property=\"og:image\" content=\"https:\/\/autorai.nl\/wp-content\/uploads\/2022\/11\/MANHART-MH2-560-G87-Renders-Website-2-1-1140x642.jpg\" \/>\n<meta name=\"twitter:card\" content=\"summary_large_image\" \/>\n<meta name=\"twitter:label1\" content=\"Gesch\u00e4tzte Lesezeit\" \/>\n\t<meta name=\"twitter:data1\" content=\"2\u00a0Minuten\" \/>\n<script type=\"application\/ld+json\" class=\"yoast-schema-graph\">{\"@context\":\"https:\/\/schema.org\",\"@graph\":[{\"@type\":\"Article\",\"@id\":\"https:\/\/all-car-news.com\/de\/neuer-bmw-m2-bereits-getunt-staerker-als-m3\/#article\",\"isPartOf\":{\"@id\":\"https:\/\/all-car-news.com\/de\/neuer-bmw-m2-bereits-getunt-staerker-als-m3\/\"},\"author\":{\"name\":\"\",\"@id\":\"\"},\"headline\":\"Neuer BMW M2 bereits getunt: St\u00e4rker als M3!\",\"datePublished\":\"2022-11-04T09:46:00+00:00\",\"dateModified\":\"2022-11-04T09:46:00+00:00\",\"mainEntityOfPage\":{\"@id\":\"https:\/\/all-car-news.com\/de\/neuer-bmw-m2-bereits-getunt-staerker-als-m3\/\"},\"wordCount\":313,\"commentCount\":0,\"publisher\":{\"@id\":\"https:\/\/all-car-news.com\/de\/#organization\"},\"articleSection\":[\"Auto Nachrichten\"],\"inLanguage\":\"de\",\"potentialAction\":[{\"@type\":\"CommentAction\",\"name\":\"Comment\",\"target\":[\"https:\/\/all-car-news.com\/de\/neuer-bmw-m2-bereits-getunt-staerker-als-m3\/#respond\"]}]},{\"@type\":\"WebPage\",\"@id\":\"https:\/\/all-car-news.com\/de\/neuer-bmw-m2-bereits-getunt-staerker-als-m3\/\",\"url\":\"https:\/\/all-car-news.com\/de\/neuer-bmw-m2-bereits-getunt-staerker-als-m3\/\",\"name\":\"Neuer BMW M2 bereits getunt: St\u00e4rker als M3! - All cars news\",\"isPartOf\":{\"@id\":\"https:\/\/all-car-news.com\/de\/#website\"},\"datePublished\":\"2022-11-04T09:46:00+00:00\",\"dateModified\":\"2022-11-04T09:46:00+00:00\",\"breadcrumb\":{\"@id\":\"https:\/\/all-car-news.com\/de\/neuer-bmw-m2-bereits-getunt-staerker-als-m3\/#breadcrumb\"},\"inLanguage\":\"de\",\"potentialAction\":[{\"@type\":\"ReadAction\",\"target\":[\"https:\/\/all-car-news.com\/de\/neuer-bmw-m2-bereits-getunt-staerker-als-m3\/\"]}]},{\"@type\":\"BreadcrumbList\",\"@id\":\"https:\/\/all-car-news.com\/de\/neuer-bmw-m2-bereits-getunt-staerker-als-m3\/#breadcrumb\",\"itemListElement\":[{\"@type\":\"ListItem\",\"position\":1,\"name\":\"Home\",\"item\":\"https:\/\/all-car-news.com\/de\/\"},{\"@type\":\"ListItem\",\"position\":2,\"name\":\"Neuer BMW M2 bereits getunt: St\u00e4rker als M3!\"}]},{\"@type\":\"WebSite\",\"@id\":\"https:\/\/all-car-news.com\/de\/#website\",\"url\":\"https:\/\/all-car-news.com\/de\/\",\"name\":\"All cars news\",\"description\":\"\",\"publisher\":{\"@id\":\"https:\/\/all-car-news.com\/de\/#organization\"},\"potentialAction\":[{\"@type\":\"SearchAction\",\"target\":{\"@type\":\"EntryPoint\",\"urlTemplate\":\"https:\/\/all-car-news.com\/de\/?s={search_term_string}\"},\"query-input\":\"required name=search_term_string\"}],\"inLanguage\":\"de\"},{\"@type\":\"Organization\",\"@id\":\"https:\/\/all-car-news.com\/de\/#organization\",\"name\":\"All cars news\",\"url\":\"https:\/\/all-car-news.com\/de\/\",\"logo\":{\"@type\":\"ImageObject\",\"inLanguage\":\"de\",\"@id\":\"https:\/\/all-car-news.com\/de\/#\/schema\/logo\/image\/\",\"url\":\"https:\/\/all-car-news.com\/wp-content\/uploads\/2022\/02\/CMYK-AllCarNews_LANDSCAPE_300px-1.png\",\"contentUrl\":\"https:\/\/all-car-news.com\/wp-content\/uploads\/2022\/02\/CMYK-AllCarNews_LANDSCAPE_300px-1.png\",\"width\":300,\"height\":100,\"caption\":\"All cars news\"},\"image\":{\"@id\":\"https:\/\/all-car-news.com\/de\/#\/schema\/logo\/image\/\"}}]}<\/script>\n<!-- \/ Yoast SEO plugin. -->","yoast_head_json":{"title":"Neuer BMW M2 bereits getunt: St\u00e4rker als M3! - All cars news","robots":{"index":"index","follow":"follow","max-snippet":"max-snippet:-1","max-image-preview":"max-image-preview:large","max-video-preview":"max-video-preview:-1"},"canonical":"https:\/\/all-car-news.com\/de\/neuer-bmw-m2-bereits-getunt-staerker-als-m3\/","og_locale":"de_DE","og_type":"article","og_title":"Neuer BMW M2 bereits getunt: St\u00e4rker als M3! - All cars news","og_description":"Manhart MH2 560 Manhart ist kein Tuner, der sich speziell auf eine Marke konzentriert, sondern der Veredler nimmt sich vor allem der M-Modelle von BMW an. Jetzt ist ein Modell an der Reihe, das zum Zeitpunkt der Erstellung dieses Artikels noch nicht einmal im Showroom steht: der neue BMW M2. Wir beginnen mit einer kurzen Interpretation von [...]","og_url":"https:\/\/all-car-news.com\/de\/neuer-bmw-m2-bereits-getunt-staerker-als-m3\/","og_site_name":"All cars news","article_published_time":"2022-11-04T09:46:00+00:00","og_image":[{"url":"https:\/\/autorai.nl\/wp-content\/uploads\/2022\/11\/MANHART-MH2-560-G87-Renders-Website-2-1-1140x642.jpg"}],"twitter_card":"summary_large_image","twitter_misc":{"Gesch\u00e4tzte Lesezeit":"2\u00a0Minuten"},"schema":{"@context":"https:\/\/schema.org","@graph":[{"@type":"Article","@id":"https:\/\/all-car-news.com\/de\/neuer-bmw-m2-bereits-getunt-staerker-als-m3\/#article","isPartOf":{"@id":"https:\/\/all-car-news.com\/de\/neuer-bmw-m2-bereits-getunt-staerker-als-m3\/"},"author":{"name":"","@id":""},"headline":"Neuer BMW M2 bereits getunt: St\u00e4rker als M3!","datePublished":"2022-11-04T09:46:00+00:00","dateModified":"2022-11-04T09:46:00+00:00","mainEntityOfPage":{"@id":"https:\/\/all-car-news.com\/de\/neuer-bmw-m2-bereits-getunt-staerker-als-m3\/"},"wordCount":313,"commentCount":0,"publisher":{"@id":"https:\/\/all-car-news.com\/de\/#organization"},"articleSection":["Auto Nachrichten"],"inLanguage":"de","potentialAction":[{"@type":"CommentAction","name":"Comment","target":["https:\/\/all-car-news.com\/de\/neuer-bmw-m2-bereits-getunt-staerker-als-m3\/#respond"]}]},{"@type":"WebPage","@id":"https:\/\/all-car-news.com\/de\/neuer-bmw-m2-bereits-getunt-staerker-als-m3\/","url":"https:\/\/all-car-news.com\/de\/neuer-bmw-m2-bereits-getunt-staerker-als-m3\/","name":"Neuer BMW M2 bereits getunt: St\u00e4rker als M3! - All cars news","isPartOf":{"@id":"https:\/\/all-car-news.com\/de\/#website"},"datePublished":"2022-11-04T09:46:00+00:00","dateModified":"2022-11-04T09:46:00+00:00","breadcrumb":{"@id":"https:\/\/all-car-news.com\/de\/neuer-bmw-m2-bereits-getunt-staerker-als-m3\/#breadcrumb"},"inLanguage":"de","potentialAction":[{"@type":"ReadAction","target":["https:\/\/all-car-news.com\/de\/neuer-bmw-m2-bereits-getunt-staerker-als-m3\/"]}]},{"@type":"BreadcrumbList","@id":"https:\/\/all-car-news.com\/de\/neuer-bmw-m2-bereits-getunt-staerker-als-m3\/#breadcrumb","itemListElement":[{"@type":"ListItem","position":1,"name":"Home","item":"https:\/\/all-car-news.com\/de\/"},{"@type":"ListItem","position":2,"name":"Neuer BMW M2 bereits getunt: St\u00e4rker als M3!"}]},{"@type":"WebSite","@id":"https:\/\/all-car-news.com\/de\/#website","url":"https:\/\/all-car-news.com\/de\/","name":"All cars news","description":"","publisher":{"@id":"https:\/\/all-car-news.com\/de\/#organization"},"potentialAction":[{"@type":"SearchAction","target":{"@type":"EntryPoint","urlTemplate":"https:\/\/all-car-news.com\/de\/?s={search_term_string}"},"query-input":"required name=search_term_string"}],"inLanguage":"de"},{"@type":"Organization","@id":"https:\/\/all-car-news.com\/de\/#organization","name":"All cars news","url":"https:\/\/all-car-news.com\/de\/","logo":{"@type":"ImageObject","inLanguage":"de","@id":"https:\/\/all-car-news.com\/de\/#\/schema\/logo\/image\/","url":"https:\/\/all-car-news.com\/wp-content\/uploads\/2022\/02\/CMYK-AllCarNews_LANDSCAPE_300px-1.png","contentUrl":"https:\/\/all-car-news.com\/wp-content\/uploads\/2022\/02\/CMYK-AllCarNews_LANDSCAPE_300px-1.png","width":300,"height":100,"caption":"All cars news"},"image":{"@id":"https:\/\/all-car-news.com\/de\/#\/schema\/logo\/image\/"}}]}},"_links":{"self":[{"href":"https:\/\/all-car-news.com\/de\/wp-json\/wp\/v2\/posts\/126391","targetHints":{"allow":["GET"]}}],"collection":[{"href":"https:\/\/all-car-news.com\/de\/wp-json\/wp\/v2\/posts"}],"about":[{"href":"https:\/\/all-car-news.com\/de\/wp-json\/wp\/v2\/types\/post"}],"replies":[{"embeddable":true,"href":"https:\/\/all-car-news.com\/de\/wp-json\/wp\/v2\/comments?post=126391"}],"version-history":[{"count":0,"href":"https:\/\/all-car-news.com\/de\/wp-json\/wp\/v2\/posts\/126391\/revisions"}],"wp:featuredmedia":[{"embeddable":true,"href":"https:\/\/all-car-news.com\/de\/wp-json\/wp\/v2\/media\/126158"}],"wp:attachment":[{"href":"https:\/\/all-car-news.com\/de\/wp-json\/wp\/v2\/media?parent=126391"}],"wp:term":[{"taxonomy":"category","embeddable":true,"href":"https:\/\/all-car-news.com\/de\/wp-json\/wp\/v2\/categories?post=126391"},{"taxonomy":"post_tag","embeddable":true,"href":"https:\/\/all-car-news.com\/de\/wp-json\/wp\/v2\/tags?post=126391"}],"curies":[{"name":"wp","href":"https:\/\/api.w.org\/{rel}","templated":true}]}}