{"id":125851,"date":"2022-10-28T17:32:00","date_gmt":"2022-10-28T17:32:00","guid":{"rendered":"https:\/\/all-car-news.com\/das-ende-der-geschichte-fuer-seat-nein-der-vw-konzern-denkt-er-hat-die-loesung\/"},"modified":"2022-10-28T17:32:00","modified_gmt":"2022-10-28T17:32:00","slug":"das-ende-der-geschichte-fuer-seat-nein-der-vw-konzern-denkt-er-hat-die-loesung","status":"publish","type":"post","link":"https:\/\/all-car-news.com\/de\/das-ende-der-geschichte-fuer-seat-nein-der-vw-konzern-denkt-er-hat-die-loesung\/","title":{"rendered":"Das Ende der Geschichte f\u00fcr SEAT? Nein, der VW-Konzern denkt, er hat die L\u00f6sung"},"content":{"rendered":"<h2>SEAT hat eine Zukunft!<\/h2>\n<p>Bei Marken wie Volkswagen, Skoda, Audi und sogar Porsche gibt es ein Feuerwerk. Die Marken bringen regelm\u00e4\u00dfig neue Modelle auf den Markt. Bei SEAT liegt der Fall anders. Seit der Trennung von Cupra &#8211; jetzt eine eigenst\u00e4ndige Marke innerhalb des Volkswagen-Konzerns &#8211; hat es bei SEAT wenig Neues gegeben. Doch SEAT ist noch nicht abgeschrieben. Die Marke hat eine Zukunft. Und SEAT geht es gar nicht so schlecht.<\/p>\n<h2>SEAT SUVs sind gefragt<\/h2>\n<p>Vorhin haben Sie auf dieser Website einen Artikel dar\u00fcber gelesen, dass <a href=\"https:\/\/autorai.nl\/seat-scoort-met-suvs-maar-toekomst-is-onzeker\/\">SEAT seinen einmillionsten SUV produziert hat<\/a>, nur sechs Jahre nach der Einf\u00fchrung des ersten Modells. Im Jahr 2021 machten SEAT Arona, Ateca und Tarraco mit 192.100 Einheiten bereits 49% der weltweiten SEAT Verk\u00e4ufe aus, wobei der Arona der absolute Bestseller im SUV-Sortiment von SEAT ist. Trotz des Erfolgs der SEAT SUVs gehen die Verkaufszahlen der Marke zur\u00fcck. Das liegt auch daran, dass die Marke dem Vormarsch des Volkswagen-Konzerns in Sachen Elektrofahrzeuge hinterherhinkt.<\/p>\n<figure class=\"wp-block-image size-content\"><img decoding=\"async\" loading=\"lazy\" width=\"1140\" height=\"641\" src=\"https:\/\/autorai.nl\/wp-content\/uploads\/2022\/10\/suvseat6-1140x641.jpg\" alt=\"SEAT SUV-Reihe\" class=\"wp-image-134921\"><\/figure>\n<h2>Die Neuerfindung von SEAT<\/h2>\n<p>Der Cupra hat diese Rolle gewisserma\u00dfen von SEAT \u00fcbernommen. Thomas Sch\u00e4fer sagt in einem Interview mit British <a href=\"https:\/\/www.autocar.co.uk\/car-news\/new-cars\/%E2%80%9Cwe-are-not-killing-seat%E2%80%9D-says-brand-chairman\" target=\"_blank\" rel=\"noreferrer noopener\">Autocar<\/a>  die folgenden: &#8222;Der Cupra ist die Zukunft von SEAT. Der Cupra ist die Neuerfindung von SEAT und geht viel schneller zur Elektrifizierung \u00fcber. Wir arbeiten noch an einem Plan f\u00fcr SEAT. Im Moment ist bis 2028 oder 2029 alles in Ordnung. SEAT ist vor allem eine Einsteigermarke f\u00fcr junge Kunden. Die Marke ist in Europa, insbesondere in Spanien, Gro\u00dfbritannien und \u00d6sterreich, sehr beliebt&#8220;.  <\/p>\n<h2>SEAT als Mobilit\u00e4tsmarke<\/h2>\n<p>Sch\u00f6n, aber was ist dann der Plan f\u00fcr SEAT? Nach Ansicht von Sch\u00e4fer sollten wir uns mehr in Richtung einer Mobilit\u00e4tsmarke orientieren. Daher liegt der Schwerpunkt nicht nur auf Autos, sondern auch auf anderen Produkten, wie z. B. Elektrorollern (Mo 125). Auch andere Produkte sind von Interesse, wie zum Beispiel der Minimo, ein vollelektrisches, kompaktes Stadtfahrzeug. Auf diese Weise ist SEAT innerhalb des Volkswagen-Konzerns immer noch einzigartig, ohne sich mit Marken wie Skoda zu messen.<\/p>\n<h2>Cupra ist noch kein Volumenplayer<\/h2>\n<p>Im Moment, so Sch\u00e4fer, ist Cupra &#8222;kein Volumenplayer&#8220;, aber die Marke hat &#8222;eine scharfe Positionierung&#8220; innerhalb der Gruppe, die vor allem f\u00fcr j\u00fcngere K\u00e4ufer attraktiv ist.<\/p>\n","protected":false},"excerpt":{"rendered":"SEAT hat eine Zukunft! Mit Marken wie Volkswagen, Skoda, Audi und sogar Porsche gibt es ein Feuerwerk. Die Marken bringen&hellip;","protected":false},"author":0,"featured_media":125837,"comment_status":"open","ping_status":"open","sticky":false,"template":"","format":"standard","meta":{"footnotes":""},"categories":[125,128,217],"tags":[],"class_list":["post-125851","post","type-post","status-publish","format-standard","has-post-thumbnail","hentry","category-auto-nachrichten","category-hintergrund","category-interview-de"],"acf":[],"yoast_head":"<!-- This site is optimized with the Yoast SEO plugin v21.2 - https:\/\/yoast.com\/wordpress\/plugins\/seo\/ -->\n<title>Das Ende der Geschichte f\u00fcr SEAT? Nein, der VW-Konzern denkt, er hat die L\u00f6sung - All cars news<\/title>\n<meta name=\"robots\" content=\"index, follow, max-snippet:-1, max-image-preview:large, max-video-preview:-1\" \/>\n<link rel=\"canonical\" href=\"https:\/\/all-car-news.com\/de\/das-ende-der-geschichte-fuer-seat-nein-der-vw-konzern-denkt-er-hat-die-loesung\/\" \/>\n<meta property=\"og:locale\" content=\"de_DE\" \/>\n<meta property=\"og:type\" content=\"article\" \/>\n<meta property=\"og:title\" content=\"Das Ende der Geschichte f\u00fcr SEAT? Nein, der VW-Konzern denkt, er hat die L\u00f6sung - All cars news\" \/>\n<meta property=\"og:description\" content=\"SEAT hat eine Zukunft! Mit Marken wie Volkswagen, Skoda, Audi und sogar Porsche gibt es ein Feuerwerk. Die Marken bringen regelm\u00e4\u00dfig neue Modelle auf den Markt. Bei SEAT liegt der Fall anders. Seit der Trennung von Cupra - jetzt eine eigenst\u00e4ndige Marke innerhalb des Volkswagen-Konzerns - hat es bei SEAT wenig Neues gegeben. \u2020\" \/>\n<meta property=\"og:url\" content=\"https:\/\/all-car-news.com\/de\/das-ende-der-geschichte-fuer-seat-nein-der-vw-konzern-denkt-er-hat-die-loesung\/\" \/>\n<meta property=\"og:site_name\" content=\"All cars news\" \/>\n<meta property=\"article:published_time\" content=\"2022-10-28T17:32:00+00:00\" \/>\n<meta property=\"og:image\" content=\"https:\/\/autorai.nl\/wp-content\/uploads\/2022\/10\/suvseat6-1140x641.jpg\" \/>\n<meta name=\"twitter:card\" content=\"summary_large_image\" \/>\n<meta name=\"twitter:label1\" content=\"Gesch\u00e4tzte Lesezeit\" \/>\n\t<meta name=\"twitter:data1\" content=\"2\u00a0Minuten\" \/>\n<script type=\"application\/ld+json\" class=\"yoast-schema-graph\">{\"@context\":\"https:\/\/schema.org\",\"@graph\":[{\"@type\":\"Article\",\"@id\":\"https:\/\/all-car-news.com\/de\/das-ende-der-geschichte-fuer-seat-nein-der-vw-konzern-denkt-er-hat-die-loesung\/#article\",\"isPartOf\":{\"@id\":\"https:\/\/all-car-news.com\/de\/das-ende-der-geschichte-fuer-seat-nein-der-vw-konzern-denkt-er-hat-die-loesung\/\"},\"author\":{\"name\":\"\",\"@id\":\"\"},\"headline\":\"Das Ende der Geschichte f\u00fcr SEAT? Nein, der VW-Konzern denkt, er hat die L\u00f6sung\",\"datePublished\":\"2022-10-28T17:32:00+00:00\",\"dateModified\":\"2022-10-28T17:32:00+00:00\",\"mainEntityOfPage\":{\"@id\":\"https:\/\/all-car-news.com\/de\/das-ende-der-geschichte-fuer-seat-nein-der-vw-konzern-denkt-er-hat-die-loesung\/\"},\"wordCount\":383,\"commentCount\":0,\"publisher\":{\"@id\":\"https:\/\/all-car-news.com\/de\/#organization\"},\"articleSection\":[\"Auto Nachrichten\",\"Hintergrund\",\"Interview\"],\"inLanguage\":\"de\",\"potentialAction\":[{\"@type\":\"CommentAction\",\"name\":\"Comment\",\"target\":[\"https:\/\/all-car-news.com\/de\/das-ende-der-geschichte-fuer-seat-nein-der-vw-konzern-denkt-er-hat-die-loesung\/#respond\"]}]},{\"@type\":\"WebPage\",\"@id\":\"https:\/\/all-car-news.com\/de\/das-ende-der-geschichte-fuer-seat-nein-der-vw-konzern-denkt-er-hat-die-loesung\/\",\"url\":\"https:\/\/all-car-news.com\/de\/das-ende-der-geschichte-fuer-seat-nein-der-vw-konzern-denkt-er-hat-die-loesung\/\",\"name\":\"Das Ende der Geschichte f\u00fcr SEAT? Nein, der VW-Konzern denkt, er hat die L\u00f6sung - All cars news\",\"isPartOf\":{\"@id\":\"https:\/\/all-car-news.com\/de\/#website\"},\"datePublished\":\"2022-10-28T17:32:00+00:00\",\"dateModified\":\"2022-10-28T17:32:00+00:00\",\"breadcrumb\":{\"@id\":\"https:\/\/all-car-news.com\/de\/das-ende-der-geschichte-fuer-seat-nein-der-vw-konzern-denkt-er-hat-die-loesung\/#breadcrumb\"},\"inLanguage\":\"de\",\"potentialAction\":[{\"@type\":\"ReadAction\",\"target\":[\"https:\/\/all-car-news.com\/de\/das-ende-der-geschichte-fuer-seat-nein-der-vw-konzern-denkt-er-hat-die-loesung\/\"]}]},{\"@type\":\"BreadcrumbList\",\"@id\":\"https:\/\/all-car-news.com\/de\/das-ende-der-geschichte-fuer-seat-nein-der-vw-konzern-denkt-er-hat-die-loesung\/#breadcrumb\",\"itemListElement\":[{\"@type\":\"ListItem\",\"position\":1,\"name\":\"Home\",\"item\":\"https:\/\/all-car-news.com\/de\/\"},{\"@type\":\"ListItem\",\"position\":2,\"name\":\"Das Ende der Geschichte f\u00fcr SEAT? Nein, der VW-Konzern denkt, er hat die L\u00f6sung\"}]},{\"@type\":\"WebSite\",\"@id\":\"https:\/\/all-car-news.com\/de\/#website\",\"url\":\"https:\/\/all-car-news.com\/de\/\",\"name\":\"All cars news\",\"description\":\"\",\"publisher\":{\"@id\":\"https:\/\/all-car-news.com\/de\/#organization\"},\"potentialAction\":[{\"@type\":\"SearchAction\",\"target\":{\"@type\":\"EntryPoint\",\"urlTemplate\":\"https:\/\/all-car-news.com\/de\/?s={search_term_string}\"},\"query-input\":\"required name=search_term_string\"}],\"inLanguage\":\"de\"},{\"@type\":\"Organization\",\"@id\":\"https:\/\/all-car-news.com\/de\/#organization\",\"name\":\"All cars news\",\"url\":\"https:\/\/all-car-news.com\/de\/\",\"logo\":{\"@type\":\"ImageObject\",\"inLanguage\":\"de\",\"@id\":\"https:\/\/all-car-news.com\/de\/#\/schema\/logo\/image\/\",\"url\":\"https:\/\/all-car-news.com\/wp-content\/uploads\/2022\/02\/CMYK-AllCarNews_LANDSCAPE_300px-1.png\",\"contentUrl\":\"https:\/\/all-car-news.com\/wp-content\/uploads\/2022\/02\/CMYK-AllCarNews_LANDSCAPE_300px-1.png\",\"width\":300,\"height\":100,\"caption\":\"All cars news\"},\"image\":{\"@id\":\"https:\/\/all-car-news.com\/de\/#\/schema\/logo\/image\/\"}}]}<\/script>\n<!-- \/ Yoast SEO plugin. -->","yoast_head_json":{"title":"Das Ende der Geschichte f\u00fcr SEAT? Nein, der VW-Konzern denkt, er hat die L\u00f6sung - All cars news","robots":{"index":"index","follow":"follow","max-snippet":"max-snippet:-1","max-image-preview":"max-image-preview:large","max-video-preview":"max-video-preview:-1"},"canonical":"https:\/\/all-car-news.com\/de\/das-ende-der-geschichte-fuer-seat-nein-der-vw-konzern-denkt-er-hat-die-loesung\/","og_locale":"de_DE","og_type":"article","og_title":"Das Ende der Geschichte f\u00fcr SEAT? Nein, der VW-Konzern denkt, er hat die L\u00f6sung - All cars news","og_description":"SEAT hat eine Zukunft! Mit Marken wie Volkswagen, Skoda, Audi und sogar Porsche gibt es ein Feuerwerk. Die Marken bringen regelm\u00e4\u00dfig neue Modelle auf den Markt. Bei SEAT liegt der Fall anders. Seit der Trennung von Cupra - jetzt eine eigenst\u00e4ndige Marke innerhalb des Volkswagen-Konzerns - hat es bei SEAT wenig Neues gegeben. \u2020","og_url":"https:\/\/all-car-news.com\/de\/das-ende-der-geschichte-fuer-seat-nein-der-vw-konzern-denkt-er-hat-die-loesung\/","og_site_name":"All cars news","article_published_time":"2022-10-28T17:32:00+00:00","og_image":[{"url":"https:\/\/autorai.nl\/wp-content\/uploads\/2022\/10\/suvseat6-1140x641.jpg"}],"twitter_card":"summary_large_image","twitter_misc":{"Gesch\u00e4tzte Lesezeit":"2\u00a0Minuten"},"schema":{"@context":"https:\/\/schema.org","@graph":[{"@type":"Article","@id":"https:\/\/all-car-news.com\/de\/das-ende-der-geschichte-fuer-seat-nein-der-vw-konzern-denkt-er-hat-die-loesung\/#article","isPartOf":{"@id":"https:\/\/all-car-news.com\/de\/das-ende-der-geschichte-fuer-seat-nein-der-vw-konzern-denkt-er-hat-die-loesung\/"},"author":{"name":"","@id":""},"headline":"Das Ende der Geschichte f\u00fcr SEAT? Nein, der VW-Konzern denkt, er hat die L\u00f6sung","datePublished":"2022-10-28T17:32:00+00:00","dateModified":"2022-10-28T17:32:00+00:00","mainEntityOfPage":{"@id":"https:\/\/all-car-news.com\/de\/das-ende-der-geschichte-fuer-seat-nein-der-vw-konzern-denkt-er-hat-die-loesung\/"},"wordCount":383,"commentCount":0,"publisher":{"@id":"https:\/\/all-car-news.com\/de\/#organization"},"articleSection":["Auto Nachrichten","Hintergrund","Interview"],"inLanguage":"de","potentialAction":[{"@type":"CommentAction","name":"Comment","target":["https:\/\/all-car-news.com\/de\/das-ende-der-geschichte-fuer-seat-nein-der-vw-konzern-denkt-er-hat-die-loesung\/#respond"]}]},{"@type":"WebPage","@id":"https:\/\/all-car-news.com\/de\/das-ende-der-geschichte-fuer-seat-nein-der-vw-konzern-denkt-er-hat-die-loesung\/","url":"https:\/\/all-car-news.com\/de\/das-ende-der-geschichte-fuer-seat-nein-der-vw-konzern-denkt-er-hat-die-loesung\/","name":"Das Ende der Geschichte f\u00fcr SEAT? Nein, der VW-Konzern denkt, er hat die L\u00f6sung - All cars news","isPartOf":{"@id":"https:\/\/all-car-news.com\/de\/#website"},"datePublished":"2022-10-28T17:32:00+00:00","dateModified":"2022-10-28T17:32:00+00:00","breadcrumb":{"@id":"https:\/\/all-car-news.com\/de\/das-ende-der-geschichte-fuer-seat-nein-der-vw-konzern-denkt-er-hat-die-loesung\/#breadcrumb"},"inLanguage":"de","potentialAction":[{"@type":"ReadAction","target":["https:\/\/all-car-news.com\/de\/das-ende-der-geschichte-fuer-seat-nein-der-vw-konzern-denkt-er-hat-die-loesung\/"]}]},{"@type":"BreadcrumbList","@id":"https:\/\/all-car-news.com\/de\/das-ende-der-geschichte-fuer-seat-nein-der-vw-konzern-denkt-er-hat-die-loesung\/#breadcrumb","itemListElement":[{"@type":"ListItem","position":1,"name":"Home","item":"https:\/\/all-car-news.com\/de\/"},{"@type":"ListItem","position":2,"name":"Das Ende der Geschichte f\u00fcr SEAT? Nein, der VW-Konzern denkt, er hat die L\u00f6sung"}]},{"@type":"WebSite","@id":"https:\/\/all-car-news.com\/de\/#website","url":"https:\/\/all-car-news.com\/de\/","name":"All cars news","description":"","publisher":{"@id":"https:\/\/all-car-news.com\/de\/#organization"},"potentialAction":[{"@type":"SearchAction","target":{"@type":"EntryPoint","urlTemplate":"https:\/\/all-car-news.com\/de\/?s={search_term_string}"},"query-input":"required name=search_term_string"}],"inLanguage":"de"},{"@type":"Organization","@id":"https:\/\/all-car-news.com\/de\/#organization","name":"All cars news","url":"https:\/\/all-car-news.com\/de\/","logo":{"@type":"ImageObject","inLanguage":"de","@id":"https:\/\/all-car-news.com\/de\/#\/schema\/logo\/image\/","url":"https:\/\/all-car-news.com\/wp-content\/uploads\/2022\/02\/CMYK-AllCarNews_LANDSCAPE_300px-1.png","contentUrl":"https:\/\/all-car-news.com\/wp-content\/uploads\/2022\/02\/CMYK-AllCarNews_LANDSCAPE_300px-1.png","width":300,"height":100,"caption":"All cars news"},"image":{"@id":"https:\/\/all-car-news.com\/de\/#\/schema\/logo\/image\/"}}]}},"_links":{"self":[{"href":"https:\/\/all-car-news.com\/de\/wp-json\/wp\/v2\/posts\/125851","targetHints":{"allow":["GET"]}}],"collection":[{"href":"https:\/\/all-car-news.com\/de\/wp-json\/wp\/v2\/posts"}],"about":[{"href":"https:\/\/all-car-news.com\/de\/wp-json\/wp\/v2\/types\/post"}],"replies":[{"embeddable":true,"href":"https:\/\/all-car-news.com\/de\/wp-json\/wp\/v2\/comments?post=125851"}],"version-history":[{"count":0,"href":"https:\/\/all-car-news.com\/de\/wp-json\/wp\/v2\/posts\/125851\/revisions"}],"wp:featuredmedia":[{"embeddable":true,"href":"https:\/\/all-car-news.com\/de\/wp-json\/wp\/v2\/media\/125837"}],"wp:attachment":[{"href":"https:\/\/all-car-news.com\/de\/wp-json\/wp\/v2\/media?parent=125851"}],"wp:term":[{"taxonomy":"category","embeddable":true,"href":"https:\/\/all-car-news.com\/de\/wp-json\/wp\/v2\/categories?post=125851"},{"taxonomy":"post_tag","embeddable":true,"href":"https:\/\/all-car-news.com\/de\/wp-json\/wp\/v2\/tags?post=125851"}],"curies":[{"name":"wp","href":"https:\/\/api.w.org\/{rel}","templated":true}]}}