{"id":125585,"date":"2022-10-25T07:03:00","date_gmt":"2022-10-25T07:03:00","guid":{"rendered":"https:\/\/all-car-news.com\/ausbau-der-autobahn-a27-wie-ist-der-stand-der-dinge\/"},"modified":"2022-10-25T07:03:00","modified_gmt":"2022-10-25T07:03:00","slug":"ausbau-der-autobahn-a27-wie-ist-der-stand-der-dinge","status":"publish","type":"post","link":"https:\/\/all-car-news.com\/de\/ausbau-der-autobahn-a27-wie-ist-der-stand-der-dinge\/","title":{"rendered":"Ausbau der Autobahn A27, wie ist der Stand der Dinge?"},"content":{"rendered":"<h2>Autobahn A27: von Breda nach Almere<\/h2>\n<p>Die A27 f\u00fchrt vom Autobahnkreuz Sint Annabosch bei Breda nach Almere. Die Autobahn verbindet den n\u00f6rdlichen Teil der Randstad und die n\u00f6rdlichen Niederlande mit Nordbrabant und Belgien. Sie ist eine wichtige &#8222;Lebensader&#8220; der Niederlande, aber seit Jahren ist die A27 viel zu klein f\u00fcr den t\u00e4glichen Verkehr.<\/p>\n<h2>Verkehrsstaus, viele Staus<\/h2>\n<p>Auch im S\u00fcden bei Breda, vor allem aber zwischen Houten und dem Knotenpunkt Hooipolder, stehen Autofahrer h\u00e4ufig im Stau. Ein Eingreifen ist notwendig, um Staus zu reduzieren und den Schleichverkehr in der Region zu verringern. Denn wenn sich der Verkehr jetzt staut, werden die Leute massenhaft die Autobahn verlassen, um die Abk\u00fcrzung zu nehmen.<\/p>\n<blockquote class=\"wp-block-quote\">\n<p>&#8222;Im Laufe der Jahre wurde die A27 durch immer mehr und immer schwereren Verkehr stark belastet.<\/p>\n<p><cite>Rijkswaterstaat<\/cite><\/p><\/blockquote>\n<h2>Zeit zum Handeln<\/h2>\n<p>Nach <a href=\"https:\/\/www.rijkswaterstaat.nl\/wegen\/projectenoverzicht\/a27-verbreding-traject-houten-hooipolder\" target=\"_blank\" rel=\"noreferrer noopener\">Ansicht von Rijkswaterstaat<\/a> sollte dies nicht der Fall sein. Daher ist es an der Zeit zu handeln. Diese &#8222;Ma\u00dfnahme&#8220; wurde <a href=\"https:\/\/autorai.nl\/wegverbreding-a27-houten-hooipolder-een-stapje-dichterbij\/\">schon vor Jahren<\/a> angek\u00fcndigt, aber seither haben die Autofahrer kaum etwas von den Baustellen auf der A27 mitbekommen. Das liegt daran, dass die Vorbereitungsarbeiten und die Beantragung aller Genehmigungen viel Zeit in Anspruch nehmen. Es bleiben aber die Niederlande.<\/p>\n<figure class=\"wp-block-image size-content\"><img decoding=\"async\" loading=\"lazy\" width=\"1140\" height=\"713\" src=\"https:\/\/autorai.nl\/wp-content\/uploads\/2022\/10\/verbreding-A27-Houten-Hooipolder-2-1140x713.jpg\" alt=\"Verbreiterung der A27 Houten-Hooipolder\" class=\"wp-image-135541\"><\/figure>\n<h2>Verbreiterung der A27 auf 47 km L\u00e4nge<\/h2>\n<p>Der Beginn der Stra\u00dfenbauarbeiten ist f\u00fcr das Jahr 2023 vorgesehen. Insgesamt wird Rijkswaterstaat 47 Kilometer der A27 verbreitern. Es wird zus\u00e4tzliche Fahrspuren und Fahrstreifen f\u00fcr den Berufsverkehr geben. Au\u00dferdem wird das Autobahnkreuz Hooipolder umgebaut, und Rijkswaterstaat wird die meisten Br\u00fccken auf der Strecke renovieren oder ersetzen, n\u00e4mlich die Houtensebrug, die Hagesteinsebrug, die Merwedebrug und die Keizersveerbrug. Es werden auch Ma\u00dfnahmen ergriffen, um eine weitere Belastung der Lebensqualit\u00e4t in der Umgebung zu vermeiden und sie nach M\u00f6glichkeit zu verbessern.<\/p>\n<blockquote class=\"wp-block-quote\">\n<p>&#8222;Kreuzung Hooipolder in Angriff nehmen, 3 Br\u00fccken ersetzen, 1 bestehende Br\u00fccke verbreitern und eine Verbindung zum Gewerbegebiet Groote Haar schaffen. Auf diese Weise erneuern wir die Infrastruktur und verbessern den Verkehrsfluss, die Sicherheit und die Lebensqualit\u00e4t in diesem Gebiet f\u00fcr die n\u00e4chsten Jahrzehnte.<\/p>\n<p><cite>Rijkswaterstaat<\/cite><\/p><\/blockquote>\n<h2>Planung A27 fr\u00fchestens 2029 fertig<\/h2>\n<p>Es handelt sich um ein langfristiges Projekt, da die Er\u00f6ffnung des Autobahnkreuzes Hooipolder nicht vor 2026 geplant ist. Zwischen 2029 und 2031 wird der s\u00fcdliche Abschnitt, n\u00e4mlich Everdingen-Hooipolder, er\u00f6ffnet. Da die A27 eine der am st\u00e4rksten befahrenen Autobahnen der Niederlande ist, werden die Bauarbeiten zwangsl\u00e4ufig Auswirkungen auf den Verkehr haben. Autofahrer sollten sich also besser darauf einstellen, indem sie \u00f6fter von zu Hause aus arbeiten oder eine andere Strecke w\u00e4hlen, wenn sie wirklich m\u00fcssen.<\/p>\n<h2>Video: Verbreiterung der A27 Houten-Hooipolder<\/h2>\n<p>Erst im Jahr 2021 wurde das unten stehende Video ver\u00f6ffentlicht. Hinweis: Dieses Video \u00fcber die Verbreiterung der A27 Houten-Hooipolder gibt Hinweise auf die Planung, diese sind jedoch inzwischen veraltet. Die in diesem Artikel genannten Jahreszahlen entsprechen dem Stand zum Zeitpunkt der Ver\u00f6ffentlichung.<\/p>\n<\/p>\n<figure class=\"wp-block-embed is-type-video is-provider-youtube wp-block-embed-youtube wp-embed-aspect-16-9 wp-has-aspect-ratio\">\n<div class=\"wp-block-embed__wrapper\">\n<\/div>\n<\/figure>\n","protected":false},"excerpt":{"rendered":"Autobahn A27: von Breda nach Almere Die A27 f\u00fchrt vom Autobahnkreuz Sint Annabosch bei Breda nach Almere. Die Autobahn verbindet&hellip;","protected":false},"author":0,"featured_media":125551,"comment_status":"open","ping_status":"open","sticky":false,"template":"","format":"standard","meta":{"footnotes":""},"categories":[125,128],"tags":[],"class_list":["post-125585","post","type-post","status-publish","format-standard","has-post-thumbnail","hentry","category-auto-nachrichten","category-hintergrund"],"acf":[],"yoast_head":"<!-- This site is optimized with the Yoast SEO plugin v21.2 - https:\/\/yoast.com\/wordpress\/plugins\/seo\/ -->\n<title>Ausbau der Autobahn A27, wie ist der Stand der Dinge? - All cars news<\/title>\n<meta name=\"robots\" content=\"index, follow, max-snippet:-1, max-image-preview:large, max-video-preview:-1\" \/>\n<link rel=\"canonical\" href=\"https:\/\/all-car-news.com\/de\/ausbau-der-autobahn-a27-wie-ist-der-stand-der-dinge\/\" \/>\n<meta property=\"og:locale\" content=\"de_DE\" \/>\n<meta property=\"og:type\" content=\"article\" \/>\n<meta property=\"og:title\" content=\"Ausbau der Autobahn A27, wie ist der Stand der Dinge? - All cars news\" \/>\n<meta property=\"og:description\" content=\"Autobahn A27: von Breda nach Almere Die A27 f\u00fchrt vom Autobahnkreuz Sint Annabosch bei Breda nach Almere. Die Autobahn verbindet den n\u00f6rdlichen Teil der Randstad und die n\u00f6rdlichen Niederlande mit Nordbrabant und Belgien. Sie ist eine wichtige &#039;Lebensader&#039; der Niederlande, aber seit Jahren ist die A27 viel zu klein f\u00fcr den Verkehr, der sie t\u00e4glich benutzt [...].\" \/>\n<meta property=\"og:url\" content=\"https:\/\/all-car-news.com\/de\/ausbau-der-autobahn-a27-wie-ist-der-stand-der-dinge\/\" \/>\n<meta property=\"og:site_name\" content=\"All cars news\" \/>\n<meta property=\"article:published_time\" content=\"2022-10-25T07:03:00+00:00\" \/>\n<meta property=\"og:image\" content=\"https:\/\/autorai.nl\/wp-content\/uploads\/2022\/10\/verbreding-A27-Houten-Hooipolder-2-1140x713.jpg\" \/>\n<meta name=\"twitter:card\" content=\"summary_large_image\" \/>\n<meta name=\"twitter:label1\" content=\"Gesch\u00e4tzte Lesezeit\" \/>\n\t<meta name=\"twitter:data1\" content=\"2\u00a0Minuten\" \/>\n<script type=\"application\/ld+json\" class=\"yoast-schema-graph\">{\"@context\":\"https:\/\/schema.org\",\"@graph\":[{\"@type\":\"Article\",\"@id\":\"https:\/\/all-car-news.com\/de\/ausbau-der-autobahn-a27-wie-ist-der-stand-der-dinge\/#article\",\"isPartOf\":{\"@id\":\"https:\/\/all-car-news.com\/de\/ausbau-der-autobahn-a27-wie-ist-der-stand-der-dinge\/\"},\"author\":{\"name\":\"\",\"@id\":\"\"},\"headline\":\"Ausbau der Autobahn A27, wie ist der Stand der Dinge?\",\"datePublished\":\"2022-10-25T07:03:00+00:00\",\"dateModified\":\"2022-10-25T07:03:00+00:00\",\"mainEntityOfPage\":{\"@id\":\"https:\/\/all-car-news.com\/de\/ausbau-der-autobahn-a27-wie-ist-der-stand-der-dinge\/\"},\"wordCount\":482,\"commentCount\":0,\"publisher\":{\"@id\":\"https:\/\/all-car-news.com\/de\/#organization\"},\"articleSection\":[\"Auto Nachrichten\",\"Hintergrund\"],\"inLanguage\":\"de\",\"potentialAction\":[{\"@type\":\"CommentAction\",\"name\":\"Comment\",\"target\":[\"https:\/\/all-car-news.com\/de\/ausbau-der-autobahn-a27-wie-ist-der-stand-der-dinge\/#respond\"]}]},{\"@type\":\"WebPage\",\"@id\":\"https:\/\/all-car-news.com\/de\/ausbau-der-autobahn-a27-wie-ist-der-stand-der-dinge\/\",\"url\":\"https:\/\/all-car-news.com\/de\/ausbau-der-autobahn-a27-wie-ist-der-stand-der-dinge\/\",\"name\":\"Ausbau der Autobahn A27, wie ist der Stand der Dinge? - All cars news\",\"isPartOf\":{\"@id\":\"https:\/\/all-car-news.com\/de\/#website\"},\"datePublished\":\"2022-10-25T07:03:00+00:00\",\"dateModified\":\"2022-10-25T07:03:00+00:00\",\"breadcrumb\":{\"@id\":\"https:\/\/all-car-news.com\/de\/ausbau-der-autobahn-a27-wie-ist-der-stand-der-dinge\/#breadcrumb\"},\"inLanguage\":\"de\",\"potentialAction\":[{\"@type\":\"ReadAction\",\"target\":[\"https:\/\/all-car-news.com\/de\/ausbau-der-autobahn-a27-wie-ist-der-stand-der-dinge\/\"]}]},{\"@type\":\"BreadcrumbList\",\"@id\":\"https:\/\/all-car-news.com\/de\/ausbau-der-autobahn-a27-wie-ist-der-stand-der-dinge\/#breadcrumb\",\"itemListElement\":[{\"@type\":\"ListItem\",\"position\":1,\"name\":\"Home\",\"item\":\"https:\/\/all-car-news.com\/de\/\"},{\"@type\":\"ListItem\",\"position\":2,\"name\":\"Ausbau der Autobahn A27, wie ist der Stand der Dinge?\"}]},{\"@type\":\"WebSite\",\"@id\":\"https:\/\/all-car-news.com\/de\/#website\",\"url\":\"https:\/\/all-car-news.com\/de\/\",\"name\":\"All cars news\",\"description\":\"\",\"publisher\":{\"@id\":\"https:\/\/all-car-news.com\/de\/#organization\"},\"potentialAction\":[{\"@type\":\"SearchAction\",\"target\":{\"@type\":\"EntryPoint\",\"urlTemplate\":\"https:\/\/all-car-news.com\/de\/?s={search_term_string}\"},\"query-input\":\"required name=search_term_string\"}],\"inLanguage\":\"de\"},{\"@type\":\"Organization\",\"@id\":\"https:\/\/all-car-news.com\/de\/#organization\",\"name\":\"All cars news\",\"url\":\"https:\/\/all-car-news.com\/de\/\",\"logo\":{\"@type\":\"ImageObject\",\"inLanguage\":\"de\",\"@id\":\"https:\/\/all-car-news.com\/de\/#\/schema\/logo\/image\/\",\"url\":\"https:\/\/all-car-news.com\/wp-content\/uploads\/2022\/02\/CMYK-AllCarNews_LANDSCAPE_300px-1.png\",\"contentUrl\":\"https:\/\/all-car-news.com\/wp-content\/uploads\/2022\/02\/CMYK-AllCarNews_LANDSCAPE_300px-1.png\",\"width\":300,\"height\":100,\"caption\":\"All cars news\"},\"image\":{\"@id\":\"https:\/\/all-car-news.com\/de\/#\/schema\/logo\/image\/\"}}]}<\/script>\n<!-- \/ Yoast SEO plugin. -->","yoast_head_json":{"title":"Ausbau der Autobahn A27, wie ist der Stand der Dinge? - All cars news","robots":{"index":"index","follow":"follow","max-snippet":"max-snippet:-1","max-image-preview":"max-image-preview:large","max-video-preview":"max-video-preview:-1"},"canonical":"https:\/\/all-car-news.com\/de\/ausbau-der-autobahn-a27-wie-ist-der-stand-der-dinge\/","og_locale":"de_DE","og_type":"article","og_title":"Ausbau der Autobahn A27, wie ist der Stand der Dinge? - All cars news","og_description":"Autobahn A27: von Breda nach Almere Die A27 f\u00fchrt vom Autobahnkreuz Sint Annabosch bei Breda nach Almere. Die Autobahn verbindet den n\u00f6rdlichen Teil der Randstad und die n\u00f6rdlichen Niederlande mit Nordbrabant und Belgien. Sie ist eine wichtige 'Lebensader' der Niederlande, aber seit Jahren ist die A27 viel zu klein f\u00fcr den Verkehr, der sie t\u00e4glich benutzt [...].","og_url":"https:\/\/all-car-news.com\/de\/ausbau-der-autobahn-a27-wie-ist-der-stand-der-dinge\/","og_site_name":"All cars news","article_published_time":"2022-10-25T07:03:00+00:00","og_image":[{"url":"https:\/\/autorai.nl\/wp-content\/uploads\/2022\/10\/verbreding-A27-Houten-Hooipolder-2-1140x713.jpg"}],"twitter_card":"summary_large_image","twitter_misc":{"Gesch\u00e4tzte Lesezeit":"2\u00a0Minuten"},"schema":{"@context":"https:\/\/schema.org","@graph":[{"@type":"Article","@id":"https:\/\/all-car-news.com\/de\/ausbau-der-autobahn-a27-wie-ist-der-stand-der-dinge\/#article","isPartOf":{"@id":"https:\/\/all-car-news.com\/de\/ausbau-der-autobahn-a27-wie-ist-der-stand-der-dinge\/"},"author":{"name":"","@id":""},"headline":"Ausbau der Autobahn A27, wie ist der Stand der Dinge?","datePublished":"2022-10-25T07:03:00+00:00","dateModified":"2022-10-25T07:03:00+00:00","mainEntityOfPage":{"@id":"https:\/\/all-car-news.com\/de\/ausbau-der-autobahn-a27-wie-ist-der-stand-der-dinge\/"},"wordCount":482,"commentCount":0,"publisher":{"@id":"https:\/\/all-car-news.com\/de\/#organization"},"articleSection":["Auto Nachrichten","Hintergrund"],"inLanguage":"de","potentialAction":[{"@type":"CommentAction","name":"Comment","target":["https:\/\/all-car-news.com\/de\/ausbau-der-autobahn-a27-wie-ist-der-stand-der-dinge\/#respond"]}]},{"@type":"WebPage","@id":"https:\/\/all-car-news.com\/de\/ausbau-der-autobahn-a27-wie-ist-der-stand-der-dinge\/","url":"https:\/\/all-car-news.com\/de\/ausbau-der-autobahn-a27-wie-ist-der-stand-der-dinge\/","name":"Ausbau der Autobahn A27, wie ist der Stand der Dinge? - All cars news","isPartOf":{"@id":"https:\/\/all-car-news.com\/de\/#website"},"datePublished":"2022-10-25T07:03:00+00:00","dateModified":"2022-10-25T07:03:00+00:00","breadcrumb":{"@id":"https:\/\/all-car-news.com\/de\/ausbau-der-autobahn-a27-wie-ist-der-stand-der-dinge\/#breadcrumb"},"inLanguage":"de","potentialAction":[{"@type":"ReadAction","target":["https:\/\/all-car-news.com\/de\/ausbau-der-autobahn-a27-wie-ist-der-stand-der-dinge\/"]}]},{"@type":"BreadcrumbList","@id":"https:\/\/all-car-news.com\/de\/ausbau-der-autobahn-a27-wie-ist-der-stand-der-dinge\/#breadcrumb","itemListElement":[{"@type":"ListItem","position":1,"name":"Home","item":"https:\/\/all-car-news.com\/de\/"},{"@type":"ListItem","position":2,"name":"Ausbau der Autobahn A27, wie ist der Stand der Dinge?"}]},{"@type":"WebSite","@id":"https:\/\/all-car-news.com\/de\/#website","url":"https:\/\/all-car-news.com\/de\/","name":"All cars news","description":"","publisher":{"@id":"https:\/\/all-car-news.com\/de\/#organization"},"potentialAction":[{"@type":"SearchAction","target":{"@type":"EntryPoint","urlTemplate":"https:\/\/all-car-news.com\/de\/?s={search_term_string}"},"query-input":"required name=search_term_string"}],"inLanguage":"de"},{"@type":"Organization","@id":"https:\/\/all-car-news.com\/de\/#organization","name":"All cars news","url":"https:\/\/all-car-news.com\/de\/","logo":{"@type":"ImageObject","inLanguage":"de","@id":"https:\/\/all-car-news.com\/de\/#\/schema\/logo\/image\/","url":"https:\/\/all-car-news.com\/wp-content\/uploads\/2022\/02\/CMYK-AllCarNews_LANDSCAPE_300px-1.png","contentUrl":"https:\/\/all-car-news.com\/wp-content\/uploads\/2022\/02\/CMYK-AllCarNews_LANDSCAPE_300px-1.png","width":300,"height":100,"caption":"All cars news"},"image":{"@id":"https:\/\/all-car-news.com\/de\/#\/schema\/logo\/image\/"}}]}},"_links":{"self":[{"href":"https:\/\/all-car-news.com\/de\/wp-json\/wp\/v2\/posts\/125585","targetHints":{"allow":["GET"]}}],"collection":[{"href":"https:\/\/all-car-news.com\/de\/wp-json\/wp\/v2\/posts"}],"about":[{"href":"https:\/\/all-car-news.com\/de\/wp-json\/wp\/v2\/types\/post"}],"replies":[{"embeddable":true,"href":"https:\/\/all-car-news.com\/de\/wp-json\/wp\/v2\/comments?post=125585"}],"version-history":[{"count":0,"href":"https:\/\/all-car-news.com\/de\/wp-json\/wp\/v2\/posts\/125585\/revisions"}],"wp:featuredmedia":[{"embeddable":true,"href":"https:\/\/all-car-news.com\/de\/wp-json\/wp\/v2\/media\/125551"}],"wp:attachment":[{"href":"https:\/\/all-car-news.com\/de\/wp-json\/wp\/v2\/media?parent=125585"}],"wp:term":[{"taxonomy":"category","embeddable":true,"href":"https:\/\/all-car-news.com\/de\/wp-json\/wp\/v2\/categories?post=125585"},{"taxonomy":"post_tag","embeddable":true,"href":"https:\/\/all-car-news.com\/de\/wp-json\/wp\/v2\/tags?post=125585"}],"curies":[{"name":"wp","href":"https:\/\/api.w.org\/{rel}","templated":true}]}}