{"id":125060,"date":"2022-10-14T15:12:00","date_gmt":"2022-10-14T15:12:00","guid":{"rendered":"https:\/\/all-car-news.com\/dieses-stueck-f1-geschichte-koennte-ihnen-gehoeren\/"},"modified":"2022-10-14T15:12:00","modified_gmt":"2022-10-14T15:12:00","slug":"dieses-stueck-f1-geschichte-koennte-ihnen-gehoeren","status":"publish","type":"post","link":"https:\/\/all-car-news.com\/de\/dieses-stueck-f1-geschichte-koennte-ihnen-gehoeren\/","title":{"rendered":"Dieses St\u00fcck F1-Geschichte k\u00f6nnte Ihnen geh\u00f6ren"},"content":{"rendered":"<h2>Keine Replik!<\/h2>\n<p>Wenn ein Formel-1-Auto auf einer Auktion angeboten wird, sieht man oft, dass es sich nicht um ein echtes Auto, sondern um einen Nachbau oder ein Ersatzfahrzeug handelt. Oder sie werden auch ohne Motor angeboten. <em>Aber<\/em> das ist bei diesem Auto nicht der Fall, denn es ist alles vorhanden und es ist ein echtes F1-Auto. Genau so, wie Michael Schumacher ihn nach dem Gewinn der Meisterschaft 2003 aus dem Weg ger\u00e4umt hat. Zumindest so ziemlich, denn der Wagen wurde erst in diesem Jahr von Ferrari selbst \u00fcberholt.  <\/p>\n<div class=\"galery shuffle galery-0\">\n<figure>\n\t\t\t\t\t<span style=\"cursor: pointer\" data-src=\"https:\/\/autorai.nl\/wp-content\/uploads\/2022\/10\/9f01022c3568b05b919213a24058564820cc0aa8-1600x1200.webp\" data-fancybox=\"galery-0\" title=\"\"><br \/>\n\t\t\t\t\t\t\t<img decoding=\"async\" width=\"640\" height=\"480\" src=\"https:\/\/autorai.nl\/wp-content\/uploads\/2022\/10\/9f01022c3568b05b919213a24058564820cc0aa8-640x480.webp\" class=\"attachment-medium size-medium\" alt=\"Michael_Schumacher_Ferrari_F1_Auto\" loading=\"lazy\"><i class=\"fa fa-search-plus\" aria-hidden=\"true\"><\/i><br \/>\n\t\t\t\t\t\t<\/span><br \/>\n\t\t\t\t\t<\/figure>\n<figure>\n\t\t\t\t\t<span style=\"cursor: pointer\" data-src=\"https:\/\/autorai.nl\/wp-content\/uploads\/2022\/10\/920ee17ae2e8edaf3fafb43877140d302bc9cd58-1600x1200.webp\" data-fancybox=\"galery-0\" title=\"\"><br \/>\n\t\t\t\t\t\t\t<img decoding=\"async\" width=\"360\" height=\"270\" src=\"https:\/\/autorai.nl\/wp-content\/uploads\/2022\/10\/920ee17ae2e8edaf3fafb43877140d302bc9cd58-360x270.webp\" class=\"attachment-small size-small\" alt=\"Michael_Schumacher_Ferrari_F1_Auto\" loading=\"lazy\"><i class=\"fa fa-search-plus\" aria-hidden=\"true\"><\/i><br \/>\n\t\t\t\t\t\t<\/span><br \/>\n\t\t\t\t\t<\/figure>\n<figure>\n\t\t\t\t\t<span style=\"cursor: pointer\" data-src=\"https:\/\/autorai.nl\/wp-content\/uploads\/2022\/10\/Michael_Schumacher_Ferrari_F1_auto-17-1600x1200.webp\" data-fancybox=\"galery-0\" title=\"\"><br \/>\n\t\t\t\t\t\t\t<img decoding=\"async\" width=\"360\" height=\"270\" src=\"https:\/\/autorai.nl\/wp-content\/uploads\/2022\/10\/Michael_Schumacher_Ferrari_F1_auto-17-360x270.webp\" class=\"attachment-small size-small\" alt=\"Michael_Schumacher_Ferrari_F1_Auto (17)\" loading=\"lazy\"><i class=\"fa fa-search-plus\" aria-hidden=\"true\"><\/i><br \/>\n\t\t\t\t\t\t<\/span><br \/>\n\t\t\t\t\t<\/figure>\n<div class=\"clear\"><\/div>\n<\/div>\n<h2>Ferrari F2003 GA<\/h2>\n<p>Herrlich diese Oldschool-Linien, nicht wahr? Keine zu \u00f6ffnenden Fl\u00fcgel oder <a href=\"https:\/\/autorai.nl\/formule-1-in-2022-dit-moet-je-weten-over-de-autos\/\" target=\"_blank\" rel=\"noreferrer noopener\">geschlossenen R\u00e4der.<\/a> Nein, nur ein heulender V10, der die n\u00f6tige Kraft f\u00fcr den Sieg liefern sollte. Ein 3,0-Liter-V10 mit fast 850 PS, der bis zu 19.000 Umdrehungen pro Minute leistet. Wahnsinn!<\/p>\n<figure class=\"wp-block-image size-content\"><img decoding=\"async\" loading=\"lazy\" width=\"1140\" height=\"855\" src=\"https:\/\/autorai.nl\/wp-content\/uploads\/2022\/10\/4d3f6e38f9b2ea0ec1b815f56fff8c60f997cb49-1140x855.webp\" alt=\"Michael_Schumacher_Ferrari_F1_Auto\" class=\"wp-image-134241\"><\/figure>\n<h2>Leistungsbilanz F2003 GA<\/h2>\n<p>Mit diesem Auto konnte Schumi 2003 f\u00fcnf Siege erringen. Au\u00dferdem holte er damit drei Poles und einen Podiumsplatz in Monaco. Mit diesen Ergebnissen kr\u00f6nte sich Schumacher zum sechsten Mal in seiner Karriere zum Weltmeister und sicherte Ferrari den f\u00fcnften Konstrukteurstitel in Folge.  <\/p>\n<figure class=\"wp-block-image size-content\"><img decoding=\"async\" loading=\"lazy\" width=\"1140\" height=\"855\" src=\"https:\/\/autorai.nl\/wp-content\/uploads\/2022\/10\/Michael_Schumacher_Ferrari_F1_auto-9-1140x855.webp\" alt=\"Michael_Schumacher_Ferrari_F1_Auto\" class=\"wp-image-134215\"><\/figure>\n<h2>Der Preis&#8230;<\/h2>\n<p>Nun, f\u00fcr all diese Sch\u00f6nheit aus Ferraris reicher Geschichte muss man tief in die Tasche greifen. Denn die Tatsache, dass Schumi <em>selbst <\/em>auf dem Sitz sa\u00df, sowie die Tatsache, dass der legend\u00e4re V10 noch drin ist, tut nat\u00fcrlich etwas zur H\u00f6he des Preises. Geboten werden kann ab &#8211; Achtung &#8211; 8.000.000 \u20ac.<\/p>\n<p>Sie haben noch etwas Zeit zu sparen, denn die Auktion findet am 9. November bei <a href=\"https:\/\/rmsothebys.com\/en\/auctions\/sg22\/ex-schumacher-2003-ferrari-f2003-ga\/lots\/r0001-2003-ferrari-f2003-ga\/1300004\" target=\"_blank\" rel=\"noreferrer noopener\">RM Sotheby<\/a>&#8217;s statt. Um zu zeigen, dass es sich wirklich um den Ferrari F2003 handelt, wurde Michaels Sohn Mick gebeten, eine Vorf\u00fchrung mit dem Auto seines Vaters zu geben. Das Filmmaterial dazu finden Sie unten. Au\u00dferdem gibt es ein paar sch\u00f6ne Aufnahmen des Boliden selbst.<\/p>\n<figure class=\"wp-block-embed is-type-video is-provider-youtube wp-block-embed-youtube wp-embed-aspect-16-9 wp-has-aspect-ratio\">\n<div class=\"wp-block-embed__wrapper\">\n<\/div>\n<\/figure>\n<div class=\"galery shuffle galery-1\">\n<figure>\n\t\t\t\t\t<span style=\"cursor: pointer\" data-src=\"https:\/\/autorai.nl\/wp-content\/uploads\/2022\/10\/Michael_Schumacher_Ferrari_F1_auto-4-1600x1200.webp\" data-fancybox=\"galery-1\" title=\"\"><br \/>\n\t\t\t\t\t\t\t<img decoding=\"async\" width=\"640\" height=\"480\" src=\"https:\/\/autorai.nl\/wp-content\/uploads\/2022\/10\/Michael_Schumacher_Ferrari_F1_auto-4-640x480.webp\" class=\"attachment-medium size-medium\" alt=\"Michael_Schumacher_Ferrari_F1_Auto\" loading=\"lazy\"><i class=\"fa fa-search-plus\" aria-hidden=\"true\"><\/i><br \/>\n\t\t\t\t\t\t<\/span><br \/>\n\t\t\t\t\t<\/figure>\n<figure>\n\t\t\t\t\t<span style=\"cursor: pointer\" data-src=\"https:\/\/autorai.nl\/wp-content\/uploads\/2022\/10\/Michael_Schumacher_Ferrari_F1_auto-3-1600x1200.webp\" data-fancybox=\"galery-1\" title=\"\"><br \/>\n\t\t\t\t\t\t\t<img decoding=\"async\" width=\"360\" height=\"270\" src=\"https:\/\/autorai.nl\/wp-content\/uploads\/2022\/10\/Michael_Schumacher_Ferrari_F1_auto-3-360x270.webp\" class=\"attachment-small size-small\" alt=\"Michael_Schumacher_Ferrari_F1_Auto\" loading=\"lazy\"><i class=\"fa fa-search-plus\" aria-hidden=\"true\"><\/i><br \/>\n\t\t\t\t\t\t<\/span><br \/>\n\t\t\t\t\t<\/figure>\n<figure>\n\t\t\t\t\t<span style=\"cursor: pointer\" data-src=\"https:\/\/autorai.nl\/wp-content\/uploads\/2022\/10\/Michael_Schumacher_Ferrari_F1_auto-2-1600x1200.webp\" data-fancybox=\"galery-1\" title=\"\"><br \/>\n\t\t\t\t\t\t\t<img decoding=\"async\" width=\"360\" height=\"270\" src=\"https:\/\/autorai.nl\/wp-content\/uploads\/2022\/10\/Michael_Schumacher_Ferrari_F1_auto-2-360x270.webp\" class=\"attachment-small size-small\" alt=\"Michael_Schumacher_Ferrari_F1_Auto (2)\" loading=\"lazy\"><i class=\"fa fa-search-plus\" aria-hidden=\"true\"><\/i><br \/>\n\t\t\t\t\t\t<\/span><br \/>\n\t\t\t\t\t<\/figure>\n<figure>\n\t\t\t\t\t<span style=\"cursor: pointer\" data-src=\"https:\/\/autorai.nl\/wp-content\/uploads\/2022\/10\/Michael_Schumacher_Ferrari_F1_auto-26-1600x1200.webp\" data-fancybox=\"galery-1\" title=\"\"><br \/>\n\t\t\t\t\t\t\t<img decoding=\"async\" width=\"640\" height=\"480\" src=\"https:\/\/autorai.nl\/wp-content\/uploads\/2022\/10\/Michael_Schumacher_Ferrari_F1_auto-26-640x480.webp\" class=\"attachment-medium size-medium\" alt=\"Michael_Schumacher_Ferrari_F1_Auto\" loading=\"lazy\"><i class=\"fa fa-search-plus\" aria-hidden=\"true\"><\/i><br \/>\n\t\t\t\t\t\t<\/span><br \/>\n\t\t\t\t\t<\/figure>\n<figure>\n\t\t\t\t\t<span style=\"cursor: pointer\" data-src=\"https:\/\/autorai.nl\/wp-content\/uploads\/2022\/10\/Michael_Schumacher_Ferrari_F1_auto-24-1600x1200.webp\" data-fancybox=\"galery-1\" title=\"\"><br \/>\n\t\t\t\t\t\t\t<img decoding=\"async\" width=\"360\" height=\"270\" src=\"https:\/\/autorai.nl\/wp-content\/uploads\/2022\/10\/Michael_Schumacher_Ferrari_F1_auto-24-360x270.webp\" class=\"attachment-small size-small\" alt=\"Michael_Schumacher_Ferrari_F1_Auto\" loading=\"lazy\"><i class=\"fa fa-search-plus\" aria-hidden=\"true\"><\/i><br \/>\n\t\t\t\t\t\t<\/span><br \/>\n\t\t\t\t\t<\/figure>\n<figure>\n\t\t\t\t\t<span style=\"cursor: pointer\" data-src=\"https:\/\/autorai.nl\/wp-content\/uploads\/2022\/10\/Michael_Schumacher_Ferrari_F1_auto-23-1600x1200.webp\" data-fancybox=\"galery-1\" title=\"\"><br \/>\n\t\t\t\t\t\t\t<img decoding=\"async\" width=\"360\" height=\"270\" src=\"https:\/\/autorai.nl\/wp-content\/uploads\/2022\/10\/Michael_Schumacher_Ferrari_F1_auto-23-360x270.webp\" class=\"attachment-small size-small\" alt=\"Michael_Schumacher_Ferrari_F1_Auto\" loading=\"lazy\"><i class=\"fa fa-search-plus\" aria-hidden=\"true\"><\/i><br \/>\n\t\t\t\t\t\t<\/span><br \/>\n\t\t\t\t\t<\/figure>\n<figure>\n\t\t\t\t\t<span style=\"cursor: pointer\" data-src=\"https:\/\/autorai.nl\/wp-content\/uploads\/2022\/10\/Michael_Schumacher_Ferrari_F1_auto-22-1600x1200.webp\" data-fancybox=\"galery-1\" title=\"\"><br \/>\n\t\t\t\t\t\t\t<img decoding=\"async\" width=\"640\" height=\"480\" src=\"https:\/\/autorai.nl\/wp-content\/uploads\/2022\/10\/Michael_Schumacher_Ferrari_F1_auto-22-640x480.webp\" class=\"attachment-medium size-medium\" alt=\"Michael_Schumacher_Ferrari_F1_Auto (22)\" loading=\"lazy\"><i class=\"fa fa-search-plus\" aria-hidden=\"true\"><\/i><br \/>\n\t\t\t\t\t\t<\/span><br \/>\n\t\t\t\t\t<\/figure>\n<figure>\n\t\t\t\t\t<span style=\"cursor: pointer\" data-src=\"https:\/\/autorai.nl\/wp-content\/uploads\/2022\/10\/Michael_Schumacher_Ferrari_F1_auto-20-1600x1200.webp\" data-fancybox=\"galery-1\" title=\"\"><br \/>\n\t\t\t\t\t\t\t<img decoding=\"async\" width=\"360\" height=\"270\" src=\"https:\/\/autorai.nl\/wp-content\/uploads\/2022\/10\/Michael_Schumacher_Ferrari_F1_auto-20-360x270.webp\" class=\"attachment-small size-small\" alt=\"Michael_Schumacher_Ferrari_F1_Auto (20)\" loading=\"lazy\"><i class=\"fa fa-search-plus\" aria-hidden=\"true\"><\/i><br \/>\n\t\t\t\t\t\t<\/span><br \/>\n\t\t\t\t\t<\/figure>\n<figure>\n\t\t\t\t\t<span style=\"cursor: pointer\" data-src=\"https:\/\/autorai.nl\/wp-content\/uploads\/2022\/10\/Michael_Schumacher_Ferrari_F1_auto-21-1600x1200.webp\" data-fancybox=\"galery-1\" title=\"\"><br \/>\n\t\t\t\t\t\t\t<img decoding=\"async\" width=\"360\" height=\"270\" src=\"https:\/\/autorai.nl\/wp-content\/uploads\/2022\/10\/Michael_Schumacher_Ferrari_F1_auto-21-360x270.webp\" class=\"attachment-small size-small\" alt=\"Michael_Schumacher_Ferrari_F1_Auto\" loading=\"lazy\"><i class=\"fa fa-search-plus\" aria-hidden=\"true\"><\/i><br \/>\n\t\t\t\t\t\t<\/span><br \/>\n\t\t\t\t\t<\/figure>\n<figure>\n\t\t\t\t\t<span style=\"cursor: pointer\" data-src=\"https:\/\/autorai.nl\/wp-content\/uploads\/2022\/10\/Michael_Schumacher_Ferrari_F1_auto-19-1600x1200.webp\" data-fancybox=\"galery-1\" title=\"\"><br \/>\n\t\t\t\t\t\t\t<img decoding=\"async\" width=\"640\" height=\"480\" src=\"https:\/\/autorai.nl\/wp-content\/uploads\/2022\/10\/Michael_Schumacher_Ferrari_F1_auto-19-640x480.webp\" class=\"attachment-medium size-medium\" alt=\"Michael_Schumacher_Ferrari_F1_Auto\" loading=\"lazy\"><i class=\"fa fa-search-plus\" aria-hidden=\"true\"><\/i><br \/>\n\t\t\t\t\t\t<\/span><br \/>\n\t\t\t\t\t<\/figure>\n<figure>\n\t\t\t\t\t<span style=\"cursor: pointer\" data-src=\"https:\/\/autorai.nl\/wp-content\/uploads\/2022\/10\/Michael_Schumacher_Ferrari_F1_auto-18-1600x1200.webp\" data-fancybox=\"galery-1\" title=\"\"><br \/>\n\t\t\t\t\t\t\t<img decoding=\"async\" width=\"360\" height=\"270\" src=\"https:\/\/autorai.nl\/wp-content\/uploads\/2022\/10\/Michael_Schumacher_Ferrari_F1_auto-18-360x270.webp\" class=\"attachment-small size-small\" alt=\"Michael_Schumacher_Ferrari_F1_Auto\" loading=\"lazy\"><i class=\"fa fa-search-plus\" aria-hidden=\"true\"><\/i><br \/>\n\t\t\t\t\t\t<\/span><br \/>\n\t\t\t\t\t<\/figure>\n<figure>\n\t\t\t\t\t<span style=\"cursor: pointer\" data-src=\"https:\/\/autorai.nl\/wp-content\/uploads\/2022\/10\/Michael_Schumacher_Ferrari_F1_auto-16-1600x1200.webp\" data-fancybox=\"galery-1\" title=\"\"><br \/>\n\t\t\t\t\t\t\t<img decoding=\"async\" width=\"360\" height=\"270\" src=\"https:\/\/autorai.nl\/wp-content\/uploads\/2022\/10\/Michael_Schumacher_Ferrari_F1_auto-16-360x270.webp\" class=\"attachment-small size-small\" alt=\"Michael_Schumacher_Ferrari_F1_Auto (16)\" loading=\"lazy\"><i class=\"fa fa-search-plus\" aria-hidden=\"true\"><\/i><br \/>\n\t\t\t\t\t\t<\/span><br \/>\n\t\t\t\t\t<\/figure>\n<figure>\n\t\t\t\t\t<span style=\"cursor: pointer\" data-src=\"https:\/\/autorai.nl\/wp-content\/uploads\/2022\/10\/Michael_Schumacher_Ferrari_F1_auto-14-1600x1200.webp\" data-fancybox=\"galery-1\" title=\"\"><br \/>\n\t\t\t\t\t\t\t<img decoding=\"async\" width=\"640\" height=\"480\" src=\"https:\/\/autorai.nl\/wp-content\/uploads\/2022\/10\/Michael_Schumacher_Ferrari_F1_auto-14-640x480.webp\" class=\"attachment-medium size-medium\" alt=\"Michael_Schumacher_Ferrari_F1_Auto (14)\" loading=\"lazy\"><i class=\"fa fa-search-plus\" aria-hidden=\"true\"><\/i><br \/>\n\t\t\t\t\t\t<\/span><br \/>\n\t\t\t\t\t<\/figure>\n<figure>\n\t\t\t\t\t<span style=\"cursor: pointer\" data-src=\"https:\/\/autorai.nl\/wp-content\/uploads\/2022\/10\/Michael_Schumacher_Ferrari_F1_auto-11-1600x1200.webp\" data-fancybox=\"galery-1\" title=\"\"><br \/>\n\t\t\t\t\t\t\t<img decoding=\"async\" width=\"360\" height=\"270\" src=\"https:\/\/autorai.nl\/wp-content\/uploads\/2022\/10\/Michael_Schumacher_Ferrari_F1_auto-11-360x270.webp\" class=\"attachment-small size-small\" alt=\"Michael_Schumacher_Ferrari_F1_Auto (11)\" loading=\"lazy\"><i class=\"fa fa-search-plus\" aria-hidden=\"true\"><\/i><br \/>\n\t\t\t\t\t\t<\/span><br \/>\n\t\t\t\t\t<\/figure>\n<figure>\n\t\t\t\t\t<span style=\"cursor: pointer\" data-src=\"https:\/\/autorai.nl\/wp-content\/uploads\/2022\/10\/Michael_Schumacher_Ferrari_F1_auto-10-1600x1200.webp\" data-fancybox=\"galery-1\" title=\"\"><br \/>\n\t\t\t\t\t\t\t<img decoding=\"async\" width=\"360\" height=\"270\" src=\"https:\/\/autorai.nl\/wp-content\/uploads\/2022\/10\/Michael_Schumacher_Ferrari_F1_auto-10-360x270.webp\" class=\"attachment-small size-small\" alt=\"Michael_Schumacher_Ferrari_F1_Auto (10)\" loading=\"lazy\"><i class=\"fa fa-search-plus\" aria-hidden=\"true\"><\/i><br \/>\n\t\t\t\t\t\t<\/span><br \/>\n\t\t\t\t\t<\/figure>\n<figure>\n\t\t\t\t\t<span style=\"cursor: pointer\" data-src=\"https:\/\/autorai.nl\/wp-content\/uploads\/2022\/10\/Michael_Schumacher_Ferrari_F1_auto-7-1600x1200.webp\" data-fancybox=\"galery-1\" title=\"\"><br \/>\n\t\t\t\t\t\t\t<img decoding=\"async\" width=\"640\" height=\"480\" src=\"https:\/\/autorai.nl\/wp-content\/uploads\/2022\/10\/Michael_Schumacher_Ferrari_F1_auto-7-640x480.webp\" class=\"attachment-medium size-medium\" alt=\"Michael_Schumacher_Ferrari_F1_Auto (7)\" loading=\"lazy\"><i class=\"fa fa-search-plus\" aria-hidden=\"true\"><\/i><br \/>\n\t\t\t\t\t\t<\/span><br \/>\n\t\t\t\t\t<\/figure>\n<figure>\n\t\t\t\t\t<span style=\"cursor: pointer\" data-src=\"https:\/\/autorai.nl\/wp-content\/uploads\/2022\/10\/Michael_Schumacher_Ferrari_F1_auto-5-1600x1200.webp\" data-fancybox=\"galery-1\" title=\"\"><br \/>\n\t\t\t\t\t\t\t<img decoding=\"async\" width=\"360\" height=\"270\" src=\"https:\/\/autorai.nl\/wp-content\/uploads\/2022\/10\/Michael_Schumacher_Ferrari_F1_auto-5-360x270.webp\" class=\"attachment-small size-small\" alt=\"Michael_Schumacher_Ferrari_F1_Auto\" loading=\"lazy\"><i class=\"fa fa-search-plus\" aria-hidden=\"true\"><\/i><br \/>\n\t\t\t\t\t\t<\/span><br \/>\n\t\t\t\t\t<\/figure>\n<figure>\n\t\t\t\t\t<span style=\"cursor: pointer\" data-src=\"https:\/\/autorai.nl\/wp-content\/uploads\/2022\/10\/Michael_Schumacher_Ferrari_F1_auto-8-1600x1200.webp\" data-fancybox=\"galery-1\" title=\"\"><br \/>\n\t\t\t\t\t\t\t<img decoding=\"async\" width=\"360\" height=\"270\" src=\"https:\/\/autorai.nl\/wp-content\/uploads\/2022\/10\/Michael_Schumacher_Ferrari_F1_auto-8-360x270.webp\" class=\"attachment-small size-small\" alt=\"Michael_Schumacher_Ferrari_F1_Auto (8)\" loading=\"lazy\"><i class=\"fa fa-search-plus\" aria-hidden=\"true\"><\/i><br \/>\n\t\t\t\t\t\t<\/span><br \/>\n\t\t\t\t\t<\/figure>\n<div class=\"clear\"><\/div>\n<\/div>\n","protected":false},"excerpt":{"rendered":"Keine Replik! Wenn ein Formel-1-Auto auf einer Auktion angeboten wird, sieht man oft, dass es sich nicht um ein echtes&hellip;","protected":false},"author":0,"featured_media":125052,"comment_status":"open","ping_status":"open","sticky":false,"template":"","format":"standard","meta":{"footnotes":""},"categories":[125,141,173,132,174],"tags":[],"class_list":["post-125060","post","type-post","status-publish","format-standard","has-post-thumbnail","hentry","category-auto-nachrichten","category-formel-1","category-lebensstil","category-motorsport-de","category-spas"],"acf":[],"yoast_head":"<!-- This site is optimized with the Yoast SEO plugin v21.2 - https:\/\/yoast.com\/wordpress\/plugins\/seo\/ -->\n<title>Dieses St\u00fcck F1-Geschichte k\u00f6nnte Ihnen geh\u00f6ren - All cars news<\/title>\n<meta name=\"robots\" content=\"index, follow, max-snippet:-1, max-image-preview:large, max-video-preview:-1\" \/>\n<link rel=\"canonical\" href=\"https:\/\/all-car-news.com\/de\/dieses-stueck-f1-geschichte-koennte-ihnen-gehoeren\/\" \/>\n<meta property=\"og:locale\" content=\"de_DE\" \/>\n<meta property=\"og:type\" content=\"article\" \/>\n<meta property=\"og:title\" content=\"Dieses St\u00fcck F1-Geschichte k\u00f6nnte Ihnen geh\u00f6ren - All cars news\" \/>\n<meta property=\"og:description\" content=\"Keine Replik! Wenn ein Formel-1-Auto auf einer Auktion angeboten wird, sieht man oft, dass es sich nicht um ein echtes Auto, sondern um einen Nachbau oder ein Ersatzfahrzeug handelt. Oder sie werden auch ohne Motor angeboten. Jedenfalls ist das bei diesem Los nicht der Fall, denn es ist alles drauf und es ist ein echter [...]\" \/>\n<meta property=\"og:url\" content=\"https:\/\/all-car-news.com\/de\/dieses-stueck-f1-geschichte-koennte-ihnen-gehoeren\/\" \/>\n<meta property=\"og:site_name\" content=\"All cars news\" \/>\n<meta property=\"article:published_time\" content=\"2022-10-14T15:12:00+00:00\" \/>\n<meta property=\"og:image\" content=\"https:\/\/autorai.nl\/wp-content\/uploads\/2022\/10\/9f01022c3568b05b919213a24058564820cc0aa8-640x480.webp\" \/>\n<meta name=\"twitter:card\" content=\"summary_large_image\" \/>\n<meta name=\"twitter:label1\" content=\"Gesch\u00e4tzte Lesezeit\" \/>\n\t<meta name=\"twitter:data1\" content=\"2\u00a0Minuten\" \/>\n<script type=\"application\/ld+json\" class=\"yoast-schema-graph\">{\"@context\":\"https:\/\/schema.org\",\"@graph\":[{\"@type\":\"Article\",\"@id\":\"https:\/\/all-car-news.com\/de\/dieses-stueck-f1-geschichte-koennte-ihnen-gehoeren\/#article\",\"isPartOf\":{\"@id\":\"https:\/\/all-car-news.com\/de\/dieses-stueck-f1-geschichte-koennte-ihnen-gehoeren\/\"},\"author\":{\"name\":\"\",\"@id\":\"\"},\"headline\":\"Dieses St\u00fcck F1-Geschichte k\u00f6nnte Ihnen geh\u00f6ren\",\"datePublished\":\"2022-10-14T15:12:00+00:00\",\"dateModified\":\"2022-10-14T15:12:00+00:00\",\"mainEntityOfPage\":{\"@id\":\"https:\/\/all-car-news.com\/de\/dieses-stueck-f1-geschichte-koennte-ihnen-gehoeren\/\"},\"wordCount\":313,\"commentCount\":0,\"publisher\":{\"@id\":\"https:\/\/all-car-news.com\/de\/#organization\"},\"articleSection\":[\"Auto Nachrichten\",\"Formel 1\",\"Lebensstil\",\"Motorsport\",\"Spa\u00df\"],\"inLanguage\":\"de\",\"potentialAction\":[{\"@type\":\"CommentAction\",\"name\":\"Comment\",\"target\":[\"https:\/\/all-car-news.com\/de\/dieses-stueck-f1-geschichte-koennte-ihnen-gehoeren\/#respond\"]}]},{\"@type\":\"WebPage\",\"@id\":\"https:\/\/all-car-news.com\/de\/dieses-stueck-f1-geschichte-koennte-ihnen-gehoeren\/\",\"url\":\"https:\/\/all-car-news.com\/de\/dieses-stueck-f1-geschichte-koennte-ihnen-gehoeren\/\",\"name\":\"Dieses St\u00fcck F1-Geschichte k\u00f6nnte Ihnen geh\u00f6ren - All cars news\",\"isPartOf\":{\"@id\":\"https:\/\/all-car-news.com\/de\/#website\"},\"datePublished\":\"2022-10-14T15:12:00+00:00\",\"dateModified\":\"2022-10-14T15:12:00+00:00\",\"breadcrumb\":{\"@id\":\"https:\/\/all-car-news.com\/de\/dieses-stueck-f1-geschichte-koennte-ihnen-gehoeren\/#breadcrumb\"},\"inLanguage\":\"de\",\"potentialAction\":[{\"@type\":\"ReadAction\",\"target\":[\"https:\/\/all-car-news.com\/de\/dieses-stueck-f1-geschichte-koennte-ihnen-gehoeren\/\"]}]},{\"@type\":\"BreadcrumbList\",\"@id\":\"https:\/\/all-car-news.com\/de\/dieses-stueck-f1-geschichte-koennte-ihnen-gehoeren\/#breadcrumb\",\"itemListElement\":[{\"@type\":\"ListItem\",\"position\":1,\"name\":\"Home\",\"item\":\"https:\/\/all-car-news.com\/de\/\"},{\"@type\":\"ListItem\",\"position\":2,\"name\":\"Dieses St\u00fcck F1-Geschichte k\u00f6nnte Ihnen geh\u00f6ren\"}]},{\"@type\":\"WebSite\",\"@id\":\"https:\/\/all-car-news.com\/de\/#website\",\"url\":\"https:\/\/all-car-news.com\/de\/\",\"name\":\"All cars news\",\"description\":\"\",\"publisher\":{\"@id\":\"https:\/\/all-car-news.com\/de\/#organization\"},\"potentialAction\":[{\"@type\":\"SearchAction\",\"target\":{\"@type\":\"EntryPoint\",\"urlTemplate\":\"https:\/\/all-car-news.com\/de\/?s={search_term_string}\"},\"query-input\":\"required name=search_term_string\"}],\"inLanguage\":\"de\"},{\"@type\":\"Organization\",\"@id\":\"https:\/\/all-car-news.com\/de\/#organization\",\"name\":\"All cars news\",\"url\":\"https:\/\/all-car-news.com\/de\/\",\"logo\":{\"@type\":\"ImageObject\",\"inLanguage\":\"de\",\"@id\":\"https:\/\/all-car-news.com\/de\/#\/schema\/logo\/image\/\",\"url\":\"https:\/\/all-car-news.com\/wp-content\/uploads\/2022\/02\/CMYK-AllCarNews_LANDSCAPE_300px-1.png\",\"contentUrl\":\"https:\/\/all-car-news.com\/wp-content\/uploads\/2022\/02\/CMYK-AllCarNews_LANDSCAPE_300px-1.png\",\"width\":300,\"height\":100,\"caption\":\"All cars news\"},\"image\":{\"@id\":\"https:\/\/all-car-news.com\/de\/#\/schema\/logo\/image\/\"}}]}<\/script>\n<!-- \/ Yoast SEO plugin. -->","yoast_head_json":{"title":"Dieses St\u00fcck F1-Geschichte k\u00f6nnte Ihnen geh\u00f6ren - All cars news","robots":{"index":"index","follow":"follow","max-snippet":"max-snippet:-1","max-image-preview":"max-image-preview:large","max-video-preview":"max-video-preview:-1"},"canonical":"https:\/\/all-car-news.com\/de\/dieses-stueck-f1-geschichte-koennte-ihnen-gehoeren\/","og_locale":"de_DE","og_type":"article","og_title":"Dieses St\u00fcck F1-Geschichte k\u00f6nnte Ihnen geh\u00f6ren - All cars news","og_description":"Keine Replik! Wenn ein Formel-1-Auto auf einer Auktion angeboten wird, sieht man oft, dass es sich nicht um ein echtes Auto, sondern um einen Nachbau oder ein Ersatzfahrzeug handelt. Oder sie werden auch ohne Motor angeboten. Jedenfalls ist das bei diesem Los nicht der Fall, denn es ist alles drauf und es ist ein echter [...]","og_url":"https:\/\/all-car-news.com\/de\/dieses-stueck-f1-geschichte-koennte-ihnen-gehoeren\/","og_site_name":"All cars news","article_published_time":"2022-10-14T15:12:00+00:00","og_image":[{"url":"https:\/\/autorai.nl\/wp-content\/uploads\/2022\/10\/9f01022c3568b05b919213a24058564820cc0aa8-640x480.webp"}],"twitter_card":"summary_large_image","twitter_misc":{"Gesch\u00e4tzte Lesezeit":"2\u00a0Minuten"},"schema":{"@context":"https:\/\/schema.org","@graph":[{"@type":"Article","@id":"https:\/\/all-car-news.com\/de\/dieses-stueck-f1-geschichte-koennte-ihnen-gehoeren\/#article","isPartOf":{"@id":"https:\/\/all-car-news.com\/de\/dieses-stueck-f1-geschichte-koennte-ihnen-gehoeren\/"},"author":{"name":"","@id":""},"headline":"Dieses St\u00fcck F1-Geschichte k\u00f6nnte Ihnen geh\u00f6ren","datePublished":"2022-10-14T15:12:00+00:00","dateModified":"2022-10-14T15:12:00+00:00","mainEntityOfPage":{"@id":"https:\/\/all-car-news.com\/de\/dieses-stueck-f1-geschichte-koennte-ihnen-gehoeren\/"},"wordCount":313,"commentCount":0,"publisher":{"@id":"https:\/\/all-car-news.com\/de\/#organization"},"articleSection":["Auto Nachrichten","Formel 1","Lebensstil","Motorsport","Spa\u00df"],"inLanguage":"de","potentialAction":[{"@type":"CommentAction","name":"Comment","target":["https:\/\/all-car-news.com\/de\/dieses-stueck-f1-geschichte-koennte-ihnen-gehoeren\/#respond"]}]},{"@type":"WebPage","@id":"https:\/\/all-car-news.com\/de\/dieses-stueck-f1-geschichte-koennte-ihnen-gehoeren\/","url":"https:\/\/all-car-news.com\/de\/dieses-stueck-f1-geschichte-koennte-ihnen-gehoeren\/","name":"Dieses St\u00fcck F1-Geschichte k\u00f6nnte Ihnen geh\u00f6ren - All cars news","isPartOf":{"@id":"https:\/\/all-car-news.com\/de\/#website"},"datePublished":"2022-10-14T15:12:00+00:00","dateModified":"2022-10-14T15:12:00+00:00","breadcrumb":{"@id":"https:\/\/all-car-news.com\/de\/dieses-stueck-f1-geschichte-koennte-ihnen-gehoeren\/#breadcrumb"},"inLanguage":"de","potentialAction":[{"@type":"ReadAction","target":["https:\/\/all-car-news.com\/de\/dieses-stueck-f1-geschichte-koennte-ihnen-gehoeren\/"]}]},{"@type":"BreadcrumbList","@id":"https:\/\/all-car-news.com\/de\/dieses-stueck-f1-geschichte-koennte-ihnen-gehoeren\/#breadcrumb","itemListElement":[{"@type":"ListItem","position":1,"name":"Home","item":"https:\/\/all-car-news.com\/de\/"},{"@type":"ListItem","position":2,"name":"Dieses St\u00fcck F1-Geschichte k\u00f6nnte Ihnen geh\u00f6ren"}]},{"@type":"WebSite","@id":"https:\/\/all-car-news.com\/de\/#website","url":"https:\/\/all-car-news.com\/de\/","name":"All cars news","description":"","publisher":{"@id":"https:\/\/all-car-news.com\/de\/#organization"},"potentialAction":[{"@type":"SearchAction","target":{"@type":"EntryPoint","urlTemplate":"https:\/\/all-car-news.com\/de\/?s={search_term_string}"},"query-input":"required name=search_term_string"}],"inLanguage":"de"},{"@type":"Organization","@id":"https:\/\/all-car-news.com\/de\/#organization","name":"All cars news","url":"https:\/\/all-car-news.com\/de\/","logo":{"@type":"ImageObject","inLanguage":"de","@id":"https:\/\/all-car-news.com\/de\/#\/schema\/logo\/image\/","url":"https:\/\/all-car-news.com\/wp-content\/uploads\/2022\/02\/CMYK-AllCarNews_LANDSCAPE_300px-1.png","contentUrl":"https:\/\/all-car-news.com\/wp-content\/uploads\/2022\/02\/CMYK-AllCarNews_LANDSCAPE_300px-1.png","width":300,"height":100,"caption":"All cars news"},"image":{"@id":"https:\/\/all-car-news.com\/de\/#\/schema\/logo\/image\/"}}]}},"_links":{"self":[{"href":"https:\/\/all-car-news.com\/de\/wp-json\/wp\/v2\/posts\/125060","targetHints":{"allow":["GET"]}}],"collection":[{"href":"https:\/\/all-car-news.com\/de\/wp-json\/wp\/v2\/posts"}],"about":[{"href":"https:\/\/all-car-news.com\/de\/wp-json\/wp\/v2\/types\/post"}],"replies":[{"embeddable":true,"href":"https:\/\/all-car-news.com\/de\/wp-json\/wp\/v2\/comments?post=125060"}],"version-history":[{"count":0,"href":"https:\/\/all-car-news.com\/de\/wp-json\/wp\/v2\/posts\/125060\/revisions"}],"wp:featuredmedia":[{"embeddable":true,"href":"https:\/\/all-car-news.com\/de\/wp-json\/wp\/v2\/media\/125052"}],"wp:attachment":[{"href":"https:\/\/all-car-news.com\/de\/wp-json\/wp\/v2\/media?parent=125060"}],"wp:term":[{"taxonomy":"category","embeddable":true,"href":"https:\/\/all-car-news.com\/de\/wp-json\/wp\/v2\/categories?post=125060"},{"taxonomy":"post_tag","embeddable":true,"href":"https:\/\/all-car-news.com\/de\/wp-json\/wp\/v2\/tags?post=125060"}],"curies":[{"name":"wp","href":"https:\/\/api.w.org\/{rel}","templated":true}]}}