{"id":125003,"date":"2022-10-14T12:58:00","date_gmt":"2022-10-14T12:58:00","guid":{"rendered":"https:\/\/all-car-news.com\/bmw-m-der-vierzylinder-kommt-nicht-zu-uns\/"},"modified":"2022-10-14T12:58:00","modified_gmt":"2022-10-14T12:58:00","slug":"bmw-m-der-vierzylinder-kommt-nicht-zu-uns","status":"publish","type":"post","link":"https:\/\/all-car-news.com\/de\/bmw-m-der-vierzylinder-kommt-nicht-zu-uns\/","title":{"rendered":"BMW M: &#8218;Der Vierzylinder kommt nicht zu uns&#8216;"},"content":{"rendered":"<h2>Nicht weniger als sechs Zylinder<\/h2>\n<p>Diese Woche hat die Performance-Abteilung von BMW <a href=\"https:\/\/autorai.nl\/nieuwe-bmw-m2-nederlandse-vanafprijs\/\" target=\"_blank\" rel=\"noreferrer noopener\">den neuen M2<\/a> vorgestellt, ein Auto, das von den Fans der Marke schon lange erwartet wurde. Der M2 hat, wie der M3 und der M4, einen Reihensechszylinder unter der Haube. Und das wird auch so bleiben, sagt Van Meel gegen\u00fcber <em><br \/>\n  <a href=\"https:\/\/carbuzz.com\/news\/breaking-bmw-wont-build-three-or-four-cylinder-m-cars\" target=\"_blank\" rel=\"noreferrer noopener\">CarBuzz.de<\/a><br \/>\n<\/em>. Auf die Frage, ob der traditionelle Sechszylinder jemals einem Vierzylinder oder gar einem Dreizylinder weichen muss, antwortete er fast beleidigt.<\/p>\n<p>Ich hoffe, das war nur eine rhetorische Frage&#8220;, sagt van Meel, um dann klarzustellen, dass die &#8222;echten&#8220; M-Modelle mit Verbrennungsmotor &#8211; also nicht die M Performance-Versionen wie der M135i &#8211; weiterhin nicht weniger als sechs Zylinder unter der Haube haben werden. Dabei macht er sich auf subtile Weise \u00fcber Mercedes-AMG lustig. &#8222;Ich wei\u00df, dass es andere Unternehmen gibt, die das tun, aber wir werden das nicht tun&#8220;.<\/p>\n<figure class=\"wp-block-image size-content\"><img decoding=\"async\" loading=\"lazy\" width=\"1140\" height=\"855\" src=\"https:\/\/autorai.nl\/wp-content\/uploads\/2022\/10\/bmw-m2-2023-nederland-foto38-1140x855.jpg\" alt=\"\" class=\"wp-image-133912\"><figcaption>Kein Vierzylinder f\u00fcr die M-Modelle.<\/figcaption><\/figure>\n<h2>PK-Rennen<\/h2>\n<p>W\u00e4hrend es zweifellos Musik in den Ohren von Puristen sein wird, sowohl im w\u00f6rtlichen als auch im \u00fcbertragenen Sinne, dass BMW M die Untergrenze bei sechs Zylindern ansetzt, liegt die Marke im PS-Rennen hinter Mercedes-AMG zur\u00fcck. Der Plug-in-Hybrid-Antriebsstrang des neuen C 63 S E Performance bringt es auf eine kombinierte Leistung von 680 PS, die der M3 mit bis zu 510 PS nicht erreicht.  <\/p>\n<p>Der C 63 mit Vierzylindermotor wiegt dagegen aufgrund seiner schweren Hybridtechnik \u00fcber 2.100 Kilo. Der M3 G80 bringt rund 300 kg weniger auf die Waage. Auf dem Papier ist der C 63 mit einer Beschleunigungszeit von 3,3 Sekunden auf 100 km\/h also nur ein Zehntel schneller als der M3.<\/p>\n<figure class=\"wp-block-image size-content\"><img decoding=\"async\" loading=\"lazy\" width=\"1140\" height=\"855\" src=\"https:\/\/autorai.nl\/wp-content\/uploads\/2021\/10\/BMW-M3-Competition-2021-autotest-FOTO-0025-1140x855.jpg\" alt=\"\" class=\"wp-image-110687\"><figcaption>Der BMW M3.<\/figcaption><\/figure>\n<h2>Gut hybrid<\/h2>\n<p>BMW M arbeitet \u00fcbrigens intensiv an Hybridantrieben, wobei der neue M5 den Anfang macht. Der Hybrid-Antriebsstrang bedeutet fast zwangsl\u00e4ufig auch eine Gewichtszunahme, so dass wir sehr gespannt sind, ob und wenn ja, wie BMW M das Gewicht seiner Fahrzeuge so gering wie m\u00f6glich halten wird.<\/p>\n","protected":false},"excerpt":{"rendered":"Nicht weniger als sechs Zylinder Diese Woche hat die Performance-Abteilung von BMW den neuen M2 vorgestellt, ein Auto, auf das&hellip;","protected":false},"author":0,"featured_media":124952,"comment_status":"open","ping_status":"open","sticky":false,"template":"","format":"standard","meta":{"footnotes":""},"categories":[125],"tags":[],"class_list":["post-125003","post","type-post","status-publish","format-standard","has-post-thumbnail","hentry","category-auto-nachrichten"],"acf":[],"yoast_head":"<!-- This site is optimized with the Yoast SEO plugin v21.2 - https:\/\/yoast.com\/wordpress\/plugins\/seo\/ -->\n<title>BMW M: &#039;Der Vierzylinder kommt nicht zu uns&#039; - All cars news<\/title>\n<meta name=\"robots\" content=\"index, follow, max-snippet:-1, max-image-preview:large, max-video-preview:-1\" \/>\n<link rel=\"canonical\" href=\"https:\/\/all-car-news.com\/de\/bmw-m-der-vierzylinder-kommt-nicht-zu-uns\/\" \/>\n<meta property=\"og:locale\" content=\"de_DE\" \/>\n<meta property=\"og:type\" content=\"article\" \/>\n<meta property=\"og:title\" content=\"BMW M: &#039;Der Vierzylinder kommt nicht zu uns&#039; - All cars news\" \/>\n<meta property=\"og:description\" content=\"Nicht weniger als sechs Zylinder Diese Woche hat die Performance-Abteilung von BMW den neuen M2 vorgestellt, ein Auto, auf das die Fans der Marke schon lange gewartet haben. Der M2 hat, wie der M3 und der M4, einen Reihensechszylinder unter der Haube. Und das wird auch so bleiben, sagt Van Meel gegen\u00fcber CarBuzz.com. Ob [...]\" \/>\n<meta property=\"og:url\" content=\"https:\/\/all-car-news.com\/de\/bmw-m-der-vierzylinder-kommt-nicht-zu-uns\/\" \/>\n<meta property=\"og:site_name\" content=\"All cars news\" \/>\n<meta property=\"article:published_time\" content=\"2022-10-14T12:58:00+00:00\" \/>\n<meta property=\"og:image\" content=\"https:\/\/autorai.nl\/wp-content\/uploads\/2022\/10\/bmw-m2-2023-nederland-foto38-1140x855.jpg\" \/>\n<meta name=\"twitter:card\" content=\"summary_large_image\" \/>\n<meta name=\"twitter:label1\" content=\"Gesch\u00e4tzte Lesezeit\" \/>\n\t<meta name=\"twitter:data1\" content=\"2\u00a0Minuten\" \/>\n<script type=\"application\/ld+json\" class=\"yoast-schema-graph\">{\"@context\":\"https:\/\/schema.org\",\"@graph\":[{\"@type\":\"Article\",\"@id\":\"https:\/\/all-car-news.com\/de\/bmw-m-der-vierzylinder-kommt-nicht-zu-uns\/#article\",\"isPartOf\":{\"@id\":\"https:\/\/all-car-news.com\/de\/bmw-m-der-vierzylinder-kommt-nicht-zu-uns\/\"},\"author\":{\"name\":\"\",\"@id\":\"\"},\"headline\":\"BMW M: &#8218;Der Vierzylinder kommt nicht zu uns&#8216;\",\"datePublished\":\"2022-10-14T12:58:00+00:00\",\"dateModified\":\"2022-10-14T12:58:00+00:00\",\"mainEntityOfPage\":{\"@id\":\"https:\/\/all-car-news.com\/de\/bmw-m-der-vierzylinder-kommt-nicht-zu-uns\/\"},\"wordCount\":318,\"commentCount\":0,\"publisher\":{\"@id\":\"https:\/\/all-car-news.com\/de\/#organization\"},\"articleSection\":[\"Auto Nachrichten\"],\"inLanguage\":\"de\",\"potentialAction\":[{\"@type\":\"CommentAction\",\"name\":\"Comment\",\"target\":[\"https:\/\/all-car-news.com\/de\/bmw-m-der-vierzylinder-kommt-nicht-zu-uns\/#respond\"]}]},{\"@type\":\"WebPage\",\"@id\":\"https:\/\/all-car-news.com\/de\/bmw-m-der-vierzylinder-kommt-nicht-zu-uns\/\",\"url\":\"https:\/\/all-car-news.com\/de\/bmw-m-der-vierzylinder-kommt-nicht-zu-uns\/\",\"name\":\"BMW M: 'Der Vierzylinder kommt nicht zu uns' - All cars news\",\"isPartOf\":{\"@id\":\"https:\/\/all-car-news.com\/de\/#website\"},\"datePublished\":\"2022-10-14T12:58:00+00:00\",\"dateModified\":\"2022-10-14T12:58:00+00:00\",\"breadcrumb\":{\"@id\":\"https:\/\/all-car-news.com\/de\/bmw-m-der-vierzylinder-kommt-nicht-zu-uns\/#breadcrumb\"},\"inLanguage\":\"de\",\"potentialAction\":[{\"@type\":\"ReadAction\",\"target\":[\"https:\/\/all-car-news.com\/de\/bmw-m-der-vierzylinder-kommt-nicht-zu-uns\/\"]}]},{\"@type\":\"BreadcrumbList\",\"@id\":\"https:\/\/all-car-news.com\/de\/bmw-m-der-vierzylinder-kommt-nicht-zu-uns\/#breadcrumb\",\"itemListElement\":[{\"@type\":\"ListItem\",\"position\":1,\"name\":\"Home\",\"item\":\"https:\/\/all-car-news.com\/de\/\"},{\"@type\":\"ListItem\",\"position\":2,\"name\":\"BMW M: &#8218;Der Vierzylinder kommt nicht zu uns&#8216;\"}]},{\"@type\":\"WebSite\",\"@id\":\"https:\/\/all-car-news.com\/de\/#website\",\"url\":\"https:\/\/all-car-news.com\/de\/\",\"name\":\"All cars news\",\"description\":\"\",\"publisher\":{\"@id\":\"https:\/\/all-car-news.com\/de\/#organization\"},\"potentialAction\":[{\"@type\":\"SearchAction\",\"target\":{\"@type\":\"EntryPoint\",\"urlTemplate\":\"https:\/\/all-car-news.com\/de\/?s={search_term_string}\"},\"query-input\":\"required name=search_term_string\"}],\"inLanguage\":\"de\"},{\"@type\":\"Organization\",\"@id\":\"https:\/\/all-car-news.com\/de\/#organization\",\"name\":\"All cars news\",\"url\":\"https:\/\/all-car-news.com\/de\/\",\"logo\":{\"@type\":\"ImageObject\",\"inLanguage\":\"de\",\"@id\":\"https:\/\/all-car-news.com\/de\/#\/schema\/logo\/image\/\",\"url\":\"https:\/\/all-car-news.com\/wp-content\/uploads\/2022\/02\/CMYK-AllCarNews_LANDSCAPE_300px-1.png\",\"contentUrl\":\"https:\/\/all-car-news.com\/wp-content\/uploads\/2022\/02\/CMYK-AllCarNews_LANDSCAPE_300px-1.png\",\"width\":300,\"height\":100,\"caption\":\"All cars news\"},\"image\":{\"@id\":\"https:\/\/all-car-news.com\/de\/#\/schema\/logo\/image\/\"}}]}<\/script>\n<!-- \/ Yoast SEO plugin. -->","yoast_head_json":{"title":"BMW M: 'Der Vierzylinder kommt nicht zu uns' - All cars news","robots":{"index":"index","follow":"follow","max-snippet":"max-snippet:-1","max-image-preview":"max-image-preview:large","max-video-preview":"max-video-preview:-1"},"canonical":"https:\/\/all-car-news.com\/de\/bmw-m-der-vierzylinder-kommt-nicht-zu-uns\/","og_locale":"de_DE","og_type":"article","og_title":"BMW M: 'Der Vierzylinder kommt nicht zu uns' - All cars news","og_description":"Nicht weniger als sechs Zylinder Diese Woche hat die Performance-Abteilung von BMW den neuen M2 vorgestellt, ein Auto, auf das die Fans der Marke schon lange gewartet haben. Der M2 hat, wie der M3 und der M4, einen Reihensechszylinder unter der Haube. Und das wird auch so bleiben, sagt Van Meel gegen\u00fcber CarBuzz.com. Ob [...]","og_url":"https:\/\/all-car-news.com\/de\/bmw-m-der-vierzylinder-kommt-nicht-zu-uns\/","og_site_name":"All cars news","article_published_time":"2022-10-14T12:58:00+00:00","og_image":[{"url":"https:\/\/autorai.nl\/wp-content\/uploads\/2022\/10\/bmw-m2-2023-nederland-foto38-1140x855.jpg"}],"twitter_card":"summary_large_image","twitter_misc":{"Gesch\u00e4tzte Lesezeit":"2\u00a0Minuten"},"schema":{"@context":"https:\/\/schema.org","@graph":[{"@type":"Article","@id":"https:\/\/all-car-news.com\/de\/bmw-m-der-vierzylinder-kommt-nicht-zu-uns\/#article","isPartOf":{"@id":"https:\/\/all-car-news.com\/de\/bmw-m-der-vierzylinder-kommt-nicht-zu-uns\/"},"author":{"name":"","@id":""},"headline":"BMW M: &#8218;Der Vierzylinder kommt nicht zu uns&#8216;","datePublished":"2022-10-14T12:58:00+00:00","dateModified":"2022-10-14T12:58:00+00:00","mainEntityOfPage":{"@id":"https:\/\/all-car-news.com\/de\/bmw-m-der-vierzylinder-kommt-nicht-zu-uns\/"},"wordCount":318,"commentCount":0,"publisher":{"@id":"https:\/\/all-car-news.com\/de\/#organization"},"articleSection":["Auto Nachrichten"],"inLanguage":"de","potentialAction":[{"@type":"CommentAction","name":"Comment","target":["https:\/\/all-car-news.com\/de\/bmw-m-der-vierzylinder-kommt-nicht-zu-uns\/#respond"]}]},{"@type":"WebPage","@id":"https:\/\/all-car-news.com\/de\/bmw-m-der-vierzylinder-kommt-nicht-zu-uns\/","url":"https:\/\/all-car-news.com\/de\/bmw-m-der-vierzylinder-kommt-nicht-zu-uns\/","name":"BMW M: 'Der Vierzylinder kommt nicht zu uns' - All cars news","isPartOf":{"@id":"https:\/\/all-car-news.com\/de\/#website"},"datePublished":"2022-10-14T12:58:00+00:00","dateModified":"2022-10-14T12:58:00+00:00","breadcrumb":{"@id":"https:\/\/all-car-news.com\/de\/bmw-m-der-vierzylinder-kommt-nicht-zu-uns\/#breadcrumb"},"inLanguage":"de","potentialAction":[{"@type":"ReadAction","target":["https:\/\/all-car-news.com\/de\/bmw-m-der-vierzylinder-kommt-nicht-zu-uns\/"]}]},{"@type":"BreadcrumbList","@id":"https:\/\/all-car-news.com\/de\/bmw-m-der-vierzylinder-kommt-nicht-zu-uns\/#breadcrumb","itemListElement":[{"@type":"ListItem","position":1,"name":"Home","item":"https:\/\/all-car-news.com\/de\/"},{"@type":"ListItem","position":2,"name":"BMW M: &#8218;Der Vierzylinder kommt nicht zu uns&#8216;"}]},{"@type":"WebSite","@id":"https:\/\/all-car-news.com\/de\/#website","url":"https:\/\/all-car-news.com\/de\/","name":"All cars news","description":"","publisher":{"@id":"https:\/\/all-car-news.com\/de\/#organization"},"potentialAction":[{"@type":"SearchAction","target":{"@type":"EntryPoint","urlTemplate":"https:\/\/all-car-news.com\/de\/?s={search_term_string}"},"query-input":"required name=search_term_string"}],"inLanguage":"de"},{"@type":"Organization","@id":"https:\/\/all-car-news.com\/de\/#organization","name":"All cars news","url":"https:\/\/all-car-news.com\/de\/","logo":{"@type":"ImageObject","inLanguage":"de","@id":"https:\/\/all-car-news.com\/de\/#\/schema\/logo\/image\/","url":"https:\/\/all-car-news.com\/wp-content\/uploads\/2022\/02\/CMYK-AllCarNews_LANDSCAPE_300px-1.png","contentUrl":"https:\/\/all-car-news.com\/wp-content\/uploads\/2022\/02\/CMYK-AllCarNews_LANDSCAPE_300px-1.png","width":300,"height":100,"caption":"All cars news"},"image":{"@id":"https:\/\/all-car-news.com\/de\/#\/schema\/logo\/image\/"}}]}},"_links":{"self":[{"href":"https:\/\/all-car-news.com\/de\/wp-json\/wp\/v2\/posts\/125003","targetHints":{"allow":["GET"]}}],"collection":[{"href":"https:\/\/all-car-news.com\/de\/wp-json\/wp\/v2\/posts"}],"about":[{"href":"https:\/\/all-car-news.com\/de\/wp-json\/wp\/v2\/types\/post"}],"replies":[{"embeddable":true,"href":"https:\/\/all-car-news.com\/de\/wp-json\/wp\/v2\/comments?post=125003"}],"version-history":[{"count":0,"href":"https:\/\/all-car-news.com\/de\/wp-json\/wp\/v2\/posts\/125003\/revisions"}],"wp:featuredmedia":[{"embeddable":true,"href":"https:\/\/all-car-news.com\/de\/wp-json\/wp\/v2\/media\/124952"}],"wp:attachment":[{"href":"https:\/\/all-car-news.com\/de\/wp-json\/wp\/v2\/media?parent=125003"}],"wp:term":[{"taxonomy":"category","embeddable":true,"href":"https:\/\/all-car-news.com\/de\/wp-json\/wp\/v2\/categories?post=125003"},{"taxonomy":"post_tag","embeddable":true,"href":"https:\/\/all-car-news.com\/de\/wp-json\/wp\/v2\/tags?post=125003"}],"curies":[{"name":"wp","href":"https:\/\/api.w.org\/{rel}","templated":true}]}}