{"id":124870,"date":"2022-10-11T10:33:55","date_gmt":"2022-10-11T10:33:55","guid":{"rendered":"https:\/\/all-car-news.com\/jaguar-f-type-75-ende-des-f-type-in-sicht\/"},"modified":"2022-10-11T10:33:55","modified_gmt":"2022-10-11T10:33:55","slug":"jaguar-f-type-75-ende-des-f-type-in-sicht","status":"publish","type":"post","link":"https:\/\/all-car-news.com\/de\/jaguar-f-type-75-ende-des-f-type-in-sicht\/","title":{"rendered":"Jaguar F-Type 75: Ende des F-Type in Sicht"},"content":{"rendered":"<h2>Das Modelljahr 2024 beendet die Karriere des Jaguar F-Type<\/h2>\n<p>Anl\u00e4sslich des letzten Modelljahres des Jaguar F-Type und 75 Jahren Jaguar Sportwagen stehen den Kunden f\u00fcr das Modelljahr 2024 neue Sondereditionen zur Verf\u00fcgung: der Jaguar F-Type 75 und der F-Type R 75. Einzigartig f\u00fcr diese Versionen sind die dezenten Plaketten auf den Seitenscheiben und die Farbe Giola Green metallic.<\/p>\n<h2>20-Zoll-R\u00e4der<\/h2>\n<p>Jede Version ist serienm\u00e4\u00dfig mit 20-Zoll-Felgen ausgestattet. Die Versionen F-Type 75 und F-Type R 75 zeichnen sich durch schwarzgl\u00e4nzende F\u00fcnfspeichenr\u00e4der bzw. schwarzgl\u00e4nzende und diamantgedrehte Kontrastfelgen mit zehn Speichen aus. Der F-Type R 75 ist mit speziell entwickelten Pirelli P Zero-Reifen in der Gr\u00f6\u00dfe 265\/35 ZR 20 vorne und 305\/30 ZR 20 hinten ausgestattet.<\/p>\n<figure class=\"wp-block-image size-content\"><img decoding=\"async\" loading=\"lazy\" width=\"1140\" height=\"854\" src=\"https:\/\/autorai.nl\/wp-content\/uploads\/2022\/10\/002_Jag_F-TYPE_24MY_Convertible_Exterior_Side_025_PR_111022-1140x854.jpg\" alt=\"\" class=\"wp-image-133730\"><\/figure>\n<h2>Optimiertes Fahrwerk<\/h2>\n<p>Das Fahrwerk des Jaguar F-Type 75 und des F-Type R 75 wurde mit Hinterradtr\u00e4gern aus leichtem, formschl\u00fcssigem Aluminiumguss weiter verbessert. Diese sorgen zusammen mit den gr\u00f6\u00dferen Radlagern f\u00fcr einen besseren Kontakt mit der Fahrbahnoberfl\u00e4che. Beim F-Type R 75 wurde dieser Aspekt durch den Einsatz neuer oberer Kugelgelenke, die den Radsturz und die Vorspur weiter verbessern, weiter optimiert. Beide Versionen sind mit einem elektronisch gesteuerten Hinterachsdifferenzial (EAD) ausgestattet.<\/p>\n<h2>Andere Farben f\u00fcr Abzeichen<\/h2>\n<p>F\u00fcr das letzte Modelljahr des F-Type &#8211; ab Anfang 2023 &#8211; hat Jaguar auch einige \u00c4nderungen an den Plaketten vorgenommen. Die Farbe der Radkappe in den Felgen und der Plakette im K\u00fchlergrill sind jetzt schwarz statt rot. Die R- und R-Dynamic-Plaketten sind jetzt schwarz und grau statt rot und gr\u00fcn.<\/p>\n<figure class=\"wp-block-image size-content\"><img decoding=\"async\" loading=\"lazy\" width=\"1140\" height=\"678\" src=\"https:\/\/autorai.nl\/wp-content\/uploads\/2022\/10\/010_Jag_F-TYPE_24MY_Interior_Detail_034_PR_111022-1140x678.jpg\" alt=\"\" class=\"wp-image-133741\"><\/figure>\n<h2>Aktives Auspuffsystem<\/h2>\n<p>Jede Motorvariante verf\u00fcgt serienm\u00e4\u00dfig \u00fcber eine zuschaltbare aktive Abgasanlage, so auch der <a href=\"https:\/\/autorai.nl\/autotest-jaguar-f-type-p300-2021\/\">Vierzylinder F-Type<\/a>. Der charakteristische Auspuffsound des Jaguar F-Type bei hohen Drehzahlen und Vollgas bleibt erhalten.  <\/p>\n<h2><em>Quiet-Start-Funktion<\/em><\/h2>\n<p>Kunden, die sich f\u00fcr den V8 entscheiden, profitieren von der <em>Funktion Quiet Start<\/em>. Dadurch macht der Motor beim Anlassen einen dezenteren, feineren Klang. Elektronisch gesteuerte Bypass-Ventile im Endschalld\u00e4mpfer \u00f6ffnen sich erst bei einem bestimmten Druck und lassen dann das charakteristische Dr\u00f6hnen ert\u00f6nen. Falls gew\u00fcnscht, kann die <em>Quiet-Start-Funktion<\/em> durch Einschalten des Dynamik-Modus oder durch Dr\u00fccken der Taste an der aktiven Abgasanlage vor dem Start ausgeschaltet werden.<\/p>\n<figure class=\"wp-block-image size-content\"><img decoding=\"async\" loading=\"lazy\" width=\"1140\" height=\"641\" src=\"https:\/\/autorai.nl\/wp-content\/uploads\/2022\/10\/013_Jag_F-TYPE_24MY_Exterior_Detail_008_PR_111022-1140x641.jpg\" alt=\"\" class=\"wp-image-133747\"><\/figure>\n<h2>Auslieferung des Jaguar F-Type 75 beginnt im Januar 2023<\/h2>\n<p>Die ersten Exemplare des F-Type Modelljahres 2024 werden im Januar 2023 ausgeliefert. In diesem Jahr ist es 75 Jahre her, dass Jaguar seinen ersten Sportwagen, den XK120, vorgestellt hat. Auch Jaguar steht vor einem Wendepunkt in seiner Geschichte und wird ab 2025 ausschlie\u00dflich Modelle mit reinem Elektroantrieb produzieren. Jaguar wird den F-TYPE f\u00fcr das Modelljahr 2024 in seinem Werk in Castle Bromwich (Gro\u00dfbritannien) produzieren.  <\/p>\n<p><strong>Folgende Versionen des Jaguar F-Type sind in den Niederlanden erh\u00e4ltlich:<\/strong><\/p>\n<ul>\n<li>R-Dynamic: 221 kW (300 PS) Vierzylinder, Hinterradantrieb<\/li>\n<li>75: 331 kW (450 PS) V8, Hinterradantrieb oder Allradantrieb<\/li>\n<li>R 75: 423 kW (575 PS) V8, Allradantrieb<\/li>\n<\/ul>\n<p>Der F-Type ist ab 106.686 Euro erh\u00e4ltlich. Der F-Type 75 ist ab 150.688 Euro erh\u00e4ltlich.<\/p>\n<div class=\"galery shuffle galery-0\">\n<figure>\n\t\t\t\t\t<span style=\"cursor: pointer\" data-src=\"https:\/\/autorai.nl\/wp-content\/uploads\/2022\/10\/005_Jag_F-TYPE_24MY_Convertible_Exterior_Rear_018_PR_DX_111022-1600x1085.jpg\" data-fancybox=\"galery-0\" title=\"\"><br \/>\n\t\t\t\t\t\t\t<img decoding=\"async\" width=\"640\" height=\"480\" src=\"https:\/\/autorai.nl\/wp-content\/uploads\/2022\/10\/005_Jag_F-TYPE_24MY_Convertible_Exterior_Rear_018_PR_DX_111022-640x480.jpg\" class=\"attachment-medium size-medium\" alt=\"\" loading=\"lazy\"><i class=\"fa fa-search-plus\" aria-hidden=\"true\"><\/i><br \/>\n\t\t\t\t\t\t<\/span><br \/>\n\t\t\t\t\t<\/figure>\n<figure>\n\t\t\t\t\t<span style=\"cursor: pointer\" data-src=\"https:\/\/autorai.nl\/wp-content\/uploads\/2022\/10\/004_Jag_F-TYPE_24MY_Coupe_Exterior_Rear_3Qr_026_PR_DX_111022-1600x1062.jpg\" data-fancybox=\"galery-0\" title=\"\"><br \/>\n\t\t\t\t\t\t\t<img decoding=\"async\" width=\"360\" height=\"270\" src=\"https:\/\/autorai.nl\/wp-content\/uploads\/2022\/10\/004_Jag_F-TYPE_24MY_Coupe_Exterior_Rear_3Qr_026_PR_DX_111022-360x270.jpg\" class=\"attachment-small size-small\" alt=\"\" loading=\"lazy\"><i class=\"fa fa-search-plus\" aria-hidden=\"true\"><\/i><br \/>\n\t\t\t\t\t\t<\/span><br \/>\n\t\t\t\t\t<\/figure>\n<figure>\n\t\t\t\t\t<span style=\"cursor: pointer\" data-src=\"https:\/\/autorai.nl\/wp-content\/uploads\/2022\/10\/001_Jag_F-TYPE_24MY_Convertible_Exterior_Front_3Qr_024_PR_111022-1600x1200.jpg\" data-fancybox=\"galery-0\" title=\"\"><br \/>\n\t\t\t\t\t\t\t<img decoding=\"async\" width=\"360\" height=\"270\" src=\"https:\/\/autorai.nl\/wp-content\/uploads\/2022\/10\/001_Jag_F-TYPE_24MY_Convertible_Exterior_Front_3Qr_024_PR_111022-360x270.jpg\" class=\"attachment-small size-small\" alt=\"\" loading=\"lazy\"><i class=\"fa fa-search-plus\" aria-hidden=\"true\"><\/i><br \/>\n\t\t\t\t\t\t<\/span><br \/>\n\t\t\t\t\t<\/figure>\n<figure>\n\t\t\t\t\t<span style=\"cursor: pointer\" data-src=\"https:\/\/autorai.nl\/wp-content\/uploads\/2022\/10\/001_Jag_F-TYPE_24MY_Coupe_Exterior_Front_3Qr_022_PR_111022-1600x899.jpg\" data-fancybox=\"galery-0\" title=\"\"><br \/>\n\t\t\t\t\t\t\t<img decoding=\"async\" width=\"640\" height=\"480\" src=\"https:\/\/autorai.nl\/wp-content\/uploads\/2022\/10\/001_Jag_F-TYPE_24MY_Coupe_Exterior_Front_3Qr_022_PR_111022-640x480.jpg\" class=\"attachment-medium size-medium\" alt=\"\" loading=\"lazy\"><i class=\"fa fa-search-plus\" aria-hidden=\"true\"><\/i><br \/>\n\t\t\t\t\t\t<\/span><br \/>\n\t\t\t\t\t<\/figure>\n<figure>\n\t\t\t\t\t<span style=\"cursor: pointer\" data-src=\"https:\/\/autorai.nl\/wp-content\/uploads\/2022\/10\/008_Jag_F-TYPE_24MY_Interior_048_111022-1600x962.jpg\" data-fancybox=\"galery-0\" title=\"\"><br \/>\n\t\t\t\t\t\t\t<img decoding=\"async\" width=\"360\" height=\"270\" src=\"https:\/\/autorai.nl\/wp-content\/uploads\/2022\/10\/008_Jag_F-TYPE_24MY_Interior_048_111022-360x270.jpg\" class=\"attachment-small size-small\" alt=\"\" loading=\"lazy\"><i class=\"fa fa-search-plus\" aria-hidden=\"true\"><\/i><br \/>\n\t\t\t\t\t\t<\/span><br \/>\n\t\t\t\t\t<\/figure>\n<figure>\n\t\t\t\t\t<span style=\"cursor: pointer\" data-src=\"https:\/\/autorai.nl\/wp-content\/uploads\/2022\/10\/009-Jag_F-TYPE_24MY_Interior_Detail_014_111022-1600x1194.jpg\" data-fancybox=\"galery-0\" title=\"\"><br \/>\n\t\t\t\t\t\t\t<img decoding=\"async\" width=\"360\" height=\"270\" src=\"https:\/\/autorai.nl\/wp-content\/uploads\/2022\/10\/009-Jag_F-TYPE_24MY_Interior_Detail_014_111022-360x270.jpg\" class=\"attachment-small size-small\" alt=\"\" loading=\"lazy\"><i class=\"fa fa-search-plus\" aria-hidden=\"true\"><\/i><br \/>\n\t\t\t\t\t\t<\/span><br \/>\n\t\t\t\t\t<\/figure>\n<figure>\n\t\t\t\t\t<span style=\"cursor: pointer\" data-src=\"https:\/\/autorai.nl\/wp-content\/uploads\/2022\/10\/011-Jag_F-TYPE_24MY_Interior_Detail_019_111022-1600x903.jpg\" data-fancybox=\"galery-0\" title=\"\"><br \/>\n\t\t\t\t\t\t\t<img decoding=\"async\" width=\"640\" height=\"480\" src=\"https:\/\/autorai.nl\/wp-content\/uploads\/2022\/10\/011-Jag_F-TYPE_24MY_Interior_Detail_019_111022-640x480.jpg\" class=\"attachment-medium size-medium\" alt=\"\" loading=\"lazy\"><i class=\"fa fa-search-plus\" aria-hidden=\"true\"><\/i><br \/>\n\t\t\t\t\t\t<\/span><br \/>\n\t\t\t\t\t<\/figure>\n<figure>\n\t\t\t\t\t<span style=\"cursor: pointer\" data-src=\"https:\/\/autorai.nl\/wp-content\/uploads\/2022\/10\/012-Jag_F-TYPE_24MY_Interior_Detail_031_111022-1600x901.jpg\" data-fancybox=\"galery-0\" title=\"\"><br \/>\n\t\t\t\t\t\t\t<img decoding=\"async\" width=\"360\" height=\"270\" src=\"https:\/\/autorai.nl\/wp-content\/uploads\/2022\/10\/012-Jag_F-TYPE_24MY_Interior_Detail_031_111022-360x270.jpg\" class=\"attachment-small size-small\" alt=\"\" loading=\"lazy\"><i class=\"fa fa-search-plus\" aria-hidden=\"true\"><\/i><br \/>\n\t\t\t\t\t\t<\/span><br \/>\n\t\t\t\t\t<\/figure>\n<figure>\n\t\t\t\t\t<span style=\"cursor: pointer\" data-src=\"https:\/\/autorai.nl\/wp-content\/uploads\/2022\/10\/014_Jag_F-TYPE_24MY_Exterior_Detail_006_111022-1600x900.jpg\" data-fancybox=\"galery-0\" title=\"\"><br \/>\n\t\t\t\t\t\t\t<img decoding=\"async\" width=\"360\" height=\"270\" src=\"https:\/\/autorai.nl\/wp-content\/uploads\/2022\/10\/014_Jag_F-TYPE_24MY_Exterior_Detail_006_111022-360x270.jpg\" class=\"attachment-small size-small\" alt=\"\" loading=\"lazy\"><i class=\"fa fa-search-plus\" aria-hidden=\"true\"><\/i><br \/>\n\t\t\t\t\t\t<\/span><br \/>\n\t\t\t\t\t<\/figure>\n<figure>\n\t\t\t\t\t<span style=\"cursor: pointer\" data-src=\"https:\/\/autorai.nl\/wp-content\/uploads\/2022\/10\/017_Jag_F-TYPE_24MY_Exterior_Detail_007_111022-1600x900.jpg\" data-fancybox=\"galery-0\" title=\"\"><br \/>\n\t\t\t\t\t\t\t<img decoding=\"async\" width=\"640\" height=\"480\" src=\"https:\/\/autorai.nl\/wp-content\/uploads\/2022\/10\/017_Jag_F-TYPE_24MY_Exterior_Detail_007_111022-640x480.jpg\" class=\"attachment-medium size-medium\" alt=\"\" loading=\"lazy\"><i class=\"fa fa-search-plus\" aria-hidden=\"true\"><\/i><br \/>\n\t\t\t\t\t\t<\/span><br \/>\n\t\t\t\t\t<\/figure>\n<figure>\n\t\t\t\t\t<span style=\"cursor: pointer\" data-src=\"https:\/\/autorai.nl\/wp-content\/uploads\/2022\/10\/019_Jag_F-TYPE_24MY_Exterior_Detail_009_111022-1600x900.jpg\" data-fancybox=\"galery-0\" title=\"\"><br \/>\n\t\t\t\t\t\t\t<img decoding=\"async\" width=\"360\" height=\"270\" src=\"https:\/\/autorai.nl\/wp-content\/uploads\/2022\/10\/019_Jag_F-TYPE_24MY_Exterior_Detail_009_111022-360x270.jpg\" class=\"attachment-small size-small\" alt=\"\" loading=\"lazy\"><i class=\"fa fa-search-plus\" aria-hidden=\"true\"><\/i><br \/>\n\t\t\t\t\t\t<\/span><br \/>\n\t\t\t\t\t<\/figure>\n<figure>\n\t\t\t\t\t<span style=\"cursor: pointer\" data-src=\"https:\/\/autorai.nl\/wp-content\/uploads\/2022\/10\/020_Jag_F-TYPE_24MY_Exterior_Detail_045_111022-1600x900.jpg\" data-fancybox=\"galery-0\" title=\"\"><br \/>\n\t\t\t\t\t\t\t<img decoding=\"async\" width=\"360\" height=\"270\" src=\"https:\/\/autorai.nl\/wp-content\/uploads\/2022\/10\/020_Jag_F-TYPE_24MY_Exterior_Detail_045_111022-360x270.jpg\" class=\"attachment-small size-small\" alt=\"\" loading=\"lazy\"><i class=\"fa fa-search-plus\" aria-hidden=\"true\"><\/i><br \/>\n\t\t\t\t\t\t<\/span><br \/>\n\t\t\t\t\t<\/figure>\n<figure>\n\t\t\t\t\t<span style=\"cursor: pointer\" data-src=\"https:\/\/autorai.nl\/wp-content\/uploads\/2022\/10\/021_Jag_F-TYPE_24MY_Interior_Detail_005_110122-1600x900.jpg\" data-fancybox=\"galery-0\" title=\"\"><br \/>\n\t\t\t\t\t\t\t<img decoding=\"async\" width=\"640\" height=\"480\" src=\"https:\/\/autorai.nl\/wp-content\/uploads\/2022\/10\/021_Jag_F-TYPE_24MY_Interior_Detail_005_110122-640x480.jpg\" class=\"attachment-medium size-medium\" alt=\"\" loading=\"lazy\"><i class=\"fa fa-search-plus\" aria-hidden=\"true\"><\/i><br \/>\n\t\t\t\t\t\t<\/span><br \/>\n\t\t\t\t\t<\/figure>\n<figure>\n\t\t\t\t\t<span style=\"cursor: pointer\" data-src=\"https:\/\/autorai.nl\/wp-content\/uploads\/2022\/10\/024_Jag_F-TYPE_24MY_Interior_Detail_020_111022-1600x901.jpg\" data-fancybox=\"galery-0\" title=\"\"><br \/>\n\t\t\t\t\t\t\t<img decoding=\"async\" width=\"360\" height=\"270\" src=\"https:\/\/autorai.nl\/wp-content\/uploads\/2022\/10\/024_Jag_F-TYPE_24MY_Interior_Detail_020_111022-360x270.jpg\" class=\"attachment-small size-small\" alt=\"\" loading=\"lazy\"><i class=\"fa fa-search-plus\" aria-hidden=\"true\"><\/i><br \/>\n\t\t\t\t\t\t<\/span><br \/>\n\t\t\t\t\t<\/figure>\n<figure>\n\t\t\t\t\t<span style=\"cursor: pointer\" data-src=\"https:\/\/autorai.nl\/wp-content\/uploads\/2022\/10\/023_Jag_F-TYPE_24MY_Interior_Detail_015_111022-1600x900.jpg\" data-fancybox=\"galery-0\" title=\"\"><br \/>\n\t\t\t\t\t\t\t<img decoding=\"async\" width=\"360\" height=\"270\" src=\"https:\/\/autorai.nl\/wp-content\/uploads\/2022\/10\/023_Jag_F-TYPE_24MY_Interior_Detail_015_111022-360x270.jpg\" class=\"attachment-small size-small\" alt=\"\" loading=\"lazy\"><i class=\"fa fa-search-plus\" aria-hidden=\"true\"><\/i><br \/>\n\t\t\t\t\t\t<\/span><br \/>\n\t\t\t\t\t<\/figure>\n<div class=\"clear\"><\/div>\n<\/div>\n","protected":false},"excerpt":{"rendered":"Modelljahr 2024 beendet die Karriere des Jaguar F-Type Anl\u00e4sslich des letzten Modelljahres des Jaguar F-Type und 75 Jahren Jaguar Sportwagen&hellip;","protected":false},"author":0,"featured_media":124851,"comment_status":"open","ping_status":"open","sticky":false,"template":"","format":"standard","meta":{"footnotes":""},"categories":[125],"tags":[],"class_list":["post-124870","post","type-post","status-publish","format-standard","has-post-thumbnail","hentry","category-auto-nachrichten"],"acf":[],"yoast_head":"<!-- This site is optimized with the Yoast SEO plugin v21.2 - https:\/\/yoast.com\/wordpress\/plugins\/seo\/ -->\n<title>Jaguar F-Type 75: Ende des F-Type in Sicht - All cars news<\/title>\n<meta name=\"robots\" content=\"index, follow, max-snippet:-1, max-image-preview:large, max-video-preview:-1\" \/>\n<link rel=\"canonical\" href=\"https:\/\/all-car-news.com\/de\/jaguar-f-type-75-ende-des-f-type-in-sicht\/\" \/>\n<meta property=\"og:locale\" content=\"de_DE\" \/>\n<meta property=\"og:type\" content=\"article\" \/>\n<meta property=\"og:title\" content=\"Jaguar F-Type 75: Ende des F-Type in Sicht - All cars news\" \/>\n<meta property=\"og:description\" content=\"Modelljahr 2024 beendet die Karriere des Jaguar F-Type Anl\u00e4sslich des letzten Modelljahres des Jaguar F-Type und 75 Jahren Jaguar Sportwagen stehen den Kunden f\u00fcr das Modelljahr 2024 neue Sondereditionen zur Verf\u00fcgung: der Jaguar F-Type 75 und der F-Type R 75. Einzigartig f\u00fcr diese Versionen sind die dezenten Plaketten auf den Seitenscheiben und die Farbe Giola Green metallic. \u2020\" \/>\n<meta property=\"og:url\" content=\"https:\/\/all-car-news.com\/de\/jaguar-f-type-75-ende-des-f-type-in-sicht\/\" \/>\n<meta property=\"og:site_name\" content=\"All cars news\" \/>\n<meta property=\"article:published_time\" content=\"2022-10-11T10:33:55+00:00\" \/>\n<meta property=\"og:image\" content=\"https:\/\/autorai.nl\/wp-content\/uploads\/2022\/10\/002_Jag_F-TYPE_24MY_Convertible_Exterior_Side_025_PR_111022-1140x854.jpg\" \/>\n<meta name=\"twitter:card\" content=\"summary_large_image\" \/>\n<meta name=\"twitter:label1\" content=\"Gesch\u00e4tzte Lesezeit\" \/>\n\t<meta name=\"twitter:data1\" content=\"2\u00a0Minuten\" \/>\n<script type=\"application\/ld+json\" class=\"yoast-schema-graph\">{\"@context\":\"https:\/\/schema.org\",\"@graph\":[{\"@type\":\"Article\",\"@id\":\"https:\/\/all-car-news.com\/de\/jaguar-f-type-75-ende-des-f-type-in-sicht\/#article\",\"isPartOf\":{\"@id\":\"https:\/\/all-car-news.com\/de\/jaguar-f-type-75-ende-des-f-type-in-sicht\/\"},\"author\":{\"name\":\"\",\"@id\":\"\"},\"headline\":\"Jaguar F-Type 75: Ende des F-Type in Sicht\",\"datePublished\":\"2022-10-11T10:33:55+00:00\",\"dateModified\":\"2022-10-11T10:33:55+00:00\",\"mainEntityOfPage\":{\"@id\":\"https:\/\/all-car-news.com\/de\/jaguar-f-type-75-ende-des-f-type-in-sicht\/\"},\"wordCount\":459,\"commentCount\":0,\"publisher\":{\"@id\":\"https:\/\/all-car-news.com\/de\/#organization\"},\"articleSection\":[\"Auto Nachrichten\"],\"inLanguage\":\"de\",\"potentialAction\":[{\"@type\":\"CommentAction\",\"name\":\"Comment\",\"target\":[\"https:\/\/all-car-news.com\/de\/jaguar-f-type-75-ende-des-f-type-in-sicht\/#respond\"]}]},{\"@type\":\"WebPage\",\"@id\":\"https:\/\/all-car-news.com\/de\/jaguar-f-type-75-ende-des-f-type-in-sicht\/\",\"url\":\"https:\/\/all-car-news.com\/de\/jaguar-f-type-75-ende-des-f-type-in-sicht\/\",\"name\":\"Jaguar F-Type 75: Ende des F-Type in Sicht - All cars news\",\"isPartOf\":{\"@id\":\"https:\/\/all-car-news.com\/de\/#website\"},\"datePublished\":\"2022-10-11T10:33:55+00:00\",\"dateModified\":\"2022-10-11T10:33:55+00:00\",\"breadcrumb\":{\"@id\":\"https:\/\/all-car-news.com\/de\/jaguar-f-type-75-ende-des-f-type-in-sicht\/#breadcrumb\"},\"inLanguage\":\"de\",\"potentialAction\":[{\"@type\":\"ReadAction\",\"target\":[\"https:\/\/all-car-news.com\/de\/jaguar-f-type-75-ende-des-f-type-in-sicht\/\"]}]},{\"@type\":\"BreadcrumbList\",\"@id\":\"https:\/\/all-car-news.com\/de\/jaguar-f-type-75-ende-des-f-type-in-sicht\/#breadcrumb\",\"itemListElement\":[{\"@type\":\"ListItem\",\"position\":1,\"name\":\"Home\",\"item\":\"https:\/\/all-car-news.com\/de\/\"},{\"@type\":\"ListItem\",\"position\":2,\"name\":\"Jaguar F-Type 75: Ende des F-Type in Sicht\"}]},{\"@type\":\"WebSite\",\"@id\":\"https:\/\/all-car-news.com\/de\/#website\",\"url\":\"https:\/\/all-car-news.com\/de\/\",\"name\":\"All cars news\",\"description\":\"\",\"publisher\":{\"@id\":\"https:\/\/all-car-news.com\/de\/#organization\"},\"potentialAction\":[{\"@type\":\"SearchAction\",\"target\":{\"@type\":\"EntryPoint\",\"urlTemplate\":\"https:\/\/all-car-news.com\/de\/?s={search_term_string}\"},\"query-input\":\"required name=search_term_string\"}],\"inLanguage\":\"de\"},{\"@type\":\"Organization\",\"@id\":\"https:\/\/all-car-news.com\/de\/#organization\",\"name\":\"All cars news\",\"url\":\"https:\/\/all-car-news.com\/de\/\",\"logo\":{\"@type\":\"ImageObject\",\"inLanguage\":\"de\",\"@id\":\"https:\/\/all-car-news.com\/de\/#\/schema\/logo\/image\/\",\"url\":\"https:\/\/all-car-news.com\/wp-content\/uploads\/2022\/02\/CMYK-AllCarNews_LANDSCAPE_300px-1.png\",\"contentUrl\":\"https:\/\/all-car-news.com\/wp-content\/uploads\/2022\/02\/CMYK-AllCarNews_LANDSCAPE_300px-1.png\",\"width\":300,\"height\":100,\"caption\":\"All cars news\"},\"image\":{\"@id\":\"https:\/\/all-car-news.com\/de\/#\/schema\/logo\/image\/\"}}]}<\/script>\n<!-- \/ Yoast SEO plugin. -->","yoast_head_json":{"title":"Jaguar F-Type 75: Ende des F-Type in Sicht - All cars news","robots":{"index":"index","follow":"follow","max-snippet":"max-snippet:-1","max-image-preview":"max-image-preview:large","max-video-preview":"max-video-preview:-1"},"canonical":"https:\/\/all-car-news.com\/de\/jaguar-f-type-75-ende-des-f-type-in-sicht\/","og_locale":"de_DE","og_type":"article","og_title":"Jaguar F-Type 75: Ende des F-Type in Sicht - All cars news","og_description":"Modelljahr 2024 beendet die Karriere des Jaguar F-Type Anl\u00e4sslich des letzten Modelljahres des Jaguar F-Type und 75 Jahren Jaguar Sportwagen stehen den Kunden f\u00fcr das Modelljahr 2024 neue Sondereditionen zur Verf\u00fcgung: der Jaguar F-Type 75 und der F-Type R 75. Einzigartig f\u00fcr diese Versionen sind die dezenten Plaketten auf den Seitenscheiben und die Farbe Giola Green metallic. \u2020","og_url":"https:\/\/all-car-news.com\/de\/jaguar-f-type-75-ende-des-f-type-in-sicht\/","og_site_name":"All cars news","article_published_time":"2022-10-11T10:33:55+00:00","og_image":[{"url":"https:\/\/autorai.nl\/wp-content\/uploads\/2022\/10\/002_Jag_F-TYPE_24MY_Convertible_Exterior_Side_025_PR_111022-1140x854.jpg"}],"twitter_card":"summary_large_image","twitter_misc":{"Gesch\u00e4tzte Lesezeit":"2\u00a0Minuten"},"schema":{"@context":"https:\/\/schema.org","@graph":[{"@type":"Article","@id":"https:\/\/all-car-news.com\/de\/jaguar-f-type-75-ende-des-f-type-in-sicht\/#article","isPartOf":{"@id":"https:\/\/all-car-news.com\/de\/jaguar-f-type-75-ende-des-f-type-in-sicht\/"},"author":{"name":"","@id":""},"headline":"Jaguar F-Type 75: Ende des F-Type in Sicht","datePublished":"2022-10-11T10:33:55+00:00","dateModified":"2022-10-11T10:33:55+00:00","mainEntityOfPage":{"@id":"https:\/\/all-car-news.com\/de\/jaguar-f-type-75-ende-des-f-type-in-sicht\/"},"wordCount":459,"commentCount":0,"publisher":{"@id":"https:\/\/all-car-news.com\/de\/#organization"},"articleSection":["Auto Nachrichten"],"inLanguage":"de","potentialAction":[{"@type":"CommentAction","name":"Comment","target":["https:\/\/all-car-news.com\/de\/jaguar-f-type-75-ende-des-f-type-in-sicht\/#respond"]}]},{"@type":"WebPage","@id":"https:\/\/all-car-news.com\/de\/jaguar-f-type-75-ende-des-f-type-in-sicht\/","url":"https:\/\/all-car-news.com\/de\/jaguar-f-type-75-ende-des-f-type-in-sicht\/","name":"Jaguar F-Type 75: Ende des F-Type in Sicht - All cars news","isPartOf":{"@id":"https:\/\/all-car-news.com\/de\/#website"},"datePublished":"2022-10-11T10:33:55+00:00","dateModified":"2022-10-11T10:33:55+00:00","breadcrumb":{"@id":"https:\/\/all-car-news.com\/de\/jaguar-f-type-75-ende-des-f-type-in-sicht\/#breadcrumb"},"inLanguage":"de","potentialAction":[{"@type":"ReadAction","target":["https:\/\/all-car-news.com\/de\/jaguar-f-type-75-ende-des-f-type-in-sicht\/"]}]},{"@type":"BreadcrumbList","@id":"https:\/\/all-car-news.com\/de\/jaguar-f-type-75-ende-des-f-type-in-sicht\/#breadcrumb","itemListElement":[{"@type":"ListItem","position":1,"name":"Home","item":"https:\/\/all-car-news.com\/de\/"},{"@type":"ListItem","position":2,"name":"Jaguar F-Type 75: Ende des F-Type in Sicht"}]},{"@type":"WebSite","@id":"https:\/\/all-car-news.com\/de\/#website","url":"https:\/\/all-car-news.com\/de\/","name":"All cars news","description":"","publisher":{"@id":"https:\/\/all-car-news.com\/de\/#organization"},"potentialAction":[{"@type":"SearchAction","target":{"@type":"EntryPoint","urlTemplate":"https:\/\/all-car-news.com\/de\/?s={search_term_string}"},"query-input":"required name=search_term_string"}],"inLanguage":"de"},{"@type":"Organization","@id":"https:\/\/all-car-news.com\/de\/#organization","name":"All cars news","url":"https:\/\/all-car-news.com\/de\/","logo":{"@type":"ImageObject","inLanguage":"de","@id":"https:\/\/all-car-news.com\/de\/#\/schema\/logo\/image\/","url":"https:\/\/all-car-news.com\/wp-content\/uploads\/2022\/02\/CMYK-AllCarNews_LANDSCAPE_300px-1.png","contentUrl":"https:\/\/all-car-news.com\/wp-content\/uploads\/2022\/02\/CMYK-AllCarNews_LANDSCAPE_300px-1.png","width":300,"height":100,"caption":"All cars news"},"image":{"@id":"https:\/\/all-car-news.com\/de\/#\/schema\/logo\/image\/"}}]}},"_links":{"self":[{"href":"https:\/\/all-car-news.com\/de\/wp-json\/wp\/v2\/posts\/124870","targetHints":{"allow":["GET"]}}],"collection":[{"href":"https:\/\/all-car-news.com\/de\/wp-json\/wp\/v2\/posts"}],"about":[{"href":"https:\/\/all-car-news.com\/de\/wp-json\/wp\/v2\/types\/post"}],"replies":[{"embeddable":true,"href":"https:\/\/all-car-news.com\/de\/wp-json\/wp\/v2\/comments?post=124870"}],"version-history":[{"count":0,"href":"https:\/\/all-car-news.com\/de\/wp-json\/wp\/v2\/posts\/124870\/revisions"}],"wp:featuredmedia":[{"embeddable":true,"href":"https:\/\/all-car-news.com\/de\/wp-json\/wp\/v2\/media\/124851"}],"wp:attachment":[{"href":"https:\/\/all-car-news.com\/de\/wp-json\/wp\/v2\/media?parent=124870"}],"wp:term":[{"taxonomy":"category","embeddable":true,"href":"https:\/\/all-car-news.com\/de\/wp-json\/wp\/v2\/categories?post=124870"},{"taxonomy":"post_tag","embeddable":true,"href":"https:\/\/all-car-news.com\/de\/wp-json\/wp\/v2\/tags?post=124870"}],"curies":[{"name":"wp","href":"https:\/\/api.w.org\/{rel}","templated":true}]}}