{"id":124699,"date":"2022-10-05T15:53:29","date_gmt":"2022-10-05T15:53:29","guid":{"rendered":"https:\/\/all-car-news.com\/ein-auto-mieten-avis-autovermietung-denkt-mit\/"},"modified":"2022-10-05T15:53:29","modified_gmt":"2022-10-05T15:53:29","slug":"ein-auto-mieten-avis-autovermietung-denkt-mit","status":"publish","type":"post","link":"https:\/\/all-car-news.com\/de\/ein-auto-mieten-avis-autovermietung-denkt-mit\/","title":{"rendered":"Ein Auto mieten? Avis Autovermietung denkt mit"},"content":{"rendered":"<h2>Bekannte Partei<\/h2>\n<p>Ein Auto zu mieten ist manchmal eine schwierige Aufgabe. Es gibt viele Autovermieter, und es ist nicht immer klar, welche Anbieter zuverl\u00e4ssig sind und welche nicht. Eine Woche lang zu Tiefstpreisen durch die Gegend zu reisen, klingt verlockend, kann aber bei manchen Vermietern zu einer Menge \u00c4rger f\u00fchren. Deshalb ist es oft ratsam, ein Auto nur bei einem bekannten Anbieter zu mieten.<\/p>\n<h2><strong>Autovermietung<\/strong><\/h2>\n<p>Sie haben wahrscheinlich schon von Avis Car Rental geh\u00f6rt. Die gro\u00dfe Autovermietung hat f\u00fcr jeden Anlass einen passenden Pkw, Pkw-Bus, Transporter oder Lkw parat. Ob Sie einen Toyota Aygo, einen BMW 5er oder einen Volkswagen Transporter suchen. In den Niederlanden m\u00fcssen Sie nicht weit fahren, um ein Auto, einen Transporter oder einen Lkw g\u00fcnstig zu mieten, denn in unserem Land gibt es nicht weniger als 36 Avis-Filialen.<\/p>\n<figure class=\"wp-block-image size-content\"><img decoding=\"async\" loading=\"lazy\" width=\"1140\" height=\"760\" src=\"https:\/\/autorai.nl\/wp-content\/uploads\/2022\/09\/DSC3744_MK4-1140x760.jpg\" alt=\"\" class=\"wp-image-133222\"><\/figure>\n<h2>Entlastung<\/h2>\n<p>Mit Avis m\u00fcssen Sie sich keine Sorgen um einen guten Service machen. Sie entlasten, wo sie k\u00f6nnen, denken voraus und l\u00f6sen Probleme, wenn n\u00f6tig. So k\u00f6nnen Sie Ihren Mietwagen oder Bus ganz einfach in jeder niederl\u00e4ndischen Filiale abholen. Der Einweg-Service erm\u00f6glicht auch die R\u00fcckgabe eines Autos oder Transporters in einer anderen Niederlassung in den Niederlanden.<\/p>\n<h2><strong>Ein Auto von Avis mieten?<\/strong><\/h2>\n<p>Mieten Sie zu den besten Bedingungen und zu einem wettbewerbsf\u00e4higen Preis. Egal, ob Sie einen Pkw f\u00fcr einen Tag, ein Wochenende oder mehrere Wochen ben\u00f6tigen, bei Avis finden Sie immer einen Mietwagen, der zu Ihnen passt. Sie k\u00f6nnen sogar ein Fahrzeug f\u00fcr ein paar Stunden mieten. Ideal, um Ihre Online-Bestellung abzuholen oder um jemanden vom Flughafen abzuholen. Avis verf\u00fcgt \u00fcber eine gro\u00dfe Fahrzeugflotte mit mehreren Top-Marken. Sie haben f\u00fcr jede Situation einen passenden Mietwagen.<\/p>\n<figure class=\"wp-block-image size-content\"><img decoding=\"async\" loading=\"lazy\" width=\"1140\" height=\"760\" src=\"https:\/\/autorai.nl\/wp-content\/uploads\/2022\/10\/DSC4621-1140x760.jpg\" alt=\"\" class=\"wp-image-133224\"><\/figure>\n<h2><strong>Sie wollen einen Van von Avis mieten?<\/strong><\/h2>\n<p>Sie setzen auf Qualit\u00e4t, Komfort und wollen ohne Kreditkarte mieten? Dann sind Sie bei Avis an der richtigen Adresse. Au\u00dferdem k\u00f6nnen Sie mit dem B-F\u00fchrerschein bereits einen Lieferwagen fahren, Sie brauchen daf\u00fcr keinen speziellen F\u00fchrerschein. Die <a href=\"https:\/\/www.avis.nl\/wagenpark-bestelautos\">Anmietung<\/a> eines <a href=\"https:\/\/www.avis.nl\/wagenpark-bestelautos\">Lieferwagens<\/a> f\u00fcr einen oder mehrere Tage ist sinnvoll, wenn Sie umziehen oder gr\u00f6\u00dfere Gegenst\u00e4nde abholen wollen (z. B. einen Marktplatzkauf). Bei l\u00e4ngerer Nutzung, d. h. l\u00e4nger als 27 Tage, k\u00f6nnen Sie auch einen Van von Avis zu g\u00fcnstigen Preisen mieten.<\/p>\n<p>Deshalb mieten Sie bei der <a href=\"https:\/\/www.avis.nl\/\" target=\"_blank\" rel=\"noreferrer noopener\">Avis Autovermietung<\/a>:<\/p>\n<ul>\n<li>Das richtige Auto und der richtige Preis f\u00fcr jeden Moment<\/li>\n<li>Immer eine Filiale in Ihrer N\u00e4he<\/li>\n<li>Transparente Preise und Bedingungen<\/li>\n<\/ul>\n","protected":false},"excerpt":{"rendered":"Bekannte Partei Ein Auto zu mieten ist manchmal eine schwierige Aufgabe. Es gibt viele Autovermieter, und es ist nicht immer&hellip;","protected":false},"author":0,"featured_media":124669,"comment_status":"open","ping_status":"open","sticky":false,"template":"","format":"standard","meta":{"footnotes":""},"categories":[128],"tags":[],"class_list":["post-124699","post","type-post","status-publish","format-standard","has-post-thumbnail","hentry","category-hintergrund"],"acf":[],"yoast_head":"<!-- This site is optimized with the Yoast SEO plugin v21.2 - https:\/\/yoast.com\/wordpress\/plugins\/seo\/ -->\n<title>Ein Auto mieten? Avis Autovermietung denkt mit - All cars news<\/title>\n<meta name=\"robots\" content=\"index, follow, max-snippet:-1, max-image-preview:large, max-video-preview:-1\" \/>\n<link rel=\"canonical\" href=\"https:\/\/all-car-news.com\/de\/ein-auto-mieten-avis-autovermietung-denkt-mit\/\" \/>\n<meta property=\"og:locale\" content=\"de_DE\" \/>\n<meta property=\"og:type\" content=\"article\" \/>\n<meta property=\"og:title\" content=\"Ein Auto mieten? Avis Autovermietung denkt mit - All cars news\" \/>\n<meta property=\"og:description\" content=\"Bekannte Partei Ein Auto zu mieten ist manchmal eine schwierige Aufgabe. Es gibt viele Autovermieter, und es ist nicht immer klar, welche Anbieter zuverl\u00e4ssig sind und welche nicht. Eine Woche lang zu Tiefstpreisen herumzureisen, klingt verlockend, kann aber bei manchen Vermietern zu einer Menge \u00c4rger f\u00fchren. Daher ist es oft ratsam, einfach eine [...]\" \/>\n<meta property=\"og:url\" content=\"https:\/\/all-car-news.com\/de\/ein-auto-mieten-avis-autovermietung-denkt-mit\/\" \/>\n<meta property=\"og:site_name\" content=\"All cars news\" \/>\n<meta property=\"article:published_time\" content=\"2022-10-05T15:53:29+00:00\" \/>\n<meta property=\"og:image\" content=\"https:\/\/autorai.nl\/wp-content\/uploads\/2022\/09\/DSC3744_MK4-1140x760.jpg\" \/>\n<meta name=\"twitter:card\" content=\"summary_large_image\" \/>\n<meta name=\"twitter:label1\" content=\"Gesch\u00e4tzte Lesezeit\" \/>\n\t<meta name=\"twitter:data1\" content=\"2\u00a0Minuten\" \/>\n<script type=\"application\/ld+json\" class=\"yoast-schema-graph\">{\"@context\":\"https:\/\/schema.org\",\"@graph\":[{\"@type\":\"Article\",\"@id\":\"https:\/\/all-car-news.com\/de\/ein-auto-mieten-avis-autovermietung-denkt-mit\/#article\",\"isPartOf\":{\"@id\":\"https:\/\/all-car-news.com\/de\/ein-auto-mieten-avis-autovermietung-denkt-mit\/\"},\"author\":{\"name\":\"\",\"@id\":\"\"},\"headline\":\"Ein Auto mieten? Avis Autovermietung denkt mit\",\"datePublished\":\"2022-10-05T15:53:29+00:00\",\"dateModified\":\"2022-10-05T15:53:29+00:00\",\"mainEntityOfPage\":{\"@id\":\"https:\/\/all-car-news.com\/de\/ein-auto-mieten-avis-autovermietung-denkt-mit\/\"},\"wordCount\":422,\"commentCount\":0,\"publisher\":{\"@id\":\"https:\/\/all-car-news.com\/de\/#organization\"},\"articleSection\":[\"Hintergrund\"],\"inLanguage\":\"de\",\"potentialAction\":[{\"@type\":\"CommentAction\",\"name\":\"Comment\",\"target\":[\"https:\/\/all-car-news.com\/de\/ein-auto-mieten-avis-autovermietung-denkt-mit\/#respond\"]}]},{\"@type\":\"WebPage\",\"@id\":\"https:\/\/all-car-news.com\/de\/ein-auto-mieten-avis-autovermietung-denkt-mit\/\",\"url\":\"https:\/\/all-car-news.com\/de\/ein-auto-mieten-avis-autovermietung-denkt-mit\/\",\"name\":\"Ein Auto mieten? Avis Autovermietung denkt mit - All cars news\",\"isPartOf\":{\"@id\":\"https:\/\/all-car-news.com\/de\/#website\"},\"datePublished\":\"2022-10-05T15:53:29+00:00\",\"dateModified\":\"2022-10-05T15:53:29+00:00\",\"breadcrumb\":{\"@id\":\"https:\/\/all-car-news.com\/de\/ein-auto-mieten-avis-autovermietung-denkt-mit\/#breadcrumb\"},\"inLanguage\":\"de\",\"potentialAction\":[{\"@type\":\"ReadAction\",\"target\":[\"https:\/\/all-car-news.com\/de\/ein-auto-mieten-avis-autovermietung-denkt-mit\/\"]}]},{\"@type\":\"BreadcrumbList\",\"@id\":\"https:\/\/all-car-news.com\/de\/ein-auto-mieten-avis-autovermietung-denkt-mit\/#breadcrumb\",\"itemListElement\":[{\"@type\":\"ListItem\",\"position\":1,\"name\":\"Home\",\"item\":\"https:\/\/all-car-news.com\/de\/\"},{\"@type\":\"ListItem\",\"position\":2,\"name\":\"Ein Auto mieten? Avis Autovermietung denkt mit\"}]},{\"@type\":\"WebSite\",\"@id\":\"https:\/\/all-car-news.com\/de\/#website\",\"url\":\"https:\/\/all-car-news.com\/de\/\",\"name\":\"All cars news\",\"description\":\"\",\"publisher\":{\"@id\":\"https:\/\/all-car-news.com\/de\/#organization\"},\"potentialAction\":[{\"@type\":\"SearchAction\",\"target\":{\"@type\":\"EntryPoint\",\"urlTemplate\":\"https:\/\/all-car-news.com\/de\/?s={search_term_string}\"},\"query-input\":\"required name=search_term_string\"}],\"inLanguage\":\"de\"},{\"@type\":\"Organization\",\"@id\":\"https:\/\/all-car-news.com\/de\/#organization\",\"name\":\"All cars news\",\"url\":\"https:\/\/all-car-news.com\/de\/\",\"logo\":{\"@type\":\"ImageObject\",\"inLanguage\":\"de\",\"@id\":\"https:\/\/all-car-news.com\/de\/#\/schema\/logo\/image\/\",\"url\":\"https:\/\/all-car-news.com\/wp-content\/uploads\/2022\/02\/CMYK-AllCarNews_LANDSCAPE_300px-1.png\",\"contentUrl\":\"https:\/\/all-car-news.com\/wp-content\/uploads\/2022\/02\/CMYK-AllCarNews_LANDSCAPE_300px-1.png\",\"width\":300,\"height\":100,\"caption\":\"All cars news\"},\"image\":{\"@id\":\"https:\/\/all-car-news.com\/de\/#\/schema\/logo\/image\/\"}}]}<\/script>\n<!-- \/ Yoast SEO plugin. -->","yoast_head_json":{"title":"Ein Auto mieten? Avis Autovermietung denkt mit - All cars news","robots":{"index":"index","follow":"follow","max-snippet":"max-snippet:-1","max-image-preview":"max-image-preview:large","max-video-preview":"max-video-preview:-1"},"canonical":"https:\/\/all-car-news.com\/de\/ein-auto-mieten-avis-autovermietung-denkt-mit\/","og_locale":"de_DE","og_type":"article","og_title":"Ein Auto mieten? Avis Autovermietung denkt mit - All cars news","og_description":"Bekannte Partei Ein Auto zu mieten ist manchmal eine schwierige Aufgabe. Es gibt viele Autovermieter, und es ist nicht immer klar, welche Anbieter zuverl\u00e4ssig sind und welche nicht. Eine Woche lang zu Tiefstpreisen herumzureisen, klingt verlockend, kann aber bei manchen Vermietern zu einer Menge \u00c4rger f\u00fchren. Daher ist es oft ratsam, einfach eine [...]","og_url":"https:\/\/all-car-news.com\/de\/ein-auto-mieten-avis-autovermietung-denkt-mit\/","og_site_name":"All cars news","article_published_time":"2022-10-05T15:53:29+00:00","og_image":[{"url":"https:\/\/autorai.nl\/wp-content\/uploads\/2022\/09\/DSC3744_MK4-1140x760.jpg"}],"twitter_card":"summary_large_image","twitter_misc":{"Gesch\u00e4tzte Lesezeit":"2\u00a0Minuten"},"schema":{"@context":"https:\/\/schema.org","@graph":[{"@type":"Article","@id":"https:\/\/all-car-news.com\/de\/ein-auto-mieten-avis-autovermietung-denkt-mit\/#article","isPartOf":{"@id":"https:\/\/all-car-news.com\/de\/ein-auto-mieten-avis-autovermietung-denkt-mit\/"},"author":{"name":"","@id":""},"headline":"Ein Auto mieten? Avis Autovermietung denkt mit","datePublished":"2022-10-05T15:53:29+00:00","dateModified":"2022-10-05T15:53:29+00:00","mainEntityOfPage":{"@id":"https:\/\/all-car-news.com\/de\/ein-auto-mieten-avis-autovermietung-denkt-mit\/"},"wordCount":422,"commentCount":0,"publisher":{"@id":"https:\/\/all-car-news.com\/de\/#organization"},"articleSection":["Hintergrund"],"inLanguage":"de","potentialAction":[{"@type":"CommentAction","name":"Comment","target":["https:\/\/all-car-news.com\/de\/ein-auto-mieten-avis-autovermietung-denkt-mit\/#respond"]}]},{"@type":"WebPage","@id":"https:\/\/all-car-news.com\/de\/ein-auto-mieten-avis-autovermietung-denkt-mit\/","url":"https:\/\/all-car-news.com\/de\/ein-auto-mieten-avis-autovermietung-denkt-mit\/","name":"Ein Auto mieten? Avis Autovermietung denkt mit - All cars news","isPartOf":{"@id":"https:\/\/all-car-news.com\/de\/#website"},"datePublished":"2022-10-05T15:53:29+00:00","dateModified":"2022-10-05T15:53:29+00:00","breadcrumb":{"@id":"https:\/\/all-car-news.com\/de\/ein-auto-mieten-avis-autovermietung-denkt-mit\/#breadcrumb"},"inLanguage":"de","potentialAction":[{"@type":"ReadAction","target":["https:\/\/all-car-news.com\/de\/ein-auto-mieten-avis-autovermietung-denkt-mit\/"]}]},{"@type":"BreadcrumbList","@id":"https:\/\/all-car-news.com\/de\/ein-auto-mieten-avis-autovermietung-denkt-mit\/#breadcrumb","itemListElement":[{"@type":"ListItem","position":1,"name":"Home","item":"https:\/\/all-car-news.com\/de\/"},{"@type":"ListItem","position":2,"name":"Ein Auto mieten? Avis Autovermietung denkt mit"}]},{"@type":"WebSite","@id":"https:\/\/all-car-news.com\/de\/#website","url":"https:\/\/all-car-news.com\/de\/","name":"All cars news","description":"","publisher":{"@id":"https:\/\/all-car-news.com\/de\/#organization"},"potentialAction":[{"@type":"SearchAction","target":{"@type":"EntryPoint","urlTemplate":"https:\/\/all-car-news.com\/de\/?s={search_term_string}"},"query-input":"required name=search_term_string"}],"inLanguage":"de"},{"@type":"Organization","@id":"https:\/\/all-car-news.com\/de\/#organization","name":"All cars news","url":"https:\/\/all-car-news.com\/de\/","logo":{"@type":"ImageObject","inLanguage":"de","@id":"https:\/\/all-car-news.com\/de\/#\/schema\/logo\/image\/","url":"https:\/\/all-car-news.com\/wp-content\/uploads\/2022\/02\/CMYK-AllCarNews_LANDSCAPE_300px-1.png","contentUrl":"https:\/\/all-car-news.com\/wp-content\/uploads\/2022\/02\/CMYK-AllCarNews_LANDSCAPE_300px-1.png","width":300,"height":100,"caption":"All cars news"},"image":{"@id":"https:\/\/all-car-news.com\/de\/#\/schema\/logo\/image\/"}}]}},"_links":{"self":[{"href":"https:\/\/all-car-news.com\/de\/wp-json\/wp\/v2\/posts\/124699","targetHints":{"allow":["GET"]}}],"collection":[{"href":"https:\/\/all-car-news.com\/de\/wp-json\/wp\/v2\/posts"}],"about":[{"href":"https:\/\/all-car-news.com\/de\/wp-json\/wp\/v2\/types\/post"}],"replies":[{"embeddable":true,"href":"https:\/\/all-car-news.com\/de\/wp-json\/wp\/v2\/comments?post=124699"}],"version-history":[{"count":0,"href":"https:\/\/all-car-news.com\/de\/wp-json\/wp\/v2\/posts\/124699\/revisions"}],"wp:featuredmedia":[{"embeddable":true,"href":"https:\/\/all-car-news.com\/de\/wp-json\/wp\/v2\/media\/124669"}],"wp:attachment":[{"href":"https:\/\/all-car-news.com\/de\/wp-json\/wp\/v2\/media?parent=124699"}],"wp:term":[{"taxonomy":"category","embeddable":true,"href":"https:\/\/all-car-news.com\/de\/wp-json\/wp\/v2\/categories?post=124699"},{"taxonomy":"post_tag","embeddable":true,"href":"https:\/\/all-car-news.com\/de\/wp-json\/wp\/v2\/tags?post=124699"}],"curies":[{"name":"wp","href":"https:\/\/api.w.org\/{rel}","templated":true}]}}