{"id":124329,"date":"2022-09-28T14:52:27","date_gmt":"2022-09-28T14:52:27","guid":{"rendered":"https:\/\/all-car-news.com\/mash-black-side-brandneuer-klassiker\/"},"modified":"2022-09-28T14:52:27","modified_gmt":"2022-09-28T14:52:27","slug":"mash-black-side-brandneuer-klassiker","status":"publish","type":"post","link":"https:\/\/all-car-news.com\/de\/mash-black-side-brandneuer-klassiker\/","title":{"rendered":"Mash Black Side: brandneuer Klassiker"},"content":{"rendered":"<div id=\"container_9ESopm2BMv2\" class=\"container color_TextBackgroundBg \">\n<div id=\"container_JAHMUXpuy4C\" class=\"container \">\n<div id=\"container_7HvimHq3pM3\" class=\"container \">\n<div class=\"text_wrapper TextBodySpecial color_TextUnemph\">\n<p dir=\"ltr\">Der Mash Black Side ist der erste komplette Seitenwagen seit Jahren, den man ganz neu kaufen kann und der auch noch bezahlbar ist. 11.499 Euro kostet er und dann hat man eine sehr authentisch wirkende Spanne. Ganz neu, aber nach einem klassischen Schema: ein Motorrad mit angeh\u00e4ngtem Beiwagen.<\/p>\n<p dir=\"ltr\"><img decoding=\"async\" loading=\"lazy\" width=\"1140\" height=\"760\" class=\"alignnone size-medium wp-image-25809\" src=\"https:\/\/motorrai.nl\/wp-content\/uploads\/2022\/09\/Mash-Black-Side-16-1140x760.jpg\" alt=\"\"><\/p>\n<h2 dir=\"ltr\">Die Seitenwagenbox gibt es schon seit Jahren<\/h2>\n<p dir=\"ltr\">Bisher konnte man zwar noch Seitenwagen kaufen, aber dann das Tablett und das wurde dann vom Lieferanten fachm\u00e4nnisch am Fahrrad befestigt. Dieser wurde ebenfalls modifiziert, z. B. mit einem speziellen Rahmen und Autoreifen ausgestattet. <a href=\"https:\/\/emltrike.com\/sidecars\/\">EML<\/a> in Neede in den Niederlanden ist hierauf spezialisiert.<\/p>\n<h2 dir=\"ltr\">Mash Five Hunderd plus span<\/h2>\n<p dir=\"ltr\">F\u00fcr die Black Side hat Mash sein Motorrad Five Hunderd 400cc mit einem klassisch verkleideten Einzelaufbau und einem Seitenwagenrad mit Scheibenbremse (mit Motorradreifen) ausgestattet.<\/p>\n<div class=\"galery galery-25793\">\n<figure>\n\t\t\t<a href=\"https:\/\/motorrai.nl\/wp-content\/uploads\/2022\/09\/Mash-Black-Side-14.jpg\" data-fancybox=\"galery-25793\" title=\"\"><br \/>\n\t\t\t\t<img decoding=\"async\" src=\"https:\/\/motorrai.nl\/wp-content\/uploads\/2022\/09\/Mash-Black-Side-14-360x270.jpg\" alt=\"\"><i class=\"fa fa-search-plus\" aria-hidden=\"true\"><\/i><br \/>\n\t\t\t<\/a><br \/>\n\t\t<\/figure>\n<figure>\n\t\t\t<a href=\"https:\/\/motorrai.nl\/wp-content\/uploads\/2022\/09\/Mash-Black-Side-12.jpg\" data-fancybox=\"galery-25793\" title=\"\"><br \/>\n\t\t\t\t<img decoding=\"async\" src=\"https:\/\/motorrai.nl\/wp-content\/uploads\/2022\/09\/Mash-Black-Side-12-360x270.jpg\" alt=\"\"><i class=\"fa fa-search-plus\" aria-hidden=\"true\"><\/i><br \/>\n\t\t\t<\/a><br \/>\n\t\t<\/figure>\n<div class=\"clear\"><\/div>\n<\/div>\n<h2 dir=\"ltr\">Basierend auf Mash Force Side<\/h2>\n<p dir=\"ltr\">Die Black Side basiert auf der Force Side-Version in Armeegr\u00fcn, die Mash bereits eingef\u00fchrt hat und die nun auch in den Niederlanden erh\u00e4ltlich ist. Dieses Modell hat ein Reserverad hinten und einen Gep\u00e4cktr\u00e4ger vorne. Diese Variante ist eintausend Euro teurer als die Black Side.<\/p>\n<h2 dir=\"ltr\">Schwingarm-Vorderradgabel<\/h2>\n<\/div>\n<\/div>\n<\/div>\n<\/div>\n<div id=\"container_yKSopmIBMv2\" class=\"container color_TextBackgroundBg \">\n<div id=\"container_sUtFwrZ-Sj7\" class=\"container \">\n<div id=\"container_ABzXeBUiKp8\" class=\"container \">\n<div class=\"text_wrapper TextBodyNone color_TextUnemph\">\n<p id=\"paragraph_-JlOVUbEnT5\" dir=\"ltr\"><span id=\"text_Q2uOXVb4oX2\" class=\"\">F\u00fcr die Montage des Beiwagens wurde das Five Hunderd-Motorrad mit einer Vorderradschwinge ausgestattet, die eine pr\u00e4zise, leichte und stabile Lenkung erm\u00f6glicht, und das Motorrad verf\u00fcgt jetzt \u00fcber einen R\u00fcckw\u00e4rtsgang.<\/span><\/p>\n<div class=\"galery shuffle galery-25793\">\n<figure>\n\t\t\t<a href=\"https:\/\/motorrai.nl\/wp-content\/uploads\/2022\/09\/Mash-Black-Side-13.jpg\" data-fancybox=\"galery-25793\" title=\"\"><br \/>\n\t\t\t\t<img decoding=\"async\" src=\"https:\/\/motorrai.nl\/wp-content\/uploads\/2022\/09\/Mash-Black-Side-13-640x480.jpg\" alt=\"\"><i class=\"fa fa-search-plus\" aria-hidden=\"true\"><\/i><br \/>\n\t\t\t<\/a><br \/>\n\t\t<\/figure>\n<figure>\n\t\t\t<a href=\"https:\/\/motorrai.nl\/wp-content\/uploads\/2022\/09\/Mash-Black-Side-15.jpg\" data-fancybox=\"galery-25793\" title=\"\"><br \/>\n\t\t\t\t<img decoding=\"async\" src=\"https:\/\/motorrai.nl\/wp-content\/uploads\/2022\/09\/Mash-Black-Side-15-360x270.jpg\" alt=\"\"><i class=\"fa fa-search-plus\" aria-hidden=\"true\"><\/i><br \/>\n\t\t\t<\/a><br \/>\n\t\t<\/figure>\n<figure>\n\t\t\t<a href=\"https:\/\/motorrai.nl\/wp-content\/uploads\/2022\/09\/Mash-Black-Side-10.jpg\" data-fancybox=\"galery-25793\" title=\"\"><br \/>\n\t\t\t\t<img decoding=\"async\" src=\"https:\/\/motorrai.nl\/wp-content\/uploads\/2022\/09\/Mash-Black-Side-10-360x270.jpg\" alt=\"\"><i class=\"fa fa-search-plus\" aria-hidden=\"true\"><\/i><br \/>\n\t\t\t<\/a><br \/>\n\t\t<\/figure>\n<figure>\n\t\t\t<a href=\"https:\/\/motorrai.nl\/wp-content\/uploads\/2022\/09\/Mash-Black-Side-9.jpg\" data-fancybox=\"galery-25793\" title=\"\"><br \/>\n\t\t\t\t<img decoding=\"async\" src=\"https:\/\/motorrai.nl\/wp-content\/uploads\/2022\/09\/Mash-Black-Side-9-640x480.jpg\" alt=\"\"><i class=\"fa fa-search-plus\" aria-hidden=\"true\"><\/i><br \/>\n\t\t\t<\/a><br \/>\n\t\t<\/figure>\n<figure>\n\t\t\t<a href=\"https:\/\/motorrai.nl\/wp-content\/uploads\/2022\/09\/Mash-Black-Side-8.jpg\" data-fancybox=\"galery-25793\" title=\"\"><br \/>\n\t\t\t\t<img decoding=\"async\" src=\"https:\/\/motorrai.nl\/wp-content\/uploads\/2022\/09\/Mash-Black-Side-8-360x270.jpg\" alt=\"\"><i class=\"fa fa-search-plus\" aria-hidden=\"true\"><\/i><br \/>\n\t\t\t<\/a><br \/>\n\t\t<\/figure>\n<figure>\n\t\t\t<a href=\"https:\/\/motorrai.nl\/wp-content\/uploads\/2022\/09\/Mash-Black-Side-6.jpg\" data-fancybox=\"galery-25793\" title=\"\"><br \/>\n\t\t\t\t<img decoding=\"async\" src=\"https:\/\/motorrai.nl\/wp-content\/uploads\/2022\/09\/Mash-Black-Side-6-360x270.jpg\" alt=\"\"><i class=\"fa fa-search-plus\" aria-hidden=\"true\"><\/i><br \/>\n\t\t\t<\/a><br \/>\n\t\t<\/figure>\n<div class=\"clear\"><\/div>\n<\/div>\n<h2 dir=\"ltr\">Schwarze Lackierung mit Streifen<\/h2>\n<p id=\"paragraph_DgkOVU5DnT5\" dir=\"ltr\"><span id=\"text_tvlWeuEBLo2\" class=\"\">Die Black Side hat eine gl\u00e4nzende schwarze Farbe mit grauen Streifen. Der Tank hat ein Fassungsverm\u00f6gen von 13 Litern und das Gespann wiegt insgesamt 317 kg. Der Einzylindermotor leistet 21 kW (28 PS). Mit dieser Leistung wird die Schwarze Seite meisterhaft funktionieren und kontrollierbar sein.<\/span><\/p>\n<div class=\"galery shuffle galery-25793\">\n<figure>\n\t\t\t<a href=\"https:\/\/motorrai.nl\/wp-content\/uploads\/2022\/09\/Mash-Black-Side-9.jpg\" data-fancybox=\"galery-25793\" title=\"\"><br \/>\n\t\t\t\t<img decoding=\"async\" src=\"https:\/\/motorrai.nl\/wp-content\/uploads\/2022\/09\/Mash-Black-Side-9-640x480.jpg\" alt=\"\"><i class=\"fa fa-search-plus\" aria-hidden=\"true\"><\/i><br \/>\n\t\t\t<\/a><br \/>\n\t\t<\/figure>\n<figure>\n\t\t\t<a href=\"https:\/\/motorrai.nl\/wp-content\/uploads\/2022\/09\/Mash-Black-Side-5.jpg\" data-fancybox=\"galery-25793\" title=\"\"><br \/>\n\t\t\t\t<img decoding=\"async\" src=\"https:\/\/motorrai.nl\/wp-content\/uploads\/2022\/09\/Mash-Black-Side-5-360x270.jpg\" alt=\"\"><i class=\"fa fa-search-plus\" aria-hidden=\"true\"><\/i><br \/>\n\t\t\t<\/a><br \/>\n\t\t<\/figure>\n<figure>\n\t\t\t<a href=\"https:\/\/motorrai.nl\/wp-content\/uploads\/2022\/09\/Mash-Black-Side-4.jpg\" data-fancybox=\"galery-25793\" title=\"\"><br \/>\n\t\t\t\t<img decoding=\"async\" src=\"https:\/\/motorrai.nl\/wp-content\/uploads\/2022\/09\/Mash-Black-Side-4-360x270.jpg\" alt=\"\"><i class=\"fa fa-search-plus\" aria-hidden=\"true\"><\/i><br \/>\n\t\t\t<\/a><br \/>\n\t\t<\/figure>\n<figure>\n\t\t\t<a href=\"https:\/\/motorrai.nl\/wp-content\/uploads\/2022\/09\/Mash-Black-Side-2.jpg\" data-fancybox=\"galery-25793\" title=\"\"><br \/>\n\t\t\t\t<img decoding=\"async\" src=\"https:\/\/motorrai.nl\/wp-content\/uploads\/2022\/09\/Mash-Black-Side-2-640x480.jpg\" alt=\"\"><i class=\"fa fa-search-plus\" aria-hidden=\"true\"><\/i><br \/>\n\t\t\t<\/a><br \/>\n\t\t<\/figure>\n<figure>\n\t\t\t<a href=\"https:\/\/motorrai.nl\/wp-content\/uploads\/2022\/09\/Mash-Black-Side-3.jpg\" data-fancybox=\"galery-25793\" title=\"\"><br \/>\n\t\t\t\t<img decoding=\"async\" src=\"https:\/\/motorrai.nl\/wp-content\/uploads\/2022\/09\/Mash-Black-Side-3-360x270.jpg\" alt=\"\"><i class=\"fa fa-search-plus\" aria-hidden=\"true\"><\/i><br \/>\n\t\t\t<\/a><br \/>\n\t\t<\/figure>\n<figure>\n\t\t\t<a href=\"https:\/\/motorrai.nl\/wp-content\/uploads\/2022\/09\/Mash-Black-Side-17.jpg\" data-fancybox=\"galery-25793\" title=\"\"><br \/>\n\t\t\t\t<img decoding=\"async\" src=\"https:\/\/motorrai.nl\/wp-content\/uploads\/2022\/09\/Mash-Black-Side-17-360x270.jpg\" alt=\"\"><i class=\"fa fa-search-plus\" aria-hidden=\"true\"><\/i><br \/>\n\t\t\t<\/a><br \/>\n\t\t<\/figure>\n<div class=\"clear\"><\/div>\n<\/div>\n<h2 dir=\"ltr\">\u00dcberschaubare Leistung.<\/h2>\n<p dir=\"ltr\"><span id=\"text_tvlWeuEBLo2\" class=\"\">  Die H\u00f6chstgeschwindigkeit wird nicht genannt, aber wir vermuten, dass sie nicht viel h\u00f6her sein wird als die Tagesh\u00f6chstgeschwindigkeit auf niederl\u00e4ndischen Autobahnen.<\/span><\/p>\n<p id=\"paragraph_m7vx61mOmp1\" dir=\"ltr\"><span id=\"text_mofnIG_O_74\" class=\"\">Der Mash Black Side wird in limitierter Auflage ab der zweiten Septemberh\u00e4lfte 2022 auf dem Markt sein.<\/span><\/p>\n<\/div>\n<\/div>\n<\/div>\n<\/div>\n","protected":false},"excerpt":{"rendered":"Der Mash Black Side ist der erste komplette Seitenwagen seit Jahren, den man ganz neu kaufen kann und der auch&hellip;","protected":false},"author":0,"featured_media":124246,"comment_status":"open","ping_status":"open","sticky":false,"template":"","format":"standard","meta":{"footnotes":""},"categories":[125],"tags":[],"class_list":["post-124329","post","type-post","status-publish","format-standard","has-post-thumbnail","hentry","category-auto-nachrichten"],"acf":[],"yoast_head":"<!-- This site is optimized with the Yoast SEO plugin v21.2 - https:\/\/yoast.com\/wordpress\/plugins\/seo\/ -->\n<title>Mash Black Side: brandneuer Klassiker - All cars news<\/title>\n<meta name=\"robots\" content=\"index, follow, max-snippet:-1, max-image-preview:large, max-video-preview:-1\" \/>\n<link rel=\"canonical\" href=\"https:\/\/all-car-news.com\/de\/mash-black-side-brandneuer-klassiker\/\" \/>\n<meta property=\"og:locale\" content=\"de_DE\" \/>\n<meta property=\"og:type\" content=\"article\" \/>\n<meta property=\"og:title\" content=\"Mash Black Side: brandneuer Klassiker - All cars news\" \/>\n<meta property=\"og:description\" content=\"Der Mash Black Side ist der erste komplette Seitenwagen seit Jahren, den man ganz neu kaufen kann und der auch noch bezahlbar ist. 11.499 Euro kostet er und dann hat man eine sehr authentisch wirkende Spanne. Ganz neu, aber nach einem klassischen Schema: ein Motorrad mit angeh\u00e4ngtem Beiwagen. Die Seitenwagenablage ist dort [...]\" \/>\n<meta property=\"og:url\" content=\"https:\/\/all-car-news.com\/de\/mash-black-side-brandneuer-klassiker\/\" \/>\n<meta property=\"og:site_name\" content=\"All cars news\" \/>\n<meta property=\"article:published_time\" content=\"2022-09-28T14:52:27+00:00\" \/>\n<meta property=\"og:image\" content=\"https:\/\/motorrai.nl\/wp-content\/uploads\/2022\/09\/Mash-Black-Side-16-1140x760.jpg\" \/>\n<meta name=\"twitter:card\" content=\"summary_large_image\" \/>\n<meta name=\"twitter:label1\" content=\"Gesch\u00e4tzte Lesezeit\" \/>\n\t<meta name=\"twitter:data1\" content=\"2\u00a0Minuten\" \/>\n<script type=\"application\/ld+json\" class=\"yoast-schema-graph\">{\"@context\":\"https:\/\/schema.org\",\"@graph\":[{\"@type\":\"Article\",\"@id\":\"https:\/\/all-car-news.com\/de\/mash-black-side-brandneuer-klassiker\/#article\",\"isPartOf\":{\"@id\":\"https:\/\/all-car-news.com\/de\/mash-black-side-brandneuer-klassiker\/\"},\"author\":{\"name\":\"\",\"@id\":\"\"},\"headline\":\"Mash Black Side: brandneuer Klassiker\",\"datePublished\":\"2022-09-28T14:52:27+00:00\",\"dateModified\":\"2022-09-28T14:52:27+00:00\",\"mainEntityOfPage\":{\"@id\":\"https:\/\/all-car-news.com\/de\/mash-black-side-brandneuer-klassiker\/\"},\"wordCount\":315,\"commentCount\":0,\"publisher\":{\"@id\":\"https:\/\/all-car-news.com\/de\/#organization\"},\"articleSection\":[\"Auto Nachrichten\"],\"inLanguage\":\"de\",\"potentialAction\":[{\"@type\":\"CommentAction\",\"name\":\"Comment\",\"target\":[\"https:\/\/all-car-news.com\/de\/mash-black-side-brandneuer-klassiker\/#respond\"]}]},{\"@type\":\"WebPage\",\"@id\":\"https:\/\/all-car-news.com\/de\/mash-black-side-brandneuer-klassiker\/\",\"url\":\"https:\/\/all-car-news.com\/de\/mash-black-side-brandneuer-klassiker\/\",\"name\":\"Mash Black Side: brandneuer Klassiker - All cars news\",\"isPartOf\":{\"@id\":\"https:\/\/all-car-news.com\/de\/#website\"},\"datePublished\":\"2022-09-28T14:52:27+00:00\",\"dateModified\":\"2022-09-28T14:52:27+00:00\",\"breadcrumb\":{\"@id\":\"https:\/\/all-car-news.com\/de\/mash-black-side-brandneuer-klassiker\/#breadcrumb\"},\"inLanguage\":\"de\",\"potentialAction\":[{\"@type\":\"ReadAction\",\"target\":[\"https:\/\/all-car-news.com\/de\/mash-black-side-brandneuer-klassiker\/\"]}]},{\"@type\":\"BreadcrumbList\",\"@id\":\"https:\/\/all-car-news.com\/de\/mash-black-side-brandneuer-klassiker\/#breadcrumb\",\"itemListElement\":[{\"@type\":\"ListItem\",\"position\":1,\"name\":\"Home\",\"item\":\"https:\/\/all-car-news.com\/de\/\"},{\"@type\":\"ListItem\",\"position\":2,\"name\":\"Mash Black Side: brandneuer Klassiker\"}]},{\"@type\":\"WebSite\",\"@id\":\"https:\/\/all-car-news.com\/de\/#website\",\"url\":\"https:\/\/all-car-news.com\/de\/\",\"name\":\"All cars news\",\"description\":\"\",\"publisher\":{\"@id\":\"https:\/\/all-car-news.com\/de\/#organization\"},\"potentialAction\":[{\"@type\":\"SearchAction\",\"target\":{\"@type\":\"EntryPoint\",\"urlTemplate\":\"https:\/\/all-car-news.com\/de\/?s={search_term_string}\"},\"query-input\":\"required name=search_term_string\"}],\"inLanguage\":\"de\"},{\"@type\":\"Organization\",\"@id\":\"https:\/\/all-car-news.com\/de\/#organization\",\"name\":\"All cars news\",\"url\":\"https:\/\/all-car-news.com\/de\/\",\"logo\":{\"@type\":\"ImageObject\",\"inLanguage\":\"de\",\"@id\":\"https:\/\/all-car-news.com\/de\/#\/schema\/logo\/image\/\",\"url\":\"https:\/\/all-car-news.com\/wp-content\/uploads\/2022\/02\/CMYK-AllCarNews_LANDSCAPE_300px-1.png\",\"contentUrl\":\"https:\/\/all-car-news.com\/wp-content\/uploads\/2022\/02\/CMYK-AllCarNews_LANDSCAPE_300px-1.png\",\"width\":300,\"height\":100,\"caption\":\"All cars news\"},\"image\":{\"@id\":\"https:\/\/all-car-news.com\/de\/#\/schema\/logo\/image\/\"}}]}<\/script>\n<!-- \/ Yoast SEO plugin. -->","yoast_head_json":{"title":"Mash Black Side: brandneuer Klassiker - All cars news","robots":{"index":"index","follow":"follow","max-snippet":"max-snippet:-1","max-image-preview":"max-image-preview:large","max-video-preview":"max-video-preview:-1"},"canonical":"https:\/\/all-car-news.com\/de\/mash-black-side-brandneuer-klassiker\/","og_locale":"de_DE","og_type":"article","og_title":"Mash Black Side: brandneuer Klassiker - All cars news","og_description":"Der Mash Black Side ist der erste komplette Seitenwagen seit Jahren, den man ganz neu kaufen kann und der auch noch bezahlbar ist. 11.499 Euro kostet er und dann hat man eine sehr authentisch wirkende Spanne. Ganz neu, aber nach einem klassischen Schema: ein Motorrad mit angeh\u00e4ngtem Beiwagen. Die Seitenwagenablage ist dort [...]","og_url":"https:\/\/all-car-news.com\/de\/mash-black-side-brandneuer-klassiker\/","og_site_name":"All cars news","article_published_time":"2022-09-28T14:52:27+00:00","og_image":[{"url":"https:\/\/motorrai.nl\/wp-content\/uploads\/2022\/09\/Mash-Black-Side-16-1140x760.jpg"}],"twitter_card":"summary_large_image","twitter_misc":{"Gesch\u00e4tzte Lesezeit":"2\u00a0Minuten"},"schema":{"@context":"https:\/\/schema.org","@graph":[{"@type":"Article","@id":"https:\/\/all-car-news.com\/de\/mash-black-side-brandneuer-klassiker\/#article","isPartOf":{"@id":"https:\/\/all-car-news.com\/de\/mash-black-side-brandneuer-klassiker\/"},"author":{"name":"","@id":""},"headline":"Mash Black Side: brandneuer Klassiker","datePublished":"2022-09-28T14:52:27+00:00","dateModified":"2022-09-28T14:52:27+00:00","mainEntityOfPage":{"@id":"https:\/\/all-car-news.com\/de\/mash-black-side-brandneuer-klassiker\/"},"wordCount":315,"commentCount":0,"publisher":{"@id":"https:\/\/all-car-news.com\/de\/#organization"},"articleSection":["Auto Nachrichten"],"inLanguage":"de","potentialAction":[{"@type":"CommentAction","name":"Comment","target":["https:\/\/all-car-news.com\/de\/mash-black-side-brandneuer-klassiker\/#respond"]}]},{"@type":"WebPage","@id":"https:\/\/all-car-news.com\/de\/mash-black-side-brandneuer-klassiker\/","url":"https:\/\/all-car-news.com\/de\/mash-black-side-brandneuer-klassiker\/","name":"Mash Black Side: brandneuer Klassiker - All cars news","isPartOf":{"@id":"https:\/\/all-car-news.com\/de\/#website"},"datePublished":"2022-09-28T14:52:27+00:00","dateModified":"2022-09-28T14:52:27+00:00","breadcrumb":{"@id":"https:\/\/all-car-news.com\/de\/mash-black-side-brandneuer-klassiker\/#breadcrumb"},"inLanguage":"de","potentialAction":[{"@type":"ReadAction","target":["https:\/\/all-car-news.com\/de\/mash-black-side-brandneuer-klassiker\/"]}]},{"@type":"BreadcrumbList","@id":"https:\/\/all-car-news.com\/de\/mash-black-side-brandneuer-klassiker\/#breadcrumb","itemListElement":[{"@type":"ListItem","position":1,"name":"Home","item":"https:\/\/all-car-news.com\/de\/"},{"@type":"ListItem","position":2,"name":"Mash Black Side: brandneuer Klassiker"}]},{"@type":"WebSite","@id":"https:\/\/all-car-news.com\/de\/#website","url":"https:\/\/all-car-news.com\/de\/","name":"All cars news","description":"","publisher":{"@id":"https:\/\/all-car-news.com\/de\/#organization"},"potentialAction":[{"@type":"SearchAction","target":{"@type":"EntryPoint","urlTemplate":"https:\/\/all-car-news.com\/de\/?s={search_term_string}"},"query-input":"required name=search_term_string"}],"inLanguage":"de"},{"@type":"Organization","@id":"https:\/\/all-car-news.com\/de\/#organization","name":"All cars news","url":"https:\/\/all-car-news.com\/de\/","logo":{"@type":"ImageObject","inLanguage":"de","@id":"https:\/\/all-car-news.com\/de\/#\/schema\/logo\/image\/","url":"https:\/\/all-car-news.com\/wp-content\/uploads\/2022\/02\/CMYK-AllCarNews_LANDSCAPE_300px-1.png","contentUrl":"https:\/\/all-car-news.com\/wp-content\/uploads\/2022\/02\/CMYK-AllCarNews_LANDSCAPE_300px-1.png","width":300,"height":100,"caption":"All cars news"},"image":{"@id":"https:\/\/all-car-news.com\/de\/#\/schema\/logo\/image\/"}}]}},"_links":{"self":[{"href":"https:\/\/all-car-news.com\/de\/wp-json\/wp\/v2\/posts\/124329","targetHints":{"allow":["GET"]}}],"collection":[{"href":"https:\/\/all-car-news.com\/de\/wp-json\/wp\/v2\/posts"}],"about":[{"href":"https:\/\/all-car-news.com\/de\/wp-json\/wp\/v2\/types\/post"}],"replies":[{"embeddable":true,"href":"https:\/\/all-car-news.com\/de\/wp-json\/wp\/v2\/comments?post=124329"}],"version-history":[{"count":0,"href":"https:\/\/all-car-news.com\/de\/wp-json\/wp\/v2\/posts\/124329\/revisions"}],"wp:featuredmedia":[{"embeddable":true,"href":"https:\/\/all-car-news.com\/de\/wp-json\/wp\/v2\/media\/124246"}],"wp:attachment":[{"href":"https:\/\/all-car-news.com\/de\/wp-json\/wp\/v2\/media?parent=124329"}],"wp:term":[{"taxonomy":"category","embeddable":true,"href":"https:\/\/all-car-news.com\/de\/wp-json\/wp\/v2\/categories?post=124329"},{"taxonomy":"post_tag","embeddable":true,"href":"https:\/\/all-car-news.com\/de\/wp-json\/wp\/v2\/tags?post=124329"}],"curies":[{"name":"wp","href":"https:\/\/api.w.org\/{rel}","templated":true}]}}