{"id":124224,"date":"2022-09-27T09:27:04","date_gmt":"2022-09-27T09:27:04","guid":{"rendered":"https:\/\/all-car-news.com\/volkswagen-gen-travel-concept-braucht-dich-nicht\/"},"modified":"2022-09-27T09:27:04","modified_gmt":"2022-09-27T09:27:04","slug":"volkswagen-gen-travel-concept-braucht-dich-nicht","status":"publish","type":"post","link":"https:\/\/all-car-news.com\/de\/volkswagen-gen-travel-concept-braucht-dich-nicht\/","title":{"rendered":"Volkswagen Gen.Travel Concept braucht dich nicht"},"content":{"rendered":"<h2>Volkswagen Gen.Travel Konzept<\/h2>\n<p>Volkswagen pr\u00e4sentierte den Gen.Travel Concept auf dem Automobilevent Chantilly Arts &amp; Elegance bei Paris. Den Deutschen zufolge handelt es sich um eine innovative Designstudie, die &#8222;die Langstreckenmobilit\u00e4t der Zukunft neu definieren wird&#8220;. Das klingt in der Tat spektakul\u00e4r. Tats\u00e4chlich handelt es sich um ein autonom fahrendes Fahrzeug.<\/p>\n<h2>Autonomes Fahren Stufe 5<\/h2>\n<p>Innerhalb des autonomen Fahrens gibt es verschiedene Abstufungen, n\u00e4mlich <a href=\"https:\/\/autorai.nl\/level-0-tot-level-5-autonoom-rijden-uitleg-per-niveau\/\">Level 0 bis Level 5.<\/a> Der Volkswagen Gen.Travel Concept erf\u00fcllt den Level 5 Standard. Der Fahrer hat dann keinen Einfluss mehr auf das Fahrzeug. Das Auto kann v\u00f6llig selbstst\u00e4ndig fahren. Als Mensch sind Sie in diesem Volkswagen nicht mehr als ein Passagier. Das Auto bringt Sie an Ihr Ziel und Sie m\u00fcssen nichts tun.<\/p>\n<figure class=\"wp-block-image size-content\"><img decoding=\"async\" loading=\"lazy\" width=\"1140\" height=\"713\" src=\"https:\/\/autorai.nl\/wp-content\/uploads\/2022\/09\/Volkswagen-Gen.Travel-Concept-2022-foto7-1140x713.jpg\" alt=\"\" class=\"wp-image-132127\"><\/figure>\n<h2>Innere<\/h2>\n<p>Der Innenraum ist vollst\u00e4ndig modular und als Wohnzimmer eingerichtet, so dass Sie unterwegs arbeiten oder entspannen k\u00f6nnen. Insgesamt bietet das Elektrofahrzeug Platz f\u00fcr vier Personen. &#8222;Die Gen.Travel bietet uns einen Einblick in das Reisen der Zukunft. Er zeigt uns, wie das autonome Fahren in Zukunft aussehen wird&#8220;, so Klaus Zyciora, Leiter Volkswagen Konzerndesign.<\/p>\n<h2>Autokrankheit<\/h2>\n<p>Die dynamische Beleuchtung sorgt f\u00fcr ein angenehmes Arbeitsumfeld und verhindert die Gefahr der Reisekrankheit. Eine \u00dcbernachtungskonfiguration erm\u00f6glicht es, zwei Sitze in zwei Betten umzuwandeln, die sich komplett flach zusammenklappen lassen. Dank der Fl\u00fcgelt\u00fcren ist das Ein- und Aussteigen einfach.<\/p>\n<h2>Intelligentes System: eABC<\/h2>\n<p>Das Auto verf\u00fcgt \u00fcber eABC, eine Abk\u00fcrzung f\u00fcr electric Active Body Control. Dieses System berechnet schnell die vertikalen und seitlichen Bewegungen, die beim Beschleunigen, Bremsen oder in Kurven auftreten. So kann das System die Handhabung optimieren. Das Volkswagen Gen.Travel Concept verf\u00fcgt au\u00dferdem \u00fcber k\u00fcnstliche Intelligenz (KI) und Platooning &#8211; vollautonomes Fahren im Konvoi &#8211; zur Erh\u00f6hung der Reichweite auf langen Strecken.<\/p>\n<div class=\"galery shuffle galery-0\">\n<figure>\n\t\t\t\t\t<span style=\"cursor: pointer\" data-src=\"https:\/\/autorai.nl\/wp-content\/uploads\/2022\/09\/Volkswagen-Gen.Travel-Concept-2022-foto2-1600x1000.jpg\" data-fancybox=\"galery-0\" title=\"\"><br \/>\n\t\t\t\t\t\t\t<img decoding=\"async\" width=\"640\" height=\"480\" src=\"https:\/\/autorai.nl\/wp-content\/uploads\/2022\/09\/Volkswagen-Gen.Travel-Concept-2022-foto2-640x480.jpg\" class=\"attachment-medium size-medium\" alt=\"\" loading=\"lazy\"><i class=\"fa fa-search-plus\" aria-hidden=\"true\"><\/i><br \/>\n\t\t\t\t\t\t<\/span><br \/>\n\t\t\t\t\t<\/figure>\n<figure>\n\t\t\t\t\t<span style=\"cursor: pointer\" data-src=\"https:\/\/autorai.nl\/wp-content\/uploads\/2022\/09\/Volkswagen-Gen.Travel-Concept-2022-foto1-1600x1000.jpg\" data-fancybox=\"galery-0\" title=\"\"><br \/>\n\t\t\t\t\t\t\t<img decoding=\"async\" width=\"360\" height=\"270\" src=\"https:\/\/autorai.nl\/wp-content\/uploads\/2022\/09\/Volkswagen-Gen.Travel-Concept-2022-foto1-360x270.jpg\" class=\"attachment-small size-small\" alt=\"Volkswagen Gen.Travel Konzept\" loading=\"lazy\"><i class=\"fa fa-search-plus\" aria-hidden=\"true\"><\/i><br \/>\n\t\t\t\t\t\t<\/span><br \/>\n\t\t\t\t\t<\/figure>\n<figure>\n\t\t\t\t\t<span style=\"cursor: pointer\" data-src=\"https:\/\/autorai.nl\/wp-content\/uploads\/2022\/09\/Volkswagen-Gen.Travel-Concept-2022-foto3-1600x1000.jpg\" data-fancybox=\"galery-0\" title=\"\"><br \/>\n\t\t\t\t\t\t\t<img decoding=\"async\" width=\"360\" height=\"270\" src=\"https:\/\/autorai.nl\/wp-content\/uploads\/2022\/09\/Volkswagen-Gen.Travel-Concept-2022-foto3-360x270.jpg\" class=\"attachment-small size-small\" alt=\"\" loading=\"lazy\"><i class=\"fa fa-search-plus\" aria-hidden=\"true\"><\/i><br \/>\n\t\t\t\t\t\t<\/span><br \/>\n\t\t\t\t\t<\/figure>\n<figure>\n\t\t\t\t\t<span style=\"cursor: pointer\" data-src=\"https:\/\/autorai.nl\/wp-content\/uploads\/2022\/09\/Volkswagen-Gen.Travel-Concept-2022-foto5-1600x1000.jpg\" data-fancybox=\"galery-0\" title=\"\"><br \/>\n\t\t\t\t\t\t\t<img decoding=\"async\" width=\"640\" height=\"480\" src=\"https:\/\/autorai.nl\/wp-content\/uploads\/2022\/09\/Volkswagen-Gen.Travel-Concept-2022-foto5-640x480.jpg\" class=\"attachment-medium size-medium\" alt=\"\" loading=\"lazy\"><i class=\"fa fa-search-plus\" aria-hidden=\"true\"><\/i><br \/>\n\t\t\t\t\t\t<\/span><br \/>\n\t\t\t\t\t<\/figure>\n<figure>\n\t\t\t\t\t<span style=\"cursor: pointer\" data-src=\"https:\/\/autorai.nl\/wp-content\/uploads\/2022\/09\/Volkswagen-Gen.Travel-Concept-2022-foto6-1600x1000.jpg\" data-fancybox=\"galery-0\" title=\"\"><br \/>\n\t\t\t\t\t\t\t<img decoding=\"async\" width=\"360\" height=\"270\" src=\"https:\/\/autorai.nl\/wp-content\/uploads\/2022\/09\/Volkswagen-Gen.Travel-Concept-2022-foto6-360x270.jpg\" class=\"attachment-small size-small\" alt=\"\" loading=\"lazy\"><i class=\"fa fa-search-plus\" aria-hidden=\"true\"><\/i><br \/>\n\t\t\t\t\t\t<\/span><br \/>\n\t\t\t\t\t<\/figure>\n<figure>\n\t\t\t\t\t<span style=\"cursor: pointer\" data-src=\"https:\/\/autorai.nl\/wp-content\/uploads\/2022\/09\/Volkswagen-Gen.Travel-Concept-2022-foto4-1600x1000.jpg\" data-fancybox=\"galery-0\" title=\"\"><br \/>\n\t\t\t\t\t\t\t<img decoding=\"async\" width=\"360\" height=\"270\" src=\"https:\/\/autorai.nl\/wp-content\/uploads\/2022\/09\/Volkswagen-Gen.Travel-Concept-2022-foto4-360x270.jpg\" class=\"attachment-small size-small\" alt=\"\" loading=\"lazy\"><i class=\"fa fa-search-plus\" aria-hidden=\"true\"><\/i><br \/>\n\t\t\t\t\t\t<\/span><br \/>\n\t\t\t\t\t<\/figure>\n<figure>\n\t\t\t\t\t<span style=\"cursor: pointer\" data-src=\"https:\/\/autorai.nl\/wp-content\/uploads\/2022\/09\/Volkswagen-Gen.Travel-Concept-2022-foto10-1600x1000.jpg\" data-fancybox=\"galery-0\" title=\"\"><br \/>\n\t\t\t\t\t\t\t<img decoding=\"async\" width=\"640\" height=\"480\" src=\"https:\/\/autorai.nl\/wp-content\/uploads\/2022\/09\/Volkswagen-Gen.Travel-Concept-2022-foto10-640x480.jpg\" class=\"attachment-medium size-medium\" alt=\"\" loading=\"lazy\"><i class=\"fa fa-search-plus\" aria-hidden=\"true\"><\/i><br \/>\n\t\t\t\t\t\t<\/span><br \/>\n\t\t\t\t\t<\/figure>\n<figure>\n\t\t\t\t\t<span style=\"cursor: pointer\" data-src=\"https:\/\/autorai.nl\/wp-content\/uploads\/2022\/09\/Volkswagen-Gen.Travel-Concept-2022-foto9-1600x1000.jpg\" data-fancybox=\"galery-0\" title=\"\"><br \/>\n\t\t\t\t\t\t\t<img decoding=\"async\" width=\"360\" height=\"270\" src=\"https:\/\/autorai.nl\/wp-content\/uploads\/2022\/09\/Volkswagen-Gen.Travel-Concept-2022-foto9-360x270.jpg\" class=\"attachment-small size-small\" alt=\"\" loading=\"lazy\"><i class=\"fa fa-search-plus\" aria-hidden=\"true\"><\/i><br \/>\n\t\t\t\t\t\t<\/span><br \/>\n\t\t\t\t\t<\/figure>\n<figure>\n\t\t\t\t\t<span style=\"cursor: pointer\" data-src=\"https:\/\/autorai.nl\/wp-content\/uploads\/2022\/09\/Volkswagen-Gen.Travel-Concept-2022-foto8-1600x1000.jpg\" data-fancybox=\"galery-0\" title=\"\"><br \/>\n\t\t\t\t\t\t\t<img decoding=\"async\" width=\"360\" height=\"270\" src=\"https:\/\/autorai.nl\/wp-content\/uploads\/2022\/09\/Volkswagen-Gen.Travel-Concept-2022-foto8-360x270.jpg\" class=\"attachment-small size-small\" alt=\"\" loading=\"lazy\"><i class=\"fa fa-search-plus\" aria-hidden=\"true\"><\/i><br \/>\n\t\t\t\t\t\t<\/span><br \/>\n\t\t\t\t\t<\/figure>\n<div class=\"clear\"><\/div>\n<\/div>\n","protected":false},"excerpt":{"rendered":"Volkswagen Gen.Travel Concept Volkswagen pr\u00e4sentierte den Gen.Travel Concept auf dem Automobilevent Chantilly Arts &amp; Elegance bei Paris. Den Deutschen zufolge&hellip;","protected":false},"author":0,"featured_media":124184,"comment_status":"open","ping_status":"open","sticky":false,"template":"","format":"standard","meta":{"footnotes":""},"categories":[125],"tags":[],"class_list":["post-124224","post","type-post","status-publish","format-standard","has-post-thumbnail","hentry","category-auto-nachrichten"],"acf":[],"yoast_head":"<!-- This site is optimized with the Yoast SEO plugin v21.2 - https:\/\/yoast.com\/wordpress\/plugins\/seo\/ -->\n<title>Volkswagen Gen.Travel Concept braucht dich nicht - All cars news<\/title>\n<meta name=\"robots\" content=\"index, follow, max-snippet:-1, max-image-preview:large, max-video-preview:-1\" \/>\n<link rel=\"canonical\" href=\"https:\/\/all-car-news.com\/de\/volkswagen-gen-travel-concept-braucht-dich-nicht\/\" \/>\n<meta property=\"og:locale\" content=\"de_DE\" \/>\n<meta property=\"og:type\" content=\"article\" \/>\n<meta property=\"og:title\" content=\"Volkswagen Gen.Travel Concept braucht dich nicht - All cars news\" \/>\n<meta property=\"og:description\" content=\"Volkswagen Gen.Travel Concept Volkswagen pr\u00e4sentierte den Gen.Travel Concept auf dem Automobilevent Chantilly Arts &amp; Elegance bei Paris. Den Deutschen zufolge handelt es sich um eine innovative Designstudie, die &quot;die Langstreckenmobilit\u00e4t der Zukunft neu definieren wird&quot;. Das klingt in der Tat spektakul\u00e4r. Tats\u00e4chlich handelt es sich um ein autonom fahrendes Fahrzeug. Autonomes Fahren Stufe 5 Innerhalb [...]\" \/>\n<meta property=\"og:url\" content=\"https:\/\/all-car-news.com\/de\/volkswagen-gen-travel-concept-braucht-dich-nicht\/\" \/>\n<meta property=\"og:site_name\" content=\"All cars news\" \/>\n<meta property=\"article:published_time\" content=\"2022-09-27T09:27:04+00:00\" \/>\n<meta property=\"og:image\" content=\"https:\/\/autorai.nl\/wp-content\/uploads\/2022\/09\/Volkswagen-Gen.Travel-Concept-2022-foto7-1140x713.jpg\" \/>\n<meta name=\"twitter:card\" content=\"summary_large_image\" \/>\n<meta name=\"twitter:label1\" content=\"Gesch\u00e4tzte Lesezeit\" \/>\n\t<meta name=\"twitter:data1\" content=\"1\u00a0Minute\" \/>\n<script type=\"application\/ld+json\" class=\"yoast-schema-graph\">{\"@context\":\"https:\/\/schema.org\",\"@graph\":[{\"@type\":\"Article\",\"@id\":\"https:\/\/all-car-news.com\/de\/volkswagen-gen-travel-concept-braucht-dich-nicht\/#article\",\"isPartOf\":{\"@id\":\"https:\/\/all-car-news.com\/de\/volkswagen-gen-travel-concept-braucht-dich-nicht\/\"},\"author\":{\"name\":\"\",\"@id\":\"\"},\"headline\":\"Volkswagen Gen.Travel Concept braucht dich nicht\",\"datePublished\":\"2022-09-27T09:27:04+00:00\",\"dateModified\":\"2022-09-27T09:27:04+00:00\",\"mainEntityOfPage\":{\"@id\":\"https:\/\/all-car-news.com\/de\/volkswagen-gen-travel-concept-braucht-dich-nicht\/\"},\"wordCount\":306,\"commentCount\":0,\"publisher\":{\"@id\":\"https:\/\/all-car-news.com\/de\/#organization\"},\"articleSection\":[\"Auto Nachrichten\"],\"inLanguage\":\"de\",\"potentialAction\":[{\"@type\":\"CommentAction\",\"name\":\"Comment\",\"target\":[\"https:\/\/all-car-news.com\/de\/volkswagen-gen-travel-concept-braucht-dich-nicht\/#respond\"]}]},{\"@type\":\"WebPage\",\"@id\":\"https:\/\/all-car-news.com\/de\/volkswagen-gen-travel-concept-braucht-dich-nicht\/\",\"url\":\"https:\/\/all-car-news.com\/de\/volkswagen-gen-travel-concept-braucht-dich-nicht\/\",\"name\":\"Volkswagen Gen.Travel Concept braucht dich nicht - All cars news\",\"isPartOf\":{\"@id\":\"https:\/\/all-car-news.com\/de\/#website\"},\"datePublished\":\"2022-09-27T09:27:04+00:00\",\"dateModified\":\"2022-09-27T09:27:04+00:00\",\"breadcrumb\":{\"@id\":\"https:\/\/all-car-news.com\/de\/volkswagen-gen-travel-concept-braucht-dich-nicht\/#breadcrumb\"},\"inLanguage\":\"de\",\"potentialAction\":[{\"@type\":\"ReadAction\",\"target\":[\"https:\/\/all-car-news.com\/de\/volkswagen-gen-travel-concept-braucht-dich-nicht\/\"]}]},{\"@type\":\"BreadcrumbList\",\"@id\":\"https:\/\/all-car-news.com\/de\/volkswagen-gen-travel-concept-braucht-dich-nicht\/#breadcrumb\",\"itemListElement\":[{\"@type\":\"ListItem\",\"position\":1,\"name\":\"Home\",\"item\":\"https:\/\/all-car-news.com\/de\/\"},{\"@type\":\"ListItem\",\"position\":2,\"name\":\"Volkswagen Gen.Travel Concept braucht dich nicht\"}]},{\"@type\":\"WebSite\",\"@id\":\"https:\/\/all-car-news.com\/de\/#website\",\"url\":\"https:\/\/all-car-news.com\/de\/\",\"name\":\"All cars news\",\"description\":\"\",\"publisher\":{\"@id\":\"https:\/\/all-car-news.com\/de\/#organization\"},\"potentialAction\":[{\"@type\":\"SearchAction\",\"target\":{\"@type\":\"EntryPoint\",\"urlTemplate\":\"https:\/\/all-car-news.com\/de\/?s={search_term_string}\"},\"query-input\":\"required name=search_term_string\"}],\"inLanguage\":\"de\"},{\"@type\":\"Organization\",\"@id\":\"https:\/\/all-car-news.com\/de\/#organization\",\"name\":\"All cars news\",\"url\":\"https:\/\/all-car-news.com\/de\/\",\"logo\":{\"@type\":\"ImageObject\",\"inLanguage\":\"de\",\"@id\":\"https:\/\/all-car-news.com\/de\/#\/schema\/logo\/image\/\",\"url\":\"https:\/\/all-car-news.com\/wp-content\/uploads\/2022\/02\/CMYK-AllCarNews_LANDSCAPE_300px-1.png\",\"contentUrl\":\"https:\/\/all-car-news.com\/wp-content\/uploads\/2022\/02\/CMYK-AllCarNews_LANDSCAPE_300px-1.png\",\"width\":300,\"height\":100,\"caption\":\"All cars news\"},\"image\":{\"@id\":\"https:\/\/all-car-news.com\/de\/#\/schema\/logo\/image\/\"}}]}<\/script>\n<!-- \/ Yoast SEO plugin. -->","yoast_head_json":{"title":"Volkswagen Gen.Travel Concept braucht dich nicht - All cars news","robots":{"index":"index","follow":"follow","max-snippet":"max-snippet:-1","max-image-preview":"max-image-preview:large","max-video-preview":"max-video-preview:-1"},"canonical":"https:\/\/all-car-news.com\/de\/volkswagen-gen-travel-concept-braucht-dich-nicht\/","og_locale":"de_DE","og_type":"article","og_title":"Volkswagen Gen.Travel Concept braucht dich nicht - All cars news","og_description":"Volkswagen Gen.Travel Concept Volkswagen pr\u00e4sentierte den Gen.Travel Concept auf dem Automobilevent Chantilly Arts &amp; Elegance bei Paris. Den Deutschen zufolge handelt es sich um eine innovative Designstudie, die \"die Langstreckenmobilit\u00e4t der Zukunft neu definieren wird\". Das klingt in der Tat spektakul\u00e4r. Tats\u00e4chlich handelt es sich um ein autonom fahrendes Fahrzeug. Autonomes Fahren Stufe 5 Innerhalb [...]","og_url":"https:\/\/all-car-news.com\/de\/volkswagen-gen-travel-concept-braucht-dich-nicht\/","og_site_name":"All cars news","article_published_time":"2022-09-27T09:27:04+00:00","og_image":[{"url":"https:\/\/autorai.nl\/wp-content\/uploads\/2022\/09\/Volkswagen-Gen.Travel-Concept-2022-foto7-1140x713.jpg"}],"twitter_card":"summary_large_image","twitter_misc":{"Gesch\u00e4tzte Lesezeit":"1\u00a0Minute"},"schema":{"@context":"https:\/\/schema.org","@graph":[{"@type":"Article","@id":"https:\/\/all-car-news.com\/de\/volkswagen-gen-travel-concept-braucht-dich-nicht\/#article","isPartOf":{"@id":"https:\/\/all-car-news.com\/de\/volkswagen-gen-travel-concept-braucht-dich-nicht\/"},"author":{"name":"","@id":""},"headline":"Volkswagen Gen.Travel Concept braucht dich nicht","datePublished":"2022-09-27T09:27:04+00:00","dateModified":"2022-09-27T09:27:04+00:00","mainEntityOfPage":{"@id":"https:\/\/all-car-news.com\/de\/volkswagen-gen-travel-concept-braucht-dich-nicht\/"},"wordCount":306,"commentCount":0,"publisher":{"@id":"https:\/\/all-car-news.com\/de\/#organization"},"articleSection":["Auto Nachrichten"],"inLanguage":"de","potentialAction":[{"@type":"CommentAction","name":"Comment","target":["https:\/\/all-car-news.com\/de\/volkswagen-gen-travel-concept-braucht-dich-nicht\/#respond"]}]},{"@type":"WebPage","@id":"https:\/\/all-car-news.com\/de\/volkswagen-gen-travel-concept-braucht-dich-nicht\/","url":"https:\/\/all-car-news.com\/de\/volkswagen-gen-travel-concept-braucht-dich-nicht\/","name":"Volkswagen Gen.Travel Concept braucht dich nicht - All cars news","isPartOf":{"@id":"https:\/\/all-car-news.com\/de\/#website"},"datePublished":"2022-09-27T09:27:04+00:00","dateModified":"2022-09-27T09:27:04+00:00","breadcrumb":{"@id":"https:\/\/all-car-news.com\/de\/volkswagen-gen-travel-concept-braucht-dich-nicht\/#breadcrumb"},"inLanguage":"de","potentialAction":[{"@type":"ReadAction","target":["https:\/\/all-car-news.com\/de\/volkswagen-gen-travel-concept-braucht-dich-nicht\/"]}]},{"@type":"BreadcrumbList","@id":"https:\/\/all-car-news.com\/de\/volkswagen-gen-travel-concept-braucht-dich-nicht\/#breadcrumb","itemListElement":[{"@type":"ListItem","position":1,"name":"Home","item":"https:\/\/all-car-news.com\/de\/"},{"@type":"ListItem","position":2,"name":"Volkswagen Gen.Travel Concept braucht dich nicht"}]},{"@type":"WebSite","@id":"https:\/\/all-car-news.com\/de\/#website","url":"https:\/\/all-car-news.com\/de\/","name":"All cars news","description":"","publisher":{"@id":"https:\/\/all-car-news.com\/de\/#organization"},"potentialAction":[{"@type":"SearchAction","target":{"@type":"EntryPoint","urlTemplate":"https:\/\/all-car-news.com\/de\/?s={search_term_string}"},"query-input":"required name=search_term_string"}],"inLanguage":"de"},{"@type":"Organization","@id":"https:\/\/all-car-news.com\/de\/#organization","name":"All cars news","url":"https:\/\/all-car-news.com\/de\/","logo":{"@type":"ImageObject","inLanguage":"de","@id":"https:\/\/all-car-news.com\/de\/#\/schema\/logo\/image\/","url":"https:\/\/all-car-news.com\/wp-content\/uploads\/2022\/02\/CMYK-AllCarNews_LANDSCAPE_300px-1.png","contentUrl":"https:\/\/all-car-news.com\/wp-content\/uploads\/2022\/02\/CMYK-AllCarNews_LANDSCAPE_300px-1.png","width":300,"height":100,"caption":"All cars news"},"image":{"@id":"https:\/\/all-car-news.com\/de\/#\/schema\/logo\/image\/"}}]}},"_links":{"self":[{"href":"https:\/\/all-car-news.com\/de\/wp-json\/wp\/v2\/posts\/124224","targetHints":{"allow":["GET"]}}],"collection":[{"href":"https:\/\/all-car-news.com\/de\/wp-json\/wp\/v2\/posts"}],"about":[{"href":"https:\/\/all-car-news.com\/de\/wp-json\/wp\/v2\/types\/post"}],"replies":[{"embeddable":true,"href":"https:\/\/all-car-news.com\/de\/wp-json\/wp\/v2\/comments?post=124224"}],"version-history":[{"count":0,"href":"https:\/\/all-car-news.com\/de\/wp-json\/wp\/v2\/posts\/124224\/revisions"}],"wp:featuredmedia":[{"embeddable":true,"href":"https:\/\/all-car-news.com\/de\/wp-json\/wp\/v2\/media\/124184"}],"wp:attachment":[{"href":"https:\/\/all-car-news.com\/de\/wp-json\/wp\/v2\/media?parent=124224"}],"wp:term":[{"taxonomy":"category","embeddable":true,"href":"https:\/\/all-car-news.com\/de\/wp-json\/wp\/v2\/categories?post=124224"},{"taxonomy":"post_tag","embeddable":true,"href":"https:\/\/all-car-news.com\/de\/wp-json\/wp\/v2\/tags?post=124224"}],"curies":[{"name":"wp","href":"https:\/\/api.w.org\/{rel}","templated":true}]}}