{"id":123292,"date":"2022-09-07T15:50:00","date_gmt":"2022-09-07T15:50:00","guid":{"rendered":"https:\/\/all-car-news.com\/volkswagen-id-buzz-2022-wird-vw-den-familien-van-wieder-populaer-machen-test-video\/"},"modified":"2022-09-07T15:50:00","modified_gmt":"2022-09-07T15:50:00","slug":"volkswagen-id-buzz-2022-wird-vw-den-familien-van-wieder-populaer-machen-test-video","status":"publish","type":"post","link":"https:\/\/all-car-news.com\/de\/volkswagen-id-buzz-2022-wird-vw-den-familien-van-wieder-populaer-machen-test-video\/","title":{"rendered":"Volkswagen ID Buzz 2022: Wird VW den Familien-Van wieder popul\u00e4r machen? &#8211; Test &amp; Video"},"content":{"rendered":"<p>Vielen Dank f\u00fcr Ihr Interesse an diesem Volkswagen ID Buzz-Test. Volkswagen erweitert st\u00e4ndig sein Angebot an Elektroautos. Dies alles unter dem Stichwort ID. Nach ID3, ID4 und ID5 folgt nun das bisher retroeste Elektroauto von Volkswagen: der ID Buzz. Als es als Konzept vorgestellt wurde, wusste jeder sofort: Es muss eine Serienversion geben. Denn Mann, diese Konzeptversion hat Spa\u00df gemacht.<\/p>\n<figure class=\"wp-block-image size-content\"><img decoding=\"async\" loading=\"lazy\" width=\"1140\" height=\"855\" src=\"https:\/\/autorai.nl\/wp-content\/uploads\/2022\/09\/volkswagen-id-buzz-2022-test-video-review-foto34-1140x855.jpg\" alt=\"Volkswagen T1 und der Volkswagen ID Buzz\" class=\"wp-image-129686\"><\/figure>\n<h2>Designabschw\u00e4chung erforderlich<\/h2>\n<p>H\u00e4ufig schw\u00e4cht ein Hersteller die Produktionsversion aufgrund der Komplexit\u00e4t des Produktionsprozesses stark ab. Zu gro\u00dfe R\u00e4der sind nicht m\u00f6glich. Und oft sind futuristische Seitenkameras einfach zu komplex oder zu teuer. Dennoch ist die Serienversion des ID Buzz minimal &#8222;entr\u00fcmpelt&#8220;. Die starken Merkmale des Studienmodells sind geblieben. Er ist ein r\u00fchrend aussehender Familien-Van, der in einer auff\u00e4lligen Farbe die Zunge lockert. Jeder, der es sieht, kommt nicht umhin, es zu sch\u00e4tzen.<\/p>\n<div class=\"galery shuffle galery-0\">\n<figure>\n\t\t\t\t\t<span style=\"cursor: pointer\" data-src=\"https:\/\/autorai.nl\/wp-content\/uploads\/2022\/09\/volkswagen-id-buzz-2022-test-video-review-foto36-1600x1200.jpg\" data-fancybox=\"galery-0\" title=\"\"><br \/>\n\t\t\t\t\t\t\t<img decoding=\"async\" width=\"640\" height=\"480\" src=\"https:\/\/autorai.nl\/wp-content\/uploads\/2022\/09\/volkswagen-id-buzz-2022-test-video-review-foto36-640x480.jpg\" class=\"attachment-medium size-medium\" alt=\"\" loading=\"lazy\"><i class=\"fa fa-search-plus\" aria-hidden=\"true\"><\/i><br \/>\n\t\t\t\t\t\t<\/span><br \/>\n\t\t\t\t\t<\/figure>\n<figure>\n\t\t\t\t\t<span style=\"cursor: pointer\" data-src=\"https:\/\/autorai.nl\/wp-content\/uploads\/2022\/09\/volkswagen-id-buzz-2022-test-video-review-foto38-1600x1200.jpg\" data-fancybox=\"galery-0\" title=\"\"><br \/>\n\t\t\t\t\t\t\t<img decoding=\"async\" width=\"360\" height=\"270\" src=\"https:\/\/autorai.nl\/wp-content\/uploads\/2022\/09\/volkswagen-id-buzz-2022-test-video-review-foto38-360x270.jpg\" class=\"attachment-small size-small\" alt=\"\" loading=\"lazy\"><i class=\"fa fa-search-plus\" aria-hidden=\"true\"><\/i><br \/>\n\t\t\t\t\t\t<\/span><br \/>\n\t\t\t\t\t<\/figure>\n<figure>\n\t\t\t\t\t<span style=\"cursor: pointer\" data-src=\"https:\/\/autorai.nl\/wp-content\/uploads\/2022\/09\/volkswagen-id-buzz-2022-test-video-review-foto15-1600x1068.jpg\" data-fancybox=\"galery-0\" title=\"\"><br \/>\n\t\t\t\t\t\t\t<img decoding=\"async\" width=\"360\" height=\"270\" src=\"https:\/\/autorai.nl\/wp-content\/uploads\/2022\/09\/volkswagen-id-buzz-2022-test-video-review-foto15-360x270.jpg\" class=\"attachment-small size-small\" alt=\"\" loading=\"lazy\"><i class=\"fa fa-search-plus\" aria-hidden=\"true\"><\/i><br \/>\n\t\t\t\t\t\t<\/span><br \/>\n\t\t\t\t\t<\/figure>\n<figure>\n\t\t\t\t\t<span style=\"cursor: pointer\" data-src=\"https:\/\/autorai.nl\/wp-content\/uploads\/2022\/09\/volkswagen-id-buzz-2022-test-video-review-foto17-1600x1068.jpg\" data-fancybox=\"galery-0\" title=\"\"><br \/>\n\t\t\t\t\t\t\t<img decoding=\"async\" width=\"640\" height=\"480\" src=\"https:\/\/autorai.nl\/wp-content\/uploads\/2022\/09\/volkswagen-id-buzz-2022-test-video-review-foto17-640x480.jpg\" class=\"attachment-medium size-medium\" alt=\"\" loading=\"lazy\"><i class=\"fa fa-search-plus\" aria-hidden=\"true\"><\/i><br \/>\n\t\t\t\t\t\t<\/span><br \/>\n\t\t\t\t\t<\/figure>\n<figure>\n\t\t\t\t\t<span style=\"cursor: pointer\" data-src=\"https:\/\/autorai.nl\/wp-content\/uploads\/2022\/09\/volkswagen-id-buzz-2022-test-video-review-foto18-1600x1068.jpg\" data-fancybox=\"galery-0\" title=\"\"><br \/>\n\t\t\t\t\t\t\t<img decoding=\"async\" width=\"360\" height=\"270\" src=\"https:\/\/autorai.nl\/wp-content\/uploads\/2022\/09\/volkswagen-id-buzz-2022-test-video-review-foto18-360x270.jpg\" class=\"attachment-small size-small\" alt=\"\" loading=\"lazy\"><i class=\"fa fa-search-plus\" aria-hidden=\"true\"><\/i><br \/>\n\t\t\t\t\t\t<\/span><br \/>\n\t\t\t\t\t<\/figure>\n<figure>\n\t\t\t\t\t<span style=\"cursor: pointer\" data-src=\"https:\/\/autorai.nl\/wp-content\/uploads\/2022\/09\/volkswagen-id-buzz-2022-test-video-review-foto14-1600x1068.jpg\" data-fancybox=\"galery-0\" title=\"\"><br \/>\n\t\t\t\t\t\t\t<img decoding=\"async\" width=\"360\" height=\"270\" src=\"https:\/\/autorai.nl\/wp-content\/uploads\/2022\/09\/volkswagen-id-buzz-2022-test-video-review-foto14-360x270.jpg\" class=\"attachment-small size-small\" alt=\"\" loading=\"lazy\"><i class=\"fa fa-search-plus\" aria-hidden=\"true\"><\/i><br \/>\n\t\t\t\t\t\t<\/span><br \/>\n\t\t\t\t\t<\/figure>\n<figure>\n\t\t\t\t\t<span style=\"cursor: pointer\" data-src=\"https:\/\/autorai.nl\/wp-content\/uploads\/2022\/09\/volkswagen-id-buzz-2022-test-video-review-foto12-1600x1068.jpg\" data-fancybox=\"galery-0\" title=\"\"><br \/>\n\t\t\t\t\t\t\t<img decoding=\"async\" width=\"640\" height=\"480\" src=\"https:\/\/autorai.nl\/wp-content\/uploads\/2022\/09\/volkswagen-id-buzz-2022-test-video-review-foto12-640x480.jpg\" class=\"attachment-medium size-medium\" alt=\"\" loading=\"lazy\"><i class=\"fa fa-search-plus\" aria-hidden=\"true\"><\/i><br \/>\n\t\t\t\t\t\t<\/span><br \/>\n\t\t\t\t\t<\/figure>\n<figure>\n\t\t\t\t\t<span style=\"cursor: pointer\" data-src=\"https:\/\/autorai.nl\/wp-content\/uploads\/2022\/09\/volkswagen-id-buzz-2022-test-video-review-foto10-1600x1068.jpg\" data-fancybox=\"galery-0\" title=\"\"><br \/>\n\t\t\t\t\t\t\t<img decoding=\"async\" width=\"360\" height=\"270\" src=\"https:\/\/autorai.nl\/wp-content\/uploads\/2022\/09\/volkswagen-id-buzz-2022-test-video-review-foto10-360x270.jpg\" class=\"attachment-small size-small\" alt=\"\" loading=\"lazy\"><i class=\"fa fa-search-plus\" aria-hidden=\"true\"><\/i><br \/>\n\t\t\t\t\t\t<\/span><br \/>\n\t\t\t\t\t<\/figure>\n<figure>\n\t\t\t\t\t<span style=\"cursor: pointer\" data-src=\"https:\/\/autorai.nl\/wp-content\/uploads\/2022\/09\/volkswagen-id-buzz-2022-test-video-review-foto11-1600x1068.jpg\" data-fancybox=\"galery-0\" title=\"\"><br \/>\n\t\t\t\t\t\t\t<img decoding=\"async\" width=\"360\" height=\"270\" src=\"https:\/\/autorai.nl\/wp-content\/uploads\/2022\/09\/volkswagen-id-buzz-2022-test-video-review-foto11-360x270.jpg\" class=\"attachment-small size-small\" alt=\"\" loading=\"lazy\"><i class=\"fa fa-search-plus\" aria-hidden=\"true\"><\/i><br \/>\n\t\t\t\t\t\t<\/span><br \/>\n\t\t\t\t\t<\/figure>\n<div class=\"clear\"><\/div>\n<\/div>\n<h2>Die ber\u00fchmte Saite<\/h2>\n<p>Nat\u00fcrlich ist der bekannte T1 von fr\u00fcher noch immer im Design zu sehen. Sehen Sie sich nur die Form der Schnur&#8220; auf der Vorderseite an. Und das gro\u00dfe VW-Logo in der Mitte der Nase. Es handelt sich eindeutig um einen modernen T1, allerdings nur, wenn sich der K\u00e4ufer f\u00fcr eine zweifarbige Farbgestaltung entscheidet. Bei einer einfarbigen Gestaltung bleibt wenig von der historischen Kante \u00fcbrig.<\/p>\n<h2>Volkswagen ID Buzz mit 204 PS<\/h2>\n<p>Volkswagen startet mit einer Motorvariante: mit 204 PS und 310 Nm Drehmoment, die f\u00fcr eine Zeit von 0-100 in 10,2 Sekunden und eine H\u00f6chstgeschwindigkeit von 145 km\/h gut sind. Weitere Motorvarianten k\u00f6nnten in naher Zukunft folgen. Ein ID Buzz GTX w\u00e4re auch sch\u00f6n, dann h\u00e4tten Sie einen Van mit 299 PS. \u00dcbrigens, bei seinem Gewicht k\u00f6nnte er es gebrauchen. Wir werden gleich darauf zur\u00fcckkommen.<\/p>\n<div class=\"galery shuffle galery-1\">\n<figure>\n\t\t\t\t\t<span style=\"cursor: pointer\" data-src=\"https:\/\/autorai.nl\/wp-content\/uploads\/2022\/09\/volkswagen-id-buzz-2022-test-video-review-foto2-1600x1067.jpg\" data-fancybox=\"galery-1\" title=\"\"><br \/>\n\t\t\t\t\t\t\t<img decoding=\"async\" width=\"640\" height=\"480\" src=\"https:\/\/autorai.nl\/wp-content\/uploads\/2022\/09\/volkswagen-id-buzz-2022-test-video-review-foto2-640x480.jpg\" class=\"attachment-medium size-medium\" alt=\"\" loading=\"lazy\"><i class=\"fa fa-search-plus\" aria-hidden=\"true\"><\/i><br \/>\n\t\t\t\t\t\t<\/span><br \/>\n\t\t\t\t\t<\/figure>\n<figure>\n\t\t\t\t\t<span style=\"cursor: pointer\" data-src=\"https:\/\/autorai.nl\/wp-content\/uploads\/2022\/09\/volkswagen-id-buzz-2022-test-video-review-foto4-1600x1067.jpg\" data-fancybox=\"galery-1\" title=\"\"><br \/>\n\t\t\t\t\t\t\t<img decoding=\"async\" width=\"360\" height=\"270\" src=\"https:\/\/autorai.nl\/wp-content\/uploads\/2022\/09\/volkswagen-id-buzz-2022-test-video-review-foto4-360x270.jpg\" class=\"attachment-small size-small\" alt=\"\" loading=\"lazy\"><i class=\"fa fa-search-plus\" aria-hidden=\"true\"><\/i><br \/>\n\t\t\t\t\t\t<\/span><br \/>\n\t\t\t\t\t<\/figure>\n<figure>\n\t\t\t\t\t<span style=\"cursor: pointer\" data-src=\"https:\/\/autorai.nl\/wp-content\/uploads\/2022\/09\/volkswagen-id-buzz-2022-test-video-review-foto3-1600x1067.jpg\" data-fancybox=\"galery-1\" title=\"\"><br \/>\n\t\t\t\t\t\t\t<img decoding=\"async\" width=\"360\" height=\"270\" src=\"https:\/\/autorai.nl\/wp-content\/uploads\/2022\/09\/volkswagen-id-buzz-2022-test-video-review-foto3-360x270.jpg\" class=\"attachment-small size-small\" alt=\"\" loading=\"lazy\"><i class=\"fa fa-search-plus\" aria-hidden=\"true\"><\/i><br \/>\n\t\t\t\t\t\t<\/span><br \/>\n\t\t\t\t\t<\/figure>\n<figure>\n\t\t\t\t\t<span style=\"cursor: pointer\" data-src=\"https:\/\/autorai.nl\/wp-content\/uploads\/2022\/09\/volkswagen-id-buzz-2022-test-video-review-foto5-1600x1067.jpg\" data-fancybox=\"galery-1\" title=\"\"><br \/>\n\t\t\t\t\t\t\t<img decoding=\"async\" width=\"640\" height=\"480\" src=\"https:\/\/autorai.nl\/wp-content\/uploads\/2022\/09\/volkswagen-id-buzz-2022-test-video-review-foto5-640x480.jpg\" class=\"attachment-medium size-medium\" alt=\"\" loading=\"lazy\"><i class=\"fa fa-search-plus\" aria-hidden=\"true\"><\/i><br \/>\n\t\t\t\t\t\t<\/span><br \/>\n\t\t\t\t\t<\/figure>\n<figure>\n\t\t\t\t\t<span style=\"cursor: pointer\" data-src=\"https:\/\/autorai.nl\/wp-content\/uploads\/2022\/09\/volkswagen-id-buzz-2022-test-video-review-foto6-1600x1074.jpg\" data-fancybox=\"galery-1\" title=\"\"><br \/>\n\t\t\t\t\t\t\t<img decoding=\"async\" width=\"360\" height=\"270\" src=\"https:\/\/autorai.nl\/wp-content\/uploads\/2022\/09\/volkswagen-id-buzz-2022-test-video-review-foto6-360x270.jpg\" class=\"attachment-small size-small\" alt=\"\" loading=\"lazy\"><i class=\"fa fa-search-plus\" aria-hidden=\"true\"><\/i><br \/>\n\t\t\t\t\t\t<\/span><br \/>\n\t\t\t\t\t<\/figure>\n<figure>\n\t\t\t\t\t<span style=\"cursor: pointer\" data-src=\"https:\/\/autorai.nl\/wp-content\/uploads\/2022\/09\/volkswagen-id-buzz-2022-test-video-review-foto7-1600x1158.jpg\" data-fancybox=\"galery-1\" title=\"\"><br \/>\n\t\t\t\t\t\t\t<img decoding=\"async\" width=\"360\" height=\"270\" src=\"https:\/\/autorai.nl\/wp-content\/uploads\/2022\/09\/volkswagen-id-buzz-2022-test-video-review-foto7-360x270.jpg\" class=\"attachment-small size-small\" alt=\"\" loading=\"lazy\"><i class=\"fa fa-search-plus\" aria-hidden=\"true\"><\/i><br \/>\n\t\t\t\t\t\t<\/span><br \/>\n\t\t\t\t\t<\/figure>\n<figure>\n\t\t\t\t\t<span style=\"cursor: pointer\" data-src=\"https:\/\/autorai.nl\/wp-content\/uploads\/2022\/09\/volkswagen-id-buzz-2022-test-video-review-foto8-1600x1067.jpg\" data-fancybox=\"galery-1\" title=\"\"><br \/>\n\t\t\t\t\t\t\t<img decoding=\"async\" width=\"640\" height=\"480\" src=\"https:\/\/autorai.nl\/wp-content\/uploads\/2022\/09\/volkswagen-id-buzz-2022-test-video-review-foto8-640x480.jpg\" class=\"attachment-medium size-medium\" alt=\"\" loading=\"lazy\"><i class=\"fa fa-search-plus\" aria-hidden=\"true\"><\/i><br \/>\n\t\t\t\t\t\t<\/span><br \/>\n\t\t\t\t\t<\/figure>\n<figure>\n\t\t\t\t\t<span style=\"cursor: pointer\" data-src=\"https:\/\/autorai.nl\/wp-content\/uploads\/2022\/09\/volkswagen-id-buzz-2022-test-video-review-foto9-1600x1067.jpg\" data-fancybox=\"galery-1\" title=\"\"><br \/>\n\t\t\t\t\t\t\t<img decoding=\"async\" width=\"360\" height=\"270\" src=\"https:\/\/autorai.nl\/wp-content\/uploads\/2022\/09\/volkswagen-id-buzz-2022-test-video-review-foto9-360x270.jpg\" class=\"attachment-small size-small\" alt=\"\" loading=\"lazy\"><i class=\"fa fa-search-plus\" aria-hidden=\"true\"><\/i><br \/>\n\t\t\t\t\t\t<\/span><br \/>\n\t\t\t\t\t<\/figure>\n<figure>\n\t\t\t\t\t<span style=\"cursor: pointer\" data-src=\"https:\/\/autorai.nl\/wp-content\/uploads\/2022\/09\/volkswagen-id-buzz-2022-test-video-review-foto35-1600x1200.jpg\" data-fancybox=\"galery-1\" title=\"\"><br \/>\n\t\t\t\t\t\t\t<img decoding=\"async\" width=\"360\" height=\"270\" src=\"https:\/\/autorai.nl\/wp-content\/uploads\/2022\/09\/volkswagen-id-buzz-2022-test-video-review-foto35-360x270.jpg\" class=\"attachment-small size-small\" alt=\"\" loading=\"lazy\"><i class=\"fa fa-search-plus\" aria-hidden=\"true\"><\/i><br \/>\n\t\t\t\t\t\t<\/span><br \/>\n\t\t\t\t\t<\/figure>\n<div class=\"clear\"><\/div>\n<\/div>\n<h2>77 kWh Batterie<\/h2>\n<p>Rechnen Sie auch mit zus\u00e4tzlichen Batterievarianten. Derzeit liefert Volkswagen nur ein 82 kWh gro\u00dfes Lithium-Ionen-Batteriepaket, von dem 77 kWh genutzt werden k\u00f6nnen. Er hat eine Reichweite von 400 bis etwa 425 Kilometern nach dem WLTP-Teststandard. Das ist in der Praxis durchaus m\u00f6glich. Tats\u00e4chlich zeigt der Bordcomputer manchmal Werte von fast 440 Kilometern an. Nat\u00fcrlich h\u00e4ngt alles von der gew\u00e4hlten Fahrgeschwindigkeit ab. Alles, was \u00fcber 100 km\/h liegt, wirkt sich erheblich auf die Reichweite aus.<\/p>\n<h2>ID Buzz aufladen<\/h2>\n<p>Das Aufladen des Volkswagen ID Buzz ist ein Kinderspiel. Die Ladezeit mit 11 kW Ladeleistung von 0 auf 100 Prozent betr\u00e4gt etwa 7 Stunden und 30 Minuten. Dies geschieht entweder an einer \u00f6ffentlichen Ladestation oder zu Hause an Ihrer eigenen Ladestation. Auch Schnellladung ist m\u00f6glich, bis zu einer Ladeleistung von 170 kW. Im letzteren Fall wird die Batterie innerhalb von 30 Minuten von 5 auf 80 Prozent aufgeladen.<\/p>\n<h2>Kein Leichtgewicht<\/h2>\n<p>Mit 2.470 Kilogramm ist der Volkswagen ID Buzz definitiv kein Leichtgewicht, aber Volkswagen gelingt es, dieses Gewicht dank der Feinabstimmung des Fahrwerks, der gro\u00dfen Reifen (265 hinten!) und des gro\u00dfen Federwegs gut zu kaschieren. Der ID Buzz ist au\u00dferdem sehr ger\u00e4umig. Dies ist vor allem auf den Radstand von fast drei Metern zur\u00fcckzuf\u00fchren. Das bedeutet, dass es viel Platz gibt.<\/p>\n<div class=\"galery shuffle galery-2\">\n<figure>\n\t\t\t\t\t<span style=\"cursor: pointer\" data-src=\"https:\/\/autorai.nl\/wp-content\/uploads\/2022\/09\/volkswagen-id-buzz-cargo-test-2022-foto1-1600x1068.jpg\" data-fancybox=\"galery-2\" title=\"\"><br \/>\n\t\t\t\t\t\t\t<img decoding=\"async\" width=\"640\" height=\"480\" src=\"https:\/\/autorai.nl\/wp-content\/uploads\/2022\/09\/volkswagen-id-buzz-cargo-test-2022-foto1-640x480.jpg\" class=\"attachment-medium size-medium\" alt=\"\" loading=\"lazy\"><i class=\"fa fa-search-plus\" aria-hidden=\"true\"><\/i><br \/>\n\t\t\t\t\t\t<\/span><br \/>\n\t\t\t\t\t<\/figure>\n<figure>\n\t\t\t\t\t<span style=\"cursor: pointer\" data-src=\"https:\/\/autorai.nl\/wp-content\/uploads\/2022\/09\/volkswagen-id-buzz-cargo-test-2022-foto8-1600x1068.jpg\" data-fancybox=\"galery-2\" title=\"\"><br \/>\n\t\t\t\t\t\t\t<img decoding=\"async\" width=\"360\" height=\"270\" src=\"https:\/\/autorai.nl\/wp-content\/uploads\/2022\/09\/volkswagen-id-buzz-cargo-test-2022-foto8-360x270.jpg\" class=\"attachment-small size-small\" alt=\"\" loading=\"lazy\"><i class=\"fa fa-search-plus\" aria-hidden=\"true\"><\/i><br \/>\n\t\t\t\t\t\t<\/span><br \/>\n\t\t\t\t\t<\/figure>\n<figure>\n\t\t\t\t\t<span style=\"cursor: pointer\" data-src=\"https:\/\/autorai.nl\/wp-content\/uploads\/2022\/09\/volkswagen-id-buzz-cargo-test-2022-foto6-1600x1067.jpg\" data-fancybox=\"galery-2\" title=\"\"><br \/>\n\t\t\t\t\t\t\t<img decoding=\"async\" width=\"360\" height=\"270\" src=\"https:\/\/autorai.nl\/wp-content\/uploads\/2022\/09\/volkswagen-id-buzz-cargo-test-2022-foto6-360x270.jpg\" class=\"attachment-small size-small\" alt=\"\" loading=\"lazy\"><i class=\"fa fa-search-plus\" aria-hidden=\"true\"><\/i><br \/>\n\t\t\t\t\t\t<\/span><br \/>\n\t\t\t\t\t<\/figure>\n<figure>\n\t\t\t\t\t<span style=\"cursor: pointer\" data-src=\"https:\/\/autorai.nl\/wp-content\/uploads\/2022\/09\/volkswagen-id-buzz-cargo-test-2022-foto5-1600x1085.jpg\" data-fancybox=\"galery-2\" title=\"\"><br \/>\n\t\t\t\t\t\t\t<img decoding=\"async\" width=\"640\" height=\"480\" src=\"https:\/\/autorai.nl\/wp-content\/uploads\/2022\/09\/volkswagen-id-buzz-cargo-test-2022-foto5-640x480.jpg\" class=\"attachment-medium size-medium\" alt=\"\" loading=\"lazy\"><i class=\"fa fa-search-plus\" aria-hidden=\"true\"><\/i><br \/>\n\t\t\t\t\t\t<\/span><br \/>\n\t\t\t\t\t<\/figure>\n<figure>\n\t\t\t\t\t<span style=\"cursor: pointer\" data-src=\"https:\/\/autorai.nl\/wp-content\/uploads\/2022\/09\/volkswagen-id-buzz-cargo-test-2022-foto3-1600x1067.jpg\" data-fancybox=\"galery-2\" title=\"\"><br \/>\n\t\t\t\t\t\t\t<img decoding=\"async\" width=\"360\" height=\"270\" src=\"https:\/\/autorai.nl\/wp-content\/uploads\/2022\/09\/volkswagen-id-buzz-cargo-test-2022-foto3-360x270.jpg\" class=\"attachment-small size-small\" alt=\"\" loading=\"lazy\"><i class=\"fa fa-search-plus\" aria-hidden=\"true\"><\/i><br \/>\n\t\t\t\t\t\t<\/span><br \/>\n\t\t\t\t\t<\/figure>\n<figure>\n\t\t\t\t\t<span style=\"cursor: pointer\" data-src=\"https:\/\/autorai.nl\/wp-content\/uploads\/2022\/09\/volkswagen-id-buzz-cargo-test-2022-foto2-1600x1067.jpg\" data-fancybox=\"galery-2\" title=\"\"><br \/>\n\t\t\t\t\t\t\t<img decoding=\"async\" width=\"360\" height=\"270\" src=\"https:\/\/autorai.nl\/wp-content\/uploads\/2022\/09\/volkswagen-id-buzz-cargo-test-2022-foto2-360x270.jpg\" class=\"attachment-small size-small\" alt=\"\" loading=\"lazy\"><i class=\"fa fa-search-plus\" aria-hidden=\"true\"><\/i><br \/>\n\t\t\t\t\t\t<\/span><br \/>\n\t\t\t\t\t<\/figure>\n<div class=\"clear\"><\/div>\n<\/div>\n<h2>Angenehm und ruhig an Bord<\/h2>\n<p>Besonders auff\u00e4llig ist, dass der Volkswagen ID Buzz sehr leise ist. Volkswagen hat nicht an der Schalld\u00e4mmung gespart. Selbst aus den Radk\u00e4sten bleibt alles angenehm leise. Sie kommen im ID Buzz zur Ruhe, das ist sofort klar. Er ist super bequem, hat eine gute D\u00e4mpfung und eine gute Lenkung. Stra\u00dfenfahrten sind \u00fcbrigens kein Problem, denn der Wendekreis ist mit 11 Metern genauso gro\u00df wie der eines Volkswagen Golf. Weniger Bauteile an der Vorderseite erm\u00f6glichen eine gr\u00f6\u00dfere Radumdrehung. Besonders praktisch in St\u00e4dten, wo eine Fahrzeugl\u00e4nge von 4,7 Metern noch sehr flexibel ist.<\/p>\n<h2>Hinterradantrieb<\/h2>\n<p>Der <a href=\"https:\/\/www.volkswagen.nl\/modellen\/id-buzz\" target=\"_blank\" rel=\"noreferrer noopener\">Volkswagen ID Buzz<\/a> ist nicht nur kosmetisch, sondern auch in Bezug auf die Platzierung des Antriebsstrangs historisch verantwortlich. Der Volkswagen T1 hatte einen Heckmotor mit Hinterradantrieb. Beim ID Buzz befindet sich der Elektromotor ebenfalls im Heck. Der MPV hat auch Heckantrieb. Weitere Varianten k\u00f6nnten folgen, auch ein Allradantrieb ist denkbar. Zum Zeitpunkt der Erstellung dieses Berichts \u00fcberlegt Volkswagen, welche Varianten folgen werden.<\/p>\n<figure class=\"wp-block-image size-content\"><img decoding=\"async\" loading=\"lazy\" width=\"1140\" height=\"855\" src=\"https:\/\/autorai.nl\/wp-content\/uploads\/2022\/09\/volkswagen-id-buzz-2022-test-video-review-foto40-1140x855.jpg\" alt=\"Volkswagen ID Buzz Seite\" class=\"wp-image-129692\"><\/figure>\n<h2>5 Kurznotizen Volkswagen ID Buzz Test<\/h2>\n<p>Nun, dann ist es Zeit f\u00fcr f\u00fcnf kurze Anmerkungen zum Volkswagen ID Buzz. Was uns aufgefallen ist.  <\/p>\n<ol>\n<li>Das Fahren mit einem Pedal ist m\u00f6glich, nur das Bremsen k\u00f6nnte intensiver sein. Es stimmt auch, dass man die Bremsen immer noch selbst bet\u00e4tigen muss, um zum Stillstand zu kommen. Der ID Buzz bremst bis zu einer Geschwindigkeit von etwa 5 km\/h.<\/li>\n<li>Sie haben wirklich ein Busgef\u00fchl. Dies ist auf die hohe Sitzposition zur\u00fcckzuf\u00fchren. Jeder Vordersitz hat auch eine Armlehne auf jeder Seite, was sehr sch\u00f6n ist! Allerdings k\u00f6nnte die Lenks\u00e4ule noch etwas weiter nach vorne ger\u00fcckt werden, um eine noch bessere Sitzposition zu erreichen.<\/li>\n<li>Die Mittelkonsole mit integrierten Getr\u00e4nkehaltern ist herausnehmbar, aber nicht verschiebbar. Vielleicht eine verpasste Gelegenheit.<\/li>\n<li>Der Volkswagen ID Buzz hat eine sehr sch\u00f6ne Lichtleiste auf dem Armaturenbrett, die Ihnen mit Hilfe von Signalen zeigt, in welche Richtung Sie fahren m\u00fcssen &#8211; eine nette Erfindung, ohne beim Fahren abzulenken.<\/li>\n<li>Beim Infotainmentsystem dauert es manchmal eine Weile, bis man die gew\u00fcnschte Funktion findet. Einige Men\u00fcs sind ein wenig versteckt. Das ist nicht sehr n\u00fctzlich, vor allem beim Autofahren. Es gibt zwar einen Sprachassistenten, aber er ist noch nicht intelligent genug.<\/li>\n<\/ol>\n<h2>Weitere Merkmale<\/h2>\n<p>Erw\u00e4hnenswert ist vor allem, dass Volkswagen dem Innenraum vielleicht noch mehr Funktionalit\u00e4ten h\u00e4tte hinzuf\u00fcgen k\u00f6nnen. Die Plattform erm\u00f6glicht auch dies. Drehst\u00fchle zum Beispiel, ein kleiner K\u00fchlschrank, zentrale Arbeitstische, zus\u00e4tzlicher Stauraum, Induktionsladeger\u00e4te zum kabellosen Aufladen von Smartphones. Und so k\u00f6nnen wir uns noch mehr ausdenken. Lassen wir es bei Raum f\u00fcr Verbesserungen \/ weitere Verfeinerungen, denn in der Basis ist der Innenraum so gut verarbeitet, wie er sein kann. Volkswagen verwendet sch\u00f6ne, farbenfrohe Materialien, die oft aus recyceltem Kunststoff hergestellt werden.  <\/p>\n<figure class=\"wp-block-image size-content\"><img decoding=\"async\" loading=\"lazy\" width=\"1140\" height=\"760\" src=\"https:\/\/autorai.nl\/wp-content\/uploads\/2022\/09\/volkswagen-id-buzz-2022-test-video-review-foto20-1140x760.jpg\" alt=\"Volkswagen ID Buzz Innenraum\" class=\"wp-image-129672\"><\/figure>\n<h2>Volkswagen ID Buzz Cargo, die Nutzfahrzeugversion<\/h2>\n<p>Anders verh\u00e4lt es sich mit der Nutzfahrzeugversion<a href=\"https:\/\/www.vwbedrijfswagens.nl\/nl\/modellen\/id-buzz-cargo.html\" target=\"_blank\" rel=\"noreferrer noopener\">(ID Buzz Cargo<\/a>). Bei dieser Variante ist der Innenraum komplett schwarz und es werden billigere Materialien verwendet. Die Preise f\u00fcr den ID Buzz Cargo beginnen bei 46.300 Euro, ohne Mehrwertsteuer, BPM und Lieferkosten. Die Cargo-Variante bietet 3,9 Kubikmeter Laderaum, Platz f\u00fcr zwei seitlich gestellte Europaletten, eine maximale Ladel\u00e4nge von 2,2 Metern und eine Ladekapazit\u00e4t von 650 Kilogramm. Der ID Buzz Cargo verf\u00fcgt au\u00dferdem \u00fcber eine feste Trennwand, die mit einem Fenster und einer Lade\u00f6ffnung ausgestattet werden kann. Sowohl das graue als auch das gelbe Nummernschild k\u00f6nnen 1.000 kg mit Bremsen (204 PS) ziehen. Bei der ID. Die Wartung von Buzz Cargo ist in den ersten 7 Jahren standardm\u00e4\u00dfig enthalten.  <\/p>\n<div class=\"galery shuffle galery-3\">\n<figure>\n\t\t\t\t\t<span style=\"cursor: pointer\" data-src=\"https:\/\/autorai.nl\/wp-content\/uploads\/2022\/09\/volkswagen-id-buzz-2022-test-video-review-foto33-1600x1067.jpg\" data-fancybox=\"galery-3\" title=\"\"><br \/>\n\t\t\t\t\t\t\t<img decoding=\"async\" width=\"640\" height=\"480\" src=\"https:\/\/autorai.nl\/wp-content\/uploads\/2022\/09\/volkswagen-id-buzz-2022-test-video-review-foto33-640x480.jpg\" class=\"attachment-medium size-medium\" alt=\"\" loading=\"lazy\"><i class=\"fa fa-search-plus\" aria-hidden=\"true\"><\/i><br \/>\n\t\t\t\t\t\t<\/span><br \/>\n\t\t\t\t\t<\/figure>\n<figure>\n\t\t\t\t\t<span style=\"cursor: pointer\" data-src=\"https:\/\/autorai.nl\/wp-content\/uploads\/2022\/09\/volkswagen-id-buzz-2022-test-video-review-foto32-1600x1067.jpg\" data-fancybox=\"galery-3\" title=\"\"><br \/>\n\t\t\t\t\t\t\t<img decoding=\"async\" width=\"360\" height=\"270\" src=\"https:\/\/autorai.nl\/wp-content\/uploads\/2022\/09\/volkswagen-id-buzz-2022-test-video-review-foto32-360x270.jpg\" class=\"attachment-small size-small\" alt=\"\" loading=\"lazy\"><i class=\"fa fa-search-plus\" aria-hidden=\"true\"><\/i><br \/>\n\t\t\t\t\t\t<\/span><br \/>\n\t\t\t\t\t<\/figure>\n<figure>\n\t\t\t\t\t<span style=\"cursor: pointer\" data-src=\"https:\/\/autorai.nl\/wp-content\/uploads\/2022\/09\/volkswagen-id-buzz-2022-test-video-review-foto31-1600x1067.jpg\" data-fancybox=\"galery-3\" title=\"\"><br \/>\n\t\t\t\t\t\t\t<img decoding=\"async\" width=\"360\" height=\"270\" src=\"https:\/\/autorai.nl\/wp-content\/uploads\/2022\/09\/volkswagen-id-buzz-2022-test-video-review-foto31-360x270.jpg\" class=\"attachment-small size-small\" alt=\"\" loading=\"lazy\"><i class=\"fa fa-search-plus\" aria-hidden=\"true\"><\/i><br \/>\n\t\t\t\t\t\t<\/span><br \/>\n\t\t\t\t\t<\/figure>\n<figure>\n\t\t\t\t\t<span style=\"cursor: pointer\" data-src=\"https:\/\/autorai.nl\/wp-content\/uploads\/2022\/09\/volkswagen-id-buzz-2022-test-video-review-foto30-1600x1067.jpg\" data-fancybox=\"galery-3\" title=\"\"><br \/>\n\t\t\t\t\t\t\t<img decoding=\"async\" width=\"640\" height=\"480\" src=\"https:\/\/autorai.nl\/wp-content\/uploads\/2022\/09\/volkswagen-id-buzz-2022-test-video-review-foto30-640x480.jpg\" class=\"attachment-medium size-medium\" alt=\"\" loading=\"lazy\"><i class=\"fa fa-search-plus\" aria-hidden=\"true\"><\/i><br \/>\n\t\t\t\t\t\t<\/span><br \/>\n\t\t\t\t\t<\/figure>\n<figure>\n\t\t\t\t\t<span style=\"cursor: pointer\" data-src=\"https:\/\/autorai.nl\/wp-content\/uploads\/2022\/09\/volkswagen-id-buzz-2022-test-video-review-foto29-1600x1067.jpg\" data-fancybox=\"galery-3\" title=\"\"><br \/>\n\t\t\t\t\t\t\t<img decoding=\"async\" width=\"360\" height=\"270\" src=\"https:\/\/autorai.nl\/wp-content\/uploads\/2022\/09\/volkswagen-id-buzz-2022-test-video-review-foto29-360x270.jpg\" class=\"attachment-small size-small\" alt=\"\" loading=\"lazy\"><i class=\"fa fa-search-plus\" aria-hidden=\"true\"><\/i><br \/>\n\t\t\t\t\t\t<\/span><br \/>\n\t\t\t\t\t<\/figure>\n<figure>\n\t\t\t\t\t<span style=\"cursor: pointer\" data-src=\"https:\/\/autorai.nl\/wp-content\/uploads\/2022\/09\/volkswagen-id-buzz-2022-test-video-review-foto28-1600x1067.jpg\" data-fancybox=\"galery-3\" title=\"\"><br \/>\n\t\t\t\t\t\t\t<img decoding=\"async\" width=\"360\" height=\"270\" src=\"https:\/\/autorai.nl\/wp-content\/uploads\/2022\/09\/volkswagen-id-buzz-2022-test-video-review-foto28-360x270.jpg\" class=\"attachment-small size-small\" alt=\"\" loading=\"lazy\"><i class=\"fa fa-search-plus\" aria-hidden=\"true\"><\/i><br \/>\n\t\t\t\t\t\t<\/span><br \/>\n\t\t\t\t\t<\/figure>\n<figure>\n\t\t\t\t\t<span style=\"cursor: pointer\" data-src=\"https:\/\/autorai.nl\/wp-content\/uploads\/2022\/09\/volkswagen-id-buzz-2022-test-video-review-foto27-1600x1067.jpg\" data-fancybox=\"galery-3\" title=\"\"><br \/>\n\t\t\t\t\t\t\t<img decoding=\"async\" width=\"640\" height=\"480\" src=\"https:\/\/autorai.nl\/wp-content\/uploads\/2022\/09\/volkswagen-id-buzz-2022-test-video-review-foto27-640x480.jpg\" class=\"attachment-medium size-medium\" alt=\"\" loading=\"lazy\"><i class=\"fa fa-search-plus\" aria-hidden=\"true\"><\/i><br \/>\n\t\t\t\t\t\t<\/span><br \/>\n\t\t\t\t\t<\/figure>\n<figure>\n\t\t\t\t\t<span style=\"cursor: pointer\" data-src=\"https:\/\/autorai.nl\/wp-content\/uploads\/2022\/09\/volkswagen-id-buzz-2022-test-video-review-foto26-1600x1067.jpg\" data-fancybox=\"galery-3\" title=\"\"><br \/>\n\t\t\t\t\t\t\t<img decoding=\"async\" width=\"360\" height=\"270\" src=\"https:\/\/autorai.nl\/wp-content\/uploads\/2022\/09\/volkswagen-id-buzz-2022-test-video-review-foto26-360x270.jpg\" class=\"attachment-small size-small\" alt=\"\" loading=\"lazy\"><i class=\"fa fa-search-plus\" aria-hidden=\"true\"><\/i><br \/>\n\t\t\t\t\t\t<\/span><br \/>\n\t\t\t\t\t<\/figure>\n<figure>\n\t\t\t\t\t<span style=\"cursor: pointer\" data-src=\"https:\/\/autorai.nl\/wp-content\/uploads\/2022\/09\/volkswagen-id-buzz-2022-test-video-review-foto25-1600x1067.jpg\" data-fancybox=\"galery-3\" title=\"\"><br \/>\n\t\t\t\t\t\t\t<img decoding=\"async\" width=\"360\" height=\"270\" src=\"https:\/\/autorai.nl\/wp-content\/uploads\/2022\/09\/volkswagen-id-buzz-2022-test-video-review-foto25-360x270.jpg\" class=\"attachment-small size-small\" alt=\"\" loading=\"lazy\"><i class=\"fa fa-search-plus\" aria-hidden=\"true\"><\/i><br \/>\n\t\t\t\t\t\t<\/span><br \/>\n\t\t\t\t\t<\/figure>\n<figure>\n\t\t\t\t\t<span style=\"cursor: pointer\" data-src=\"https:\/\/autorai.nl\/wp-content\/uploads\/2022\/09\/volkswagen-id-buzz-2022-test-video-review-foto24-1600x1067.jpg\" data-fancybox=\"galery-3\" title=\"\"><br \/>\n\t\t\t\t\t\t\t<img decoding=\"async\" width=\"640\" height=\"480\" src=\"https:\/\/autorai.nl\/wp-content\/uploads\/2022\/09\/volkswagen-id-buzz-2022-test-video-review-foto24-640x480.jpg\" class=\"attachment-medium size-medium\" alt=\"\" loading=\"lazy\"><i class=\"fa fa-search-plus\" aria-hidden=\"true\"><\/i><br \/>\n\t\t\t\t\t\t<\/span><br \/>\n\t\t\t\t\t<\/figure>\n<figure>\n\t\t\t\t\t<span style=\"cursor: pointer\" data-src=\"https:\/\/autorai.nl\/wp-content\/uploads\/2022\/09\/volkswagen-id-buzz-2022-test-video-review-foto23-1600x1067.jpg\" data-fancybox=\"galery-3\" title=\"\"><br \/>\n\t\t\t\t\t\t\t<img decoding=\"async\" width=\"360\" height=\"270\" src=\"https:\/\/autorai.nl\/wp-content\/uploads\/2022\/09\/volkswagen-id-buzz-2022-test-video-review-foto23-360x270.jpg\" class=\"attachment-small size-small\" alt=\"\" loading=\"lazy\"><i class=\"fa fa-search-plus\" aria-hidden=\"true\"><\/i><br \/>\n\t\t\t\t\t\t<\/span><br \/>\n\t\t\t\t\t<\/figure>\n<figure>\n\t\t\t\t\t<span style=\"cursor: pointer\" data-src=\"https:\/\/autorai.nl\/wp-content\/uploads\/2022\/09\/volkswagen-id-buzz-2022-test-video-review-foto22-1600x1067.jpg\" data-fancybox=\"galery-3\" title=\"\"><br \/>\n\t\t\t\t\t\t\t<img decoding=\"async\" width=\"360\" height=\"270\" src=\"https:\/\/autorai.nl\/wp-content\/uploads\/2022\/09\/volkswagen-id-buzz-2022-test-video-review-foto22-360x270.jpg\" class=\"attachment-small size-small\" alt=\"\" loading=\"lazy\"><i class=\"fa fa-search-plus\" aria-hidden=\"true\"><\/i><br \/>\n\t\t\t\t\t\t<\/span><br \/>\n\t\t\t\t\t<\/figure>\n<figure>\n\t\t\t\t\t<span style=\"cursor: pointer\" data-src=\"https:\/\/autorai.nl\/wp-content\/uploads\/2022\/09\/volkswagen-id-buzz-2022-test-video-review-foto21-1600x1067.jpg\" data-fancybox=\"galery-3\" title=\"\"><br \/>\n\t\t\t\t\t\t\t<img decoding=\"async\" width=\"640\" height=\"480\" src=\"https:\/\/autorai.nl\/wp-content\/uploads\/2022\/09\/volkswagen-id-buzz-2022-test-video-review-foto21-640x480.jpg\" class=\"attachment-medium size-medium\" alt=\"\" loading=\"lazy\"><i class=\"fa fa-search-plus\" aria-hidden=\"true\"><\/i><br \/>\n\t\t\t\t\t\t<\/span><br \/>\n\t\t\t\t\t<\/figure>\n<figure>\n\t\t\t\t\t<span style=\"cursor: pointer\" data-src=\"https:\/\/autorai.nl\/wp-content\/uploads\/2022\/09\/volkswagen-id-buzz-2022-test-video-review-foto19-1600x1067.jpg\" data-fancybox=\"galery-3\" title=\"\"><br \/>\n\t\t\t\t\t\t\t<img decoding=\"async\" width=\"360\" height=\"270\" src=\"https:\/\/autorai.nl\/wp-content\/uploads\/2022\/09\/volkswagen-id-buzz-2022-test-video-review-foto19-360x270.jpg\" class=\"attachment-small size-small\" alt=\"\" loading=\"lazy\"><i class=\"fa fa-search-plus\" aria-hidden=\"true\"><\/i><br \/>\n\t\t\t\t\t\t<\/span><br \/>\n\t\t\t\t\t<\/figure>\n<figure>\n\t\t\t\t\t<span style=\"cursor: pointer\" data-src=\"https:\/\/autorai.nl\/wp-content\/uploads\/2022\/09\/volkswagen-id-buzz-2022-test-video-review-foto20-1600x1067.jpg\" data-fancybox=\"galery-3\" title=\"\"><br \/>\n\t\t\t\t\t\t\t<img decoding=\"async\" width=\"360\" height=\"270\" src=\"https:\/\/autorai.nl\/wp-content\/uploads\/2022\/09\/volkswagen-id-buzz-2022-test-video-review-foto20-360x270.jpg\" class=\"attachment-small size-small\" alt=\"\" loading=\"lazy\"><i class=\"fa fa-search-plus\" aria-hidden=\"true\"><\/i><br \/>\n\t\t\t\t\t\t<\/span><br \/>\n\t\t\t\t\t<\/figure>\n<div class=\"clear\"><\/div>\n<\/div>\n<h2>Fazit Volkswagen ID Buzz Test<\/h2>\n<p>Wie soll man diesen Volkswagen ID Buzz Test zusammenfassen? Auf jeden Fall ist es eine Initialz\u00fcndung. Was das Styling betrifft, ist es perfekt. Das zeigt sich auch an den vielen Reaktionen, die wir von Umstehenden erhalten. Fast jeder zeigt einen Daumen nach oben oder lacht, wenn er den ID Buzz vorbeifahren sieht. Der ID Buzz ist ein Klassiker der Zukunft. Bereits bei seiner Markteinf\u00fchrung. Das ist an sich schon eine Leistung.&nbsp;<\/p>\n<p>Offenbar hat jeder noch den legend\u00e4ren T1 im Kopf, und so kann auch der ID Buzz an den Erfolg des ersten Transporters von Volkswagen ankn\u00fcpfen, den ausgerechnet der Niederl\u00e4nder Ben Pon erfunden hat. Seine Idee lebt also im ID Buzz weiter und das allein ist schon ein Grund, den ID Buzz zu kaufen. Wenn Sie die M\u00fcnzen haben, sollten Sie es auf jeden Fall tun. Es ist \u00fcbrigens nicht billig. Die gelbe Zulassung ist ab 69.990 Euro erh\u00e4ltlich. Mit einigen Optionen k\u00f6nnen Sie leicht auf 75 Millionen kommen. Eines ist sicher: Sie tun sich selbst einen Gefallen und versch\u00f6nern gleichzeitig die Stra\u00dfen. Aber besorgen Sie sich ein auff\u00e4lliges zweifarbiges Farbschema.  <a href=\"https:\/\/autorai.nl\/volkswagen-id-buzz-nu-al-uitverkocht\/\">Der ID Buzz braucht genau das.<\/a><\/p>\n<h2>Volkswagen ID Buzz: Wird VW den Familien-Van wieder popul\u00e4r machen? &#8211; AutoRAI TV &#8211; REVIEW<\/h2>\n<\/p>\n<figure class=\"wp-block-embed is-type-video is-provider-youtube wp-block-embed-youtube wp-embed-aspect-16-9 wp-has-aspect-ratio\">\n<div class=\"wp-block-embed__wrapper\">\n<\/div>\n<\/figure>\n","protected":false},"excerpt":{"rendered":"Vielen Dank f\u00fcr Ihr Interesse an diesem Volkswagen ID Buzz-Test. Volkswagen erweitert st\u00e4ndig sein Angebot an Elektroautos. Dies alles unter&hellip;","protected":false},"author":0,"featured_media":123243,"comment_status":"open","ping_status":"open","sticky":false,"template":"","format":"standard","meta":{"footnotes":""},"categories":[125,143,159,207],"tags":[],"class_list":["post-123292","post","type-post","status-publish","format-standard","has-post-thumbnail","hentry","category-auto-nachrichten","category-autotests-de","category-elektrisch-de","category-firmenwagen"],"acf":[],"yoast_head":"<!-- This site is optimized with the Yoast SEO plugin v21.2 - https:\/\/yoast.com\/wordpress\/plugins\/seo\/ -->\n<title>Volkswagen ID Buzz 2022: Wird VW den Familien-Van wieder popul\u00e4r machen? - Test &amp; Video - All cars news<\/title>\n<meta name=\"robots\" content=\"index, follow, max-snippet:-1, max-image-preview:large, max-video-preview:-1\" \/>\n<link rel=\"canonical\" href=\"https:\/\/all-car-news.com\/de\/volkswagen-id-buzz-2022-wird-vw-den-familien-van-wieder-populaer-machen-test-video\/\" \/>\n<meta property=\"og:locale\" content=\"de_DE\" \/>\n<meta property=\"og:type\" content=\"article\" \/>\n<meta property=\"og:title\" content=\"Volkswagen ID Buzz 2022: Wird VW den Familien-Van wieder popul\u00e4r machen? - Test &amp; Video - All cars news\" \/>\n<meta property=\"og:description\" content=\"Vielen Dank f\u00fcr Ihr Interesse an diesem Volkswagen ID Buzz-Test. Volkswagen erweitert st\u00e4ndig sein Angebot an Elektroautos. Dies alles unter dem Stichwort ID. Nach ID3, ID4 und ID5 folgt nun das bisher retroeste Elektroauto von Volkswagen: der ID Buzz. Als es als Konzept vorgestellt wurde, wusste jeder [...].\" \/>\n<meta property=\"og:url\" content=\"https:\/\/all-car-news.com\/de\/volkswagen-id-buzz-2022-wird-vw-den-familien-van-wieder-populaer-machen-test-video\/\" \/>\n<meta property=\"og:site_name\" content=\"All cars news\" \/>\n<meta property=\"article:published_time\" content=\"2022-09-07T15:50:00+00:00\" \/>\n<meta property=\"og:image\" content=\"https:\/\/autorai.nl\/wp-content\/uploads\/2022\/09\/volkswagen-id-buzz-2022-test-video-review-foto34-1140x855.jpg\" \/>\n<meta name=\"twitter:card\" content=\"summary_large_image\" \/>\n<meta name=\"twitter:label1\" content=\"Gesch\u00e4tzte Lesezeit\" \/>\n\t<meta name=\"twitter:data1\" content=\"7\u00a0Minuten\" \/>\n<script type=\"application\/ld+json\" class=\"yoast-schema-graph\">{\"@context\":\"https:\/\/schema.org\",\"@graph\":[{\"@type\":\"Article\",\"@id\":\"https:\/\/all-car-news.com\/de\/volkswagen-id-buzz-2022-wird-vw-den-familien-van-wieder-populaer-machen-test-video\/#article\",\"isPartOf\":{\"@id\":\"https:\/\/all-car-news.com\/de\/volkswagen-id-buzz-2022-wird-vw-den-familien-van-wieder-populaer-machen-test-video\/\"},\"author\":{\"name\":\"\",\"@id\":\"\"},\"headline\":\"Volkswagen ID Buzz 2022: Wird VW den Familien-Van wieder popul\u00e4r machen? &#8211; Test &amp; Video\",\"datePublished\":\"2022-09-07T15:50:00+00:00\",\"dateModified\":\"2022-09-07T15:50:00+00:00\",\"mainEntityOfPage\":{\"@id\":\"https:\/\/all-car-news.com\/de\/volkswagen-id-buzz-2022-wird-vw-den-familien-van-wieder-populaer-machen-test-video\/\"},\"wordCount\":1332,\"commentCount\":0,\"publisher\":{\"@id\":\"https:\/\/all-car-news.com\/de\/#organization\"},\"articleSection\":[\"Auto Nachrichten\",\"Autotests\",\"Elektrisch\",\"Firmenwagen\"],\"inLanguage\":\"de\",\"potentialAction\":[{\"@type\":\"CommentAction\",\"name\":\"Comment\",\"target\":[\"https:\/\/all-car-news.com\/de\/volkswagen-id-buzz-2022-wird-vw-den-familien-van-wieder-populaer-machen-test-video\/#respond\"]}]},{\"@type\":\"WebPage\",\"@id\":\"https:\/\/all-car-news.com\/de\/volkswagen-id-buzz-2022-wird-vw-den-familien-van-wieder-populaer-machen-test-video\/\",\"url\":\"https:\/\/all-car-news.com\/de\/volkswagen-id-buzz-2022-wird-vw-den-familien-van-wieder-populaer-machen-test-video\/\",\"name\":\"Volkswagen ID Buzz 2022: Wird VW den Familien-Van wieder popul\u00e4r machen? - Test &amp; Video - All cars news\",\"isPartOf\":{\"@id\":\"https:\/\/all-car-news.com\/de\/#website\"},\"datePublished\":\"2022-09-07T15:50:00+00:00\",\"dateModified\":\"2022-09-07T15:50:00+00:00\",\"breadcrumb\":{\"@id\":\"https:\/\/all-car-news.com\/de\/volkswagen-id-buzz-2022-wird-vw-den-familien-van-wieder-populaer-machen-test-video\/#breadcrumb\"},\"inLanguage\":\"de\",\"potentialAction\":[{\"@type\":\"ReadAction\",\"target\":[\"https:\/\/all-car-news.com\/de\/volkswagen-id-buzz-2022-wird-vw-den-familien-van-wieder-populaer-machen-test-video\/\"]}]},{\"@type\":\"BreadcrumbList\",\"@id\":\"https:\/\/all-car-news.com\/de\/volkswagen-id-buzz-2022-wird-vw-den-familien-van-wieder-populaer-machen-test-video\/#breadcrumb\",\"itemListElement\":[{\"@type\":\"ListItem\",\"position\":1,\"name\":\"Home\",\"item\":\"https:\/\/all-car-news.com\/de\/\"},{\"@type\":\"ListItem\",\"position\":2,\"name\":\"Volkswagen ID Buzz 2022: Wird VW den Familien-Van wieder popul\u00e4r machen? &#8211; Test &amp; Video\"}]},{\"@type\":\"WebSite\",\"@id\":\"https:\/\/all-car-news.com\/de\/#website\",\"url\":\"https:\/\/all-car-news.com\/de\/\",\"name\":\"All cars news\",\"description\":\"\",\"publisher\":{\"@id\":\"https:\/\/all-car-news.com\/de\/#organization\"},\"potentialAction\":[{\"@type\":\"SearchAction\",\"target\":{\"@type\":\"EntryPoint\",\"urlTemplate\":\"https:\/\/all-car-news.com\/de\/?s={search_term_string}\"},\"query-input\":\"required name=search_term_string\"}],\"inLanguage\":\"de\"},{\"@type\":\"Organization\",\"@id\":\"https:\/\/all-car-news.com\/de\/#organization\",\"name\":\"All cars news\",\"url\":\"https:\/\/all-car-news.com\/de\/\",\"logo\":{\"@type\":\"ImageObject\",\"inLanguage\":\"de\",\"@id\":\"https:\/\/all-car-news.com\/de\/#\/schema\/logo\/image\/\",\"url\":\"https:\/\/all-car-news.com\/wp-content\/uploads\/2022\/02\/CMYK-AllCarNews_LANDSCAPE_300px-1.png\",\"contentUrl\":\"https:\/\/all-car-news.com\/wp-content\/uploads\/2022\/02\/CMYK-AllCarNews_LANDSCAPE_300px-1.png\",\"width\":300,\"height\":100,\"caption\":\"All cars news\"},\"image\":{\"@id\":\"https:\/\/all-car-news.com\/de\/#\/schema\/logo\/image\/\"}}]}<\/script>\n<!-- \/ Yoast SEO plugin. -->","yoast_head_json":{"title":"Volkswagen ID Buzz 2022: Wird VW den Familien-Van wieder popul\u00e4r machen? - Test &amp; Video - All cars news","robots":{"index":"index","follow":"follow","max-snippet":"max-snippet:-1","max-image-preview":"max-image-preview:large","max-video-preview":"max-video-preview:-1"},"canonical":"https:\/\/all-car-news.com\/de\/volkswagen-id-buzz-2022-wird-vw-den-familien-van-wieder-populaer-machen-test-video\/","og_locale":"de_DE","og_type":"article","og_title":"Volkswagen ID Buzz 2022: Wird VW den Familien-Van wieder popul\u00e4r machen? - Test &amp; Video - All cars news","og_description":"Vielen Dank f\u00fcr Ihr Interesse an diesem Volkswagen ID Buzz-Test. Volkswagen erweitert st\u00e4ndig sein Angebot an Elektroautos. Dies alles unter dem Stichwort ID. Nach ID3, ID4 und ID5 folgt nun das bisher retroeste Elektroauto von Volkswagen: der ID Buzz. Als es als Konzept vorgestellt wurde, wusste jeder [...].","og_url":"https:\/\/all-car-news.com\/de\/volkswagen-id-buzz-2022-wird-vw-den-familien-van-wieder-populaer-machen-test-video\/","og_site_name":"All cars news","article_published_time":"2022-09-07T15:50:00+00:00","og_image":[{"url":"https:\/\/autorai.nl\/wp-content\/uploads\/2022\/09\/volkswagen-id-buzz-2022-test-video-review-foto34-1140x855.jpg"}],"twitter_card":"summary_large_image","twitter_misc":{"Gesch\u00e4tzte Lesezeit":"7\u00a0Minuten"},"schema":{"@context":"https:\/\/schema.org","@graph":[{"@type":"Article","@id":"https:\/\/all-car-news.com\/de\/volkswagen-id-buzz-2022-wird-vw-den-familien-van-wieder-populaer-machen-test-video\/#article","isPartOf":{"@id":"https:\/\/all-car-news.com\/de\/volkswagen-id-buzz-2022-wird-vw-den-familien-van-wieder-populaer-machen-test-video\/"},"author":{"name":"","@id":""},"headline":"Volkswagen ID Buzz 2022: Wird VW den Familien-Van wieder popul\u00e4r machen? &#8211; Test &amp; Video","datePublished":"2022-09-07T15:50:00+00:00","dateModified":"2022-09-07T15:50:00+00:00","mainEntityOfPage":{"@id":"https:\/\/all-car-news.com\/de\/volkswagen-id-buzz-2022-wird-vw-den-familien-van-wieder-populaer-machen-test-video\/"},"wordCount":1332,"commentCount":0,"publisher":{"@id":"https:\/\/all-car-news.com\/de\/#organization"},"articleSection":["Auto Nachrichten","Autotests","Elektrisch","Firmenwagen"],"inLanguage":"de","potentialAction":[{"@type":"CommentAction","name":"Comment","target":["https:\/\/all-car-news.com\/de\/volkswagen-id-buzz-2022-wird-vw-den-familien-van-wieder-populaer-machen-test-video\/#respond"]}]},{"@type":"WebPage","@id":"https:\/\/all-car-news.com\/de\/volkswagen-id-buzz-2022-wird-vw-den-familien-van-wieder-populaer-machen-test-video\/","url":"https:\/\/all-car-news.com\/de\/volkswagen-id-buzz-2022-wird-vw-den-familien-van-wieder-populaer-machen-test-video\/","name":"Volkswagen ID Buzz 2022: Wird VW den Familien-Van wieder popul\u00e4r machen? - Test &amp; Video - All cars news","isPartOf":{"@id":"https:\/\/all-car-news.com\/de\/#website"},"datePublished":"2022-09-07T15:50:00+00:00","dateModified":"2022-09-07T15:50:00+00:00","breadcrumb":{"@id":"https:\/\/all-car-news.com\/de\/volkswagen-id-buzz-2022-wird-vw-den-familien-van-wieder-populaer-machen-test-video\/#breadcrumb"},"inLanguage":"de","potentialAction":[{"@type":"ReadAction","target":["https:\/\/all-car-news.com\/de\/volkswagen-id-buzz-2022-wird-vw-den-familien-van-wieder-populaer-machen-test-video\/"]}]},{"@type":"BreadcrumbList","@id":"https:\/\/all-car-news.com\/de\/volkswagen-id-buzz-2022-wird-vw-den-familien-van-wieder-populaer-machen-test-video\/#breadcrumb","itemListElement":[{"@type":"ListItem","position":1,"name":"Home","item":"https:\/\/all-car-news.com\/de\/"},{"@type":"ListItem","position":2,"name":"Volkswagen ID Buzz 2022: Wird VW den Familien-Van wieder popul\u00e4r machen? &#8211; Test &amp; Video"}]},{"@type":"WebSite","@id":"https:\/\/all-car-news.com\/de\/#website","url":"https:\/\/all-car-news.com\/de\/","name":"All cars news","description":"","publisher":{"@id":"https:\/\/all-car-news.com\/de\/#organization"},"potentialAction":[{"@type":"SearchAction","target":{"@type":"EntryPoint","urlTemplate":"https:\/\/all-car-news.com\/de\/?s={search_term_string}"},"query-input":"required name=search_term_string"}],"inLanguage":"de"},{"@type":"Organization","@id":"https:\/\/all-car-news.com\/de\/#organization","name":"All cars news","url":"https:\/\/all-car-news.com\/de\/","logo":{"@type":"ImageObject","inLanguage":"de","@id":"https:\/\/all-car-news.com\/de\/#\/schema\/logo\/image\/","url":"https:\/\/all-car-news.com\/wp-content\/uploads\/2022\/02\/CMYK-AllCarNews_LANDSCAPE_300px-1.png","contentUrl":"https:\/\/all-car-news.com\/wp-content\/uploads\/2022\/02\/CMYK-AllCarNews_LANDSCAPE_300px-1.png","width":300,"height":100,"caption":"All cars news"},"image":{"@id":"https:\/\/all-car-news.com\/de\/#\/schema\/logo\/image\/"}}]}},"_links":{"self":[{"href":"https:\/\/all-car-news.com\/de\/wp-json\/wp\/v2\/posts\/123292","targetHints":{"allow":["GET"]}}],"collection":[{"href":"https:\/\/all-car-news.com\/de\/wp-json\/wp\/v2\/posts"}],"about":[{"href":"https:\/\/all-car-news.com\/de\/wp-json\/wp\/v2\/types\/post"}],"replies":[{"embeddable":true,"href":"https:\/\/all-car-news.com\/de\/wp-json\/wp\/v2\/comments?post=123292"}],"version-history":[{"count":0,"href":"https:\/\/all-car-news.com\/de\/wp-json\/wp\/v2\/posts\/123292\/revisions"}],"wp:featuredmedia":[{"embeddable":true,"href":"https:\/\/all-car-news.com\/de\/wp-json\/wp\/v2\/media\/123243"}],"wp:attachment":[{"href":"https:\/\/all-car-news.com\/de\/wp-json\/wp\/v2\/media?parent=123292"}],"wp:term":[{"taxonomy":"category","embeddable":true,"href":"https:\/\/all-car-news.com\/de\/wp-json\/wp\/v2\/categories?post=123292"},{"taxonomy":"post_tag","embeddable":true,"href":"https:\/\/all-car-news.com\/de\/wp-json\/wp\/v2\/tags?post=123292"}],"curies":[{"name":"wp","href":"https:\/\/api.w.org\/{rel}","templated":true}]}}