{"id":122952,"date":"2022-09-06T10:12:11","date_gmt":"2022-09-06T10:12:11","guid":{"rendered":"https:\/\/all-car-news.com\/feine-statistik-die-fahrer-dieser-automarken-sollten-sich-schaemen\/"},"modified":"2022-09-06T10:12:11","modified_gmt":"2022-09-06T10:12:11","slug":"feine-statistik-die-fahrer-dieser-automarken-sollten-sich-schaemen","status":"publish","type":"post","link":"https:\/\/all-car-news.com\/de\/feine-statistik-die-fahrer-dieser-automarken-sollten-sich-schaemen\/","title":{"rendered":"Feine Statistik: &#8222;Die Fahrer dieser Automarken sollten sich sch\u00e4men&#8220;."},"content":{"rendered":"<p>Neben der Verh\u00e4ngung von Bu\u00dfgeldern im Stra\u00dfenverkehr gibt es in Deutschland auch ein Punktesystem. Wie viele, h\u00e4ngt von der <a href=\"https:\/\/autorai.nl\/minister-verkeersboetes-2023-nog-duurder-vanwege-inflatie\/\">Straftat<\/a> ab. Ein leichter Versto\u00df f\u00fchrt zu weniger Strafpunkten im F\u00fchrerschein als ein schwerer Versto\u00df. Dennoch wird jeder Strafpunkt auf die Kfz-Versicherungspr\u00e4mie angerechnet. Anhand dieser Daten &#8211; erhoben von tausenden deutschen Autofahrern &#8211; wurde ermittelt, welche Marken die gr\u00f6\u00dften Staus verursachen. Sogar auf der Ebene der Modelle.<\/p>\n<h2>Mit Stern auf der einen Seite<\/h2>\n<p>Ein kurzer Blick auf die Top 10 auf Marken-\/Modell-Ebene gen\u00fcgt, um festzustellen, dass sich die Fahrer deutscher Automarken am h\u00e4ufigsten im Stra\u00dfenverkehr daneben benehmen (bzw. am h\u00e4ufigsten erwischt werden). Bei n\u00e4herer Betrachtung ist die gesamte Top 10 mit deutschen Marken besetzt. Der Skoda Superb und der Seat Leon m\u00f6gen urspr\u00fcnglich tschechisch und spanisch sein, aber sie sind in allem mit deutschem Blut durchtr\u00e4nkt.  <\/p>\n<p>Der Mercedes-Benz CLA hat die zweifelhafte Ehre, die Liste anzuf\u00fchren, aber es sind tats\u00e4chlich die Audi-Fahrer, die sich die Krone der Proliferanten aufsetzen. Immerhin sechs der zehn Modelle haben vier Ringe im K\u00fchlergrill. Und nicht das BMW-Emblem, wie oft angenommen wird. Das einzige Modell dieser bayerischen Marke in den Top 10 ist der 5er auf Platz neun.<\/p>\n<ol>\n<li>Mercedes-Benz CLA<\/li>\n<li>Skoda Superb<\/li>\n<li>Audi A5<\/li>\n<li>Audi Q5<\/li>\n<li>Audi A1<\/li>\n<li>Audi A6<\/li>\n<li>Seat Leon<\/li>\n<li>Audi TT<\/li>\n<li>BMW 5er Reihe<\/li>\n<li>Audi A4<\/li>\n<\/ol>\n<h2>Alfisti, was machst du denn da?<\/h2>\n<p>Neben den einzelnen Modellen hat Verivox auch Zahlen zu den Herstellern gesammelt. Auch hier sind viele deutsche Marken in den Top 10 vertreten. Porsche f\u00fchrt die Liste an, gefolgt von Audi und wiederum nicht BMW unter den schlimmsten Verkehrss\u00fcndern. Land Rover- und Jaguar-Fahrer stehen an erster Stelle. Auch Nissan-Fahrer sammeln mehr Strafpunkte in ihrem F\u00fchrerschein. Am auff\u00e4lligsten ist aber vielleicht der Nachz\u00fcgler in den Top 10. Das ist der Standpunkt von Alfa Romeo. Erstaunlich, wenn man bedenkt, dass die italienische Marke nur in ihrem eigenen Land beliebt ist.&nbsp;<\/p>\n<ol type=\"1\">\n<li>Porsche<\/li>\n<li>Audi<\/li>\n<li>Land Rover<\/li>\n<li>Jaguar<\/li>\n<li>Nissan<\/li>\n<li>BMW<\/li>\n<li>Volvo<\/li>\n<li>Jeep<\/li>\n<li>Sitz<\/li>\n<li>Alfa Romeo<\/li>\n<\/ol>\n<p><strong>Quelle<\/strong>: <a href=\"https:\/\/www.verivox.de\/kfz-versicherung\/nachrichten\/mercedes-cla-fahrer-sammeln-am-haeufigsten-punkte-in-flensburg-1119702\/\" target=\"_blank\" rel=\"noreferrer noopener\">Verivox<\/a><\/p>\n","protected":false},"excerpt":{"rendered":"Neben der Verh\u00e4ngung von Bu\u00dfgeldern im Stra\u00dfenverkehr gibt es in Deutschland auch ein Punktesystem. Wie viele, h\u00e4ngt von der Straftat&hellip;","protected":false},"author":0,"featured_media":122912,"comment_status":"open","ping_status":"open","sticky":false,"template":"","format":"standard","meta":{"footnotes":""},"categories":[125,184],"tags":[],"class_list":["post-122952","post","type-post","status-publish","format-standard","has-post-thumbnail","hentry","category-auto-nachrichten","category-forschung"],"acf":[],"yoast_head":"<!-- This site is optimized with the Yoast SEO plugin v21.2 - https:\/\/yoast.com\/wordpress\/plugins\/seo\/ -->\n<title>Feine Statistik: &quot;Die Fahrer dieser Automarken sollten sich sch\u00e4men&quot;. - All cars news<\/title>\n<meta name=\"robots\" content=\"index, follow, max-snippet:-1, max-image-preview:large, max-video-preview:-1\" \/>\n<link rel=\"canonical\" href=\"https:\/\/all-car-news.com\/de\/feine-statistik-die-fahrer-dieser-automarken-sollten-sich-schaemen\/\" \/>\n<meta property=\"og:locale\" content=\"de_DE\" \/>\n<meta property=\"og:type\" content=\"article\" \/>\n<meta property=\"og:title\" content=\"Feine Statistik: &quot;Die Fahrer dieser Automarken sollten sich sch\u00e4men&quot;. - All cars news\" \/>\n<meta property=\"og:description\" content=\"Neben der Verh\u00e4ngung von Bu\u00dfgeldern im Stra\u00dfenverkehr gibt es in Deutschland auch ein Punktesystem. Wie viele, h\u00e4ngt von der Straftat ab. Ein leichter Versto\u00df f\u00fchrt zu weniger Strafpunkten im F\u00fchrerschein als ein schwerer Versto\u00df. Dennoch wird jeder Strafpunkt auf die Kfz-Versicherungspr\u00e4mie angerechnet. Und auf der Grundlage dieser Daten - gesammelt unter [...]\" \/>\n<meta property=\"og:url\" content=\"https:\/\/all-car-news.com\/de\/feine-statistik-die-fahrer-dieser-automarken-sollten-sich-schaemen\/\" \/>\n<meta property=\"og:site_name\" content=\"All cars news\" \/>\n<meta property=\"article:published_time\" content=\"2022-09-06T10:12:11+00:00\" \/>\n<meta name=\"twitter:card\" content=\"summary_large_image\" \/>\n<meta name=\"twitter:label1\" content=\"Gesch\u00e4tzte Lesezeit\" \/>\n\t<meta name=\"twitter:data1\" content=\"2\u00a0Minuten\" \/>\n<script type=\"application\/ld+json\" class=\"yoast-schema-graph\">{\"@context\":\"https:\/\/schema.org\",\"@graph\":[{\"@type\":\"Article\",\"@id\":\"https:\/\/all-car-news.com\/de\/feine-statistik-die-fahrer-dieser-automarken-sollten-sich-schaemen\/#article\",\"isPartOf\":{\"@id\":\"https:\/\/all-car-news.com\/de\/feine-statistik-die-fahrer-dieser-automarken-sollten-sich-schaemen\/\"},\"author\":{\"name\":\"\",\"@id\":\"\"},\"headline\":\"Feine Statistik: &#8222;Die Fahrer dieser Automarken sollten sich sch\u00e4men&#8220;.\",\"datePublished\":\"2022-09-06T10:12:11+00:00\",\"dateModified\":\"2022-09-06T10:12:11+00:00\",\"mainEntityOfPage\":{\"@id\":\"https:\/\/all-car-news.com\/de\/feine-statistik-die-fahrer-dieser-automarken-sollten-sich-schaemen\/\"},\"wordCount\":352,\"commentCount\":0,\"publisher\":{\"@id\":\"https:\/\/all-car-news.com\/de\/#organization\"},\"articleSection\":[\"Auto Nachrichten\",\"Forschung\"],\"inLanguage\":\"de\",\"potentialAction\":[{\"@type\":\"CommentAction\",\"name\":\"Comment\",\"target\":[\"https:\/\/all-car-news.com\/de\/feine-statistik-die-fahrer-dieser-automarken-sollten-sich-schaemen\/#respond\"]}]},{\"@type\":\"WebPage\",\"@id\":\"https:\/\/all-car-news.com\/de\/feine-statistik-die-fahrer-dieser-automarken-sollten-sich-schaemen\/\",\"url\":\"https:\/\/all-car-news.com\/de\/feine-statistik-die-fahrer-dieser-automarken-sollten-sich-schaemen\/\",\"name\":\"Feine Statistik: \\\"Die Fahrer dieser Automarken sollten sich sch\u00e4men\\\". - All cars news\",\"isPartOf\":{\"@id\":\"https:\/\/all-car-news.com\/de\/#website\"},\"datePublished\":\"2022-09-06T10:12:11+00:00\",\"dateModified\":\"2022-09-06T10:12:11+00:00\",\"breadcrumb\":{\"@id\":\"https:\/\/all-car-news.com\/de\/feine-statistik-die-fahrer-dieser-automarken-sollten-sich-schaemen\/#breadcrumb\"},\"inLanguage\":\"de\",\"potentialAction\":[{\"@type\":\"ReadAction\",\"target\":[\"https:\/\/all-car-news.com\/de\/feine-statistik-die-fahrer-dieser-automarken-sollten-sich-schaemen\/\"]}]},{\"@type\":\"BreadcrumbList\",\"@id\":\"https:\/\/all-car-news.com\/de\/feine-statistik-die-fahrer-dieser-automarken-sollten-sich-schaemen\/#breadcrumb\",\"itemListElement\":[{\"@type\":\"ListItem\",\"position\":1,\"name\":\"Home\",\"item\":\"https:\/\/all-car-news.com\/de\/\"},{\"@type\":\"ListItem\",\"position\":2,\"name\":\"Feine Statistik: &#8222;Die Fahrer dieser Automarken sollten sich sch\u00e4men&#8220;.\"}]},{\"@type\":\"WebSite\",\"@id\":\"https:\/\/all-car-news.com\/de\/#website\",\"url\":\"https:\/\/all-car-news.com\/de\/\",\"name\":\"All cars news\",\"description\":\"\",\"publisher\":{\"@id\":\"https:\/\/all-car-news.com\/de\/#organization\"},\"potentialAction\":[{\"@type\":\"SearchAction\",\"target\":{\"@type\":\"EntryPoint\",\"urlTemplate\":\"https:\/\/all-car-news.com\/de\/?s={search_term_string}\"},\"query-input\":\"required name=search_term_string\"}],\"inLanguage\":\"de\"},{\"@type\":\"Organization\",\"@id\":\"https:\/\/all-car-news.com\/de\/#organization\",\"name\":\"All cars news\",\"url\":\"https:\/\/all-car-news.com\/de\/\",\"logo\":{\"@type\":\"ImageObject\",\"inLanguage\":\"de\",\"@id\":\"https:\/\/all-car-news.com\/de\/#\/schema\/logo\/image\/\",\"url\":\"https:\/\/all-car-news.com\/wp-content\/uploads\/2022\/02\/CMYK-AllCarNews_LANDSCAPE_300px-1.png\",\"contentUrl\":\"https:\/\/all-car-news.com\/wp-content\/uploads\/2022\/02\/CMYK-AllCarNews_LANDSCAPE_300px-1.png\",\"width\":300,\"height\":100,\"caption\":\"All cars news\"},\"image\":{\"@id\":\"https:\/\/all-car-news.com\/de\/#\/schema\/logo\/image\/\"}}]}<\/script>\n<!-- \/ Yoast SEO plugin. -->","yoast_head_json":{"title":"Feine Statistik: \"Die Fahrer dieser Automarken sollten sich sch\u00e4men\". - All cars news","robots":{"index":"index","follow":"follow","max-snippet":"max-snippet:-1","max-image-preview":"max-image-preview:large","max-video-preview":"max-video-preview:-1"},"canonical":"https:\/\/all-car-news.com\/de\/feine-statistik-die-fahrer-dieser-automarken-sollten-sich-schaemen\/","og_locale":"de_DE","og_type":"article","og_title":"Feine Statistik: \"Die Fahrer dieser Automarken sollten sich sch\u00e4men\". - All cars news","og_description":"Neben der Verh\u00e4ngung von Bu\u00dfgeldern im Stra\u00dfenverkehr gibt es in Deutschland auch ein Punktesystem. Wie viele, h\u00e4ngt von der Straftat ab. Ein leichter Versto\u00df f\u00fchrt zu weniger Strafpunkten im F\u00fchrerschein als ein schwerer Versto\u00df. Dennoch wird jeder Strafpunkt auf die Kfz-Versicherungspr\u00e4mie angerechnet. Und auf der Grundlage dieser Daten - gesammelt unter [...]","og_url":"https:\/\/all-car-news.com\/de\/feine-statistik-die-fahrer-dieser-automarken-sollten-sich-schaemen\/","og_site_name":"All cars news","article_published_time":"2022-09-06T10:12:11+00:00","twitter_card":"summary_large_image","twitter_misc":{"Gesch\u00e4tzte Lesezeit":"2\u00a0Minuten"},"schema":{"@context":"https:\/\/schema.org","@graph":[{"@type":"Article","@id":"https:\/\/all-car-news.com\/de\/feine-statistik-die-fahrer-dieser-automarken-sollten-sich-schaemen\/#article","isPartOf":{"@id":"https:\/\/all-car-news.com\/de\/feine-statistik-die-fahrer-dieser-automarken-sollten-sich-schaemen\/"},"author":{"name":"","@id":""},"headline":"Feine Statistik: &#8222;Die Fahrer dieser Automarken sollten sich sch\u00e4men&#8220;.","datePublished":"2022-09-06T10:12:11+00:00","dateModified":"2022-09-06T10:12:11+00:00","mainEntityOfPage":{"@id":"https:\/\/all-car-news.com\/de\/feine-statistik-die-fahrer-dieser-automarken-sollten-sich-schaemen\/"},"wordCount":352,"commentCount":0,"publisher":{"@id":"https:\/\/all-car-news.com\/de\/#organization"},"articleSection":["Auto Nachrichten","Forschung"],"inLanguage":"de","potentialAction":[{"@type":"CommentAction","name":"Comment","target":["https:\/\/all-car-news.com\/de\/feine-statistik-die-fahrer-dieser-automarken-sollten-sich-schaemen\/#respond"]}]},{"@type":"WebPage","@id":"https:\/\/all-car-news.com\/de\/feine-statistik-die-fahrer-dieser-automarken-sollten-sich-schaemen\/","url":"https:\/\/all-car-news.com\/de\/feine-statistik-die-fahrer-dieser-automarken-sollten-sich-schaemen\/","name":"Feine Statistik: \"Die Fahrer dieser Automarken sollten sich sch\u00e4men\". - All cars news","isPartOf":{"@id":"https:\/\/all-car-news.com\/de\/#website"},"datePublished":"2022-09-06T10:12:11+00:00","dateModified":"2022-09-06T10:12:11+00:00","breadcrumb":{"@id":"https:\/\/all-car-news.com\/de\/feine-statistik-die-fahrer-dieser-automarken-sollten-sich-schaemen\/#breadcrumb"},"inLanguage":"de","potentialAction":[{"@type":"ReadAction","target":["https:\/\/all-car-news.com\/de\/feine-statistik-die-fahrer-dieser-automarken-sollten-sich-schaemen\/"]}]},{"@type":"BreadcrumbList","@id":"https:\/\/all-car-news.com\/de\/feine-statistik-die-fahrer-dieser-automarken-sollten-sich-schaemen\/#breadcrumb","itemListElement":[{"@type":"ListItem","position":1,"name":"Home","item":"https:\/\/all-car-news.com\/de\/"},{"@type":"ListItem","position":2,"name":"Feine Statistik: &#8222;Die Fahrer dieser Automarken sollten sich sch\u00e4men&#8220;."}]},{"@type":"WebSite","@id":"https:\/\/all-car-news.com\/de\/#website","url":"https:\/\/all-car-news.com\/de\/","name":"All cars news","description":"","publisher":{"@id":"https:\/\/all-car-news.com\/de\/#organization"},"potentialAction":[{"@type":"SearchAction","target":{"@type":"EntryPoint","urlTemplate":"https:\/\/all-car-news.com\/de\/?s={search_term_string}"},"query-input":"required name=search_term_string"}],"inLanguage":"de"},{"@type":"Organization","@id":"https:\/\/all-car-news.com\/de\/#organization","name":"All cars news","url":"https:\/\/all-car-news.com\/de\/","logo":{"@type":"ImageObject","inLanguage":"de","@id":"https:\/\/all-car-news.com\/de\/#\/schema\/logo\/image\/","url":"https:\/\/all-car-news.com\/wp-content\/uploads\/2022\/02\/CMYK-AllCarNews_LANDSCAPE_300px-1.png","contentUrl":"https:\/\/all-car-news.com\/wp-content\/uploads\/2022\/02\/CMYK-AllCarNews_LANDSCAPE_300px-1.png","width":300,"height":100,"caption":"All cars news"},"image":{"@id":"https:\/\/all-car-news.com\/de\/#\/schema\/logo\/image\/"}}]}},"_links":{"self":[{"href":"https:\/\/all-car-news.com\/de\/wp-json\/wp\/v2\/posts\/122952","targetHints":{"allow":["GET"]}}],"collection":[{"href":"https:\/\/all-car-news.com\/de\/wp-json\/wp\/v2\/posts"}],"about":[{"href":"https:\/\/all-car-news.com\/de\/wp-json\/wp\/v2\/types\/post"}],"replies":[{"embeddable":true,"href":"https:\/\/all-car-news.com\/de\/wp-json\/wp\/v2\/comments?post=122952"}],"version-history":[{"count":0,"href":"https:\/\/all-car-news.com\/de\/wp-json\/wp\/v2\/posts\/122952\/revisions"}],"wp:featuredmedia":[{"embeddable":true,"href":"https:\/\/all-car-news.com\/de\/wp-json\/wp\/v2\/media\/122912"}],"wp:attachment":[{"href":"https:\/\/all-car-news.com\/de\/wp-json\/wp\/v2\/media?parent=122952"}],"wp:term":[{"taxonomy":"category","embeddable":true,"href":"https:\/\/all-car-news.com\/de\/wp-json\/wp\/v2\/categories?post=122952"},{"taxonomy":"post_tag","embeddable":true,"href":"https:\/\/all-car-news.com\/de\/wp-json\/wp\/v2\/tags?post=122952"}],"curies":[{"name":"wp","href":"https:\/\/api.w.org\/{rel}","templated":true}]}}