{"id":122071,"date":"2022-08-22T10:35:19","date_gmt":"2022-08-22T10:35:19","guid":{"rendered":"https:\/\/all-car-news.com\/volkswagen-id-buzz-bereits-ausverkauft\/"},"modified":"2022-08-22T10:35:19","modified_gmt":"2022-08-22T10:35:19","slug":"volkswagen-id-buzz-bereits-ausverkauft","status":"publish","type":"post","link":"https:\/\/all-car-news.com\/de\/volkswagen-id-buzz-bereits-ausverkauft\/","title":{"rendered":"Volkswagen ID. Buzz bereits ausverkauft"},"content":{"rendered":"<h2>Volkswagen ID. Buzz beliebt<\/h2>\n<p>Im Mai hat Volkswagen die Produktion des ID in Hannover aufgenommen. Buzz. Die ersten Ger\u00e4te werden voraussichtlich im Oktober in den Niederlanden eintreffen. Die Begeisterung f\u00fcr den neuen deutschen MPV scheint gro\u00df zu sein. Nach Angaben der <a href=\"https:\/\/www.automobilwoche.de\/bc-online\/volkswagen-id-buzz-vor-dem-auslieferungsstart-auf-monate-ausverkauft-mehr-als-10000\">Automobilwoche<\/a> ist er f\u00fcr dieses Jahr bereits ausverkauft. Berichten zufolge hat die Marke bereits 10.000 Vorbestellungen erhalten. Es handelt sich um Auftr\u00e4ge f\u00fcr die Passagier- und Frachtvariante.<\/p>\n<figure class=\"wp-block-image size-content\"><img decoding=\"async\" loading=\"lazy\" width=\"1140\" height=\"641\" src=\"https:\/\/autorai.nl\/wp-content\/uploads\/2022\/08\/id-buzz-1536x864-1-1140x641.jpg\" alt=\"\" class=\"wp-image-128185\"><\/figure>\n<h2>Norwegen<\/h2>\n<p>Auch die L\u00e4nder, in denen die meisten Registrierungen vorgenommen wurden, sind bekannt. Die meisten der Exemplare, die jetzt vom Band laufen, werden nach Norwegen gehen. Tats\u00e4chlich haben 3.400 Norweger einen solchen bestellt. In Deutschland haben 2.500 Personen eine Reservierung vorgenommen. An dritter Stelle liegen die Niederlande mit 10 Prozent der europ\u00e4ischen Reservierungen: 1.100.<\/p>\n<figure class=\"wp-block-image size-content\"><img decoding=\"async\" loading=\"lazy\" width=\"1140\" height=\"759\" src=\"https:\/\/autorai.nl\/wp-content\/uploads\/2022\/08\/id-buzz-1-1536x1023-3-1140x759.jpg\" alt=\"\" class=\"wp-image-128189\"><\/figure>\n<h2>130.000 St\u00fcck<\/h2>\n<p>In diesem Jahr wird Volkswagen in seinem Werk in Hannover voraussichtlich 15.000 Einheiten des ID produzieren. Geb\u00e4ude Buzz und Cargo. Im n\u00e4chsten Jahr hofft die Marke, 60.000 Einheiten zu montieren. Mit der Zeit soll die Produktion 130.000 Einheiten pro Jahr erreichen. In L\u00e4ndern wie Frankreich und dem Vereinigten K\u00f6nigreich ist es noch nicht m\u00f6glich, einen Ausweis zu erhalten. Buzz auf Bestellung. Im Jahr 2024 werden die Amerikaner keinen Ausweis mehr bekommen k\u00f6nnen. Buzz auf Bestellung.<\/p>\n<p>Was die Volkswagen ID. Buzz in den Niederlanden kann <a href=\"https:\/\/autorai.nl\/dit-kost-de-volkswagen-id-buzz-in-nederland-alle-prijzen\/\" target=\"_blank\" rel=\"noreferrer noopener\">hier<\/a> nachgelesen werden <a href=\"https:\/\/autorai.nl\/dit-kost-de-volkswagen-id-buzz-in-nederland-alle-prijzen\/\" target=\"_blank\" rel=\"noreferrer noopener\">:<\/a><\/p>\n<figure class=\"wp-block-embed is-type-wp-embed is-provider-autorai-nl wp-block-embed-autorai-nl\">\n<div class=\"wp-block-embed__wrapper\">\n<blockquote class=\"wp-embedded-content\" data-secret=\"FkjGHlpx7H\"><p><a href=\"https:\/\/autorai.nl\/dit-kost-de-volkswagen-id-buzz-in-nederland-alle-prijzen\/\">So viel kostet der Volkswagen Ausweis. Buzz in den Niederlanden &#8211; alle Preise<\/a><\/p><\/blockquote>\n<\/div>\n<\/figure>\n","protected":false},"excerpt":{"rendered":"Volkswagen ID. Buzz popul\u00e4r Im Mai startete Volkswagen die Produktion des ID in Hannover. Buzz. Die ersten Ger\u00e4te werden voraussichtlich&hellip;","protected":false},"author":0,"featured_media":122059,"comment_status":"open","ping_status":"open","sticky":false,"template":"","format":"standard","meta":{"footnotes":""},"categories":[125],"tags":[],"class_list":["post-122071","post","type-post","status-publish","format-standard","has-post-thumbnail","hentry","category-auto-nachrichten"],"acf":[],"yoast_head":"<!-- This site is optimized with the Yoast SEO plugin v21.2 - https:\/\/yoast.com\/wordpress\/plugins\/seo\/ -->\n<title>Volkswagen ID. Buzz bereits ausverkauft - All cars news<\/title>\n<meta name=\"robots\" content=\"index, follow, max-snippet:-1, max-image-preview:large, max-video-preview:-1\" \/>\n<link rel=\"canonical\" href=\"https:\/\/all-car-news.com\/de\/volkswagen-id-buzz-bereits-ausverkauft\/\" \/>\n<meta property=\"og:locale\" content=\"de_DE\" \/>\n<meta property=\"og:type\" content=\"article\" \/>\n<meta property=\"og:title\" content=\"Volkswagen ID. Buzz bereits ausverkauft - All cars news\" \/>\n<meta property=\"og:description\" content=\"Volkswagen ID. Buzz popul\u00e4r Im Mai startete Volkswagen die Produktion des ID in Hannover. Buzz. Die ersten Ger\u00e4te werden voraussichtlich im Oktober in den Niederlanden eintreffen. Die Begeisterung f\u00fcr den neuen deutschen MPV scheint gro\u00df zu sein. Nach Angaben der Automobilwoche ist er f\u00fcr dieses Jahr bereits ausverkauft. Berichten zufolge hat die Marke bereits 10.000 [...].\" \/>\n<meta property=\"og:url\" content=\"https:\/\/all-car-news.com\/de\/volkswagen-id-buzz-bereits-ausverkauft\/\" \/>\n<meta property=\"og:site_name\" content=\"All cars news\" \/>\n<meta property=\"article:published_time\" content=\"2022-08-22T10:35:19+00:00\" \/>\n<meta property=\"og:image\" content=\"https:\/\/autorai.nl\/wp-content\/uploads\/2022\/08\/id-buzz-1536x864-1-1140x641.jpg\" \/>\n<meta name=\"twitter:card\" content=\"summary_large_image\" \/>\n<meta name=\"twitter:label1\" content=\"Gesch\u00e4tzte Lesezeit\" \/>\n\t<meta name=\"twitter:data1\" content=\"1\u00a0Minute\" \/>\n<script type=\"application\/ld+json\" class=\"yoast-schema-graph\">{\"@context\":\"https:\/\/schema.org\",\"@graph\":[{\"@type\":\"Article\",\"@id\":\"https:\/\/all-car-news.com\/de\/volkswagen-id-buzz-bereits-ausverkauft\/#article\",\"isPartOf\":{\"@id\":\"https:\/\/all-car-news.com\/de\/volkswagen-id-buzz-bereits-ausverkauft\/\"},\"author\":{\"name\":\"\",\"@id\":\"\"},\"headline\":\"Volkswagen ID. Buzz bereits ausverkauft\",\"datePublished\":\"2022-08-22T10:35:19+00:00\",\"dateModified\":\"2022-08-22T10:35:19+00:00\",\"mainEntityOfPage\":{\"@id\":\"https:\/\/all-car-news.com\/de\/volkswagen-id-buzz-bereits-ausverkauft\/\"},\"wordCount\":234,\"commentCount\":0,\"publisher\":{\"@id\":\"https:\/\/all-car-news.com\/de\/#organization\"},\"articleSection\":[\"Auto Nachrichten\"],\"inLanguage\":\"de\",\"potentialAction\":[{\"@type\":\"CommentAction\",\"name\":\"Comment\",\"target\":[\"https:\/\/all-car-news.com\/de\/volkswagen-id-buzz-bereits-ausverkauft\/#respond\"]}]},{\"@type\":\"WebPage\",\"@id\":\"https:\/\/all-car-news.com\/de\/volkswagen-id-buzz-bereits-ausverkauft\/\",\"url\":\"https:\/\/all-car-news.com\/de\/volkswagen-id-buzz-bereits-ausverkauft\/\",\"name\":\"Volkswagen ID. Buzz bereits ausverkauft - All cars news\",\"isPartOf\":{\"@id\":\"https:\/\/all-car-news.com\/de\/#website\"},\"datePublished\":\"2022-08-22T10:35:19+00:00\",\"dateModified\":\"2022-08-22T10:35:19+00:00\",\"breadcrumb\":{\"@id\":\"https:\/\/all-car-news.com\/de\/volkswagen-id-buzz-bereits-ausverkauft\/#breadcrumb\"},\"inLanguage\":\"de\",\"potentialAction\":[{\"@type\":\"ReadAction\",\"target\":[\"https:\/\/all-car-news.com\/de\/volkswagen-id-buzz-bereits-ausverkauft\/\"]}]},{\"@type\":\"BreadcrumbList\",\"@id\":\"https:\/\/all-car-news.com\/de\/volkswagen-id-buzz-bereits-ausverkauft\/#breadcrumb\",\"itemListElement\":[{\"@type\":\"ListItem\",\"position\":1,\"name\":\"Home\",\"item\":\"https:\/\/all-car-news.com\/de\/\"},{\"@type\":\"ListItem\",\"position\":2,\"name\":\"Volkswagen ID. Buzz bereits ausverkauft\"}]},{\"@type\":\"WebSite\",\"@id\":\"https:\/\/all-car-news.com\/de\/#website\",\"url\":\"https:\/\/all-car-news.com\/de\/\",\"name\":\"All cars news\",\"description\":\"\",\"publisher\":{\"@id\":\"https:\/\/all-car-news.com\/de\/#organization\"},\"potentialAction\":[{\"@type\":\"SearchAction\",\"target\":{\"@type\":\"EntryPoint\",\"urlTemplate\":\"https:\/\/all-car-news.com\/de\/?s={search_term_string}\"},\"query-input\":\"required name=search_term_string\"}],\"inLanguage\":\"de\"},{\"@type\":\"Organization\",\"@id\":\"https:\/\/all-car-news.com\/de\/#organization\",\"name\":\"All cars news\",\"url\":\"https:\/\/all-car-news.com\/de\/\",\"logo\":{\"@type\":\"ImageObject\",\"inLanguage\":\"de\",\"@id\":\"https:\/\/all-car-news.com\/de\/#\/schema\/logo\/image\/\",\"url\":\"https:\/\/all-car-news.com\/wp-content\/uploads\/2022\/02\/CMYK-AllCarNews_LANDSCAPE_300px-1.png\",\"contentUrl\":\"https:\/\/all-car-news.com\/wp-content\/uploads\/2022\/02\/CMYK-AllCarNews_LANDSCAPE_300px-1.png\",\"width\":300,\"height\":100,\"caption\":\"All cars news\"},\"image\":{\"@id\":\"https:\/\/all-car-news.com\/de\/#\/schema\/logo\/image\/\"}}]}<\/script>\n<!-- \/ Yoast SEO plugin. -->","yoast_head_json":{"title":"Volkswagen ID. Buzz bereits ausverkauft - All cars news","robots":{"index":"index","follow":"follow","max-snippet":"max-snippet:-1","max-image-preview":"max-image-preview:large","max-video-preview":"max-video-preview:-1"},"canonical":"https:\/\/all-car-news.com\/de\/volkswagen-id-buzz-bereits-ausverkauft\/","og_locale":"de_DE","og_type":"article","og_title":"Volkswagen ID. Buzz bereits ausverkauft - All cars news","og_description":"Volkswagen ID. Buzz popul\u00e4r Im Mai startete Volkswagen die Produktion des ID in Hannover. Buzz. Die ersten Ger\u00e4te werden voraussichtlich im Oktober in den Niederlanden eintreffen. Die Begeisterung f\u00fcr den neuen deutschen MPV scheint gro\u00df zu sein. Nach Angaben der Automobilwoche ist er f\u00fcr dieses Jahr bereits ausverkauft. Berichten zufolge hat die Marke bereits 10.000 [...].","og_url":"https:\/\/all-car-news.com\/de\/volkswagen-id-buzz-bereits-ausverkauft\/","og_site_name":"All cars news","article_published_time":"2022-08-22T10:35:19+00:00","og_image":[{"url":"https:\/\/autorai.nl\/wp-content\/uploads\/2022\/08\/id-buzz-1536x864-1-1140x641.jpg"}],"twitter_card":"summary_large_image","twitter_misc":{"Gesch\u00e4tzte Lesezeit":"1\u00a0Minute"},"schema":{"@context":"https:\/\/schema.org","@graph":[{"@type":"Article","@id":"https:\/\/all-car-news.com\/de\/volkswagen-id-buzz-bereits-ausverkauft\/#article","isPartOf":{"@id":"https:\/\/all-car-news.com\/de\/volkswagen-id-buzz-bereits-ausverkauft\/"},"author":{"name":"","@id":""},"headline":"Volkswagen ID. Buzz bereits ausverkauft","datePublished":"2022-08-22T10:35:19+00:00","dateModified":"2022-08-22T10:35:19+00:00","mainEntityOfPage":{"@id":"https:\/\/all-car-news.com\/de\/volkswagen-id-buzz-bereits-ausverkauft\/"},"wordCount":234,"commentCount":0,"publisher":{"@id":"https:\/\/all-car-news.com\/de\/#organization"},"articleSection":["Auto Nachrichten"],"inLanguage":"de","potentialAction":[{"@type":"CommentAction","name":"Comment","target":["https:\/\/all-car-news.com\/de\/volkswagen-id-buzz-bereits-ausverkauft\/#respond"]}]},{"@type":"WebPage","@id":"https:\/\/all-car-news.com\/de\/volkswagen-id-buzz-bereits-ausverkauft\/","url":"https:\/\/all-car-news.com\/de\/volkswagen-id-buzz-bereits-ausverkauft\/","name":"Volkswagen ID. Buzz bereits ausverkauft - All cars news","isPartOf":{"@id":"https:\/\/all-car-news.com\/de\/#website"},"datePublished":"2022-08-22T10:35:19+00:00","dateModified":"2022-08-22T10:35:19+00:00","breadcrumb":{"@id":"https:\/\/all-car-news.com\/de\/volkswagen-id-buzz-bereits-ausverkauft\/#breadcrumb"},"inLanguage":"de","potentialAction":[{"@type":"ReadAction","target":["https:\/\/all-car-news.com\/de\/volkswagen-id-buzz-bereits-ausverkauft\/"]}]},{"@type":"BreadcrumbList","@id":"https:\/\/all-car-news.com\/de\/volkswagen-id-buzz-bereits-ausverkauft\/#breadcrumb","itemListElement":[{"@type":"ListItem","position":1,"name":"Home","item":"https:\/\/all-car-news.com\/de\/"},{"@type":"ListItem","position":2,"name":"Volkswagen ID. Buzz bereits ausverkauft"}]},{"@type":"WebSite","@id":"https:\/\/all-car-news.com\/de\/#website","url":"https:\/\/all-car-news.com\/de\/","name":"All cars news","description":"","publisher":{"@id":"https:\/\/all-car-news.com\/de\/#organization"},"potentialAction":[{"@type":"SearchAction","target":{"@type":"EntryPoint","urlTemplate":"https:\/\/all-car-news.com\/de\/?s={search_term_string}"},"query-input":"required name=search_term_string"}],"inLanguage":"de"},{"@type":"Organization","@id":"https:\/\/all-car-news.com\/de\/#organization","name":"All cars news","url":"https:\/\/all-car-news.com\/de\/","logo":{"@type":"ImageObject","inLanguage":"de","@id":"https:\/\/all-car-news.com\/de\/#\/schema\/logo\/image\/","url":"https:\/\/all-car-news.com\/wp-content\/uploads\/2022\/02\/CMYK-AllCarNews_LANDSCAPE_300px-1.png","contentUrl":"https:\/\/all-car-news.com\/wp-content\/uploads\/2022\/02\/CMYK-AllCarNews_LANDSCAPE_300px-1.png","width":300,"height":100,"caption":"All cars news"},"image":{"@id":"https:\/\/all-car-news.com\/de\/#\/schema\/logo\/image\/"}}]}},"_links":{"self":[{"href":"https:\/\/all-car-news.com\/de\/wp-json\/wp\/v2\/posts\/122071","targetHints":{"allow":["GET"]}}],"collection":[{"href":"https:\/\/all-car-news.com\/de\/wp-json\/wp\/v2\/posts"}],"about":[{"href":"https:\/\/all-car-news.com\/de\/wp-json\/wp\/v2\/types\/post"}],"replies":[{"embeddable":true,"href":"https:\/\/all-car-news.com\/de\/wp-json\/wp\/v2\/comments?post=122071"}],"version-history":[{"count":0,"href":"https:\/\/all-car-news.com\/de\/wp-json\/wp\/v2\/posts\/122071\/revisions"}],"wp:featuredmedia":[{"embeddable":true,"href":"https:\/\/all-car-news.com\/de\/wp-json\/wp\/v2\/media\/122059"}],"wp:attachment":[{"href":"https:\/\/all-car-news.com\/de\/wp-json\/wp\/v2\/media?parent=122071"}],"wp:term":[{"taxonomy":"category","embeddable":true,"href":"https:\/\/all-car-news.com\/de\/wp-json\/wp\/v2\/categories?post=122071"},{"taxonomy":"post_tag","embeddable":true,"href":"https:\/\/all-car-news.com\/de\/wp-json\/wp\/v2\/tags?post=122071"}],"curies":[{"name":"wp","href":"https:\/\/api.w.org\/{rel}","templated":true}]}}