{"id":121234,"date":"2022-07-29T11:17:37","date_gmt":"2022-07-29T11:17:37","guid":{"rendered":"https:\/\/all-car-news.com\/der-elektrische-rolls-royce-spectre-zeigt-sein-gesicht\/"},"modified":"2022-07-29T11:17:37","modified_gmt":"2022-07-29T11:17:37","slug":"der-elektrische-rolls-royce-spectre-zeigt-sein-gesicht","status":"publish","type":"post","link":"https:\/\/all-car-news.com\/de\/der-elektrische-rolls-royce-spectre-zeigt-sein-gesicht\/","title":{"rendered":"Der elektrische Rolls-Royce Spectre zeigt sein Gesicht"},"content":{"rendered":"<h2>Rolls-Royce Spectre<\/h2>\n<p>Der Spectre durchl\u00e4uft derzeit das h\u00e4rteste Testprogramm in der Geschichte der Marke, so Rolls-Royce. Der elektrische Rolls-Royce wird \u00fcber 2,5 Millionen Kilometer getestet, was einer Simulation von 400 Jahren Praxiseinsatz entspricht. Ein gro\u00dfer Teil dieser Kilometer wird in S\u00fcdfrankreich gefahren. Nicht in der Gegend von Montpellier oder Marseille, sondern an der C\u00f4te d&#8217;Azur. Die C\u00f4te d&#8217;Azur ist die Region, in der Rolls-Royce-Kunden oft ihren zweiten, dritten oder vierten Wohnsitz haben, daher ist es wichtig, dass sich der EV auch dort wohlf\u00fchlt. Insgesamt wird das Auto 625.000 Testkilometer in S\u00fcdfrankreich zur\u00fccklegen.<\/p>\n<figure class=\"wp-block-image size-content\"><img decoding=\"async\" loading=\"lazy\" width=\"1140\" height=\"761\" src=\"https:\/\/autorai.nl\/wp-content\/uploads\/2022\/07\/Rolls-Royce-Spectre-4-1140x761.jpg\" alt=\"\" class=\"wp-image-126708\"><\/figure>\n<h2>Karosserieteile  <\/h2>\n<p>Die Details des Antriebsstrangs sind noch geheim, aber Rolls-Royce gibt mehr Informationen \u00fcber das Design des Fahrzeugs preis. Der Spectre wird zum Beispiel die gr\u00f6\u00dften Karosserieteile in der Geschichte von Rolls-Royce haben. Jede Seitenwand, die von vor der A-S\u00e4ule bis hinter die R\u00fcckleuchten reicht, ist fast vier Meter lang und besteht aus einem St\u00fcck. Die stilfreien T\u00fcren haben eine L\u00e4nge von fast 1,5 Metern und sind die l\u00e4ngsten in der Geschichte von Rolls-Royce.<\/p>\n<figure class=\"wp-block-image size-content\"><img decoding=\"async\" loading=\"lazy\" width=\"1140\" height=\"760\" src=\"https:\/\/autorai.nl\/wp-content\/uploads\/2022\/07\/Rolls-Royce-Spectre-1-1140x760.jpg\" alt=\"\" class=\"wp-image-126705\"><\/figure>\n<h2>Glatte Walzen<\/h2>\n<p>So h\u00e4lt sich die Marke sehr bedeckt, was die Spezifikationen des <a href=\"https:\/\/nl.wikipedia.org\/wiki\/Rolls-Royce\" target=\"_blank\" rel=\"noreferrer noopener\">Rolls-Royce<\/a> EV angeht. Es ist bekannt, dass der Spectre auf der gleichen Vollaluminium-Plattform wie der Phantom, Ghost und Cullinan basiert, aber dank des Batteriepakets ist die Basis des Fahrzeugs wesentlich steifer. Sein Luftwiderstandskoeffizient (cW) betr\u00e4gt 0,25, was den Spectre zum stromlinienf\u00f6rmigsten Rolls-Royce aller Zeiten macht. Zu Leistung und Reichweite liegen noch keine Angaben vor.<\/p>\n<figure class=\"wp-block-image size-content\"><img decoding=\"async\" loading=\"lazy\" width=\"1140\" height=\"761\" src=\"https:\/\/autorai.nl\/wp-content\/uploads\/2022\/07\/Rolls-Royce-Spectre-5-1140x761.jpg\" alt=\"\" class=\"wp-image-126709\"><\/figure>\n","protected":false},"excerpt":{"rendered":"Rolls-Royce Spectre Der Spectre durchl\u00e4uft derzeit das h\u00e4rteste Testprogramm in der Geschichte der Marke, so Rolls-Royce. Der elektrische Rolls-Royce wird&hellip;","protected":false},"author":0,"featured_media":121209,"comment_status":"open","ping_status":"open","sticky":false,"template":"","format":"standard","meta":{"footnotes":""},"categories":[125],"tags":[],"class_list":["post-121234","post","type-post","status-publish","format-standard","has-post-thumbnail","hentry","category-auto-nachrichten"],"acf":[],"yoast_head":"<!-- This site is optimized with the Yoast SEO plugin v21.2 - https:\/\/yoast.com\/wordpress\/plugins\/seo\/ -->\n<title>Der elektrische Rolls-Royce Spectre zeigt sein Gesicht - All cars news<\/title>\n<meta name=\"robots\" content=\"index, follow, max-snippet:-1, max-image-preview:large, max-video-preview:-1\" \/>\n<link rel=\"canonical\" href=\"https:\/\/all-car-news.com\/de\/der-elektrische-rolls-royce-spectre-zeigt-sein-gesicht\/\" \/>\n<meta property=\"og:locale\" content=\"de_DE\" \/>\n<meta property=\"og:type\" content=\"article\" \/>\n<meta property=\"og:title\" content=\"Der elektrische Rolls-Royce Spectre zeigt sein Gesicht - All cars news\" \/>\n<meta property=\"og:description\" content=\"Rolls-Royce Spectre Der Spectre durchl\u00e4uft derzeit das h\u00e4rteste Testprogramm in der Geschichte der Marke, so Rolls-Royce. Der elektrische Rolls-Royce wird \u00fcber 2,5 Millionen Kilometer getestet, was einer Simulation von 400 Jahren Praxiseinsatz entspricht. Ein gro\u00dfer Teil dieser Kilometer wird in S\u00fcdfrankreich gefahren. Nicht in der Gegend von Montpellier oder Marseille, sondern in den franz\u00f6sischen [...].\" \/>\n<meta property=\"og:url\" content=\"https:\/\/all-car-news.com\/de\/der-elektrische-rolls-royce-spectre-zeigt-sein-gesicht\/\" \/>\n<meta property=\"og:site_name\" content=\"All cars news\" \/>\n<meta property=\"article:published_time\" content=\"2022-07-29T11:17:37+00:00\" \/>\n<meta property=\"og:image\" content=\"https:\/\/autorai.nl\/wp-content\/uploads\/2022\/07\/Rolls-Royce-Spectre-4-1140x761.jpg\" \/>\n<meta name=\"twitter:card\" content=\"summary_large_image\" \/>\n<meta name=\"twitter:label1\" content=\"Gesch\u00e4tzte Lesezeit\" \/>\n\t<meta name=\"twitter:data1\" content=\"1\u00a0Minute\" \/>\n<script type=\"application\/ld+json\" class=\"yoast-schema-graph\">{\"@context\":\"https:\/\/schema.org\",\"@graph\":[{\"@type\":\"Article\",\"@id\":\"https:\/\/all-car-news.com\/de\/der-elektrische-rolls-royce-spectre-zeigt-sein-gesicht\/#article\",\"isPartOf\":{\"@id\":\"https:\/\/all-car-news.com\/de\/der-elektrische-rolls-royce-spectre-zeigt-sein-gesicht\/\"},\"author\":{\"name\":\"\",\"@id\":\"\"},\"headline\":\"Der elektrische Rolls-Royce Spectre zeigt sein Gesicht\",\"datePublished\":\"2022-07-29T11:17:37+00:00\",\"dateModified\":\"2022-07-29T11:17:37+00:00\",\"mainEntityOfPage\":{\"@id\":\"https:\/\/all-car-news.com\/de\/der-elektrische-rolls-royce-spectre-zeigt-sein-gesicht\/\"},\"wordCount\":254,\"commentCount\":0,\"publisher\":{\"@id\":\"https:\/\/all-car-news.com\/de\/#organization\"},\"articleSection\":[\"Auto Nachrichten\"],\"inLanguage\":\"de\",\"potentialAction\":[{\"@type\":\"CommentAction\",\"name\":\"Comment\",\"target\":[\"https:\/\/all-car-news.com\/de\/der-elektrische-rolls-royce-spectre-zeigt-sein-gesicht\/#respond\"]}]},{\"@type\":\"WebPage\",\"@id\":\"https:\/\/all-car-news.com\/de\/der-elektrische-rolls-royce-spectre-zeigt-sein-gesicht\/\",\"url\":\"https:\/\/all-car-news.com\/de\/der-elektrische-rolls-royce-spectre-zeigt-sein-gesicht\/\",\"name\":\"Der elektrische Rolls-Royce Spectre zeigt sein Gesicht - All cars news\",\"isPartOf\":{\"@id\":\"https:\/\/all-car-news.com\/de\/#website\"},\"datePublished\":\"2022-07-29T11:17:37+00:00\",\"dateModified\":\"2022-07-29T11:17:37+00:00\",\"breadcrumb\":{\"@id\":\"https:\/\/all-car-news.com\/de\/der-elektrische-rolls-royce-spectre-zeigt-sein-gesicht\/#breadcrumb\"},\"inLanguage\":\"de\",\"potentialAction\":[{\"@type\":\"ReadAction\",\"target\":[\"https:\/\/all-car-news.com\/de\/der-elektrische-rolls-royce-spectre-zeigt-sein-gesicht\/\"]}]},{\"@type\":\"BreadcrumbList\",\"@id\":\"https:\/\/all-car-news.com\/de\/der-elektrische-rolls-royce-spectre-zeigt-sein-gesicht\/#breadcrumb\",\"itemListElement\":[{\"@type\":\"ListItem\",\"position\":1,\"name\":\"Home\",\"item\":\"https:\/\/all-car-news.com\/de\/\"},{\"@type\":\"ListItem\",\"position\":2,\"name\":\"Der elektrische Rolls-Royce Spectre zeigt sein Gesicht\"}]},{\"@type\":\"WebSite\",\"@id\":\"https:\/\/all-car-news.com\/de\/#website\",\"url\":\"https:\/\/all-car-news.com\/de\/\",\"name\":\"All cars news\",\"description\":\"\",\"publisher\":{\"@id\":\"https:\/\/all-car-news.com\/de\/#organization\"},\"potentialAction\":[{\"@type\":\"SearchAction\",\"target\":{\"@type\":\"EntryPoint\",\"urlTemplate\":\"https:\/\/all-car-news.com\/de\/?s={search_term_string}\"},\"query-input\":\"required name=search_term_string\"}],\"inLanguage\":\"de\"},{\"@type\":\"Organization\",\"@id\":\"https:\/\/all-car-news.com\/de\/#organization\",\"name\":\"All cars news\",\"url\":\"https:\/\/all-car-news.com\/de\/\",\"logo\":{\"@type\":\"ImageObject\",\"inLanguage\":\"de\",\"@id\":\"https:\/\/all-car-news.com\/de\/#\/schema\/logo\/image\/\",\"url\":\"https:\/\/all-car-news.com\/wp-content\/uploads\/2022\/02\/CMYK-AllCarNews_LANDSCAPE_300px-1.png\",\"contentUrl\":\"https:\/\/all-car-news.com\/wp-content\/uploads\/2022\/02\/CMYK-AllCarNews_LANDSCAPE_300px-1.png\",\"width\":300,\"height\":100,\"caption\":\"All cars news\"},\"image\":{\"@id\":\"https:\/\/all-car-news.com\/de\/#\/schema\/logo\/image\/\"}}]}<\/script>\n<!-- \/ Yoast SEO plugin. -->","yoast_head_json":{"title":"Der elektrische Rolls-Royce Spectre zeigt sein Gesicht - All cars news","robots":{"index":"index","follow":"follow","max-snippet":"max-snippet:-1","max-image-preview":"max-image-preview:large","max-video-preview":"max-video-preview:-1"},"canonical":"https:\/\/all-car-news.com\/de\/der-elektrische-rolls-royce-spectre-zeigt-sein-gesicht\/","og_locale":"de_DE","og_type":"article","og_title":"Der elektrische Rolls-Royce Spectre zeigt sein Gesicht - All cars news","og_description":"Rolls-Royce Spectre Der Spectre durchl\u00e4uft derzeit das h\u00e4rteste Testprogramm in der Geschichte der Marke, so Rolls-Royce. Der elektrische Rolls-Royce wird \u00fcber 2,5 Millionen Kilometer getestet, was einer Simulation von 400 Jahren Praxiseinsatz entspricht. Ein gro\u00dfer Teil dieser Kilometer wird in S\u00fcdfrankreich gefahren. Nicht in der Gegend von Montpellier oder Marseille, sondern in den franz\u00f6sischen [...].","og_url":"https:\/\/all-car-news.com\/de\/der-elektrische-rolls-royce-spectre-zeigt-sein-gesicht\/","og_site_name":"All cars news","article_published_time":"2022-07-29T11:17:37+00:00","og_image":[{"url":"https:\/\/autorai.nl\/wp-content\/uploads\/2022\/07\/Rolls-Royce-Spectre-4-1140x761.jpg"}],"twitter_card":"summary_large_image","twitter_misc":{"Gesch\u00e4tzte Lesezeit":"1\u00a0Minute"},"schema":{"@context":"https:\/\/schema.org","@graph":[{"@type":"Article","@id":"https:\/\/all-car-news.com\/de\/der-elektrische-rolls-royce-spectre-zeigt-sein-gesicht\/#article","isPartOf":{"@id":"https:\/\/all-car-news.com\/de\/der-elektrische-rolls-royce-spectre-zeigt-sein-gesicht\/"},"author":{"name":"","@id":""},"headline":"Der elektrische Rolls-Royce Spectre zeigt sein Gesicht","datePublished":"2022-07-29T11:17:37+00:00","dateModified":"2022-07-29T11:17:37+00:00","mainEntityOfPage":{"@id":"https:\/\/all-car-news.com\/de\/der-elektrische-rolls-royce-spectre-zeigt-sein-gesicht\/"},"wordCount":254,"commentCount":0,"publisher":{"@id":"https:\/\/all-car-news.com\/de\/#organization"},"articleSection":["Auto Nachrichten"],"inLanguage":"de","potentialAction":[{"@type":"CommentAction","name":"Comment","target":["https:\/\/all-car-news.com\/de\/der-elektrische-rolls-royce-spectre-zeigt-sein-gesicht\/#respond"]}]},{"@type":"WebPage","@id":"https:\/\/all-car-news.com\/de\/der-elektrische-rolls-royce-spectre-zeigt-sein-gesicht\/","url":"https:\/\/all-car-news.com\/de\/der-elektrische-rolls-royce-spectre-zeigt-sein-gesicht\/","name":"Der elektrische Rolls-Royce Spectre zeigt sein Gesicht - All cars news","isPartOf":{"@id":"https:\/\/all-car-news.com\/de\/#website"},"datePublished":"2022-07-29T11:17:37+00:00","dateModified":"2022-07-29T11:17:37+00:00","breadcrumb":{"@id":"https:\/\/all-car-news.com\/de\/der-elektrische-rolls-royce-spectre-zeigt-sein-gesicht\/#breadcrumb"},"inLanguage":"de","potentialAction":[{"@type":"ReadAction","target":["https:\/\/all-car-news.com\/de\/der-elektrische-rolls-royce-spectre-zeigt-sein-gesicht\/"]}]},{"@type":"BreadcrumbList","@id":"https:\/\/all-car-news.com\/de\/der-elektrische-rolls-royce-spectre-zeigt-sein-gesicht\/#breadcrumb","itemListElement":[{"@type":"ListItem","position":1,"name":"Home","item":"https:\/\/all-car-news.com\/de\/"},{"@type":"ListItem","position":2,"name":"Der elektrische Rolls-Royce Spectre zeigt sein Gesicht"}]},{"@type":"WebSite","@id":"https:\/\/all-car-news.com\/de\/#website","url":"https:\/\/all-car-news.com\/de\/","name":"All cars news","description":"","publisher":{"@id":"https:\/\/all-car-news.com\/de\/#organization"},"potentialAction":[{"@type":"SearchAction","target":{"@type":"EntryPoint","urlTemplate":"https:\/\/all-car-news.com\/de\/?s={search_term_string}"},"query-input":"required name=search_term_string"}],"inLanguage":"de"},{"@type":"Organization","@id":"https:\/\/all-car-news.com\/de\/#organization","name":"All cars news","url":"https:\/\/all-car-news.com\/de\/","logo":{"@type":"ImageObject","inLanguage":"de","@id":"https:\/\/all-car-news.com\/de\/#\/schema\/logo\/image\/","url":"https:\/\/all-car-news.com\/wp-content\/uploads\/2022\/02\/CMYK-AllCarNews_LANDSCAPE_300px-1.png","contentUrl":"https:\/\/all-car-news.com\/wp-content\/uploads\/2022\/02\/CMYK-AllCarNews_LANDSCAPE_300px-1.png","width":300,"height":100,"caption":"All cars news"},"image":{"@id":"https:\/\/all-car-news.com\/de\/#\/schema\/logo\/image\/"}}]}},"_links":{"self":[{"href":"https:\/\/all-car-news.com\/de\/wp-json\/wp\/v2\/posts\/121234","targetHints":{"allow":["GET"]}}],"collection":[{"href":"https:\/\/all-car-news.com\/de\/wp-json\/wp\/v2\/posts"}],"about":[{"href":"https:\/\/all-car-news.com\/de\/wp-json\/wp\/v2\/types\/post"}],"replies":[{"embeddable":true,"href":"https:\/\/all-car-news.com\/de\/wp-json\/wp\/v2\/comments?post=121234"}],"version-history":[{"count":0,"href":"https:\/\/all-car-news.com\/de\/wp-json\/wp\/v2\/posts\/121234\/revisions"}],"wp:featuredmedia":[{"embeddable":true,"href":"https:\/\/all-car-news.com\/de\/wp-json\/wp\/v2\/media\/121209"}],"wp:attachment":[{"href":"https:\/\/all-car-news.com\/de\/wp-json\/wp\/v2\/media?parent=121234"}],"wp:term":[{"taxonomy":"category","embeddable":true,"href":"https:\/\/all-car-news.com\/de\/wp-json\/wp\/v2\/categories?post=121234"},{"taxonomy":"post_tag","embeddable":true,"href":"https:\/\/all-car-news.com\/de\/wp-json\/wp\/v2\/tags?post=121234"}],"curies":[{"name":"wp","href":"https:\/\/api.w.org\/{rel}","templated":true}]}}