{"id":120371,"date":"2022-06-28T11:30:00","date_gmt":"2022-06-28T11:30:00","guid":{"rendered":"https:\/\/all-car-news.com\/polizeihubschrauber-erwischt-porsche-fahrer-bei-285-km-h\/"},"modified":"2022-06-28T11:30:00","modified_gmt":"2022-06-28T11:30:00","slug":"polizeihubschrauber-erwischt-porsche-fahrer-bei-285-km-h","status":"publish","type":"post","link":"https:\/\/all-car-news.com\/de\/polizeihubschrauber-erwischt-porsche-fahrer-bei-285-km-h\/","title":{"rendered":"Polizeihubschrauber erwischt Porsche-Fahrer bei 285 km\/h"},"content":{"rendered":"<\/p>\n<h2><strong>Bizarre Geschwindigkeit<\/strong><\/h2>\n<p>Der irische Besitzer des Porsche 911 hatte einen sch\u00f6nen leeren Abschnitt der spanischen Autobahn vor sich, als er beschloss, Gas zu geben. Es schien kein Problem zu geben, aber nichts war weiter von der Wahrheit entfernt. Ein Hubschrauber der Guardia Civil war in der Luft und beobachtete den rasenden Fahrer von oben. Die spanische Polizei hat das Filmmaterial ver\u00f6ffentlicht, auf dem zu sehen ist, dass der Porsche-Fahrer das Gaspedal bet\u00e4tigt hat.<\/p>\n<h2><strong>Sechs Monate im Gef\u00e4ngnis<\/strong><\/h2>\n<p>Der Geschwindigkeitsd\u00e4mon wird mit 285 km\/h erwischt. 165 km\/h zu schnell, denn die H\u00f6chstgeschwindigkeit auf spanischen Autobahnen betr\u00e4gt 120 km\/h. Der Ire wurde bald darauf von einem spanischen Polizisten angehalten und sofort auf die Polizeiwache in Madrid gebracht. Dem Mann droht eine saftige Strafe. Er muss nicht nur eine saftige Geldstrafe zahlen, sondern kann sogar zu einer sechsmonatigen Gef\u00e4ngnisstrafe verurteilt werden. Au\u00dferdem wird er voraussichtlich f\u00fcr vier Jahre seinen F\u00fchrerschein in der spanischen Region verlieren. Er wird sich also ein neues Urlaubsziel suchen m\u00fcssen. Deutschland scheint eine logische Wahl zu sein.<\/p>\n<figure class=\"wp-block-embed is-type-video is-provider-youtube wp-block-embed-youtube wp-embed-aspect-16-9 wp-has-aspect-ratio\">\n<div class=\"wp-block-embed__wrapper\">\n<\/div>\n<\/figure>\n","protected":false},"excerpt":{"rendered":"Bizarre Geschwindigkeit Der irische Besitzer des Porsche 911 hatte ein sch\u00f6nes, leeres St\u00fcck spanischer Autobahn vor sich, als er beschloss,&hellip;","protected":false},"author":0,"featured_media":120317,"comment_status":"open","ping_status":"open","sticky":false,"template":"","format":"standard","meta":{"footnotes":""},"categories":[138],"tags":[],"class_list":["post-120371","post","type-post","status-publish","format-standard","has-post-thumbnail","hentry","category-lebensstil-spas"],"acf":[],"yoast_head":"<!-- This site is optimized with the Yoast SEO plugin v21.2 - https:\/\/yoast.com\/wordpress\/plugins\/seo\/ -->\n<title>Polizeihubschrauber erwischt Porsche-Fahrer bei 285 km\/h - All cars news<\/title>\n<meta name=\"robots\" content=\"index, follow, max-snippet:-1, max-image-preview:large, max-video-preview:-1\" \/>\n<link rel=\"canonical\" href=\"https:\/\/all-car-news.com\/de\/polizeihubschrauber-erwischt-porsche-fahrer-bei-285-km-h\/\" \/>\n<meta property=\"og:locale\" content=\"de_DE\" \/>\n<meta property=\"og:type\" content=\"article\" \/>\n<meta property=\"og:title\" content=\"Polizeihubschrauber erwischt Porsche-Fahrer bei 285 km\/h - All cars news\" \/>\n<meta property=\"og:description\" content=\"Bizarre Geschwindigkeit Der irische Besitzer des Porsche 911 hatte ein sch\u00f6nes, leeres St\u00fcck spanischer Autobahn vor sich, als er beschloss, den Fu\u00df auf das Gaspedal zu setzen. Es schien kein Problem zu geben, aber nichts war weiter von der Wahrheit entfernt. Am Himmel war ein Hubschrauber der Guardia Civil zu sehen, der den Raser aufnahm [...].\" \/>\n<meta property=\"og:url\" content=\"https:\/\/all-car-news.com\/de\/polizeihubschrauber-erwischt-porsche-fahrer-bei-285-km-h\/\" \/>\n<meta property=\"og:site_name\" content=\"All cars news\" \/>\n<meta property=\"article:published_time\" content=\"2022-06-28T11:30:00+00:00\" \/>\n<meta property=\"og:image\" content=\"https:\/\/all-car-news.com\/wp-content\/uploads\/2022\/06\/911-achtervolging.jpg\" \/>\n\t<meta property=\"og:image:width\" content=\"1600\" \/>\n\t<meta property=\"og:image:height\" content=\"900\" \/>\n\t<meta property=\"og:image:type\" content=\"image\/jpeg\" \/>\n<meta name=\"twitter:card\" content=\"summary_large_image\" \/>\n<meta name=\"twitter:label1\" content=\"Gesch\u00e4tzte Lesezeit\" \/>\n\t<meta name=\"twitter:data1\" content=\"1\u00a0Minute\" \/>\n<script type=\"application\/ld+json\" class=\"yoast-schema-graph\">{\"@context\":\"https:\/\/schema.org\",\"@graph\":[{\"@type\":\"Article\",\"@id\":\"https:\/\/all-car-news.com\/de\/polizeihubschrauber-erwischt-porsche-fahrer-bei-285-km-h\/#article\",\"isPartOf\":{\"@id\":\"https:\/\/all-car-news.com\/de\/polizeihubschrauber-erwischt-porsche-fahrer-bei-285-km-h\/\"},\"author\":{\"name\":\"\",\"@id\":\"\"},\"headline\":\"Polizeihubschrauber erwischt Porsche-Fahrer bei 285 km\/h\",\"datePublished\":\"2022-06-28T11:30:00+00:00\",\"dateModified\":\"2022-06-28T11:30:00+00:00\",\"mainEntityOfPage\":{\"@id\":\"https:\/\/all-car-news.com\/de\/polizeihubschrauber-erwischt-porsche-fahrer-bei-285-km-h\/\"},\"wordCount\":185,\"commentCount\":0,\"publisher\":{\"@id\":\"https:\/\/all-car-news.com\/de\/#organization\"},\"articleSection\":[\"Lebensstil &amp; Spa\u00df\"],\"inLanguage\":\"de\",\"potentialAction\":[{\"@type\":\"CommentAction\",\"name\":\"Comment\",\"target\":[\"https:\/\/all-car-news.com\/de\/polizeihubschrauber-erwischt-porsche-fahrer-bei-285-km-h\/#respond\"]}]},{\"@type\":\"WebPage\",\"@id\":\"https:\/\/all-car-news.com\/de\/polizeihubschrauber-erwischt-porsche-fahrer-bei-285-km-h\/\",\"url\":\"https:\/\/all-car-news.com\/de\/polizeihubschrauber-erwischt-porsche-fahrer-bei-285-km-h\/\",\"name\":\"Polizeihubschrauber erwischt Porsche-Fahrer bei 285 km\/h - All cars news\",\"isPartOf\":{\"@id\":\"https:\/\/all-car-news.com\/de\/#website\"},\"datePublished\":\"2022-06-28T11:30:00+00:00\",\"dateModified\":\"2022-06-28T11:30:00+00:00\",\"breadcrumb\":{\"@id\":\"https:\/\/all-car-news.com\/de\/polizeihubschrauber-erwischt-porsche-fahrer-bei-285-km-h\/#breadcrumb\"},\"inLanguage\":\"de\",\"potentialAction\":[{\"@type\":\"ReadAction\",\"target\":[\"https:\/\/all-car-news.com\/de\/polizeihubschrauber-erwischt-porsche-fahrer-bei-285-km-h\/\"]}]},{\"@type\":\"BreadcrumbList\",\"@id\":\"https:\/\/all-car-news.com\/de\/polizeihubschrauber-erwischt-porsche-fahrer-bei-285-km-h\/#breadcrumb\",\"itemListElement\":[{\"@type\":\"ListItem\",\"position\":1,\"name\":\"Home\",\"item\":\"https:\/\/all-car-news.com\/de\/\"},{\"@type\":\"ListItem\",\"position\":2,\"name\":\"Polizeihubschrauber erwischt Porsche-Fahrer bei 285 km\/h\"}]},{\"@type\":\"WebSite\",\"@id\":\"https:\/\/all-car-news.com\/de\/#website\",\"url\":\"https:\/\/all-car-news.com\/de\/\",\"name\":\"All cars news\",\"description\":\"\",\"publisher\":{\"@id\":\"https:\/\/all-car-news.com\/de\/#organization\"},\"potentialAction\":[{\"@type\":\"SearchAction\",\"target\":{\"@type\":\"EntryPoint\",\"urlTemplate\":\"https:\/\/all-car-news.com\/de\/?s={search_term_string}\"},\"query-input\":\"required name=search_term_string\"}],\"inLanguage\":\"de\"},{\"@type\":\"Organization\",\"@id\":\"https:\/\/all-car-news.com\/de\/#organization\",\"name\":\"All cars news\",\"url\":\"https:\/\/all-car-news.com\/de\/\",\"logo\":{\"@type\":\"ImageObject\",\"inLanguage\":\"de\",\"@id\":\"https:\/\/all-car-news.com\/de\/#\/schema\/logo\/image\/\",\"url\":\"https:\/\/all-car-news.com\/wp-content\/uploads\/2022\/02\/CMYK-AllCarNews_LANDSCAPE_300px-1.png\",\"contentUrl\":\"https:\/\/all-car-news.com\/wp-content\/uploads\/2022\/02\/CMYK-AllCarNews_LANDSCAPE_300px-1.png\",\"width\":300,\"height\":100,\"caption\":\"All cars news\"},\"image\":{\"@id\":\"https:\/\/all-car-news.com\/de\/#\/schema\/logo\/image\/\"}}]}<\/script>\n<!-- \/ Yoast SEO plugin. -->","yoast_head_json":{"title":"Polizeihubschrauber erwischt Porsche-Fahrer bei 285 km\/h - All cars news","robots":{"index":"index","follow":"follow","max-snippet":"max-snippet:-1","max-image-preview":"max-image-preview:large","max-video-preview":"max-video-preview:-1"},"canonical":"https:\/\/all-car-news.com\/de\/polizeihubschrauber-erwischt-porsche-fahrer-bei-285-km-h\/","og_locale":"de_DE","og_type":"article","og_title":"Polizeihubschrauber erwischt Porsche-Fahrer bei 285 km\/h - All cars news","og_description":"Bizarre Geschwindigkeit Der irische Besitzer des Porsche 911 hatte ein sch\u00f6nes, leeres St\u00fcck spanischer Autobahn vor sich, als er beschloss, den Fu\u00df auf das Gaspedal zu setzen. Es schien kein Problem zu geben, aber nichts war weiter von der Wahrheit entfernt. Am Himmel war ein Hubschrauber der Guardia Civil zu sehen, der den Raser aufnahm [...].","og_url":"https:\/\/all-car-news.com\/de\/polizeihubschrauber-erwischt-porsche-fahrer-bei-285-km-h\/","og_site_name":"All cars news","article_published_time":"2022-06-28T11:30:00+00:00","og_image":[{"width":1600,"height":900,"url":"https:\/\/all-car-news.com\/wp-content\/uploads\/2022\/06\/911-achtervolging.jpg","type":"image\/jpeg"}],"twitter_card":"summary_large_image","twitter_misc":{"Gesch\u00e4tzte Lesezeit":"1\u00a0Minute"},"schema":{"@context":"https:\/\/schema.org","@graph":[{"@type":"Article","@id":"https:\/\/all-car-news.com\/de\/polizeihubschrauber-erwischt-porsche-fahrer-bei-285-km-h\/#article","isPartOf":{"@id":"https:\/\/all-car-news.com\/de\/polizeihubschrauber-erwischt-porsche-fahrer-bei-285-km-h\/"},"author":{"name":"","@id":""},"headline":"Polizeihubschrauber erwischt Porsche-Fahrer bei 285 km\/h","datePublished":"2022-06-28T11:30:00+00:00","dateModified":"2022-06-28T11:30:00+00:00","mainEntityOfPage":{"@id":"https:\/\/all-car-news.com\/de\/polizeihubschrauber-erwischt-porsche-fahrer-bei-285-km-h\/"},"wordCount":185,"commentCount":0,"publisher":{"@id":"https:\/\/all-car-news.com\/de\/#organization"},"articleSection":["Lebensstil &amp; Spa\u00df"],"inLanguage":"de","potentialAction":[{"@type":"CommentAction","name":"Comment","target":["https:\/\/all-car-news.com\/de\/polizeihubschrauber-erwischt-porsche-fahrer-bei-285-km-h\/#respond"]}]},{"@type":"WebPage","@id":"https:\/\/all-car-news.com\/de\/polizeihubschrauber-erwischt-porsche-fahrer-bei-285-km-h\/","url":"https:\/\/all-car-news.com\/de\/polizeihubschrauber-erwischt-porsche-fahrer-bei-285-km-h\/","name":"Polizeihubschrauber erwischt Porsche-Fahrer bei 285 km\/h - All cars news","isPartOf":{"@id":"https:\/\/all-car-news.com\/de\/#website"},"datePublished":"2022-06-28T11:30:00+00:00","dateModified":"2022-06-28T11:30:00+00:00","breadcrumb":{"@id":"https:\/\/all-car-news.com\/de\/polizeihubschrauber-erwischt-porsche-fahrer-bei-285-km-h\/#breadcrumb"},"inLanguage":"de","potentialAction":[{"@type":"ReadAction","target":["https:\/\/all-car-news.com\/de\/polizeihubschrauber-erwischt-porsche-fahrer-bei-285-km-h\/"]}]},{"@type":"BreadcrumbList","@id":"https:\/\/all-car-news.com\/de\/polizeihubschrauber-erwischt-porsche-fahrer-bei-285-km-h\/#breadcrumb","itemListElement":[{"@type":"ListItem","position":1,"name":"Home","item":"https:\/\/all-car-news.com\/de\/"},{"@type":"ListItem","position":2,"name":"Polizeihubschrauber erwischt Porsche-Fahrer bei 285 km\/h"}]},{"@type":"WebSite","@id":"https:\/\/all-car-news.com\/de\/#website","url":"https:\/\/all-car-news.com\/de\/","name":"All cars news","description":"","publisher":{"@id":"https:\/\/all-car-news.com\/de\/#organization"},"potentialAction":[{"@type":"SearchAction","target":{"@type":"EntryPoint","urlTemplate":"https:\/\/all-car-news.com\/de\/?s={search_term_string}"},"query-input":"required name=search_term_string"}],"inLanguage":"de"},{"@type":"Organization","@id":"https:\/\/all-car-news.com\/de\/#organization","name":"All cars news","url":"https:\/\/all-car-news.com\/de\/","logo":{"@type":"ImageObject","inLanguage":"de","@id":"https:\/\/all-car-news.com\/de\/#\/schema\/logo\/image\/","url":"https:\/\/all-car-news.com\/wp-content\/uploads\/2022\/02\/CMYK-AllCarNews_LANDSCAPE_300px-1.png","contentUrl":"https:\/\/all-car-news.com\/wp-content\/uploads\/2022\/02\/CMYK-AllCarNews_LANDSCAPE_300px-1.png","width":300,"height":100,"caption":"All cars news"},"image":{"@id":"https:\/\/all-car-news.com\/de\/#\/schema\/logo\/image\/"}}]}},"_links":{"self":[{"href":"https:\/\/all-car-news.com\/de\/wp-json\/wp\/v2\/posts\/120371","targetHints":{"allow":["GET"]}}],"collection":[{"href":"https:\/\/all-car-news.com\/de\/wp-json\/wp\/v2\/posts"}],"about":[{"href":"https:\/\/all-car-news.com\/de\/wp-json\/wp\/v2\/types\/post"}],"replies":[{"embeddable":true,"href":"https:\/\/all-car-news.com\/de\/wp-json\/wp\/v2\/comments?post=120371"}],"version-history":[{"count":0,"href":"https:\/\/all-car-news.com\/de\/wp-json\/wp\/v2\/posts\/120371\/revisions"}],"wp:featuredmedia":[{"embeddable":true,"href":"https:\/\/all-car-news.com\/de\/wp-json\/wp\/v2\/media\/120317"}],"wp:attachment":[{"href":"https:\/\/all-car-news.com\/de\/wp-json\/wp\/v2\/media?parent=120371"}],"wp:term":[{"taxonomy":"category","embeddable":true,"href":"https:\/\/all-car-news.com\/de\/wp-json\/wp\/v2\/categories?post=120371"},{"taxonomy":"post_tag","embeddable":true,"href":"https:\/\/all-car-news.com\/de\/wp-json\/wp\/v2\/tags?post=120371"}],"curies":[{"name":"wp","href":"https:\/\/api.w.org\/{rel}","templated":true}]}}