{"id":119293,"date":"2022-04-19T15:41:43","date_gmt":"2022-04-19T15:41:43","guid":{"rendered":"https:\/\/all-car-news.com\/audi-urbansphere-concept-audis-vision-urbaner-mobilitaet\/"},"modified":"2022-04-19T15:41:43","modified_gmt":"2022-04-19T15:41:43","slug":"audi-urbansphere-concept-audis-vision-urbaner-mobilitaet","status":"publish","type":"post","link":"https:\/\/all-car-news.com\/de\/audi-urbansphere-concept-audis-vision-urbaner-mobilitaet\/","title":{"rendered":"Audi urbansphere concept: Audis Vision urbaner Mobilit\u00e4t"},"content":{"rendered":"<h2>Audi-Sph\u00e4re<\/h2>\n<p>Die urbansphere ist damit das dritte Mitglied der Audi sphere-Familie. Audi zeigte zuvor einen Roadster namens \u201eSkysphere\u201c und die Luxuslimousine namens \u201eGrandsphere\u201c. Es sind Modelle, die in die elektrische Zukunft der Marke blicken. <\/p>\n<figure class=\"wp-block-gallery has-nested-images columns-default is-cropped\">\n<figure class=\"wp-block-image size-content\"><img decoding=\"async\" loading=\"lazy\" width=\"1140\" height=\"760\" data-id=\"120203\" src=\"https:\/\/autorai.nl\/wp-content\/uploads\/2022\/04\/A215696_medium-1140x760.jpg\" alt=\"\" class=\"wp-image-120203\"><\/figure>\n<figure class=\"wp-block-image size-large\"><img decoding=\"async\" loading=\"lazy\" width=\"1140\" height=\"760\" data-id=\"120201\" src=\"https:\/\/autorai.nl\/wp-content\/uploads\/2022\/04\/A216254_medium-1140x760.jpg\" alt=\"\" class=\"wp-image-120201\"><\/figure>\n<\/figure>\n<h2>von innen nach au\u00dfen<\/h2>\n<p>Bei der Pr\u00e4sentation des urbansphere erw\u00e4hnt Audi immer wieder, dass das Auto nach dem \u201eInside-out-Prinzip\u201c konstruiert ist. Also fingen sie an, das Innere zu gestalten. Wir haben uns die W\u00fcnsche und Anregungen chinesischer Kunden angeh\u00f6rt. Die Urbansphere konzentriert sich auf die chinesischen Megacities. Die Co-Creation mit Kunden offenbarte einiges, was Menschen in gro\u00dfen, dicht besiedelten St\u00e4dten brauchen: einen Raum, um sich in Ruhe von der Hektik zur\u00fcckzuziehen. <\/p>\n<h2>Schmutzig von einem Auto<\/h2>\n<p>Jetzt denken Sie wahrscheinlich, dass in sogenannten Megast\u00e4dten haupts\u00e4chlich kompakte Stadt-Elektrofahrzeuge gefragt sind, aber laut Audi ist nichts weiter von der Wahrheit entfernt. Audi behauptet, dass die Chinesen ein Auto wollen, das mehr als 5,5 Meter lang, 2 Meter hoch und 1,78 Meter breit ist. Damit verf\u00fcgt der urbansphere \u00fcber einen Radstand von fast 3,5 Metern, wodurch insbesondere die Passagiere in der hinteren Sitzreihe viel Platz haben. Die lenkende Hinterachse soll den Urbansphere m\u00fchelos durch die engen Gassen einer Megacity man\u00f6vrieren lassen.<\/p>\n<figure class=\"wp-block-image size-content\"><img decoding=\"async\" loading=\"lazy\" width=\"1140\" height=\"760\" src=\"https:\/\/autorai.nl\/wp-content\/uploads\/2022\/04\/A221648_large-1140x760.jpg\" alt=\"\" class=\"wp-image-120206\"><\/figure>\n<h2>Ausgestattet mit allem Luxus<\/h2>\n<p>Der Fokus liegt daher haupts\u00e4chlich auf dem Inneren der Stadtwelt. Bevor Sie von den Selbstmordt\u00fcren mit offenen Armen empfangen werden, empf\u00e4ngt Sie zun\u00e4chst der rote Teppich, der auf den Boden projiziert wird, herzlich. Im Inneren sieht man vier Einzelsitze, wobei der Fokus haupts\u00e4chlich auf den hinteren beiden liegt. Sie sind ger\u00e4umig, in verschiedenen Positionen verstellbar und drehen sich f\u00fcr ein Gespr\u00e4ch zueinander oder wenden sich f\u00fcr mehr Privatsph\u00e4re ab. <\/p>\n<p>W\u00e4hrend Sie sich auf der \u201eKinoleinwand\u201c einen Film ansehen, k\u00f6nnen Sie in der Mittelkonsole ein frisches Glas Wasser genie\u00dfen. Der Urbansphere \u00fcberpr\u00fcft anhand von Gesichtsscans und Stimmanalysen Ihren Gem\u00fctszustand und macht darauf aufbauend Vorschl\u00e4ge zum Entspannen. Zum Beispiel durch Meditation oder beruhigende Kl\u00e4nge aus den Kopfst\u00fctzen. Alles ist auf Komfort ausgerichtet, wozu auch die Luftfederung beitr\u00e4gt. <\/p>\n<figure class=\"wp-block-gallery has-nested-images columns-default is-cropped\">\n<figure class=\"wp-block-image size-content\"><img decoding=\"async\" loading=\"lazy\" width=\"1140\" height=\"760\" data-id=\"120212\" src=\"https:\/\/autorai.nl\/wp-content\/uploads\/2022\/04\/1-1-1140x760.jpg\" alt=\"\" class=\"wp-image-120212\"><\/figure>\n<figure class=\"wp-block-image size-large\"><img decoding=\"async\" loading=\"lazy\" width=\"1140\" height=\"760\" data-id=\"120211\" src=\"https:\/\/autorai.nl\/wp-content\/uploads\/2022\/04\/2-1140x760.jpg\" alt=\"\" class=\"wp-image-120211\"><\/figure>\n<figure class=\"wp-block-image size-large\"><img decoding=\"async\" loading=\"lazy\" width=\"1140\" height=\"760\" data-id=\"120210\" src=\"https:\/\/autorai.nl\/wp-content\/uploads\/2022\/04\/3-1140x760.jpg\" alt=\"\" class=\"wp-image-120210\"><\/figure>\n<\/figure>\n<h2>Das \u00c4u\u00dfere<\/h2>\n<p>Der Innenraum der Urbansphere wird von einem der gr\u00f6\u00dften Exterieurs umh\u00fcllt, das Audi je geschaffen hat. Die MPV-\u00e4hnliche Form ist laut den Designern eine Mischung aus zuk\u00fcnftiger Linienf\u00fchrung und Designelementen, die wir bereits von aktuellen Audi-Modellen kennen. Ein gutes Beispiel daf\u00fcr ist der seitlich geschlossene Singleframe-Grill mit LED-Beleuchtung. Das gro\u00dfe Glasdach soll die eigene \u201eBlase\u201c betonen, die Audi erzeugen will. Es fehlen auch Buslinien, was trotz der Gr\u00f6\u00dfe f\u00fcr ein elegantes Design sorgt.<\/p>\n<figure class=\"wp-block-gallery has-nested-images columns-default is-cropped\">\n<figure class=\"wp-block-image size-large\"><img decoding=\"async\" loading=\"lazy\" width=\"1140\" height=\"760\" data-id=\"120214\" src=\"https:\/\/autorai.nl\/wp-content\/uploads\/2022\/04\/a-1140x760.jpg\" alt=\"\" class=\"wp-image-120214\"><\/figure>\n<figure class=\"wp-block-image size-large\"><img decoding=\"async\" loading=\"lazy\" width=\"1140\" height=\"760\" data-id=\"120213\" src=\"https:\/\/autorai.nl\/wp-content\/uploads\/2022\/04\/b-1140x760.jpg\" alt=\"\" class=\"wp-image-120213\"><\/figure>\n<figure class=\"wp-block-image size-large\"><img decoding=\"async\" loading=\"lazy\" width=\"1140\" height=\"760\" data-id=\"120215\" src=\"https:\/\/autorai.nl\/wp-content\/uploads\/2022\/04\/c-1140x760.jpg\" alt=\"\" class=\"wp-image-120215\"><\/figure>\n<\/figure>\n<h2>Beleuchtung<\/h2>\n<p>Was sofort auff\u00e4llt, sind die Lichter auf der Vorder- und R\u00fcckseite. Audi nennt es \u201eAudi Light Canvas\u201c, \u00fcber das kommuniziert wird. <\/p>\n<figure class=\"wp-block-gallery has-nested-images columns-default is-cropped\">\n<figure class=\"wp-block-image size-content\"><img decoding=\"async\" loading=\"lazy\" width=\"1140\" height=\"760\" data-id=\"120216\" src=\"https:\/\/autorai.nl\/wp-content\/uploads\/2022\/04\/x-1140x760.jpg\" alt=\"\" class=\"wp-image-120216\"><\/figure>\n<figure class=\"wp-block-image size-content\"><img decoding=\"async\" loading=\"lazy\" width=\"1140\" height=\"760\" data-id=\"120217\" src=\"https:\/\/autorai.nl\/wp-content\/uploads\/2022\/04\/y-1140x760.jpg\" alt=\"\" class=\"wp-image-120217\"><\/figure>\n<\/figure>\n<h2>Fahrt<\/h2>\n<p>Sie vergessen fast, dass wir es mit einem Auto zu tun haben, deshalb hier einige Spezifikationen. Das Auto steht auf der PSA-Plattform. Das ist die gleiche Plattform, auf der auch <a href=\"https:\/\/autorai.nl\/audi-a6-avant-e-tron-is-een-knappe-verschijning\/\" target=\"_blank\" rel=\"noreferrer noopener\">der neue A6<\/a> kommt. Der urbansphere verf\u00fcgt an jeder Achse \u00fcber einen Elektromotor, der zusammen eine Leistung von 400 PS und 690 Nm erzeugt, die vom quattro-System auf vier R\u00e4der verteilt werden. Die Elektromotoren werden von einem Batteriepaket mit nicht weniger als 120 kWh angetrieben. <\/p>\n<h2>Hochladen<\/h2>\n<p>Auch der urbansphere verf\u00fcgt \u00fcber 800-Volt-Ladetechnik, die wir vom elektrischen Audi e-tron GT kennen, mit dem 270 kW Laden m\u00f6glich sind. Ein 270-kW-Ladepunkt kann in einer Reichweite von 300 Kilometern innerhalb von zehn Minuten geladen werden. Mit einem voll beladenen urbansphere soll man laut Audi 750 Kilometer weit kommen.<\/p>\n<h2>Konzeptauto<\/h2>\n<p>Der Audi urbansphere ist nat\u00fcrlich ein Konzeptauto, aber Sie k\u00f6nnen zweifellos bestimmte Elemente in Audis von naher Zukunft erwarten. M\u00f6chten Sie das Auto in echt sehen? Das k\u00f6nnen Sie auf der Beijing Auto Show 2022.<\/p>\n<figure class=\"wp-block-image size-content\"><img decoding=\"async\" loading=\"lazy\" width=\"1140\" height=\"760\" src=\"https:\/\/autorai.nl\/wp-content\/uploads\/2022\/04\/z-1140x760.jpg\" alt=\"\" class=\"wp-image-120218\"><\/figure>\n","protected":false},"excerpt":{"rendered":"Audi sphere Die urbansphere ist damit das dritte Mitglied der Audi sphere-Familie. Zuvor zeigte Audi bereits einen Roadster namens \u201eSkysphere\u201c&hellip;","protected":false},"author":0,"featured_media":0,"comment_status":"open","ping_status":"open","sticky":false,"template":"","format":"standard","meta":{"footnotes":""},"categories":[125,113],"tags":[],"class_list":["post-119293","post","type-post","status-publish","format-standard","hentry","category-auto-nachrichten","category-unkategorisiert"],"acf":[],"yoast_head":"<!-- This site is optimized with the Yoast SEO plugin v21.2 - https:\/\/yoast.com\/wordpress\/plugins\/seo\/ -->\n<title>Audi urbansphere concept: Audis Vision urbaner Mobilit\u00e4t - All cars news<\/title>\n<meta name=\"robots\" content=\"index, follow, max-snippet:-1, max-image-preview:large, max-video-preview:-1\" \/>\n<link rel=\"canonical\" href=\"https:\/\/all-car-news.com\/de\/audi-urbansphere-concept-audis-vision-urbaner-mobilitaet\/\" \/>\n<meta property=\"og:locale\" content=\"de_DE\" \/>\n<meta property=\"og:type\" content=\"article\" \/>\n<meta property=\"og:title\" content=\"Audi urbansphere concept: Audis Vision urbaner Mobilit\u00e4t - All cars news\" \/>\n<meta property=\"og:description\" content=\"Audi sphere Die urbansphere ist damit das dritte Mitglied der Audi sphere-Familie. Zuvor zeigte Audi bereits einen Roadster namens \u201eSkysphere\u201c und die Luxuslimousine namens \u201eGrandsphere\u201c. Es sind Modelle, die in die elektrische Zukunft der Marke blicken. Inside-out W\u00e4hrend der Pr\u00e4sentation des urbansphere erw\u00e4hnt Audi immer wieder, dass das Auto f\u00fcr [\u2026]\" \/>\n<meta property=\"og:url\" content=\"https:\/\/all-car-news.com\/de\/audi-urbansphere-concept-audis-vision-urbaner-mobilitaet\/\" \/>\n<meta property=\"og:site_name\" content=\"All cars news\" \/>\n<meta property=\"article:published_time\" content=\"2022-04-19T15:41:43+00:00\" \/>\n<meta property=\"og:image\" content=\"https:\/\/autorai.nl\/wp-content\/uploads\/2022\/04\/A215696_medium-1140x760.jpg\" \/>\n<meta name=\"twitter:card\" content=\"summary_large_image\" \/>\n<meta name=\"twitter:label1\" content=\"Gesch\u00e4tzte Lesezeit\" \/>\n\t<meta name=\"twitter:data1\" content=\"3\u00a0Minuten\" \/>\n<script type=\"application\/ld+json\" class=\"yoast-schema-graph\">{\"@context\":\"https:\/\/schema.org\",\"@graph\":[{\"@type\":\"Article\",\"@id\":\"https:\/\/all-car-news.com\/de\/audi-urbansphere-concept-audis-vision-urbaner-mobilitaet\/#article\",\"isPartOf\":{\"@id\":\"https:\/\/all-car-news.com\/de\/audi-urbansphere-concept-audis-vision-urbaner-mobilitaet\/\"},\"author\":{\"name\":\"\",\"@id\":\"\"},\"headline\":\"Audi urbansphere concept: Audis Vision urbaner Mobilit\u00e4t\",\"datePublished\":\"2022-04-19T15:41:43+00:00\",\"dateModified\":\"2022-04-19T15:41:43+00:00\",\"mainEntityOfPage\":{\"@id\":\"https:\/\/all-car-news.com\/de\/audi-urbansphere-concept-audis-vision-urbaner-mobilitaet\/\"},\"wordCount\":629,\"commentCount\":0,\"publisher\":{\"@id\":\"https:\/\/all-car-news.com\/de\/#organization\"},\"articleSection\":[\"Auto Nachrichten\",\"Unkategorisiert\"],\"inLanguage\":\"de\",\"potentialAction\":[{\"@type\":\"CommentAction\",\"name\":\"Comment\",\"target\":[\"https:\/\/all-car-news.com\/de\/audi-urbansphere-concept-audis-vision-urbaner-mobilitaet\/#respond\"]}]},{\"@type\":\"WebPage\",\"@id\":\"https:\/\/all-car-news.com\/de\/audi-urbansphere-concept-audis-vision-urbaner-mobilitaet\/\",\"url\":\"https:\/\/all-car-news.com\/de\/audi-urbansphere-concept-audis-vision-urbaner-mobilitaet\/\",\"name\":\"Audi urbansphere concept: Audis Vision urbaner Mobilit\u00e4t - All cars news\",\"isPartOf\":{\"@id\":\"https:\/\/all-car-news.com\/de\/#website\"},\"datePublished\":\"2022-04-19T15:41:43+00:00\",\"dateModified\":\"2022-04-19T15:41:43+00:00\",\"breadcrumb\":{\"@id\":\"https:\/\/all-car-news.com\/de\/audi-urbansphere-concept-audis-vision-urbaner-mobilitaet\/#breadcrumb\"},\"inLanguage\":\"de\",\"potentialAction\":[{\"@type\":\"ReadAction\",\"target\":[\"https:\/\/all-car-news.com\/de\/audi-urbansphere-concept-audis-vision-urbaner-mobilitaet\/\"]}]},{\"@type\":\"BreadcrumbList\",\"@id\":\"https:\/\/all-car-news.com\/de\/audi-urbansphere-concept-audis-vision-urbaner-mobilitaet\/#breadcrumb\",\"itemListElement\":[{\"@type\":\"ListItem\",\"position\":1,\"name\":\"Home\",\"item\":\"https:\/\/all-car-news.com\/de\/\"},{\"@type\":\"ListItem\",\"position\":2,\"name\":\"Audi urbansphere concept: Audis Vision urbaner Mobilit\u00e4t\"}]},{\"@type\":\"WebSite\",\"@id\":\"https:\/\/all-car-news.com\/de\/#website\",\"url\":\"https:\/\/all-car-news.com\/de\/\",\"name\":\"All cars news\",\"description\":\"\",\"publisher\":{\"@id\":\"https:\/\/all-car-news.com\/de\/#organization\"},\"potentialAction\":[{\"@type\":\"SearchAction\",\"target\":{\"@type\":\"EntryPoint\",\"urlTemplate\":\"https:\/\/all-car-news.com\/de\/?s={search_term_string}\"},\"query-input\":\"required name=search_term_string\"}],\"inLanguage\":\"de\"},{\"@type\":\"Organization\",\"@id\":\"https:\/\/all-car-news.com\/de\/#organization\",\"name\":\"All cars news\",\"url\":\"https:\/\/all-car-news.com\/de\/\",\"logo\":{\"@type\":\"ImageObject\",\"inLanguage\":\"de\",\"@id\":\"https:\/\/all-car-news.com\/de\/#\/schema\/logo\/image\/\",\"url\":\"https:\/\/all-car-news.com\/wp-content\/uploads\/2022\/02\/CMYK-AllCarNews_LANDSCAPE_300px-1.png\",\"contentUrl\":\"https:\/\/all-car-news.com\/wp-content\/uploads\/2022\/02\/CMYK-AllCarNews_LANDSCAPE_300px-1.png\",\"width\":300,\"height\":100,\"caption\":\"All cars news\"},\"image\":{\"@id\":\"https:\/\/all-car-news.com\/de\/#\/schema\/logo\/image\/\"}}]}<\/script>\n<!-- \/ Yoast SEO plugin. -->","yoast_head_json":{"title":"Audi urbansphere concept: Audis Vision urbaner Mobilit\u00e4t - All cars news","robots":{"index":"index","follow":"follow","max-snippet":"max-snippet:-1","max-image-preview":"max-image-preview:large","max-video-preview":"max-video-preview:-1"},"canonical":"https:\/\/all-car-news.com\/de\/audi-urbansphere-concept-audis-vision-urbaner-mobilitaet\/","og_locale":"de_DE","og_type":"article","og_title":"Audi urbansphere concept: Audis Vision urbaner Mobilit\u00e4t - All cars news","og_description":"Audi sphere Die urbansphere ist damit das dritte Mitglied der Audi sphere-Familie. Zuvor zeigte Audi bereits einen Roadster namens \u201eSkysphere\u201c und die Luxuslimousine namens \u201eGrandsphere\u201c. Es sind Modelle, die in die elektrische Zukunft der Marke blicken. Inside-out W\u00e4hrend der Pr\u00e4sentation des urbansphere erw\u00e4hnt Audi immer wieder, dass das Auto f\u00fcr [\u2026]","og_url":"https:\/\/all-car-news.com\/de\/audi-urbansphere-concept-audis-vision-urbaner-mobilitaet\/","og_site_name":"All cars news","article_published_time":"2022-04-19T15:41:43+00:00","og_image":[{"url":"https:\/\/autorai.nl\/wp-content\/uploads\/2022\/04\/A215696_medium-1140x760.jpg"}],"twitter_card":"summary_large_image","twitter_misc":{"Gesch\u00e4tzte Lesezeit":"3\u00a0Minuten"},"schema":{"@context":"https:\/\/schema.org","@graph":[{"@type":"Article","@id":"https:\/\/all-car-news.com\/de\/audi-urbansphere-concept-audis-vision-urbaner-mobilitaet\/#article","isPartOf":{"@id":"https:\/\/all-car-news.com\/de\/audi-urbansphere-concept-audis-vision-urbaner-mobilitaet\/"},"author":{"name":"","@id":""},"headline":"Audi urbansphere concept: Audis Vision urbaner Mobilit\u00e4t","datePublished":"2022-04-19T15:41:43+00:00","dateModified":"2022-04-19T15:41:43+00:00","mainEntityOfPage":{"@id":"https:\/\/all-car-news.com\/de\/audi-urbansphere-concept-audis-vision-urbaner-mobilitaet\/"},"wordCount":629,"commentCount":0,"publisher":{"@id":"https:\/\/all-car-news.com\/de\/#organization"},"articleSection":["Auto Nachrichten","Unkategorisiert"],"inLanguage":"de","potentialAction":[{"@type":"CommentAction","name":"Comment","target":["https:\/\/all-car-news.com\/de\/audi-urbansphere-concept-audis-vision-urbaner-mobilitaet\/#respond"]}]},{"@type":"WebPage","@id":"https:\/\/all-car-news.com\/de\/audi-urbansphere-concept-audis-vision-urbaner-mobilitaet\/","url":"https:\/\/all-car-news.com\/de\/audi-urbansphere-concept-audis-vision-urbaner-mobilitaet\/","name":"Audi urbansphere concept: Audis Vision urbaner Mobilit\u00e4t - All cars news","isPartOf":{"@id":"https:\/\/all-car-news.com\/de\/#website"},"datePublished":"2022-04-19T15:41:43+00:00","dateModified":"2022-04-19T15:41:43+00:00","breadcrumb":{"@id":"https:\/\/all-car-news.com\/de\/audi-urbansphere-concept-audis-vision-urbaner-mobilitaet\/#breadcrumb"},"inLanguage":"de","potentialAction":[{"@type":"ReadAction","target":["https:\/\/all-car-news.com\/de\/audi-urbansphere-concept-audis-vision-urbaner-mobilitaet\/"]}]},{"@type":"BreadcrumbList","@id":"https:\/\/all-car-news.com\/de\/audi-urbansphere-concept-audis-vision-urbaner-mobilitaet\/#breadcrumb","itemListElement":[{"@type":"ListItem","position":1,"name":"Home","item":"https:\/\/all-car-news.com\/de\/"},{"@type":"ListItem","position":2,"name":"Audi urbansphere concept: Audis Vision urbaner Mobilit\u00e4t"}]},{"@type":"WebSite","@id":"https:\/\/all-car-news.com\/de\/#website","url":"https:\/\/all-car-news.com\/de\/","name":"All cars news","description":"","publisher":{"@id":"https:\/\/all-car-news.com\/de\/#organization"},"potentialAction":[{"@type":"SearchAction","target":{"@type":"EntryPoint","urlTemplate":"https:\/\/all-car-news.com\/de\/?s={search_term_string}"},"query-input":"required name=search_term_string"}],"inLanguage":"de"},{"@type":"Organization","@id":"https:\/\/all-car-news.com\/de\/#organization","name":"All cars news","url":"https:\/\/all-car-news.com\/de\/","logo":{"@type":"ImageObject","inLanguage":"de","@id":"https:\/\/all-car-news.com\/de\/#\/schema\/logo\/image\/","url":"https:\/\/all-car-news.com\/wp-content\/uploads\/2022\/02\/CMYK-AllCarNews_LANDSCAPE_300px-1.png","contentUrl":"https:\/\/all-car-news.com\/wp-content\/uploads\/2022\/02\/CMYK-AllCarNews_LANDSCAPE_300px-1.png","width":300,"height":100,"caption":"All cars news"},"image":{"@id":"https:\/\/all-car-news.com\/de\/#\/schema\/logo\/image\/"}}]}},"_links":{"self":[{"href":"https:\/\/all-car-news.com\/de\/wp-json\/wp\/v2\/posts\/119293","targetHints":{"allow":["GET"]}}],"collection":[{"href":"https:\/\/all-car-news.com\/de\/wp-json\/wp\/v2\/posts"}],"about":[{"href":"https:\/\/all-car-news.com\/de\/wp-json\/wp\/v2\/types\/post"}],"replies":[{"embeddable":true,"href":"https:\/\/all-car-news.com\/de\/wp-json\/wp\/v2\/comments?post=119293"}],"version-history":[{"count":0,"href":"https:\/\/all-car-news.com\/de\/wp-json\/wp\/v2\/posts\/119293\/revisions"}],"wp:attachment":[{"href":"https:\/\/all-car-news.com\/de\/wp-json\/wp\/v2\/media?parent=119293"}],"wp:term":[{"taxonomy":"category","embeddable":true,"href":"https:\/\/all-car-news.com\/de\/wp-json\/wp\/v2\/categories?post=119293"},{"taxonomy":"post_tag","embeddable":true,"href":"https:\/\/all-car-news.com\/de\/wp-json\/wp\/v2\/tags?post=119293"}],"curies":[{"name":"wp","href":"https:\/\/api.w.org\/{rel}","templated":true}]}}