{"id":119054,"date":"2022-03-28T18:57:01","date_gmt":"2022-03-28T18:57:01","guid":{"rendered":"https:\/\/all-car-news.com\/das-ist-das-safety-car-fuer-die-formel-1-saison-2022\/"},"modified":"2022-03-28T18:57:01","modified_gmt":"2022-03-28T18:57:01","slug":"das-ist-das-safety-car-fuer-die-formel-1-saison-2022","status":"publish","type":"post","link":"https:\/\/all-car-news.com\/de\/das-ist-das-safety-car-fuer-die-formel-1-saison-2022\/","title":{"rendered":"Das ist das Safety Car f\u00fcr die Formel-1-Saison 2022"},"content":{"rendered":"<\/p>\n<h2><strong>Wechsel mit Aston Martin<\/strong><\/h2>\n<p>Der 730 PS starke Mercedes-AMG GT Black Series ist nicht das einzige Auto, das 2022 als Safety Car eingesetzt wird. Es wird einen Wechsel zwischen dem britischen <a href=\"https:\/\/autorai.nl\/autozoeker\/aston-martin\/vantage\/\" target=\"_blank\" rel=\"noreferrer noopener\">Aston Martin Vantage<\/a> und dem <a href=\"https:\/\/autorai.nl\/autotest-mercedes-amg-gt-c-roadster-2020-een-multitalent\/\" target=\"_blank\" rel=\"noreferrer noopener\">AMG GT<\/a> geben. Der neue Mercedes-AMG l\u00f6st den Mercedes-AMG GT R ab, der im vergangenen Jahr die Rolle des Safety Cars spielte. Das Medical Car war im vergangenen Jahr ein Mercedes-AMG C63 S.<\/p>\n<figure class=\"wp-block-image size-content\"><img decoding=\"async\" loading=\"lazy\" width=\"1140\" height=\"760\" src=\"https:\/\/autorai.nl\/wp-content\/uploads\/2022\/03\/Saftey-car-formule-1-2022-5-1140x760.jpg\" alt=\"\" class=\"wp-image-118657\"><figcaption> <\/figcaption><\/figure>\n<h2><strong>Bernd Mailander<\/strong><\/h2>\n<p>Safety-Car-Fahrer Bernd Mayl\u00e4nder war fr\u00fcher in der DTM aktiv. Seit dem Jahr 2000 \u00fcbernimmt er die Rolle des Safety-Car-Fahrers. Mayl\u00e4nder ist voll des Lobes f\u00fcr \u201esein\u201c neues Safety-Car: \u201eIch durfte dieses tolle Auto schon oft testen und bin einfach nur verbl\u00fcfft, wie nah es einem reinrassigen Rennwagen kommt.\u201c<\/p>\n<figure class=\"wp-block-image size-content\"><img decoding=\"async\" loading=\"lazy\" width=\"1140\" height=\"760\" src=\"https:\/\/autorai.nl\/wp-content\/uploads\/2022\/03\/Saftey-car-formule-1-2022-1-1140x760.jpg\" alt=\"\" class=\"wp-image-118663\"><figcaption> <\/figcaption><\/figure>\n<h2><strong>Kein Blinklicht mehr?<\/strong><\/h2>\n<p>Das Auff\u00e4lligste am neuen Safety Car ist, dass es auf den sonst \u00fcblichen Lichtbalken auf dem Dach verzichtet. Anstelle des physischen Dachb\u00fcgels, der in der letzten Saison beim AMG GT R zu finden war, sind die Blinklichter jetzt in die Oberseite der Windschutzscheibe und den Heckspoiler integriert. Das st\u00e4rkt die Balance des Autos und wirkt sich positiv auf die Aerodynamik aus.<\/p>\n<p>Im oberen Hauptblatt des Heckspoilers befinden sich dreizehn gelbe Lampen und in der Mitte sieben Taschenlampen, die bei Bedarf blinken k\u00f6nnen. Zus\u00e4tzlich gibt es vier gr\u00fcne LED-Lichtmodule. Es gibt auch zwei kleine Kameras, die in der Fl\u00fcgelbasis montiert sind. Eine Kamera dient als elektronischer R\u00fcckspiegel f\u00fcr den Beifahrer, die andere sendet ein Livebild, das man regelm\u00e4\u00dfig bei einer Safety-Car-Situation im Fernsehen sieht. <\/p>\n<figure class=\"wp-block-image size-content\"><img decoding=\"async\" loading=\"lazy\" width=\"1140\" height=\"760\" src=\"https:\/\/autorai.nl\/wp-content\/uploads\/2022\/03\/Saftey-car-formule-1-2022-9-1140x760.jpg\" alt=\"\" class=\"wp-image-118661\"><figcaption> <\/figcaption><\/figure>\n<h2>\u00dcberrollk\u00e4fig<\/h2>\n<p>Das Interieur des Mercedes-Benz Safety Cars ist im Vergleich zum regul\u00e4ren AMG GT Black Series praktisch unver\u00e4ndert. Das Safety Car verf\u00fcgt au\u00dferdem \u00fcber das optionale AMG Track Package, das einen leichten \u00dcberrollk\u00e4fig aus verschraubten Titanrohren beinhaltet. Der \u00dcberrollk\u00e4fig besteht aus einem Hauptrahmen, einer Gurthalterung, zwei Halterungen hinten und einem Diagonalkreuz hinten. <\/p>\n<p>Einzige Extras sind die von der FIA vorgeschriebenen Sechspunkt-Sicherheitsgurte sowie zwei Tablets in der Mittelkonsole und dem Kombiinstrument vor dem Beifahrersitz. So kann Co-Pilot Richard Darker unter anderem das Formel-1-Feld im Auge behalten.<\/p>\n<figure class=\"wp-block-image size-content\"><img decoding=\"async\" loading=\"lazy\" width=\"1140\" height=\"760\" src=\"https:\/\/autorai.nl\/wp-content\/uploads\/2022\/03\/Saftey-car-formule-1-2022-2-1140x760.jpg\" alt=\"\" class=\"wp-image-118664\"><\/figure>\n<p>Alle offiziellen Mercedes-AMG Formel 1 Safety Cars auf einen Blick:<\/p>\n<figure class=\"wp-block-table\">\n<table>\n<tbody>\n<tr>\n<td><strong>1996<\/strong><\/td>\n<td><strong>C 36 AMG (W 202)<\/strong><\/td>\n<\/tr>\n<tr>\n<td>1997-1999<\/td>\n<td>CLK 55 AMG (C208)<\/td>\n<\/tr>\n<tr>\n<td>2000<\/td>\n<td>CL 55 AMG (C 215)<\/td>\n<\/tr>\n<tr>\n<td>2001-2002<\/td>\n<td>SL 55 AMG (R230)<\/td>\n<\/tr>\n<tr>\n<td>2003<\/td>\n<td>CLK 55 AMG (C 209)<\/td>\n<\/tr>\n<tr>\n<td>2004-2005<\/td>\n<td>SLK 55 AMG (R171)<\/td>\n<\/tr>\n<tr>\n<td>2006\u20132007<\/td>\n<td>CLK 63 AMG Black Series (C 209)<\/td>\n<\/tr>\n<tr>\n<td>2008-2009<\/td>\n<td>SL 63 AMG (R230)<\/td>\n<\/tr>\n<tr>\n<td>2010-2012<\/td>\n<td>SLS-AMG (C197)<\/td>\n<\/tr>\n<tr>\n<td>2012 (Deutschland GP)-2014<\/td>\n<td>SLS AMG GT (C 197)<\/td>\n<\/tr>\n<tr>\n<td>2015\u20132018<\/td>\n<td>Mercedes-AMG GT S (C190)<\/td>\n<\/tr>\n<tr>\n<td>2019-2021<\/td>\n<td>Mercedes-AMG GT-R (C190)<\/td>\n<\/tr>\n<tr>\n<td>2022<\/td>\n<td>Mercedes-AMG GT Black Series (C190)<\/td>\n<\/tr>\n<\/tbody>\n<\/table>\n<\/figure>\n<p>Lesen Sie auch:<\/p>\n<figure class=\"wp-block-embed is-type-wp-embed is-provider-autorai-nl wp-block-embed-autorai-nl\">\n<div class=\"wp-block-embed__wrapper\">\n<blockquote class=\"wp-embedded-content\" data-secret=\"CGG4bfR1cV\"><p><a href=\"https:\/\/autorai.nl\/formule-1-kalender-2022-officieel-bekend\/\">Formel-1-Kalender 2022 offiziell angek\u00fcndigt<\/a><\/p><\/blockquote>\n<\/div>\n<\/figure>\n","protected":false},"excerpt":{"rendered":"Variante mit Aston Martin Der 730 PS starke Mercedes-AMG GT Black Series ist nicht das einzige Auto, das 2022 als&hellip;","protected":false},"author":0,"featured_media":0,"comment_status":"open","ping_status":"open","sticky":false,"template":"","format":"standard","meta":{"footnotes":""},"categories":[125,113],"tags":[],"class_list":["post-119054","post","type-post","status-publish","format-standard","hentry","category-auto-nachrichten","category-unkategorisiert"],"acf":[],"yoast_head":"<!-- This site is optimized with the Yoast SEO plugin v21.2 - https:\/\/yoast.com\/wordpress\/plugins\/seo\/ -->\n<title>Das ist das Safety Car f\u00fcr die Formel-1-Saison 2022 - All cars news<\/title>\n<meta name=\"robots\" content=\"index, follow, max-snippet:-1, max-image-preview:large, max-video-preview:-1\" \/>\n<link rel=\"canonical\" href=\"https:\/\/all-car-news.com\/de\/das-ist-das-safety-car-fuer-die-formel-1-saison-2022\/\" \/>\n<meta property=\"og:locale\" content=\"de_DE\" \/>\n<meta property=\"og:type\" content=\"article\" \/>\n<meta property=\"og:title\" content=\"Das ist das Safety Car f\u00fcr die Formel-1-Saison 2022 - All cars news\" \/>\n<meta property=\"og:description\" content=\"Variante mit Aston Martin Der 730 PS starke Mercedes-AMG GT Black Series ist nicht das einzige Auto, das 2022 als Safety-Car dienen wird. Er wechselt zwischen dem britischen Aston Martin Vantage und dem AMG GT. Der neue Mercedes-AMG l\u00f6st den Mercedes-AMG GT R ab, der im vergangenen Jahr die Rolle des Sicherheitsbeauftragten [\u2026]\" \/>\n<meta property=\"og:url\" content=\"https:\/\/all-car-news.com\/de\/das-ist-das-safety-car-fuer-die-formel-1-saison-2022\/\" \/>\n<meta property=\"og:site_name\" content=\"All cars news\" \/>\n<meta property=\"article:published_time\" content=\"2022-03-28T18:57:01+00:00\" \/>\n<meta property=\"og:image\" content=\"https:\/\/autorai.nl\/wp-content\/uploads\/2022\/03\/Saftey-car-formule-1-2022-5-1140x760.jpg\" \/>\n<meta name=\"twitter:card\" content=\"summary_large_image\" \/>\n<meta name=\"twitter:label1\" content=\"Gesch\u00e4tzte Lesezeit\" \/>\n\t<meta name=\"twitter:data1\" content=\"2\u00a0Minuten\" \/>\n<script type=\"application\/ld+json\" class=\"yoast-schema-graph\">{\"@context\":\"https:\/\/schema.org\",\"@graph\":[{\"@type\":\"Article\",\"@id\":\"https:\/\/all-car-news.com\/de\/das-ist-das-safety-car-fuer-die-formel-1-saison-2022\/#article\",\"isPartOf\":{\"@id\":\"https:\/\/all-car-news.com\/de\/das-ist-das-safety-car-fuer-die-formel-1-saison-2022\/\"},\"author\":{\"name\":\"\",\"@id\":\"\"},\"headline\":\"Das ist das Safety Car f\u00fcr die Formel-1-Saison 2022\",\"datePublished\":\"2022-03-28T18:57:01+00:00\",\"dateModified\":\"2022-03-28T18:57:01+00:00\",\"mainEntityOfPage\":{\"@id\":\"https:\/\/all-car-news.com\/de\/das-ist-das-safety-car-fuer-die-formel-1-saison-2022\/\"},\"wordCount\":431,\"commentCount\":0,\"publisher\":{\"@id\":\"https:\/\/all-car-news.com\/de\/#organization\"},\"articleSection\":[\"Auto Nachrichten\",\"Unkategorisiert\"],\"inLanguage\":\"de\",\"potentialAction\":[{\"@type\":\"CommentAction\",\"name\":\"Comment\",\"target\":[\"https:\/\/all-car-news.com\/de\/das-ist-das-safety-car-fuer-die-formel-1-saison-2022\/#respond\"]}]},{\"@type\":\"WebPage\",\"@id\":\"https:\/\/all-car-news.com\/de\/das-ist-das-safety-car-fuer-die-formel-1-saison-2022\/\",\"url\":\"https:\/\/all-car-news.com\/de\/das-ist-das-safety-car-fuer-die-formel-1-saison-2022\/\",\"name\":\"Das ist das Safety Car f\u00fcr die Formel-1-Saison 2022 - All cars news\",\"isPartOf\":{\"@id\":\"https:\/\/all-car-news.com\/de\/#website\"},\"datePublished\":\"2022-03-28T18:57:01+00:00\",\"dateModified\":\"2022-03-28T18:57:01+00:00\",\"breadcrumb\":{\"@id\":\"https:\/\/all-car-news.com\/de\/das-ist-das-safety-car-fuer-die-formel-1-saison-2022\/#breadcrumb\"},\"inLanguage\":\"de\",\"potentialAction\":[{\"@type\":\"ReadAction\",\"target\":[\"https:\/\/all-car-news.com\/de\/das-ist-das-safety-car-fuer-die-formel-1-saison-2022\/\"]}]},{\"@type\":\"BreadcrumbList\",\"@id\":\"https:\/\/all-car-news.com\/de\/das-ist-das-safety-car-fuer-die-formel-1-saison-2022\/#breadcrumb\",\"itemListElement\":[{\"@type\":\"ListItem\",\"position\":1,\"name\":\"Home\",\"item\":\"https:\/\/all-car-news.com\/de\/\"},{\"@type\":\"ListItem\",\"position\":2,\"name\":\"Das ist das Safety Car f\u00fcr die Formel-1-Saison 2022\"}]},{\"@type\":\"WebSite\",\"@id\":\"https:\/\/all-car-news.com\/de\/#website\",\"url\":\"https:\/\/all-car-news.com\/de\/\",\"name\":\"All cars news\",\"description\":\"\",\"publisher\":{\"@id\":\"https:\/\/all-car-news.com\/de\/#organization\"},\"potentialAction\":[{\"@type\":\"SearchAction\",\"target\":{\"@type\":\"EntryPoint\",\"urlTemplate\":\"https:\/\/all-car-news.com\/de\/?s={search_term_string}\"},\"query-input\":\"required name=search_term_string\"}],\"inLanguage\":\"de\"},{\"@type\":\"Organization\",\"@id\":\"https:\/\/all-car-news.com\/de\/#organization\",\"name\":\"All cars news\",\"url\":\"https:\/\/all-car-news.com\/de\/\",\"logo\":{\"@type\":\"ImageObject\",\"inLanguage\":\"de\",\"@id\":\"https:\/\/all-car-news.com\/de\/#\/schema\/logo\/image\/\",\"url\":\"https:\/\/all-car-news.com\/wp-content\/uploads\/2022\/02\/CMYK-AllCarNews_LANDSCAPE_300px-1.png\",\"contentUrl\":\"https:\/\/all-car-news.com\/wp-content\/uploads\/2022\/02\/CMYK-AllCarNews_LANDSCAPE_300px-1.png\",\"width\":300,\"height\":100,\"caption\":\"All cars news\"},\"image\":{\"@id\":\"https:\/\/all-car-news.com\/de\/#\/schema\/logo\/image\/\"}}]}<\/script>\n<!-- \/ Yoast SEO plugin. -->","yoast_head_json":{"title":"Das ist das Safety Car f\u00fcr die Formel-1-Saison 2022 - All cars news","robots":{"index":"index","follow":"follow","max-snippet":"max-snippet:-1","max-image-preview":"max-image-preview:large","max-video-preview":"max-video-preview:-1"},"canonical":"https:\/\/all-car-news.com\/de\/das-ist-das-safety-car-fuer-die-formel-1-saison-2022\/","og_locale":"de_DE","og_type":"article","og_title":"Das ist das Safety Car f\u00fcr die Formel-1-Saison 2022 - All cars news","og_description":"Variante mit Aston Martin Der 730 PS starke Mercedes-AMG GT Black Series ist nicht das einzige Auto, das 2022 als Safety-Car dienen wird. Er wechselt zwischen dem britischen Aston Martin Vantage und dem AMG GT. Der neue Mercedes-AMG l\u00f6st den Mercedes-AMG GT R ab, der im vergangenen Jahr die Rolle des Sicherheitsbeauftragten [\u2026]","og_url":"https:\/\/all-car-news.com\/de\/das-ist-das-safety-car-fuer-die-formel-1-saison-2022\/","og_site_name":"All cars news","article_published_time":"2022-03-28T18:57:01+00:00","og_image":[{"url":"https:\/\/autorai.nl\/wp-content\/uploads\/2022\/03\/Saftey-car-formule-1-2022-5-1140x760.jpg"}],"twitter_card":"summary_large_image","twitter_misc":{"Gesch\u00e4tzte Lesezeit":"2\u00a0Minuten"},"schema":{"@context":"https:\/\/schema.org","@graph":[{"@type":"Article","@id":"https:\/\/all-car-news.com\/de\/das-ist-das-safety-car-fuer-die-formel-1-saison-2022\/#article","isPartOf":{"@id":"https:\/\/all-car-news.com\/de\/das-ist-das-safety-car-fuer-die-formel-1-saison-2022\/"},"author":{"name":"","@id":""},"headline":"Das ist das Safety Car f\u00fcr die Formel-1-Saison 2022","datePublished":"2022-03-28T18:57:01+00:00","dateModified":"2022-03-28T18:57:01+00:00","mainEntityOfPage":{"@id":"https:\/\/all-car-news.com\/de\/das-ist-das-safety-car-fuer-die-formel-1-saison-2022\/"},"wordCount":431,"commentCount":0,"publisher":{"@id":"https:\/\/all-car-news.com\/de\/#organization"},"articleSection":["Auto Nachrichten","Unkategorisiert"],"inLanguage":"de","potentialAction":[{"@type":"CommentAction","name":"Comment","target":["https:\/\/all-car-news.com\/de\/das-ist-das-safety-car-fuer-die-formel-1-saison-2022\/#respond"]}]},{"@type":"WebPage","@id":"https:\/\/all-car-news.com\/de\/das-ist-das-safety-car-fuer-die-formel-1-saison-2022\/","url":"https:\/\/all-car-news.com\/de\/das-ist-das-safety-car-fuer-die-formel-1-saison-2022\/","name":"Das ist das Safety Car f\u00fcr die Formel-1-Saison 2022 - All cars news","isPartOf":{"@id":"https:\/\/all-car-news.com\/de\/#website"},"datePublished":"2022-03-28T18:57:01+00:00","dateModified":"2022-03-28T18:57:01+00:00","breadcrumb":{"@id":"https:\/\/all-car-news.com\/de\/das-ist-das-safety-car-fuer-die-formel-1-saison-2022\/#breadcrumb"},"inLanguage":"de","potentialAction":[{"@type":"ReadAction","target":["https:\/\/all-car-news.com\/de\/das-ist-das-safety-car-fuer-die-formel-1-saison-2022\/"]}]},{"@type":"BreadcrumbList","@id":"https:\/\/all-car-news.com\/de\/das-ist-das-safety-car-fuer-die-formel-1-saison-2022\/#breadcrumb","itemListElement":[{"@type":"ListItem","position":1,"name":"Home","item":"https:\/\/all-car-news.com\/de\/"},{"@type":"ListItem","position":2,"name":"Das ist das Safety Car f\u00fcr die Formel-1-Saison 2022"}]},{"@type":"WebSite","@id":"https:\/\/all-car-news.com\/de\/#website","url":"https:\/\/all-car-news.com\/de\/","name":"All cars news","description":"","publisher":{"@id":"https:\/\/all-car-news.com\/de\/#organization"},"potentialAction":[{"@type":"SearchAction","target":{"@type":"EntryPoint","urlTemplate":"https:\/\/all-car-news.com\/de\/?s={search_term_string}"},"query-input":"required name=search_term_string"}],"inLanguage":"de"},{"@type":"Organization","@id":"https:\/\/all-car-news.com\/de\/#organization","name":"All cars news","url":"https:\/\/all-car-news.com\/de\/","logo":{"@type":"ImageObject","inLanguage":"de","@id":"https:\/\/all-car-news.com\/de\/#\/schema\/logo\/image\/","url":"https:\/\/all-car-news.com\/wp-content\/uploads\/2022\/02\/CMYK-AllCarNews_LANDSCAPE_300px-1.png","contentUrl":"https:\/\/all-car-news.com\/wp-content\/uploads\/2022\/02\/CMYK-AllCarNews_LANDSCAPE_300px-1.png","width":300,"height":100,"caption":"All cars news"},"image":{"@id":"https:\/\/all-car-news.com\/de\/#\/schema\/logo\/image\/"}}]}},"_links":{"self":[{"href":"https:\/\/all-car-news.com\/de\/wp-json\/wp\/v2\/posts\/119054","targetHints":{"allow":["GET"]}}],"collection":[{"href":"https:\/\/all-car-news.com\/de\/wp-json\/wp\/v2\/posts"}],"about":[{"href":"https:\/\/all-car-news.com\/de\/wp-json\/wp\/v2\/types\/post"}],"replies":[{"embeddable":true,"href":"https:\/\/all-car-news.com\/de\/wp-json\/wp\/v2\/comments?post=119054"}],"version-history":[{"count":0,"href":"https:\/\/all-car-news.com\/de\/wp-json\/wp\/v2\/posts\/119054\/revisions"}],"wp:attachment":[{"href":"https:\/\/all-car-news.com\/de\/wp-json\/wp\/v2\/media?parent=119054"}],"wp:term":[{"taxonomy":"category","embeddable":true,"href":"https:\/\/all-car-news.com\/de\/wp-json\/wp\/v2\/categories?post=119054"},{"taxonomy":"post_tag","embeddable":true,"href":"https:\/\/all-car-news.com\/de\/wp-json\/wp\/v2\/tags?post=119054"}],"curies":[{"name":"wp","href":"https:\/\/api.w.org\/{rel}","templated":true}]}}