{"id":118945,"date":"2022-03-23T16:21:33","date_gmt":"2022-03-23T16:21:33","guid":{"rendered":"https:\/\/all-car-news.com\/opel-rocks-e-kargo-das-derzeit-beste-firmenauto\/"},"modified":"2022-03-23T16:21:33","modified_gmt":"2022-03-23T16:21:33","slug":"opel-rocks-e-kargo-das-derzeit-beste-firmenauto","status":"publish","type":"post","link":"https:\/\/all-car-news.com\/de\/opel-rocks-e-kargo-das-derzeit-beste-firmenauto\/","title":{"rendered":"Opel Rocks-e KARGO: das derzeit beste Firmenauto"},"content":{"rendered":"<h2>Opel Rocks-e<\/h2>\n<p>Im Fr\u00fchjahr wird Opel den <a href=\"https:\/\/autorai.nl\/opel-rocks-e-in-het-voorjaar-in-nederland-te-koop\/\" target=\"_blank\" rel=\"noreferrer noopener\">Rocks-e<\/a> hierzulande einf\u00fchren: ein kleines elektrisches Stadtauto, mit einer Preisvorstellung von unter 10.000 Euro. Die Deutschen best\u00e4tigen nun, dass die Bestellvariante noch in diesem Jahr auch in die Niederlande kommt, wobei noch nicht klar ist, wann genau und was sie kosten wird.<\/p>\n<figure class=\"wp-block-image size-content\"><img decoding=\"async\" loading=\"lazy\" width=\"1140\" height=\"814\" src=\"https:\/\/autorai.nl\/wp-content\/uploads\/2022\/03\/Opel_518856-1140x814.jpg\" alt=\"\" class=\"wp-image-118465\"><figcaption> <\/figcaption><\/figure>\n<h2>Was meinst du mit Firmenwagen?<\/h2>\n<p>Der Rocks-e ist ein elektrischer Zweisitzer und nur 2,41 Meter lang, 1,39 Meter breit und 1,52 Meter hoch. Wie kann man daraus einen Firmenwagen machen? Ganz einfach: Die Kargo-Variante ist ein Einsitzer. Der Beifahrersitz macht Platz f\u00fcr einen modularen Laderaum und eine Trennwand. Das schafft genug Platz, um Pakete in der Stadt auszuliefern. Hier f\u00fchlt sich dieser kompakte Lieferwagen richtig wohl. Denn er ist nicht nur klein, er hat auch einen sehr kleinen Wendekreis: nur 7,20 Meter. <\/p>\n<figure class=\"wp-block-image size-content\"><img decoding=\"async\" loading=\"lazy\" width=\"1140\" height=\"760\" src=\"https:\/\/autorai.nl\/wp-content\/uploads\/2022\/03\/Opel_518860-1140x760.jpg\" alt=\"\" class=\"wp-image-118469\"><figcaption> <\/figcaption><\/figure>\n<h2>Laderaum<\/h2>\n<p>Der Fahrer hat immer noch so viel Platz wie im regul\u00e4ren Rocks-e und kann durch eine Luke \u00fcber der Ladefl\u00e4che auf seine Ladung zugreifen. Sie k\u00f6nnen auch den Laderaum betreten, indem Sie einfach die Beifahrert\u00fcr \u00f6ffnen. Die Abdeckung \u00fcber dem Laderaum l\u00e4sst sich ebenfalls abnehmen und hinter dem Fahrersitz verstauen, sodass Sie gr\u00f6\u00dfere und h\u00f6here Gegenst\u00e4nde \u2013 bis zu einer L\u00e4nge von 1,20 Meter \u2013 verstauen k\u00f6nnen.&nbsp; transportieren kann. Der Ladeboden ist h\u00f6henverstellbar, so dass mehrere Stellpl\u00e4tze geschaffen werden k\u00f6nnen.<\/p>\n<figure class=\"wp-block-gallery has-nested-images columns-default is-cropped\">\n<figure class=\"wp-block-image size-large\"><img decoding=\"async\" loading=\"lazy\" width=\"1600\" height=\"1067\" data-id=\"118470\" src=\"https:\/\/autorai.nl\/wp-content\/uploads\/2022\/03\/Opel_518861.jpg\" alt=\"\" class=\"wp-image-118470\"><figcaption> <\/figcaption><\/figure>\n<figure class=\"wp-block-image size-large\"><img decoding=\"async\" loading=\"lazy\" width=\"1600\" height=\"1067\" data-id=\"118474\" src=\"https:\/\/autorai.nl\/wp-content\/uploads\/2022\/03\/Opel_518866.jpg\" alt=\"\" class=\"wp-image-118474\"><figcaption> <\/figcaption><\/figure>\n<figure class=\"wp-block-image size-large\"><img decoding=\"async\" loading=\"lazy\" width=\"1600\" height=\"1067\" data-id=\"118472\" src=\"https:\/\/autorai.nl\/wp-content\/uploads\/2022\/03\/Opel_518863.jpg\" alt=\"\" class=\"wp-image-118472\"><figcaption> <\/figcaption><\/figure>\n<\/figure>\n<h2>Kein F\u00fchrerschein erforderlich<\/h2>\n<p>Darunter ist alles beim Alten geblieben. Genau wie im normalen <a href=\"https:\/\/zerauto.nl\/citroen-ami-krijgt-broertje-dit-is-de-opel-rocks-e\/\" target=\"_blank\" rel=\"noreferrer noopener\">Rock-e<\/a> wird der Kargo von einem 8-PS-Elektromotor angetrieben. Seine H\u00f6chstgeschwindigkeit liegt bei 45 km\/h, sodass Sie zum Fahren lediglich einen Mofa-Schein ben\u00f6tigen. So k\u00f6nnen ihn auch 16-j\u00e4hrige Pizzaboten fahren. Das 5,5-kWh-Akkupaket ist in etwa 3,5 Stunden vollst\u00e4ndig aufgeladen, danach k\u00f6nnen Sie 75 Kilometer fahren. Der Rocks-e basiert auf dem <a href=\"https:\/\/youtu.be\/klczJXdW59M\" target=\"_blank\" rel=\"noreferrer noopener\">Citro\u00ebn Ami<\/a> , der noch nicht in die Niederlande kommt.<\/p>\n<p>Lesen Sie auch:<\/p>\n<figure class=\"wp-block-embed is-type-wp-embed is-provider-autorai-nl wp-block-embed-autorai-nl\">\n<div class=\"wp-block-embed__wrapper\">\n<blockquote class=\"wp-embedded-content\" data-secret=\"oI62Go4uZj\"><p><a href=\"https:\/\/autorai.nl\/steenrijke-sjeik-bouwt-bizarre-mega-hummer-van-6-meter-hoog\/\">Reicher Scheich baut skurrilen Mega-Hummer von 6 Metern H\u00f6he<\/a><\/p><\/blockquote>\n<\/div>\n<\/figure>\n","protected":false},"excerpt":{"rendered":"Opel Rocks-e Im Fr\u00fchjahr wird Opel den Rocks-e hierzulande einf\u00fchren: ein kleines elektrisches Stadtauto, mit einer Preisvorstellung von unter 10.000&hellip;","protected":false},"author":0,"featured_media":0,"comment_status":"open","ping_status":"open","sticky":false,"template":"","format":"standard","meta":{"footnotes":""},"categories":[125,113],"tags":[],"class_list":["post-118945","post","type-post","status-publish","format-standard","hentry","category-auto-nachrichten","category-unkategorisiert"],"acf":[],"yoast_head":"<!-- This site is optimized with the Yoast SEO plugin v21.2 - https:\/\/yoast.com\/wordpress\/plugins\/seo\/ -->\n<title>Opel Rocks-e KARGO: das derzeit beste Firmenauto - All cars news<\/title>\n<meta name=\"robots\" content=\"index, follow, max-snippet:-1, max-image-preview:large, max-video-preview:-1\" \/>\n<link rel=\"canonical\" href=\"https:\/\/all-car-news.com\/de\/opel-rocks-e-kargo-das-derzeit-beste-firmenauto\/\" \/>\n<meta property=\"og:locale\" content=\"de_DE\" \/>\n<meta property=\"og:type\" content=\"article\" \/>\n<meta property=\"og:title\" content=\"Opel Rocks-e KARGO: das derzeit beste Firmenauto - All cars news\" \/>\n<meta property=\"og:description\" content=\"Opel Rocks-e Im Fr\u00fchjahr wird Opel den Rocks-e hierzulande einf\u00fchren: ein kleines elektrisches Stadtauto, mit einer Preisvorstellung von unter 10.000 Euro. Die Deutschen best\u00e4tigen nun, dass die Bestellvariante noch in diesem Jahr auch in die Niederlande kommt, wobei noch nicht klar ist, wann genau und was sie kosten wird. Was meinst du mit Firmenwagen? The Rocks-e [\u2026]\" \/>\n<meta property=\"og:url\" content=\"https:\/\/all-car-news.com\/de\/opel-rocks-e-kargo-das-derzeit-beste-firmenauto\/\" \/>\n<meta property=\"og:site_name\" content=\"All cars news\" \/>\n<meta property=\"article:published_time\" content=\"2022-03-23T16:21:33+00:00\" \/>\n<meta property=\"og:image\" content=\"https:\/\/autorai.nl\/wp-content\/uploads\/2022\/03\/Opel_518856-1140x814.jpg\" \/>\n<meta name=\"twitter:card\" content=\"summary_large_image\" \/>\n<meta name=\"twitter:label1\" content=\"Gesch\u00e4tzte Lesezeit\" \/>\n\t<meta name=\"twitter:data1\" content=\"2\u00a0Minuten\" \/>\n<script type=\"application\/ld+json\" class=\"yoast-schema-graph\">{\"@context\":\"https:\/\/schema.org\",\"@graph\":[{\"@type\":\"Article\",\"@id\":\"https:\/\/all-car-news.com\/de\/opel-rocks-e-kargo-das-derzeit-beste-firmenauto\/#article\",\"isPartOf\":{\"@id\":\"https:\/\/all-car-news.com\/de\/opel-rocks-e-kargo-das-derzeit-beste-firmenauto\/\"},\"author\":{\"name\":\"\",\"@id\":\"\"},\"headline\":\"Opel Rocks-e KARGO: das derzeit beste Firmenauto\",\"datePublished\":\"2022-03-23T16:21:33+00:00\",\"dateModified\":\"2022-03-23T16:21:33+00:00\",\"mainEntityOfPage\":{\"@id\":\"https:\/\/all-car-news.com\/de\/opel-rocks-e-kargo-das-derzeit-beste-firmenauto\/\"},\"wordCount\":319,\"commentCount\":0,\"publisher\":{\"@id\":\"https:\/\/all-car-news.com\/de\/#organization\"},\"articleSection\":[\"Auto Nachrichten\",\"Unkategorisiert\"],\"inLanguage\":\"de\",\"potentialAction\":[{\"@type\":\"CommentAction\",\"name\":\"Comment\",\"target\":[\"https:\/\/all-car-news.com\/de\/opel-rocks-e-kargo-das-derzeit-beste-firmenauto\/#respond\"]}]},{\"@type\":\"WebPage\",\"@id\":\"https:\/\/all-car-news.com\/de\/opel-rocks-e-kargo-das-derzeit-beste-firmenauto\/\",\"url\":\"https:\/\/all-car-news.com\/de\/opel-rocks-e-kargo-das-derzeit-beste-firmenauto\/\",\"name\":\"Opel Rocks-e KARGO: das derzeit beste Firmenauto - All cars news\",\"isPartOf\":{\"@id\":\"https:\/\/all-car-news.com\/de\/#website\"},\"datePublished\":\"2022-03-23T16:21:33+00:00\",\"dateModified\":\"2022-03-23T16:21:33+00:00\",\"breadcrumb\":{\"@id\":\"https:\/\/all-car-news.com\/de\/opel-rocks-e-kargo-das-derzeit-beste-firmenauto\/#breadcrumb\"},\"inLanguage\":\"de\",\"potentialAction\":[{\"@type\":\"ReadAction\",\"target\":[\"https:\/\/all-car-news.com\/de\/opel-rocks-e-kargo-das-derzeit-beste-firmenauto\/\"]}]},{\"@type\":\"BreadcrumbList\",\"@id\":\"https:\/\/all-car-news.com\/de\/opel-rocks-e-kargo-das-derzeit-beste-firmenauto\/#breadcrumb\",\"itemListElement\":[{\"@type\":\"ListItem\",\"position\":1,\"name\":\"Home\",\"item\":\"https:\/\/all-car-news.com\/de\/\"},{\"@type\":\"ListItem\",\"position\":2,\"name\":\"Opel Rocks-e KARGO: das derzeit beste Firmenauto\"}]},{\"@type\":\"WebSite\",\"@id\":\"https:\/\/all-car-news.com\/de\/#website\",\"url\":\"https:\/\/all-car-news.com\/de\/\",\"name\":\"All cars news\",\"description\":\"\",\"publisher\":{\"@id\":\"https:\/\/all-car-news.com\/de\/#organization\"},\"potentialAction\":[{\"@type\":\"SearchAction\",\"target\":{\"@type\":\"EntryPoint\",\"urlTemplate\":\"https:\/\/all-car-news.com\/de\/?s={search_term_string}\"},\"query-input\":\"required name=search_term_string\"}],\"inLanguage\":\"de\"},{\"@type\":\"Organization\",\"@id\":\"https:\/\/all-car-news.com\/de\/#organization\",\"name\":\"All cars news\",\"url\":\"https:\/\/all-car-news.com\/de\/\",\"logo\":{\"@type\":\"ImageObject\",\"inLanguage\":\"de\",\"@id\":\"https:\/\/all-car-news.com\/de\/#\/schema\/logo\/image\/\",\"url\":\"https:\/\/all-car-news.com\/wp-content\/uploads\/2022\/02\/CMYK-AllCarNews_LANDSCAPE_300px-1.png\",\"contentUrl\":\"https:\/\/all-car-news.com\/wp-content\/uploads\/2022\/02\/CMYK-AllCarNews_LANDSCAPE_300px-1.png\",\"width\":300,\"height\":100,\"caption\":\"All cars news\"},\"image\":{\"@id\":\"https:\/\/all-car-news.com\/de\/#\/schema\/logo\/image\/\"}}]}<\/script>\n<!-- \/ Yoast SEO plugin. -->","yoast_head_json":{"title":"Opel Rocks-e KARGO: das derzeit beste Firmenauto - All cars news","robots":{"index":"index","follow":"follow","max-snippet":"max-snippet:-1","max-image-preview":"max-image-preview:large","max-video-preview":"max-video-preview:-1"},"canonical":"https:\/\/all-car-news.com\/de\/opel-rocks-e-kargo-das-derzeit-beste-firmenauto\/","og_locale":"de_DE","og_type":"article","og_title":"Opel Rocks-e KARGO: das derzeit beste Firmenauto - All cars news","og_description":"Opel Rocks-e Im Fr\u00fchjahr wird Opel den Rocks-e hierzulande einf\u00fchren: ein kleines elektrisches Stadtauto, mit einer Preisvorstellung von unter 10.000 Euro. Die Deutschen best\u00e4tigen nun, dass die Bestellvariante noch in diesem Jahr auch in die Niederlande kommt, wobei noch nicht klar ist, wann genau und was sie kosten wird. Was meinst du mit Firmenwagen? The Rocks-e [\u2026]","og_url":"https:\/\/all-car-news.com\/de\/opel-rocks-e-kargo-das-derzeit-beste-firmenauto\/","og_site_name":"All cars news","article_published_time":"2022-03-23T16:21:33+00:00","og_image":[{"url":"https:\/\/autorai.nl\/wp-content\/uploads\/2022\/03\/Opel_518856-1140x814.jpg"}],"twitter_card":"summary_large_image","twitter_misc":{"Gesch\u00e4tzte Lesezeit":"2\u00a0Minuten"},"schema":{"@context":"https:\/\/schema.org","@graph":[{"@type":"Article","@id":"https:\/\/all-car-news.com\/de\/opel-rocks-e-kargo-das-derzeit-beste-firmenauto\/#article","isPartOf":{"@id":"https:\/\/all-car-news.com\/de\/opel-rocks-e-kargo-das-derzeit-beste-firmenauto\/"},"author":{"name":"","@id":""},"headline":"Opel Rocks-e KARGO: das derzeit beste Firmenauto","datePublished":"2022-03-23T16:21:33+00:00","dateModified":"2022-03-23T16:21:33+00:00","mainEntityOfPage":{"@id":"https:\/\/all-car-news.com\/de\/opel-rocks-e-kargo-das-derzeit-beste-firmenauto\/"},"wordCount":319,"commentCount":0,"publisher":{"@id":"https:\/\/all-car-news.com\/de\/#organization"},"articleSection":["Auto Nachrichten","Unkategorisiert"],"inLanguage":"de","potentialAction":[{"@type":"CommentAction","name":"Comment","target":["https:\/\/all-car-news.com\/de\/opel-rocks-e-kargo-das-derzeit-beste-firmenauto\/#respond"]}]},{"@type":"WebPage","@id":"https:\/\/all-car-news.com\/de\/opel-rocks-e-kargo-das-derzeit-beste-firmenauto\/","url":"https:\/\/all-car-news.com\/de\/opel-rocks-e-kargo-das-derzeit-beste-firmenauto\/","name":"Opel Rocks-e KARGO: das derzeit beste Firmenauto - All cars news","isPartOf":{"@id":"https:\/\/all-car-news.com\/de\/#website"},"datePublished":"2022-03-23T16:21:33+00:00","dateModified":"2022-03-23T16:21:33+00:00","breadcrumb":{"@id":"https:\/\/all-car-news.com\/de\/opel-rocks-e-kargo-das-derzeit-beste-firmenauto\/#breadcrumb"},"inLanguage":"de","potentialAction":[{"@type":"ReadAction","target":["https:\/\/all-car-news.com\/de\/opel-rocks-e-kargo-das-derzeit-beste-firmenauto\/"]}]},{"@type":"BreadcrumbList","@id":"https:\/\/all-car-news.com\/de\/opel-rocks-e-kargo-das-derzeit-beste-firmenauto\/#breadcrumb","itemListElement":[{"@type":"ListItem","position":1,"name":"Home","item":"https:\/\/all-car-news.com\/de\/"},{"@type":"ListItem","position":2,"name":"Opel Rocks-e KARGO: das derzeit beste Firmenauto"}]},{"@type":"WebSite","@id":"https:\/\/all-car-news.com\/de\/#website","url":"https:\/\/all-car-news.com\/de\/","name":"All cars news","description":"","publisher":{"@id":"https:\/\/all-car-news.com\/de\/#organization"},"potentialAction":[{"@type":"SearchAction","target":{"@type":"EntryPoint","urlTemplate":"https:\/\/all-car-news.com\/de\/?s={search_term_string}"},"query-input":"required name=search_term_string"}],"inLanguage":"de"},{"@type":"Organization","@id":"https:\/\/all-car-news.com\/de\/#organization","name":"All cars news","url":"https:\/\/all-car-news.com\/de\/","logo":{"@type":"ImageObject","inLanguage":"de","@id":"https:\/\/all-car-news.com\/de\/#\/schema\/logo\/image\/","url":"https:\/\/all-car-news.com\/wp-content\/uploads\/2022\/02\/CMYK-AllCarNews_LANDSCAPE_300px-1.png","contentUrl":"https:\/\/all-car-news.com\/wp-content\/uploads\/2022\/02\/CMYK-AllCarNews_LANDSCAPE_300px-1.png","width":300,"height":100,"caption":"All cars news"},"image":{"@id":"https:\/\/all-car-news.com\/de\/#\/schema\/logo\/image\/"}}]}},"_links":{"self":[{"href":"https:\/\/all-car-news.com\/de\/wp-json\/wp\/v2\/posts\/118945","targetHints":{"allow":["GET"]}}],"collection":[{"href":"https:\/\/all-car-news.com\/de\/wp-json\/wp\/v2\/posts"}],"about":[{"href":"https:\/\/all-car-news.com\/de\/wp-json\/wp\/v2\/types\/post"}],"replies":[{"embeddable":true,"href":"https:\/\/all-car-news.com\/de\/wp-json\/wp\/v2\/comments?post=118945"}],"version-history":[{"count":0,"href":"https:\/\/all-car-news.com\/de\/wp-json\/wp\/v2\/posts\/118945\/revisions"}],"wp:attachment":[{"href":"https:\/\/all-car-news.com\/de\/wp-json\/wp\/v2\/media?parent=118945"}],"wp:term":[{"taxonomy":"category","embeddable":true,"href":"https:\/\/all-car-news.com\/de\/wp-json\/wp\/v2\/categories?post=118945"},{"taxonomy":"post_tag","embeddable":true,"href":"https:\/\/all-car-news.com\/de\/wp-json\/wp\/v2\/tags?post=118945"}],"curies":[{"name":"wp","href":"https:\/\/api.w.org\/{rel}","templated":true}]}}