{"id":118497,"date":"2022-03-12T11:00:53","date_gmt":"2022-03-12T11:00:53","guid":{"rendered":"https:\/\/all-car-news.com\/bmw-uebernimmt-haustuner-alpina\/"},"modified":"2022-03-12T11:00:53","modified_gmt":"2022-03-12T11:00:53","slug":"bmw-uebernimmt-haustuner-alpina","status":"publish","type":"post","link":"https:\/\/all-car-news.com\/de\/bmw-uebernimmt-haustuner-alpina\/","title":{"rendered":"BMW \u00fcbernimmt Haustuner Alpina"},"content":{"rendered":"<h2>BMW Alpina<\/h2>\n<p>BMW und Alpina arbeiten seit mehr als einem halben Jahrhundert eng zusammen, doch die M\u00fcnchner Marke hat sich entschieden, Alpina komplett zu \u00fcbernehmen. Alpina wird oft als Haustuner von BMW angesehen, aber das ist eigentlich falsch. So fing es an, aber seit 1983 ist es ein offizieller Autohersteller mit eigenen Fahrgestellnummern. Die Autos sind auch nicht als BMW zugelassen, sondern als <a href=\"https:\/\/autorai.nl\/autotest-bmw-alpina-de-ultieme-daily-driver-autorai-nl\/\" target=\"_blank\" rel=\"noreferrer noopener\">Alpina<\/a> .&nbsp;<\/p>\n<p><em>Der Text wird unter dem Foto fortgesetzt<\/em><\/p>\n<figure class=\"wp-block-image size-large\"><img decoding=\"async\" loading=\"lazy\" width=\"1280\" height=\"960\" src=\"https:\/\/autorai.nl\/wp-content\/uploads\/2021\/07\/Alpina-B8-2021-18-1280x960.jpeg\" alt=\"\" class=\"wp-image-107902\"><\/figure>\n<h2>Buchloe<\/h2>\n<p>Bis 2025 bleibt die Zusammenarbeit bestehen, danach wird sich f\u00fcr Alpina einiges \u00e4ndern. Derzeit werden Alpina-Modelle bereits auf den bestehenden Produktionslinien von BMW montiert. Ein BMW-Modell wird mit einem Alpina-Antriebsstrang und -Chassis auf der BMW-Produktionslinie ausgestattet. Doch sobald das Auto bei BMW vom Band gerollt ist, geht es weiter ins Alpina-Werk in Buchloe, wo unter anderem die kosmetischen Anpassungen vorgenommen werden. Das wird sich nach 2025 \u00e4ndern, wenn BMW die Kontrolle \u00fcbernimmt. Die gesamte Produktion findet dann in den BMW Werken statt. <\/p>\n<p><em>Der Text wird unter dem Foto fortgesetzt<\/em><\/p>\n<figure class=\"wp-block-image size-large\"><img decoding=\"async\" loading=\"lazy\" width=\"1280\" height=\"960\" src=\"https:\/\/autorai.nl\/wp-content\/uploads\/2021\/07\/ALPINA-XB7-Dusseldorp-1-of-12-1280x960.jpg\" alt=\"\" class=\"wp-image-107911\"><\/figure>\n<h2>Zukunft gespeichert<\/h2>\n<p>Die \u00dcbernahme bedeutet, dass es eine Zukunft f\u00fcr eine kleine Marke wie Alpina gibt. Aktuelle Sicherheits- und Abgasnormen erschweren es einer Kleinserienmarke zu \u00fcberleben. Unter dem Dach von BMW kann Alpina weiterhin sportliche Luxusmodelle von BMW produzieren. &nbsp;<\/p>\n<p><em>Der Text wird unter dem Foto fortgesetzt<\/em><\/p>\n<figure class=\"wp-block-image size-large\"><img decoding=\"async\" loading=\"lazy\" width=\"1280\" height=\"960\" src=\"https:\/\/autorai.nl\/wp-content\/uploads\/2021\/07\/Alpina-B3-2021-5-1280x960.jpeg\" alt=\"\" class=\"wp-image-107875\"><\/figure>\n<h2>Aber BMW hat doch schon das M-Label, oder?<\/h2>\n<p>Im Gegensatz zu den M-Modellen sind die Modelle von Alpina zur\u00fcckhaltend. Das macht ma\u00dfgeblich den Charme der Marke aus und macht sie auch f\u00fcr Gesch\u00e4ftsfahrer attraktiv. Mit einem BMW M4 oder Audi RS6 sieht man einem Kunden noch etwas seltsam entgegen. Das ist bei den meisten Alpinas absolut nicht der Fall, dabei stehen sie M-Modellen in Sachen Leistung und Fahrgef\u00fchl in nichts nach. &nbsp;<\/p>\n<p>Lesen Sie auch: <\/p>\n<figure class=\"wp-block-embed is-type-wp-embed is-provider-autorai-nl wp-block-embed-autorai-nl\">\n<div class=\"wp-block-embed__wrapper\">\n<blockquote class=\"wp-embedded-content\" data-secret=\"aJWuhZ6S3W\"><p><a href=\"https:\/\/autorai.nl\/de-10-goedkoopste-tankstations-per-provincie-en-in-heel-nederland\/\">Die 10 g\u00fcnstigsten Tankstellen pro Provinz (und in den Niederlanden)<\/a><\/p><\/blockquote>\n<\/div>\n<\/figure>\n","protected":false},"excerpt":{"rendered":"BMW Alpina BMW und Alpina arbeiten seit mehr als einem halben Jahrhundert eng zusammen, doch die M\u00fcnchner Marke hat sich&hellip;","protected":false},"author":0,"featured_media":118473,"comment_status":"open","ping_status":"open","sticky":false,"template":"","format":"standard","meta":{"footnotes":""},"categories":[125],"tags":[],"class_list":["post-118497","post","type-post","status-publish","format-standard","has-post-thumbnail","hentry","category-auto-nachrichten"],"acf":[],"yoast_head":"<!-- This site is optimized with the Yoast SEO plugin v21.2 - https:\/\/yoast.com\/wordpress\/plugins\/seo\/ -->\n<title>BMW \u00fcbernimmt Haustuner Alpina - All cars news<\/title>\n<meta name=\"robots\" content=\"index, follow, max-snippet:-1, max-image-preview:large, max-video-preview:-1\" \/>\n<link rel=\"canonical\" href=\"https:\/\/all-car-news.com\/de\/bmw-uebernimmt-haustuner-alpina\/\" \/>\n<meta property=\"og:locale\" content=\"de_DE\" \/>\n<meta property=\"og:type\" content=\"article\" \/>\n<meta property=\"og:title\" content=\"BMW \u00fcbernimmt Haustuner Alpina - All cars news\" \/>\n<meta property=\"og:description\" content=\"BMW Alpina BMW und Alpina arbeiten seit mehr als einem halben Jahrhundert eng zusammen, doch die M\u00fcnchner Marke hat sich entschieden, Alpina komplett zu \u00fcbernehmen. Alpina wird oft als Haustuner von BMW angesehen, aber das ist eigentlich falsch. So fing es an, aber seit 1983 ist es ein offizieller Automobilhersteller mit eigener [\u2026]\" \/>\n<meta property=\"og:url\" content=\"https:\/\/all-car-news.com\/de\/bmw-uebernimmt-haustuner-alpina\/\" \/>\n<meta property=\"og:site_name\" content=\"All cars news\" \/>\n<meta property=\"article:published_time\" content=\"2022-03-12T11:00:53+00:00\" \/>\n<meta property=\"og:image\" content=\"https:\/\/all-car-news.com\/wp-content\/uploads\/2022\/03\/ALPINA-B3-Sedan-Touring-Dusseldorp-1-of-6.jpg\" \/>\n\t<meta property=\"og:image:width\" content=\"1600\" \/>\n\t<meta property=\"og:image:height\" content=\"900\" \/>\n\t<meta property=\"og:image:type\" content=\"image\/jpeg\" \/>\n<meta name=\"twitter:card\" content=\"summary_large_image\" \/>\n<meta name=\"twitter:label1\" content=\"Gesch\u00e4tzte Lesezeit\" \/>\n\t<meta name=\"twitter:data1\" content=\"1\u00a0Minute\" \/>\n<script type=\"application\/ld+json\" class=\"yoast-schema-graph\">{\"@context\":\"https:\/\/schema.org\",\"@graph\":[{\"@type\":\"Article\",\"@id\":\"https:\/\/all-car-news.com\/de\/bmw-uebernimmt-haustuner-alpina\/#article\",\"isPartOf\":{\"@id\":\"https:\/\/all-car-news.com\/de\/bmw-uebernimmt-haustuner-alpina\/\"},\"author\":{\"name\":\"\",\"@id\":\"\"},\"headline\":\"BMW \u00fcbernimmt Haustuner Alpina\",\"datePublished\":\"2022-03-12T11:00:53+00:00\",\"dateModified\":\"2022-03-12T11:00:53+00:00\",\"mainEntityOfPage\":{\"@id\":\"https:\/\/all-car-news.com\/de\/bmw-uebernimmt-haustuner-alpina\/\"},\"wordCount\":303,\"commentCount\":0,\"publisher\":{\"@id\":\"https:\/\/all-car-news.com\/de\/#organization\"},\"articleSection\":[\"Auto Nachrichten\"],\"inLanguage\":\"de\",\"potentialAction\":[{\"@type\":\"CommentAction\",\"name\":\"Comment\",\"target\":[\"https:\/\/all-car-news.com\/de\/bmw-uebernimmt-haustuner-alpina\/#respond\"]}]},{\"@type\":\"WebPage\",\"@id\":\"https:\/\/all-car-news.com\/de\/bmw-uebernimmt-haustuner-alpina\/\",\"url\":\"https:\/\/all-car-news.com\/de\/bmw-uebernimmt-haustuner-alpina\/\",\"name\":\"BMW \u00fcbernimmt Haustuner Alpina - All cars news\",\"isPartOf\":{\"@id\":\"https:\/\/all-car-news.com\/de\/#website\"},\"datePublished\":\"2022-03-12T11:00:53+00:00\",\"dateModified\":\"2022-03-12T11:00:53+00:00\",\"breadcrumb\":{\"@id\":\"https:\/\/all-car-news.com\/de\/bmw-uebernimmt-haustuner-alpina\/#breadcrumb\"},\"inLanguage\":\"de\",\"potentialAction\":[{\"@type\":\"ReadAction\",\"target\":[\"https:\/\/all-car-news.com\/de\/bmw-uebernimmt-haustuner-alpina\/\"]}]},{\"@type\":\"BreadcrumbList\",\"@id\":\"https:\/\/all-car-news.com\/de\/bmw-uebernimmt-haustuner-alpina\/#breadcrumb\",\"itemListElement\":[{\"@type\":\"ListItem\",\"position\":1,\"name\":\"Home\",\"item\":\"https:\/\/all-car-news.com\/de\/\"},{\"@type\":\"ListItem\",\"position\":2,\"name\":\"BMW \u00fcbernimmt Haustuner Alpina\"}]},{\"@type\":\"WebSite\",\"@id\":\"https:\/\/all-car-news.com\/de\/#website\",\"url\":\"https:\/\/all-car-news.com\/de\/\",\"name\":\"All cars news\",\"description\":\"\",\"publisher\":{\"@id\":\"https:\/\/all-car-news.com\/de\/#organization\"},\"potentialAction\":[{\"@type\":\"SearchAction\",\"target\":{\"@type\":\"EntryPoint\",\"urlTemplate\":\"https:\/\/all-car-news.com\/de\/?s={search_term_string}\"},\"query-input\":\"required name=search_term_string\"}],\"inLanguage\":\"de\"},{\"@type\":\"Organization\",\"@id\":\"https:\/\/all-car-news.com\/de\/#organization\",\"name\":\"All cars news\",\"url\":\"https:\/\/all-car-news.com\/de\/\",\"logo\":{\"@type\":\"ImageObject\",\"inLanguage\":\"de\",\"@id\":\"https:\/\/all-car-news.com\/de\/#\/schema\/logo\/image\/\",\"url\":\"https:\/\/all-car-news.com\/wp-content\/uploads\/2022\/02\/CMYK-AllCarNews_LANDSCAPE_300px-1.png\",\"contentUrl\":\"https:\/\/all-car-news.com\/wp-content\/uploads\/2022\/02\/CMYK-AllCarNews_LANDSCAPE_300px-1.png\",\"width\":300,\"height\":100,\"caption\":\"All cars news\"},\"image\":{\"@id\":\"https:\/\/all-car-news.com\/de\/#\/schema\/logo\/image\/\"}}]}<\/script>\n<!-- \/ Yoast SEO plugin. -->","yoast_head_json":{"title":"BMW \u00fcbernimmt Haustuner Alpina - All cars news","robots":{"index":"index","follow":"follow","max-snippet":"max-snippet:-1","max-image-preview":"max-image-preview:large","max-video-preview":"max-video-preview:-1"},"canonical":"https:\/\/all-car-news.com\/de\/bmw-uebernimmt-haustuner-alpina\/","og_locale":"de_DE","og_type":"article","og_title":"BMW \u00fcbernimmt Haustuner Alpina - All cars news","og_description":"BMW Alpina BMW und Alpina arbeiten seit mehr als einem halben Jahrhundert eng zusammen, doch die M\u00fcnchner Marke hat sich entschieden, Alpina komplett zu \u00fcbernehmen. Alpina wird oft als Haustuner von BMW angesehen, aber das ist eigentlich falsch. So fing es an, aber seit 1983 ist es ein offizieller Automobilhersteller mit eigener [\u2026]","og_url":"https:\/\/all-car-news.com\/de\/bmw-uebernimmt-haustuner-alpina\/","og_site_name":"All cars news","article_published_time":"2022-03-12T11:00:53+00:00","og_image":[{"width":1600,"height":900,"url":"https:\/\/all-car-news.com\/wp-content\/uploads\/2022\/03\/ALPINA-B3-Sedan-Touring-Dusseldorp-1-of-6.jpg","type":"image\/jpeg"}],"twitter_card":"summary_large_image","twitter_misc":{"Gesch\u00e4tzte Lesezeit":"1\u00a0Minute"},"schema":{"@context":"https:\/\/schema.org","@graph":[{"@type":"Article","@id":"https:\/\/all-car-news.com\/de\/bmw-uebernimmt-haustuner-alpina\/#article","isPartOf":{"@id":"https:\/\/all-car-news.com\/de\/bmw-uebernimmt-haustuner-alpina\/"},"author":{"name":"","@id":""},"headline":"BMW \u00fcbernimmt Haustuner Alpina","datePublished":"2022-03-12T11:00:53+00:00","dateModified":"2022-03-12T11:00:53+00:00","mainEntityOfPage":{"@id":"https:\/\/all-car-news.com\/de\/bmw-uebernimmt-haustuner-alpina\/"},"wordCount":303,"commentCount":0,"publisher":{"@id":"https:\/\/all-car-news.com\/de\/#organization"},"articleSection":["Auto Nachrichten"],"inLanguage":"de","potentialAction":[{"@type":"CommentAction","name":"Comment","target":["https:\/\/all-car-news.com\/de\/bmw-uebernimmt-haustuner-alpina\/#respond"]}]},{"@type":"WebPage","@id":"https:\/\/all-car-news.com\/de\/bmw-uebernimmt-haustuner-alpina\/","url":"https:\/\/all-car-news.com\/de\/bmw-uebernimmt-haustuner-alpina\/","name":"BMW \u00fcbernimmt Haustuner Alpina - All cars news","isPartOf":{"@id":"https:\/\/all-car-news.com\/de\/#website"},"datePublished":"2022-03-12T11:00:53+00:00","dateModified":"2022-03-12T11:00:53+00:00","breadcrumb":{"@id":"https:\/\/all-car-news.com\/de\/bmw-uebernimmt-haustuner-alpina\/#breadcrumb"},"inLanguage":"de","potentialAction":[{"@type":"ReadAction","target":["https:\/\/all-car-news.com\/de\/bmw-uebernimmt-haustuner-alpina\/"]}]},{"@type":"BreadcrumbList","@id":"https:\/\/all-car-news.com\/de\/bmw-uebernimmt-haustuner-alpina\/#breadcrumb","itemListElement":[{"@type":"ListItem","position":1,"name":"Home","item":"https:\/\/all-car-news.com\/de\/"},{"@type":"ListItem","position":2,"name":"BMW \u00fcbernimmt Haustuner Alpina"}]},{"@type":"WebSite","@id":"https:\/\/all-car-news.com\/de\/#website","url":"https:\/\/all-car-news.com\/de\/","name":"All cars news","description":"","publisher":{"@id":"https:\/\/all-car-news.com\/de\/#organization"},"potentialAction":[{"@type":"SearchAction","target":{"@type":"EntryPoint","urlTemplate":"https:\/\/all-car-news.com\/de\/?s={search_term_string}"},"query-input":"required name=search_term_string"}],"inLanguage":"de"},{"@type":"Organization","@id":"https:\/\/all-car-news.com\/de\/#organization","name":"All cars news","url":"https:\/\/all-car-news.com\/de\/","logo":{"@type":"ImageObject","inLanguage":"de","@id":"https:\/\/all-car-news.com\/de\/#\/schema\/logo\/image\/","url":"https:\/\/all-car-news.com\/wp-content\/uploads\/2022\/02\/CMYK-AllCarNews_LANDSCAPE_300px-1.png","contentUrl":"https:\/\/all-car-news.com\/wp-content\/uploads\/2022\/02\/CMYK-AllCarNews_LANDSCAPE_300px-1.png","width":300,"height":100,"caption":"All cars news"},"image":{"@id":"https:\/\/all-car-news.com\/de\/#\/schema\/logo\/image\/"}}]}},"_links":{"self":[{"href":"https:\/\/all-car-news.com\/de\/wp-json\/wp\/v2\/posts\/118497","targetHints":{"allow":["GET"]}}],"collection":[{"href":"https:\/\/all-car-news.com\/de\/wp-json\/wp\/v2\/posts"}],"about":[{"href":"https:\/\/all-car-news.com\/de\/wp-json\/wp\/v2\/types\/post"}],"replies":[{"embeddable":true,"href":"https:\/\/all-car-news.com\/de\/wp-json\/wp\/v2\/comments?post=118497"}],"version-history":[{"count":0,"href":"https:\/\/all-car-news.com\/de\/wp-json\/wp\/v2\/posts\/118497\/revisions"}],"wp:featuredmedia":[{"embeddable":true,"href":"https:\/\/all-car-news.com\/de\/wp-json\/wp\/v2\/media\/118473"}],"wp:attachment":[{"href":"https:\/\/all-car-news.com\/de\/wp-json\/wp\/v2\/media?parent=118497"}],"wp:term":[{"taxonomy":"category","embeddable":true,"href":"https:\/\/all-car-news.com\/de\/wp-json\/wp\/v2\/categories?post=118497"},{"taxonomy":"post_tag","embeddable":true,"href":"https:\/\/all-car-news.com\/de\/wp-json\/wp\/v2\/tags?post=118497"}],"curies":[{"name":"wp","href":"https:\/\/api.w.org\/{rel}","templated":true}]}}