{"id":118336,"date":"2022-03-09T11:01:25","date_gmt":"2022-03-09T11:01:25","guid":{"rendered":"https:\/\/all-car-news.com\/das-ist-der-neue-renault-austral\/"},"modified":"2022-03-09T11:01:25","modified_gmt":"2022-03-09T11:01:25","slug":"das-ist-der-neue-renault-austral","status":"publish","type":"post","link":"https:\/\/all-car-news.com\/de\/das-ist-der-neue-renault-austral\/","title":{"rendered":"Das ist der neue Renault Austral"},"content":{"rendered":"<\/p>\n<h2>Renault Australien<\/h2>\n<p>Da ist er, der brandneue SUV von Renault. Der Austral kommt im C-Segment heraus und wird damit mit Modellen wie dem Peugeot 3008, Volkswagen Tiguan, Toyota C-HR, Kia Niro und dem Nissan Qashqai konkurrieren.<\/p>\n<p>Mit Letzterem teilt sich die Austral ihre Plattform. Es ist das erste Renault-Modell, das auf der dritten Generation der CMF-CD-Plattform basiert \u2013 entwickelt gemeinsam mit Nissan und Mitsubishi. Der Austral ist 4,51 Meter lang, 1,83 Meter breit, 1,62 Meter hoch und der Radstand betr\u00e4gt 2,67 Meter. Damit ist er eine Nummer gr\u00f6\u00dfer als der neue Qashqai und das von ihm abgel\u00f6ste Renault-Modell Kadjar.<\/p>\n<figure class=\"wp-block-image size-large\"><img decoding=\"async\" loading=\"lazy\" width=\"1280\" height=\"960\" src=\"https:\/\/autorai.nl\/wp-content\/uploads\/2022\/03\/R-DAM_1397878-1280x960.jpg\" alt=\"\" class=\"wp-image-117559\"><\/figure>\n<h2>Allradlenkung<\/h2>\n<p>Mit der Option 4Control man\u00f6vrieren Sie den 4,51 Meter langen SUV m\u00fchelos durch enge Gassen. Der Austral hat dann eine Allradlenkung und einen Wendekreis, der kleiner ist als der eines normalen Stadtautos: nur 10,1 Meter. Ziemlich einzigartig in diesem Segment, obwohl der M\u00e9gane bereits mit diesem System erh\u00e4ltlich war. Ein \u00e4hnliches System steckt auch im Mercedes-Benz EQS, den wir <a href=\"https:\/\/autorai.nl\/review-mercedes-benz-eqs-2022-een-vliegensvlug-vliegend-tapijt\/\" target=\"_blank\" rel=\"noreferrer noopener\">k\u00fcrzlich getestet<\/a> haben. <\/p>\n<h2>Viel Platz<\/h2>\n<p>Dank eines l\u00e4ngeren Radstands profitieren die Fondpassagiere von mehr Beinfreiheit im Vergleich zum Kadjar. Au\u00dferdem ist die R\u00fcckbank um mehr als 16 Zentimeter verschiebbar. Fahrg\u00e4ste k\u00f6nnen sich zum Beispiel ganz einfach mehr Beinfreiheit schaffen oder Sie entscheiden sich f\u00fcr mehr Gep\u00e4ckraum. Der Stauraum hinten misst 500 Liter und schiebt man die Bank nach vorne, sind es sogar 575 Liter. Klappt man die R\u00fccksitze um, entstehen 1.525 Liter.<\/p>\n<figure class=\"wp-block-gallery has-nested-images columns-default is-cropped\">\n<figure class=\"wp-block-image size-large\"><img decoding=\"async\" loading=\"lazy\" width=\"1600\" height=\"900\" data-id=\"117555\" src=\"https:\/\/autorai.nl\/wp-content\/uploads\/2022\/03\/R-DAM_1398502.jpg\" alt=\"\" class=\"wp-image-117555\"><\/figure>\n<figure class=\"wp-block-image size-large\"><img decoding=\"async\" loading=\"lazy\" width=\"1600\" height=\"1067\" data-id=\"117551\" src=\"https:\/\/autorai.nl\/wp-content\/uploads\/2022\/03\/R-DAM_1398304.jpg\" alt=\"\" class=\"wp-image-117551\"><\/figure>\n<\/figure>\n<h2>Design<\/h2>\n<p>Der Autral sieht etwas robuster aus als der Kadjar. Nicht nur, weil er etwas gr\u00f6\u00dfer ist, sondern auch wegen der klaren Linienf\u00fchrung. Die erkennbaren C-f\u00f6rmigen Lichteinheiten an Front und Heck \u00e4hneln stark denen des neuen <a href=\"https:\/\/youtu.be\/3PDs62Rhy6s\" target=\"_blank\" rel=\"noreferrer noopener\">M\u00e9gane E-Tech Electric<\/a> . Erstmals bietet Renault auch eine exklusive, sportliche Topversion an \u2013 den Esprit Alpine \u2013 den Sie sogar in mattgrauer Lackierung erhalten k\u00f6nnen. <\/p>\n<h2>Nicht elektrisch<\/h2>\n<p>Anders als der neue M\u00e9gane ist der Austral nicht elektrisch. Zumindest nicht vollst\u00e4ndig, aber alle Antriebsstr\u00e4nge sind elektrifiziert. Das Einstiegsmodell ist beispielsweise ein 130 PS starker Mild-Hybrid, der einen 1,2-Liter-Dreizylinder-Turbobenziner und einen 68 PS starken Elektromotor nutzt. Den Austral gibt es auch in Versionen mit 160 und 200 PS. Die 200-PS-Version sprintet in 5,9 Sekunden von 0 auf 100 km\/h.<\/p>\n<figure class=\"wp-block-image size-large\"><img decoding=\"async\" loading=\"lazy\" width=\"1280\" height=\"960\" src=\"https:\/\/autorai.nl\/wp-content\/uploads\/2022\/03\/R-DAM_1397851-1280x960.jpg\" alt=\"\" class=\"wp-image-117557\"><\/figure>\n<h2>Google<\/h2>\n<p>Auch der Innenraum erinnert stark an den des M\u00e9gane E-Tech Electric. Das sind gute Nachrichten, denn im Austral entdecken wir auch zwei 12-Zoll-Bildschirme, auf denen Android Automotive l\u00e4uft. Dieses Infotainmentsystem verwendet alle Arten von Google-Apps \u2013 wie Google Maps \u2013 und arbeitet sehr schnell. Wer noch mehr Informationen aufnehmen m\u00f6chte, kann sich auch ein 9,3 Zoll gro\u00dfes Head-up-Display holen.<\/p>\n<p>Der Austral wird im Fr\u00fchherbst in unser Land kommen. Preise gibt Renault sp\u00e4ter bekannt.<\/p>\n<figure class=\"wp-block-image size-large\"><img decoding=\"async\" loading=\"lazy\" width=\"1280\" height=\"900\" src=\"https:\/\/autorai.nl\/wp-content\/uploads\/2022\/03\/R-DAM_1398475-1280x900.jpg\" alt=\"\" class=\"wp-image-117553\"><\/figure>\n","protected":false},"excerpt":{"rendered":"Renault Austral Da ist er, der brandneue SUV von Renault. Der Austral kommt im C-Segment heraus und wird damit mit&hellip;","protected":false},"author":0,"featured_media":118306,"comment_status":"open","ping_status":"open","sticky":false,"template":"","format":"standard","meta":{"footnotes":""},"categories":[125],"tags":[],"class_list":["post-118336","post","type-post","status-publish","format-standard","has-post-thumbnail","hentry","category-auto-nachrichten"],"acf":[],"yoast_head":"<!-- This site is optimized with the Yoast SEO plugin v21.2 - https:\/\/yoast.com\/wordpress\/plugins\/seo\/ -->\n<title>Das ist der neue Renault Austral - All cars news<\/title>\n<meta name=\"robots\" content=\"index, follow, max-snippet:-1, max-image-preview:large, max-video-preview:-1\" \/>\n<link rel=\"canonical\" href=\"https:\/\/all-car-news.com\/de\/das-ist-der-neue-renault-austral\/\" \/>\n<meta property=\"og:locale\" content=\"de_DE\" \/>\n<meta property=\"og:type\" content=\"article\" \/>\n<meta property=\"og:title\" content=\"Das ist der neue Renault Austral - All cars news\" \/>\n<meta property=\"og:description\" content=\"Renault Austral Da ist er, der brandneue SUV von Renault. Der Austral kommt im C-Segment heraus und wird damit mit Modellen wie dem Peugeot 3008, Volkswagen Tiguan, Toyota C-HR, Kia Niro und dem Nissan Qashqai konkurrieren. Mit Letzterem teilt sich die Austral ihre Plattform. Es ist das erste Modell von Renault [\u2026]\" \/>\n<meta property=\"og:url\" content=\"https:\/\/all-car-news.com\/de\/das-ist-der-neue-renault-austral\/\" \/>\n<meta property=\"og:site_name\" content=\"All cars news\" \/>\n<meta property=\"article:published_time\" content=\"2022-03-09T11:01:25+00:00\" \/>\n<meta property=\"og:image\" content=\"https:\/\/all-car-news.com\/wp-content\/uploads\/2022\/03\/HEADER-R-DAM_1397839.jpg\" \/>\n\t<meta property=\"og:image:width\" content=\"1600\" \/>\n\t<meta property=\"og:image:height\" content=\"1067\" \/>\n\t<meta property=\"og:image:type\" content=\"image\/jpeg\" \/>\n<meta name=\"twitter:card\" content=\"summary_large_image\" \/>\n<meta name=\"twitter:label1\" content=\"Gesch\u00e4tzte Lesezeit\" \/>\n\t<meta name=\"twitter:data1\" content=\"2\u00a0Minuten\" \/>\n<script type=\"application\/ld+json\" class=\"yoast-schema-graph\">{\"@context\":\"https:\/\/schema.org\",\"@graph\":[{\"@type\":\"Article\",\"@id\":\"https:\/\/all-car-news.com\/de\/das-ist-der-neue-renault-austral\/#article\",\"isPartOf\":{\"@id\":\"https:\/\/all-car-news.com\/de\/das-ist-der-neue-renault-austral\/\"},\"author\":{\"name\":\"\",\"@id\":\"\"},\"headline\":\"Das ist der neue Renault Austral\",\"datePublished\":\"2022-03-09T11:01:25+00:00\",\"dateModified\":\"2022-03-09T11:01:25+00:00\",\"mainEntityOfPage\":{\"@id\":\"https:\/\/all-car-news.com\/de\/das-ist-der-neue-renault-austral\/\"},\"wordCount\":441,\"commentCount\":0,\"publisher\":{\"@id\":\"https:\/\/all-car-news.com\/de\/#organization\"},\"articleSection\":[\"Auto Nachrichten\"],\"inLanguage\":\"de\",\"potentialAction\":[{\"@type\":\"CommentAction\",\"name\":\"Comment\",\"target\":[\"https:\/\/all-car-news.com\/de\/das-ist-der-neue-renault-austral\/#respond\"]}]},{\"@type\":\"WebPage\",\"@id\":\"https:\/\/all-car-news.com\/de\/das-ist-der-neue-renault-austral\/\",\"url\":\"https:\/\/all-car-news.com\/de\/das-ist-der-neue-renault-austral\/\",\"name\":\"Das ist der neue Renault Austral - All cars news\",\"isPartOf\":{\"@id\":\"https:\/\/all-car-news.com\/de\/#website\"},\"datePublished\":\"2022-03-09T11:01:25+00:00\",\"dateModified\":\"2022-03-09T11:01:25+00:00\",\"breadcrumb\":{\"@id\":\"https:\/\/all-car-news.com\/de\/das-ist-der-neue-renault-austral\/#breadcrumb\"},\"inLanguage\":\"de\",\"potentialAction\":[{\"@type\":\"ReadAction\",\"target\":[\"https:\/\/all-car-news.com\/de\/das-ist-der-neue-renault-austral\/\"]}]},{\"@type\":\"BreadcrumbList\",\"@id\":\"https:\/\/all-car-news.com\/de\/das-ist-der-neue-renault-austral\/#breadcrumb\",\"itemListElement\":[{\"@type\":\"ListItem\",\"position\":1,\"name\":\"Home\",\"item\":\"https:\/\/all-car-news.com\/de\/\"},{\"@type\":\"ListItem\",\"position\":2,\"name\":\"Das ist der neue Renault Austral\"}]},{\"@type\":\"WebSite\",\"@id\":\"https:\/\/all-car-news.com\/de\/#website\",\"url\":\"https:\/\/all-car-news.com\/de\/\",\"name\":\"All cars news\",\"description\":\"\",\"publisher\":{\"@id\":\"https:\/\/all-car-news.com\/de\/#organization\"},\"potentialAction\":[{\"@type\":\"SearchAction\",\"target\":{\"@type\":\"EntryPoint\",\"urlTemplate\":\"https:\/\/all-car-news.com\/de\/?s={search_term_string}\"},\"query-input\":\"required name=search_term_string\"}],\"inLanguage\":\"de\"},{\"@type\":\"Organization\",\"@id\":\"https:\/\/all-car-news.com\/de\/#organization\",\"name\":\"All cars news\",\"url\":\"https:\/\/all-car-news.com\/de\/\",\"logo\":{\"@type\":\"ImageObject\",\"inLanguage\":\"de\",\"@id\":\"https:\/\/all-car-news.com\/de\/#\/schema\/logo\/image\/\",\"url\":\"https:\/\/all-car-news.com\/wp-content\/uploads\/2022\/02\/CMYK-AllCarNews_LANDSCAPE_300px-1.png\",\"contentUrl\":\"https:\/\/all-car-news.com\/wp-content\/uploads\/2022\/02\/CMYK-AllCarNews_LANDSCAPE_300px-1.png\",\"width\":300,\"height\":100,\"caption\":\"All cars news\"},\"image\":{\"@id\":\"https:\/\/all-car-news.com\/de\/#\/schema\/logo\/image\/\"}}]}<\/script>\n<!-- \/ Yoast SEO plugin. -->","yoast_head_json":{"title":"Das ist der neue Renault Austral - All cars news","robots":{"index":"index","follow":"follow","max-snippet":"max-snippet:-1","max-image-preview":"max-image-preview:large","max-video-preview":"max-video-preview:-1"},"canonical":"https:\/\/all-car-news.com\/de\/das-ist-der-neue-renault-austral\/","og_locale":"de_DE","og_type":"article","og_title":"Das ist der neue Renault Austral - All cars news","og_description":"Renault Austral Da ist er, der brandneue SUV von Renault. Der Austral kommt im C-Segment heraus und wird damit mit Modellen wie dem Peugeot 3008, Volkswagen Tiguan, Toyota C-HR, Kia Niro und dem Nissan Qashqai konkurrieren. Mit Letzterem teilt sich die Austral ihre Plattform. Es ist das erste Modell von Renault [\u2026]","og_url":"https:\/\/all-car-news.com\/de\/das-ist-der-neue-renault-austral\/","og_site_name":"All cars news","article_published_time":"2022-03-09T11:01:25+00:00","og_image":[{"width":1600,"height":1067,"url":"https:\/\/all-car-news.com\/wp-content\/uploads\/2022\/03\/HEADER-R-DAM_1397839.jpg","type":"image\/jpeg"}],"twitter_card":"summary_large_image","twitter_misc":{"Gesch\u00e4tzte Lesezeit":"2\u00a0Minuten"},"schema":{"@context":"https:\/\/schema.org","@graph":[{"@type":"Article","@id":"https:\/\/all-car-news.com\/de\/das-ist-der-neue-renault-austral\/#article","isPartOf":{"@id":"https:\/\/all-car-news.com\/de\/das-ist-der-neue-renault-austral\/"},"author":{"name":"","@id":""},"headline":"Das ist der neue Renault Austral","datePublished":"2022-03-09T11:01:25+00:00","dateModified":"2022-03-09T11:01:25+00:00","mainEntityOfPage":{"@id":"https:\/\/all-car-news.com\/de\/das-ist-der-neue-renault-austral\/"},"wordCount":441,"commentCount":0,"publisher":{"@id":"https:\/\/all-car-news.com\/de\/#organization"},"articleSection":["Auto Nachrichten"],"inLanguage":"de","potentialAction":[{"@type":"CommentAction","name":"Comment","target":["https:\/\/all-car-news.com\/de\/das-ist-der-neue-renault-austral\/#respond"]}]},{"@type":"WebPage","@id":"https:\/\/all-car-news.com\/de\/das-ist-der-neue-renault-austral\/","url":"https:\/\/all-car-news.com\/de\/das-ist-der-neue-renault-austral\/","name":"Das ist der neue Renault Austral - All cars news","isPartOf":{"@id":"https:\/\/all-car-news.com\/de\/#website"},"datePublished":"2022-03-09T11:01:25+00:00","dateModified":"2022-03-09T11:01:25+00:00","breadcrumb":{"@id":"https:\/\/all-car-news.com\/de\/das-ist-der-neue-renault-austral\/#breadcrumb"},"inLanguage":"de","potentialAction":[{"@type":"ReadAction","target":["https:\/\/all-car-news.com\/de\/das-ist-der-neue-renault-austral\/"]}]},{"@type":"BreadcrumbList","@id":"https:\/\/all-car-news.com\/de\/das-ist-der-neue-renault-austral\/#breadcrumb","itemListElement":[{"@type":"ListItem","position":1,"name":"Home","item":"https:\/\/all-car-news.com\/de\/"},{"@type":"ListItem","position":2,"name":"Das ist der neue Renault Austral"}]},{"@type":"WebSite","@id":"https:\/\/all-car-news.com\/de\/#website","url":"https:\/\/all-car-news.com\/de\/","name":"All cars news","description":"","publisher":{"@id":"https:\/\/all-car-news.com\/de\/#organization"},"potentialAction":[{"@type":"SearchAction","target":{"@type":"EntryPoint","urlTemplate":"https:\/\/all-car-news.com\/de\/?s={search_term_string}"},"query-input":"required name=search_term_string"}],"inLanguage":"de"},{"@type":"Organization","@id":"https:\/\/all-car-news.com\/de\/#organization","name":"All cars news","url":"https:\/\/all-car-news.com\/de\/","logo":{"@type":"ImageObject","inLanguage":"de","@id":"https:\/\/all-car-news.com\/de\/#\/schema\/logo\/image\/","url":"https:\/\/all-car-news.com\/wp-content\/uploads\/2022\/02\/CMYK-AllCarNews_LANDSCAPE_300px-1.png","contentUrl":"https:\/\/all-car-news.com\/wp-content\/uploads\/2022\/02\/CMYK-AllCarNews_LANDSCAPE_300px-1.png","width":300,"height":100,"caption":"All cars news"},"image":{"@id":"https:\/\/all-car-news.com\/de\/#\/schema\/logo\/image\/"}}]}},"_links":{"self":[{"href":"https:\/\/all-car-news.com\/de\/wp-json\/wp\/v2\/posts\/118336","targetHints":{"allow":["GET"]}}],"collection":[{"href":"https:\/\/all-car-news.com\/de\/wp-json\/wp\/v2\/posts"}],"about":[{"href":"https:\/\/all-car-news.com\/de\/wp-json\/wp\/v2\/types\/post"}],"replies":[{"embeddable":true,"href":"https:\/\/all-car-news.com\/de\/wp-json\/wp\/v2\/comments?post=118336"}],"version-history":[{"count":0,"href":"https:\/\/all-car-news.com\/de\/wp-json\/wp\/v2\/posts\/118336\/revisions"}],"wp:featuredmedia":[{"embeddable":true,"href":"https:\/\/all-car-news.com\/de\/wp-json\/wp\/v2\/media\/118306"}],"wp:attachment":[{"href":"https:\/\/all-car-news.com\/de\/wp-json\/wp\/v2\/media?parent=118336"}],"wp:term":[{"taxonomy":"category","embeddable":true,"href":"https:\/\/all-car-news.com\/de\/wp-json\/wp\/v2\/categories?post=118336"},{"taxonomy":"post_tag","embeddable":true,"href":"https:\/\/all-car-news.com\/de\/wp-json\/wp\/v2\/tags?post=118336"}],"curies":[{"name":"wp","href":"https:\/\/api.w.org\/{rel}","templated":true}]}}