{"id":116496,"date":"2022-02-16T12:34:14","date_gmt":"2022-02-16T12:34:14","guid":{"rendered":"https:\/\/all-car-news.com\/mg5-electric-wird-das-der-hit-des-jahres\/"},"modified":"2022-02-21T11:31:15","modified_gmt":"2022-02-21T11:31:15","slug":"mg5-electric-wird-das-der-hit-des-jahres","status":"publish","type":"post","link":"https:\/\/all-car-news.com\/de\/mg5-electric-wird-das-der-hit-des-jahres\/","title":{"rendered":"MG5 Electric: Wird das der Hit des Jahres?"},"content":{"rendered":"<p>Es ist ziemlich frustrierend, wenn Sie mit einem durchschnittlichen Einkommen ein lustiges, praktisches Elektroauto fahren m\u00f6chten. Schlie\u00dflich fallen viele neue Elektromodelle in h\u00f6here Klassen und sind f\u00fcr die breite Masse unerschwinglich. MG zielt mit vollelektrischen Modellen auf die Mittelklasse ab, die ein erstaunliches Preis-Leistungs-Verh\u00e4ltnis bieten. Vor allem der MG ZS EV macht in dieser Hinsicht einen gro\u00dfen Eindruck.<\/p>\n<p>Nicht umsonst ist MG eine der am schnellsten wachsenden Automarken. Die Marke ist erst seit Oktober 2019 in Europa aktiv, aber im Jahr 2021 verdreifachte sich der Absatz auf 52.546 Autos und es sind bereits 400 H\u00e4ndler in 16 europ\u00e4ischen L\u00e4ndern aktiv. Wir wussten bereits, dass MG sehr ehrgeizig ist. Aber der Erfolg stellt sich erst ein, wenn die Models beim Publikum ankommen und das scheint zu geschehen.<\/p>\n<p>Jetzt zeigt MG alle europ\u00e4ischen Superm\u00e4chte mit dem ersten bezahlbaren Elektro-Kombi mit allen Features, die man von einem Kombi aus dem C-Segment erwartet. Der neue MG5 Electric ist 4,60 Meter lang und hat einen Kofferraum von 479 Litern, der bei umgeklappten R\u00fccksitzen (60\/40) auf 1.367 Liter anw\u00e4chst. Damit ist der MG5 Electric ein typisches Familienauto mit ausreichend Platz f\u00fcr die Familie, vergleichbar beispielsweise mit einem Opel Astra Sports Tourer. Au\u00dferdem gibt es im Innenraum 27 Stauf\u00e4cher, das Dach ist mit 75 kg belastbar und die maximale Anh\u00e4ngelast betr\u00e4gt 500 kg. Damit ist der MG5 Electric f\u00fcr Dachbox und Fahrradtr\u00e4ger geeignet.<\/p>\n<div class=\"galery shuffle galery-0\">\n<figure>\n\t\t\t\t\t<span style=\"cursor: pointer\" data-src=\"https:\/\/autorai.nl\/wp-content\/uploads\/2022\/02\/MG5-Electric-3.jpg\" data-fancybox=\"galery-0\" title=\"\"><br \/>\n\t\t\t\t\t\t\t<img decoding=\"async\" width=\"640\" height=\"480\" src=\"https:\/\/autorai.nl\/wp-content\/uploads\/2022\/02\/MG5-Electric-3-640x480.jpg\" class=\"attachment-medium size-medium\" alt=\"\" loading=\"lazy\"><i class=\"fa fa-search-plus\" aria-hidden=\"true\"><\/i><br \/>\n\t\t\t\t\t\t<\/span><br \/>\n\t\t\t\t\t<\/figure>\n<figure>\n\t\t\t\t\t<span style=\"cursor: pointer\" data-src=\"https:\/\/autorai.nl\/wp-content\/uploads\/2022\/02\/MG5-Electric-13.jpg\" data-fancybox=\"galery-0\" title=\"\"><br \/>\n\t\t\t\t\t\t\t<img decoding=\"async\" width=\"360\" height=\"270\" src=\"https:\/\/autorai.nl\/wp-content\/uploads\/2022\/02\/MG5-Electric-13-360x270.jpg\" class=\"attachment-small size-small\" alt=\"\" loading=\"lazy\"><i class=\"fa fa-search-plus\" aria-hidden=\"true\"><\/i><br \/>\n\t\t\t\t\t\t<\/span><br \/>\n\t\t\t\t\t<\/figure>\n<figure>\n\t\t\t\t\t<span style=\"cursor: pointer\" data-src=\"https:\/\/autorai.nl\/wp-content\/uploads\/2022\/02\/MG5-Electric-12.jpg\" data-fancybox=\"galery-0\" title=\"\"><br \/>\n\t\t\t\t\t\t\t<img decoding=\"async\" width=\"360\" height=\"270\" src=\"https:\/\/autorai.nl\/wp-content\/uploads\/2022\/02\/MG5-Electric-12-360x270.jpg\" class=\"attachment-small size-small\" alt=\"\" loading=\"lazy\"><i class=\"fa fa-search-plus\" aria-hidden=\"true\"><\/i><br \/>\n\t\t\t\t\t\t<\/span><br \/>\n\t\t\t\t\t<\/figure>\n<div class=\"clear\"><\/div>\n<\/div>\n<h2><strong>Zwei Batterieversionen<\/strong><\/h2>\n<p>Der MG5 Electric ist zun\u00e4chst mit einer 61,1-kWh-Batterie (Long Range) erh\u00e4ltlich. Er hat eine Reichweite von 400 km (WLTP) und einen Elektromotor mit 115 kW (156 PS) Leistung und 280 Nm Drehmoment. Sp\u00e4ter kann man sich auch f\u00fcr die etwas g\u00fcnstigere \u201eStandard Range\u201c mit 50,3-kWh-Akku und 320 km Reichweite (WLTP) entscheiden. Trotz geringerer Reichweite ist er mit einer Motorleistung von 130 kW (177 PS) etwas st\u00e4rker.<\/p>\n<p>Ebenfalls nicht unwichtig: Alle Versionen des MG5 Electric k\u00f6nnen an einer (\u00f6ffentlichen) AC-Lades\u00e4ule mit einer Leistung von bis zu 11 kW laden. Sie eignen sich auch zum Schnellladen (DC) mit einer Leistung von bis zu 87 kW, womit die Batterie in ca. 40 Minuten auf 80 % aufgeladen werden kann. Damit erf\u00fcllt der in China gebaute Kombi alle zeitgem\u00e4\u00dfen Standards.<\/p>\n<div class=\"galery shuffle galery-1\">\n<figure>\n\t\t\t\t\t<span style=\"cursor: pointer\" data-src=\"https:\/\/autorai.nl\/wp-content\/uploads\/2022\/02\/MG5-Electric-8.jpg\" data-fancybox=\"galery-1\" title=\"\"><br \/>\n\t\t\t\t\t\t\t<img decoding=\"async\" width=\"640\" height=\"480\" src=\"https:\/\/autorai.nl\/wp-content\/uploads\/2022\/02\/MG5-Electric-8-640x480.jpg\" class=\"attachment-medium size-medium\" alt=\"\" loading=\"lazy\"><i class=\"fa fa-search-plus\" aria-hidden=\"true\"><\/i><br \/>\n\t\t\t\t\t\t<\/span><br \/>\n\t\t\t\t\t<\/figure>\n<figure>\n\t\t\t\t\t<span style=\"cursor: pointer\" data-src=\"https:\/\/autorai.nl\/wp-content\/uploads\/2022\/02\/MG5-Electric-11.jpg\" data-fancybox=\"galery-1\" title=\"\"><br \/>\n\t\t\t\t\t\t\t<img decoding=\"async\" width=\"360\" height=\"270\" src=\"https:\/\/autorai.nl\/wp-content\/uploads\/2022\/02\/MG5-Electric-11-360x270.jpg\" class=\"attachment-small size-small\" alt=\"\" loading=\"lazy\"><i class=\"fa fa-search-plus\" aria-hidden=\"true\"><\/i><br \/>\n\t\t\t\t\t\t<\/span><br \/>\n\t\t\t\t\t<\/figure>\n<figure>\n\t\t\t\t\t<span style=\"cursor: pointer\" data-src=\"https:\/\/autorai.nl\/wp-content\/uploads\/2022\/02\/MG5-Electric-7.jpg\" data-fancybox=\"galery-1\" title=\"\"><br \/>\n\t\t\t\t\t\t\t<img decoding=\"async\" width=\"360\" height=\"270\" src=\"https:\/\/autorai.nl\/wp-content\/uploads\/2022\/02\/MG5-Electric-7-360x270.jpg\" class=\"attachment-small size-small\" alt=\"\" loading=\"lazy\"><i class=\"fa fa-search-plus\" aria-hidden=\"true\"><\/i><br \/>\n\t\t\t\t\t\t<\/span><br \/>\n\t\t\t\t\t<\/figure>\n<div class=\"clear\"><\/div>\n<\/div>\n<h2><strong>Zwei Versionen<\/strong><\/h2>\n<p>Wie bei allen MG-Modellen ist die Reichweite des MG5 Electric so einfach wie m\u00f6glich gehalten. Neben den beiden Batterievarianten stehen zwei Ausstattungslinien (Komfort und Luxus) und vier Au\u00dfenfarben (Wei\u00df, Schwarz, Rot und Silbergrau) zur Auswahl. Es ist zu erwarten, dass sich die meisten Kunden f\u00fcr die Comfort-Version entscheiden werden, da diese bereits recht umfangreich ausgestattet ist.<\/p>\n<p>Sie erhalten eine Klimaanlage mit PM2.5-Luftfilter, LED-Scheinwerfer, LED-R\u00fcckleuchten, beheizbare Vordersitze, Einparkhilfe, ein digitales 7-Zoll-Kombiinstrument, ein Multifunktions-Lederlenkrad, 16-Zoll-Leichtmetallr\u00e4der und schl\u00fcssellosen Zugang. In puncto Sicherheit k\u00f6nnen Sie auf neun intelligente Fahrerassistenzsysteme z\u00e4hlen, darunter Abstandsregeltempomat, Frontkollisionswarner mit automatischer Notbremsung, Spurhalteassistent und Stauassistent.<\/p>\n<p>Wer sich f\u00fcr die teurere Luxury-Version entscheidet, bekommt alle Annehmlichkeiten des Comfort inklusive Klimaautomatik, 360-Grad-Parkkamera, automatisch abblendendem Innenspiegel, elektrisch verstellbarem Fahrersitz mit Lordosenst\u00fctze, Sitzbez\u00fcgen aus Kunstleder und 17-Zoll-Leichtmetallfelgen R\u00e4der.<\/p>\n<div class=\"galery shuffle galery-2\">\n<figure>\n\t\t\t\t\t<span style=\"cursor: pointer\" data-src=\"https:\/\/autorai.nl\/wp-content\/uploads\/2022\/02\/MG5-Electric-6.jpg\" data-fancybox=\"galery-2\" title=\"\"><br \/>\n\t\t\t\t\t\t\t<img decoding=\"async\" width=\"640\" height=\"480\" src=\"https:\/\/autorai.nl\/wp-content\/uploads\/2022\/02\/MG5-Electric-6-640x480.jpg\" class=\"attachment-medium size-medium\" alt=\"\" loading=\"lazy\"><i class=\"fa fa-search-plus\" aria-hidden=\"true\"><\/i><br \/>\n\t\t\t\t\t\t<\/span><br \/>\n\t\t\t\t\t<\/figure>\n<figure>\n\t\t\t\t\t<span style=\"cursor: pointer\" data-src=\"https:\/\/autorai.nl\/wp-content\/uploads\/2022\/02\/MG5-Electric-9.jpg\" data-fancybox=\"galery-2\" title=\"\"><br \/>\n\t\t\t\t\t\t\t<img decoding=\"async\" width=\"360\" height=\"270\" src=\"https:\/\/autorai.nl\/wp-content\/uploads\/2022\/02\/MG5-Electric-9-360x270.jpg\" class=\"attachment-small size-small\" alt=\"\" loading=\"lazy\"><i class=\"fa fa-search-plus\" aria-hidden=\"true\"><\/i><br \/>\n\t\t\t\t\t\t<\/span><br \/>\n\t\t\t\t\t<\/figure>\n<figure>\n\t\t\t\t\t<span style=\"cursor: pointer\" data-src=\"https:\/\/autorai.nl\/wp-content\/uploads\/2022\/02\/MG5-Electric-10.jpg\" data-fancybox=\"galery-2\" title=\"\"><br \/>\n\t\t\t\t\t\t\t<img decoding=\"async\" width=\"360\" height=\"270\" src=\"https:\/\/autorai.nl\/wp-content\/uploads\/2022\/02\/MG5-Electric-10-360x270.jpg\" class=\"attachment-small size-small\" alt=\"\" loading=\"lazy\"><i class=\"fa fa-search-plus\" aria-hidden=\"true\"><\/i><br \/>\n\t\t\t\t\t\t<\/span><br \/>\n\t\t\t\t\t<\/figure>\n<div class=\"clear\"><\/div>\n<\/div>\n<h2><strong>MG iSMART Lite<\/strong><\/h2>\n<p>Modernes Infotainment darf heutzutage nat\u00fcrlich nicht fehlen und das wei\u00df man auch bei MG. Deshalb ist jeder MG5 Electric auch serienm\u00e4\u00dfig mit MG iSMART Lite ausgestattet. Das neu entwickelte System wird \u00fcber einen 10,25 Zoll gro\u00dfen Touchscreen bedient und verf\u00fcgt \u00fcber integrierte Navigation, Apple CarPlay, Android Auto, Bluetooth, vier USB-Anschl\u00fcsse und DAB+ Digitalradio. MG iSMART verbindet sich auch mit einer Smartphone-App, mit der Sie verschiedene Fahrzeugfunktionen fernsteuern und den Ladevorgang bequem von zu Hause aus einstellen und \u00fcberwachen k\u00f6nnen.<\/p>\n<div class=\"galery shuffle galery-3\">\n<figure>\n\t\t\t\t\t<span style=\"cursor: pointer\" data-src=\"https:\/\/autorai.nl\/wp-content\/uploads\/2022\/02\/MG5-Electric-5.jpg\" data-fancybox=\"galery-3\" title=\"\"><br \/>\n\t\t\t\t\t\t\t<img decoding=\"async\" width=\"640\" height=\"480\" src=\"https:\/\/autorai.nl\/wp-content\/uploads\/2022\/02\/MG5-Electric-5-640x480.jpg\" class=\"attachment-medium size-medium\" alt=\"\" loading=\"lazy\"><i class=\"fa fa-search-plus\" aria-hidden=\"true\"><\/i><br \/>\n\t\t\t\t\t\t<\/span><br \/>\n\t\t\t\t\t<\/figure>\n<figure>\n\t\t\t\t\t<span style=\"cursor: pointer\" data-src=\"https:\/\/autorai.nl\/wp-content\/uploads\/2022\/02\/MG5-Electric-14.jpg\" data-fancybox=\"galery-3\" title=\"\"><br \/>\n\t\t\t\t\t\t\t<img decoding=\"async\" width=\"360\" height=\"270\" src=\"https:\/\/autorai.nl\/wp-content\/uploads\/2022\/02\/MG5-Electric-14-360x270.jpg\" class=\"attachment-small size-small\" alt=\"\" loading=\"lazy\"><i class=\"fa fa-search-plus\" aria-hidden=\"true\"><\/i><br \/>\n\t\t\t\t\t\t<\/span><br \/>\n\t\t\t\t\t<\/figure>\n<figure>\n\t\t\t\t\t<span style=\"cursor: pointer\" data-src=\"https:\/\/autorai.nl\/wp-content\/uploads\/2022\/02\/MG5-Electric-18.jpg\" data-fancybox=\"galery-3\" title=\"\"><br \/>\n\t\t\t\t\t\t\t<img decoding=\"async\" width=\"360\" height=\"270\" src=\"https:\/\/autorai.nl\/wp-content\/uploads\/2022\/02\/MG5-Electric-18-360x270.jpg\" class=\"attachment-small size-small\" alt=\"\" loading=\"lazy\"><i class=\"fa fa-search-plus\" aria-hidden=\"true\"><\/i><br \/>\n\t\t\t\t\t\t<\/span><br \/>\n\t\t\t\t\t<\/figure>\n<div class=\"clear\"><\/div>\n<\/div>\n<h2><strong>Fahrzeug-zu-Ladung<\/strong><\/h2>\n<p>Ebenfalls lustig zu erw\u00e4hnen ist das Vehicle-to-Load-System (V2L). Erm\u00f6glicht der Batterie, Energie an ein externes elektrisches Ger\u00e4t zu liefern. V2L verwendet ein Ladekabel mit einem Typ-2-Stecker, der auf der einen Seite in die Ladebuchse des Autos passt, und auf der anderen Seite eine Steckdosenleiste mit Haushaltssteckdosen.<\/p>\n<p>Das V2L-System bietet eine Ladeleistung von 2.200 W und kann alle Arten von Elektroger\u00e4ten mit Strom versorgen. Denken Sie an eine Luftpumpe, einen Wasserkocher, eine K\u00fchlbox, ein E-Bike, einen Laptop, einen Elektroroller und so weiter. Sie k\u00f6nnen sogar ein anderes Elektroauto aufladen, um beispielsweise einem EV-Fahrer zu helfen, wenn er mit leerer Batterie liegen zu bleiben droht. Das V2L-System ist beim MG5 Electric Standard und wir kennen es auch vom MG ZS EV und MG Marvel R Electric.<\/p>\n<div class=\"galery shuffle galery-4\">\n<figure>\n\t\t\t\t\t<span style=\"cursor: pointer\" data-src=\"https:\/\/autorai.nl\/wp-content\/uploads\/2022\/02\/MG5-Electric-15.jpg\" data-fancybox=\"galery-4\" title=\"\"><br \/>\n\t\t\t\t\t\t\t<img decoding=\"async\" width=\"640\" height=\"480\" src=\"https:\/\/autorai.nl\/wp-content\/uploads\/2022\/02\/MG5-Electric-15-640x480.jpg\" class=\"attachment-medium size-medium\" alt=\"\" loading=\"lazy\"><i class=\"fa fa-search-plus\" aria-hidden=\"true\"><\/i><br \/>\n\t\t\t\t\t\t<\/span><br \/>\n\t\t\t\t\t<\/figure>\n<figure>\n\t\t\t\t\t<span style=\"cursor: pointer\" data-src=\"https:\/\/autorai.nl\/wp-content\/uploads\/2022\/02\/MG5-Electric-16.jpg\" data-fancybox=\"galery-4\" title=\"\"><br \/>\n\t\t\t\t\t\t\t<img decoding=\"async\" width=\"360\" height=\"270\" src=\"https:\/\/autorai.nl\/wp-content\/uploads\/2022\/02\/MG5-Electric-16-360x270.jpg\" class=\"attachment-small size-small\" alt=\"\" loading=\"lazy\"><i class=\"fa fa-search-plus\" aria-hidden=\"true\"><\/i><br \/>\n\t\t\t\t\t\t<\/span><br \/>\n\t\t\t\t\t<\/figure>\n<figure>\n\t\t\t\t\t<span style=\"cursor: pointer\" data-src=\"https:\/\/autorai.nl\/wp-content\/uploads\/2022\/02\/MG5-Electric-17.jpg\" data-fancybox=\"galery-4\" title=\"\"><br \/>\n\t\t\t\t\t\t\t<img decoding=\"async\" width=\"360\" height=\"270\" src=\"https:\/\/autorai.nl\/wp-content\/uploads\/2022\/02\/MG5-Electric-17-360x270.jpg\" class=\"attachment-small size-small\" alt=\"\" loading=\"lazy\"><i class=\"fa fa-search-plus\" aria-hidden=\"true\"><\/i><br \/>\n\t\t\t\t\t\t<\/span><br \/>\n\t\t\t\t\t<\/figure>\n<div class=\"clear\"><\/div>\n<\/div>\n<h2><strong>Preise MG5 Elektro<\/strong><\/h2>\n<p>Der neue MG5 Electric ist ab M\u00e4rz 2022 bei den niederl\u00e4ndischen MG-H\u00e4ndlern von Van Mossel erh\u00e4ltlich. Es ist das vierte MG-Modell in der Reihe neben dem MG EHS Plug-in Hybrid, dem k\u00fcrzlich neu gestalteten MG ZS EV und dem MG Marvel R Electric. Die untenstehenden Preise beinhalten 995 Euro Versandkosten.<\/p>\n<p>MG5 Electric Standard Range Comfort \u2013 33.985 Euro<br \/>MG5 Electric Standard Range Luxury \u2013 35.485 Euro<br \/>MG5 Electric Long Range Comfort \u2013 36.985 Euro<br \/>MG5 Electric Long Range Luxury \u2013 38.485 Euro<\/p>\n<div class=\"galery shuffle galery-5\">\n<figure>\n\t\t\t\t\t<span style=\"cursor: pointer\" data-src=\"https:\/\/autorai.nl\/wp-content\/uploads\/2022\/02\/MG5-Electric-2.jpg\" data-fancybox=\"galery-5\" title=\"\"><br \/>\n\t\t\t\t\t\t\t<img decoding=\"async\" width=\"640\" height=\"480\" src=\"https:\/\/autorai.nl\/wp-content\/uploads\/2022\/02\/MG5-Electric-2-640x480.jpg\" class=\"attachment-medium size-medium\" alt=\"\" loading=\"lazy\"><i class=\"fa fa-search-plus\" aria-hidden=\"true\"><\/i><br \/>\n\t\t\t\t\t\t<\/span><br \/>\n\t\t\t\t\t<\/figure>\n<figure>\n\t\t\t\t\t<span style=\"cursor: pointer\" data-src=\"https:\/\/autorai.nl\/wp-content\/uploads\/2022\/02\/MG5-Electric-4.jpg\" data-fancybox=\"galery-5\" title=\"\"><br \/>\n\t\t\t\t\t\t\t<img decoding=\"async\" width=\"360\" height=\"270\" src=\"https:\/\/autorai.nl\/wp-content\/uploads\/2022\/02\/MG5-Electric-4-360x270.jpg\" class=\"attachment-small size-small\" alt=\"\" loading=\"lazy\"><i class=\"fa fa-search-plus\" aria-hidden=\"true\"><\/i><br \/>\n\t\t\t\t\t\t<\/span><br \/>\n\t\t\t\t\t<\/figure>\n<figure>\n\t\t\t\t\t<span style=\"cursor: pointer\" data-src=\"https:\/\/autorai.nl\/wp-content\/uploads\/2022\/02\/MG5-Electric-3.jpg\" data-fancybox=\"galery-5\" title=\"\"><br \/>\n\t\t\t\t\t\t\t<img decoding=\"async\" width=\"360\" height=\"270\" src=\"https:\/\/autorai.nl\/wp-content\/uploads\/2022\/02\/MG5-Electric-3-360x270.jpg\" class=\"attachment-small size-small\" alt=\"\" loading=\"lazy\"><i class=\"fa fa-search-plus\" aria-hidden=\"true\"><\/i><br \/>\n\t\t\t\t\t\t<\/span><br \/>\n\t\t\t\t\t<\/figure>\n<div class=\"clear\"><\/div>\n<\/div>\n","protected":false},"excerpt":{"rendered":"Es ist ziemlich frustrierend, wenn Sie mit einem durchschnittlichen Einkommen ein lustiges, praktisches Elektroauto fahren m\u00f6chten. Schlie\u00dflich fallen viele neue&hellip;","protected":false},"author":0,"featured_media":116450,"comment_status":"open","ping_status":"open","sticky":false,"template":"","format":"standard","meta":{"footnotes":""},"categories":[125,159],"tags":[],"class_list":["post-116496","post","type-post","status-publish","format-standard","has-post-thumbnail","hentry","category-auto-nachrichten","category-elektrisch-de"],"acf":[],"yoast_head":"<!-- This site is optimized with the Yoast SEO plugin v21.2 - https:\/\/yoast.com\/wordpress\/plugins\/seo\/ -->\n<title>MG5 Electric: Wird das der Hit des Jahres? - All cars news<\/title>\n<meta name=\"robots\" content=\"index, follow, max-snippet:-1, max-image-preview:large, max-video-preview:-1\" \/>\n<link rel=\"canonical\" href=\"https:\/\/all-car-news.com\/de\/mg5-electric-wird-das-der-hit-des-jahres\/\" \/>\n<meta property=\"og:locale\" content=\"de_DE\" \/>\n<meta property=\"og:type\" content=\"article\" \/>\n<meta property=\"og:title\" content=\"MG5 Electric: Wird das der Hit des Jahres? - All cars news\" \/>\n<meta property=\"og:description\" content=\"Es ist ziemlich frustrierend, wenn Sie mit einem durchschnittlichen Einkommen ein lustiges, praktisches Elektroauto fahren m\u00f6chten. Schlie\u00dflich fallen viele neue Elektromodelle in h\u00f6here Klassen und sind f\u00fcr die breite Masse unerschwinglich. MG zielt mit vollelektrischen Modellen auf die Mittelklasse ab, die ein erstaunliches Preis-Leistungs-Verh\u00e4ltnis bieten. Meistens [\u2026]\" \/>\n<meta property=\"og:url\" content=\"https:\/\/all-car-news.com\/de\/mg5-electric-wird-das-der-hit-des-jahres\/\" \/>\n<meta property=\"og:site_name\" content=\"All cars news\" \/>\n<meta property=\"article:published_time\" content=\"2022-02-16T12:34:14+00:00\" \/>\n<meta property=\"article:modified_time\" content=\"2022-02-21T11:31:15+00:00\" \/>\n<meta property=\"og:image\" content=\"https:\/\/all-car-news.com\/wp-content\/uploads\/2022\/02\/MG5-Electric-1.jpg\" \/>\n\t<meta property=\"og:image:width\" content=\"1600\" \/>\n\t<meta property=\"og:image:height\" content=\"938\" \/>\n\t<meta property=\"og:image:type\" content=\"image\/jpeg\" \/>\n<meta name=\"twitter:card\" content=\"summary_large_image\" \/>\n<meta name=\"twitter:label1\" content=\"Gesch\u00e4tzte Lesezeit\" \/>\n\t<meta name=\"twitter:data1\" content=\"4\u00a0Minuten\" \/>\n<script type=\"application\/ld+json\" class=\"yoast-schema-graph\">{\"@context\":\"https:\/\/schema.org\",\"@graph\":[{\"@type\":\"Article\",\"@id\":\"https:\/\/all-car-news.com\/de\/mg5-electric-wird-das-der-hit-des-jahres\/#article\",\"isPartOf\":{\"@id\":\"https:\/\/all-car-news.com\/de\/mg5-electric-wird-das-der-hit-des-jahres\/\"},\"author\":{\"name\":\"\",\"@id\":\"\"},\"headline\":\"MG5 Electric: Wird das der Hit des Jahres?\",\"datePublished\":\"2022-02-16T12:34:14+00:00\",\"dateModified\":\"2022-02-21T11:31:15+00:00\",\"mainEntityOfPage\":{\"@id\":\"https:\/\/all-car-news.com\/de\/mg5-electric-wird-das-der-hit-des-jahres\/\"},\"wordCount\":806,\"commentCount\":0,\"publisher\":{\"@id\":\"https:\/\/all-car-news.com\/de\/#organization\"},\"articleSection\":[\"Auto Nachrichten\",\"Elektrisch\"],\"inLanguage\":\"de\",\"potentialAction\":[{\"@type\":\"CommentAction\",\"name\":\"Comment\",\"target\":[\"https:\/\/all-car-news.com\/de\/mg5-electric-wird-das-der-hit-des-jahres\/#respond\"]}]},{\"@type\":\"WebPage\",\"@id\":\"https:\/\/all-car-news.com\/de\/mg5-electric-wird-das-der-hit-des-jahres\/\",\"url\":\"https:\/\/all-car-news.com\/de\/mg5-electric-wird-das-der-hit-des-jahres\/\",\"name\":\"MG5 Electric: Wird das der Hit des Jahres? - All cars news\",\"isPartOf\":{\"@id\":\"https:\/\/all-car-news.com\/de\/#website\"},\"datePublished\":\"2022-02-16T12:34:14+00:00\",\"dateModified\":\"2022-02-21T11:31:15+00:00\",\"breadcrumb\":{\"@id\":\"https:\/\/all-car-news.com\/de\/mg5-electric-wird-das-der-hit-des-jahres\/#breadcrumb\"},\"inLanguage\":\"de\",\"potentialAction\":[{\"@type\":\"ReadAction\",\"target\":[\"https:\/\/all-car-news.com\/de\/mg5-electric-wird-das-der-hit-des-jahres\/\"]}]},{\"@type\":\"BreadcrumbList\",\"@id\":\"https:\/\/all-car-news.com\/de\/mg5-electric-wird-das-der-hit-des-jahres\/#breadcrumb\",\"itemListElement\":[{\"@type\":\"ListItem\",\"position\":1,\"name\":\"Home\",\"item\":\"https:\/\/all-car-news.com\/de\/\"},{\"@type\":\"ListItem\",\"position\":2,\"name\":\"MG5 Electric: Wird das der Hit des Jahres?\"}]},{\"@type\":\"WebSite\",\"@id\":\"https:\/\/all-car-news.com\/de\/#website\",\"url\":\"https:\/\/all-car-news.com\/de\/\",\"name\":\"All cars news\",\"description\":\"\",\"publisher\":{\"@id\":\"https:\/\/all-car-news.com\/de\/#organization\"},\"potentialAction\":[{\"@type\":\"SearchAction\",\"target\":{\"@type\":\"EntryPoint\",\"urlTemplate\":\"https:\/\/all-car-news.com\/de\/?s={search_term_string}\"},\"query-input\":\"required name=search_term_string\"}],\"inLanguage\":\"de\"},{\"@type\":\"Organization\",\"@id\":\"https:\/\/all-car-news.com\/de\/#organization\",\"name\":\"All cars news\",\"url\":\"https:\/\/all-car-news.com\/de\/\",\"logo\":{\"@type\":\"ImageObject\",\"inLanguage\":\"de\",\"@id\":\"https:\/\/all-car-news.com\/de\/#\/schema\/logo\/image\/\",\"url\":\"https:\/\/all-car-news.com\/wp-content\/uploads\/2022\/02\/CMYK-AllCarNews_LANDSCAPE_300px-1.png\",\"contentUrl\":\"https:\/\/all-car-news.com\/wp-content\/uploads\/2022\/02\/CMYK-AllCarNews_LANDSCAPE_300px-1.png\",\"width\":300,\"height\":100,\"caption\":\"All cars news\"},\"image\":{\"@id\":\"https:\/\/all-car-news.com\/de\/#\/schema\/logo\/image\/\"}}]}<\/script>\n<!-- \/ Yoast SEO plugin. -->","yoast_head_json":{"title":"MG5 Electric: Wird das der Hit des Jahres? - All cars news","robots":{"index":"index","follow":"follow","max-snippet":"max-snippet:-1","max-image-preview":"max-image-preview:large","max-video-preview":"max-video-preview:-1"},"canonical":"https:\/\/all-car-news.com\/de\/mg5-electric-wird-das-der-hit-des-jahres\/","og_locale":"de_DE","og_type":"article","og_title":"MG5 Electric: Wird das der Hit des Jahres? - All cars news","og_description":"Es ist ziemlich frustrierend, wenn Sie mit einem durchschnittlichen Einkommen ein lustiges, praktisches Elektroauto fahren m\u00f6chten. Schlie\u00dflich fallen viele neue Elektromodelle in h\u00f6here Klassen und sind f\u00fcr die breite Masse unerschwinglich. MG zielt mit vollelektrischen Modellen auf die Mittelklasse ab, die ein erstaunliches Preis-Leistungs-Verh\u00e4ltnis bieten. Meistens [\u2026]","og_url":"https:\/\/all-car-news.com\/de\/mg5-electric-wird-das-der-hit-des-jahres\/","og_site_name":"All cars news","article_published_time":"2022-02-16T12:34:14+00:00","article_modified_time":"2022-02-21T11:31:15+00:00","og_image":[{"width":1600,"height":938,"url":"https:\/\/all-car-news.com\/wp-content\/uploads\/2022\/02\/MG5-Electric-1.jpg","type":"image\/jpeg"}],"twitter_card":"summary_large_image","twitter_misc":{"Gesch\u00e4tzte Lesezeit":"4\u00a0Minuten"},"schema":{"@context":"https:\/\/schema.org","@graph":[{"@type":"Article","@id":"https:\/\/all-car-news.com\/de\/mg5-electric-wird-das-der-hit-des-jahres\/#article","isPartOf":{"@id":"https:\/\/all-car-news.com\/de\/mg5-electric-wird-das-der-hit-des-jahres\/"},"author":{"name":"","@id":""},"headline":"MG5 Electric: Wird das der Hit des Jahres?","datePublished":"2022-02-16T12:34:14+00:00","dateModified":"2022-02-21T11:31:15+00:00","mainEntityOfPage":{"@id":"https:\/\/all-car-news.com\/de\/mg5-electric-wird-das-der-hit-des-jahres\/"},"wordCount":806,"commentCount":0,"publisher":{"@id":"https:\/\/all-car-news.com\/de\/#organization"},"articleSection":["Auto Nachrichten","Elektrisch"],"inLanguage":"de","potentialAction":[{"@type":"CommentAction","name":"Comment","target":["https:\/\/all-car-news.com\/de\/mg5-electric-wird-das-der-hit-des-jahres\/#respond"]}]},{"@type":"WebPage","@id":"https:\/\/all-car-news.com\/de\/mg5-electric-wird-das-der-hit-des-jahres\/","url":"https:\/\/all-car-news.com\/de\/mg5-electric-wird-das-der-hit-des-jahres\/","name":"MG5 Electric: Wird das der Hit des Jahres? - All cars news","isPartOf":{"@id":"https:\/\/all-car-news.com\/de\/#website"},"datePublished":"2022-02-16T12:34:14+00:00","dateModified":"2022-02-21T11:31:15+00:00","breadcrumb":{"@id":"https:\/\/all-car-news.com\/de\/mg5-electric-wird-das-der-hit-des-jahres\/#breadcrumb"},"inLanguage":"de","potentialAction":[{"@type":"ReadAction","target":["https:\/\/all-car-news.com\/de\/mg5-electric-wird-das-der-hit-des-jahres\/"]}]},{"@type":"BreadcrumbList","@id":"https:\/\/all-car-news.com\/de\/mg5-electric-wird-das-der-hit-des-jahres\/#breadcrumb","itemListElement":[{"@type":"ListItem","position":1,"name":"Home","item":"https:\/\/all-car-news.com\/de\/"},{"@type":"ListItem","position":2,"name":"MG5 Electric: Wird das der Hit des Jahres?"}]},{"@type":"WebSite","@id":"https:\/\/all-car-news.com\/de\/#website","url":"https:\/\/all-car-news.com\/de\/","name":"All cars news","description":"","publisher":{"@id":"https:\/\/all-car-news.com\/de\/#organization"},"potentialAction":[{"@type":"SearchAction","target":{"@type":"EntryPoint","urlTemplate":"https:\/\/all-car-news.com\/de\/?s={search_term_string}"},"query-input":"required name=search_term_string"}],"inLanguage":"de"},{"@type":"Organization","@id":"https:\/\/all-car-news.com\/de\/#organization","name":"All cars news","url":"https:\/\/all-car-news.com\/de\/","logo":{"@type":"ImageObject","inLanguage":"de","@id":"https:\/\/all-car-news.com\/de\/#\/schema\/logo\/image\/","url":"https:\/\/all-car-news.com\/wp-content\/uploads\/2022\/02\/CMYK-AllCarNews_LANDSCAPE_300px-1.png","contentUrl":"https:\/\/all-car-news.com\/wp-content\/uploads\/2022\/02\/CMYK-AllCarNews_LANDSCAPE_300px-1.png","width":300,"height":100,"caption":"All cars news"},"image":{"@id":"https:\/\/all-car-news.com\/de\/#\/schema\/logo\/image\/"}}]}},"_links":{"self":[{"href":"https:\/\/all-car-news.com\/de\/wp-json\/wp\/v2\/posts\/116496","targetHints":{"allow":["GET"]}}],"collection":[{"href":"https:\/\/all-car-news.com\/de\/wp-json\/wp\/v2\/posts"}],"about":[{"href":"https:\/\/all-car-news.com\/de\/wp-json\/wp\/v2\/types\/post"}],"replies":[{"embeddable":true,"href":"https:\/\/all-car-news.com\/de\/wp-json\/wp\/v2\/comments?post=116496"}],"version-history":[{"count":0,"href":"https:\/\/all-car-news.com\/de\/wp-json\/wp\/v2\/posts\/116496\/revisions"}],"wp:featuredmedia":[{"embeddable":true,"href":"https:\/\/all-car-news.com\/de\/wp-json\/wp\/v2\/media\/116450"}],"wp:attachment":[{"href":"https:\/\/all-car-news.com\/de\/wp-json\/wp\/v2\/media?parent=116496"}],"wp:term":[{"taxonomy":"category","embeddable":true,"href":"https:\/\/all-car-news.com\/de\/wp-json\/wp\/v2\/categories?post=116496"},{"taxonomy":"post_tag","embeddable":true,"href":"https:\/\/all-car-news.com\/de\/wp-json\/wp\/v2\/tags?post=116496"}],"curies":[{"name":"wp","href":"https:\/\/api.w.org\/{rel}","templated":true}]}}