{"id":116297,"date":"2022-02-18T13:16:51","date_gmt":"2022-02-18T13:16:51","guid":{"rendered":"https:\/\/all-car-news.com\/dieser-porsche-hat-mehr-als-1000-ps\/"},"modified":"2022-02-18T13:16:51","modified_gmt":"2022-02-18T13:16:51","slug":"dieser-porsche-hat-mehr-als-1000-ps","status":"publish","type":"post","link":"https:\/\/all-car-news.com\/de\/dieser-porsche-hat-mehr-als-1000-ps\/","title":{"rendered":"Dieser Porsche hat mehr als 1000 PS"},"content":{"rendered":"<h2>Porsche 911 997 GT3<\/h2>\n<p>Der Porsche in der Anzeige ist eine Generation 997, die Porsche von 2004 bis 2012 produzierte. Der Einstiegs-911 hatte damals 345 PS und 390 Nm. Dieses spezielle Auto lief 2008 als wei\u00dfer GT3, die schnellere und sportlichere Variante des 911, mit 415 PS und 405 Nm vom Band.<\/p>\n<h2>9ff-Stimmung<\/h2>\n<p>Anscheinend waren 415 PS nicht genug, denn der Erstbesitzer brachte den Wagen zu 9ff, einem spezialisierten Porsche-Tuner in Dortmund. Dort wurde der 977 GT3 mit nicht weniger als zwei luftgek\u00fchlten Turbos ausgestattet, die die Leistung deutlich steigerten. Der letzte Besitzer hat die luftgek\u00fchlten Turbos durch wassergek\u00fchlte ersetzt, was zu beeindruckenden 1.050 PS und 1.100 Nm f\u00fchrte. Damit beschleunigt der Porsche innerhalb von 15 Sekunden auf 300 km\/h. Sie k\u00f6nnen die Leistung von 800 PS bei 1 bar Turbodruck bis 1050 PS bei 1,7 bar variieren. Laut Verk\u00e4ufer f\u00e4hrt sich dieses Auto wie ein <a href=\"https:\/\/autorai.nl\/autotest-porsche-911-gt3-2021-review\/\" target=\"_blank\" rel=\"noopener\">\u201enormaler\u201c GT3<\/a> . Das Beste daran ist, dass Sie mit einem manuellen 6-Gang-Getriebe selbst schalten k\u00f6nnen!<\/p>\n<h2>Porsche Sport Classic<\/h2>\n<p>Der letzte Besitzer hat auch das Aussehen modifiziert und das Auto in einen Sportklassiker verwandelt, eine spezielle Version des 997. Die \u00dcberarbeitung umfasst die originalen 19-Zoll-Sport Classic-R\u00e4der, den originalen Ducktail aus Kohlefaser und die originalen Streifen. Des Weiteren ist der Wagen in Sport Classic Grey lackiert und mit einer xPel-Folierung versehen.<\/p>\n<p><em>Der Text wird unter dem Bild fortgesetzt.<\/em><\/p>\n<div class=\"galery shuffle galery-0\">\n<figure>\n\t\t\t\t\t<span style=\"cursor: pointer\" data-src=\"https:\/\/autorai.nl\/wp-content\/uploads\/2022\/02\/14199855_60-1600x1063.jpg\" data-fancybox=\"galery-0\" title=\"\" itemscope=\"\" itemtype=\"https:\/\/schema.org\/ImageObject\"><br \/>\n\t\t\t\t\t\t\t<meta name=\"caption\" content=\"\"><img decoding=\"async\" width=\"640\" height=\"480\" src=\"https:\/\/autorai.nl\/wp-content\/uploads\/2022\/02\/14199855_60-640x480.jpg\" class=\"attachment-medium size-medium\" alt=\"Porsche 997 GT3 9ff voorkant\" loading=\"lazy\" itemprop=\"image\" srcset=\"https:\/\/autorai.nl\/wp-content\/uploads\/2022\/02\/14199855_60-640x480.jpg 640w, https:\/\/autorai.nl\/wp-content\/uploads\/2022\/02\/14199855_60-1280x960.jpg 1280w, https:\/\/autorai.nl\/wp-content\/uploads\/2022\/02\/14199855_60-240x180.jpg 240w, https:\/\/autorai.nl\/wp-content\/uploads\/2022\/02\/14199855_60-960x720.jpg 960w, https:\/\/autorai.nl\/wp-content\/uploads\/2022\/02\/14199855_60-360x270.jpg 360w\" sizes=\"auto, (max-width: 640px) 100vw, 640px\"><i class=\"fa fa-search-plus\" aria-hidden=\"true\"><\/i><br \/>\n\t\t\t\t\t\t<\/span><br \/>\n\t\t\t\t\t<\/figure>\n<figure>\n\t\t\t\t\t<span style=\"cursor: pointer\" data-src=\"https:\/\/autorai.nl\/wp-content\/uploads\/2022\/02\/14199855_21-1-1600x1063.jpg\" data-fancybox=\"galery-0\" title=\"\" itemscope=\"\" itemtype=\"https:\/\/schema.org\/ImageObject\"><br \/>\n\t\t\t\t\t\t\t<meta name=\"caption\" content=\"\"><img decoding=\"async\" width=\"360\" height=\"270\" src=\"https:\/\/autorai.nl\/wp-content\/uploads\/2022\/02\/14199855_21-1-360x270.jpg\" class=\"attachment-small size-small\" alt=\"Porsche 997 GT3 9ff zijkant\" loading=\"lazy\" itemprop=\"image\" srcset=\"https:\/\/autorai.nl\/wp-content\/uploads\/2022\/02\/14199855_21-1-360x270.jpg 360w, https:\/\/autorai.nl\/wp-content\/uploads\/2022\/02\/14199855_21-1-640x480.jpg 640w, https:\/\/autorai.nl\/wp-content\/uploads\/2022\/02\/14199855_21-1-1280x960.jpg 1280w, https:\/\/autorai.nl\/wp-content\/uploads\/2022\/02\/14199855_21-1-240x180.jpg 240w, https:\/\/autorai.nl\/wp-content\/uploads\/2022\/02\/14199855_21-1-960x720.jpg 960w\" sizes=\"auto, (max-width: 360px) 100vw, 360px\"><i class=\"fa fa-search-plus\" aria-hidden=\"true\"><\/i><br \/>\n\t\t\t\t\t\t<\/span><br \/>\n\t\t\t\t\t<\/figure>\n<figure>\n\t\t\t\t\t<span style=\"cursor: pointer\" data-src=\"https:\/\/autorai.nl\/wp-content\/uploads\/2022\/02\/14199855_59-1600x1063.jpg\" data-fancybox=\"galery-0\" title=\"\" itemscope=\"\" itemtype=\"https:\/\/schema.org\/ImageObject\"><br \/>\n\t\t\t\t\t\t\t<meta name=\"caption\" content=\"\"><img decoding=\"async\" width=\"360\" height=\"270\" src=\"https:\/\/autorai.nl\/wp-content\/uploads\/2022\/02\/14199855_59-360x270.jpg\" class=\"attachment-small size-small\" alt=\"Porsche 997 GT3 9ff achterkant\" loading=\"lazy\" itemprop=\"image\" srcset=\"https:\/\/autorai.nl\/wp-content\/uploads\/2022\/02\/14199855_59-360x270.jpg 360w, https:\/\/autorai.nl\/wp-content\/uploads\/2022\/02\/14199855_59-640x480.jpg 640w, https:\/\/autorai.nl\/wp-content\/uploads\/2022\/02\/14199855_59-1280x960.jpg 1280w, https:\/\/autorai.nl\/wp-content\/uploads\/2022\/02\/14199855_59-240x180.jpg 240w, https:\/\/autorai.nl\/wp-content\/uploads\/2022\/02\/14199855_59-960x720.jpg 960w\" sizes=\"auto, (max-width: 360px) 100vw, 360px\"><i class=\"fa fa-search-plus\" aria-hidden=\"true\"><\/i><br \/>\n\t\t\t\t\t\t<\/span><br \/>\n\t\t\t\t\t<\/figure>\n<div class=\"clear\"><\/div>\n<\/div>\n<h2>Der Preis<\/h2>\n<p>Dieser besondere 9ff Sport Classic mit 1.050 PS ist nicht billig. Um Besitzer dieses Porsche zu werden, zahlen Sie knapp 200.000 Euro an <a href=\"https:\/\/www.eenhuismanauto.nl\/occasions?url=https%3A%2F%2Fvoorraad.eenhuismanauto.nl%2Fporsche%2F911%2Fgt3-9ff-gturbo1000-1050pk1100nm-6-bak-sport-classic-one-off-compleet-nieuw-gebouwd-uniek-in-alle-opzichten%2F2008%2Focc14199855-f621715f%3Futm_source%3Dmarktplaats%26utm_medium%3Dreferral\" target=\"_blank\" rel=\"noopener\">Autobedrijf Huisman<\/a> in Beilen, Drenthe. Es macht einen Unterschied, dass das Auto vor kurzem eine gro\u00dfe Wartung bei 9ff hatte, was Ihnen die Kosten f\u00fcr den Austausch von Bremsbel\u00e4gen und -scheiben erspart.<\/p>\n<div class=\"galery shuffle galery-1\">\n<figure>\n\t\t\t\t\t<span style=\"cursor: pointer\" data-src=\"https:\/\/autorai.nl\/wp-content\/uploads\/2022\/02\/interieur1-1600x1063.jpg\" data-fancybox=\"galery-1\" title=\"\" itemscope=\"\" itemtype=\"https:\/\/schema.org\/ImageObject\"><br \/>\n\t\t\t\t\t\t\t<meta name=\"caption\" content=\"\"><img decoding=\"async\" width=\"640\" height=\"480\" src=\"https:\/\/autorai.nl\/wp-content\/uploads\/2022\/02\/interieur1-640x480.jpg\" class=\"attachment-medium size-medium\" alt=\"Porsche 997 GT3 9ff interieur\" loading=\"lazy\" itemprop=\"image\" srcset=\"https:\/\/autorai.nl\/wp-content\/uploads\/2022\/02\/interieur1-640x480.jpg 640w, https:\/\/autorai.nl\/wp-content\/uploads\/2022\/02\/interieur1-1280x960.jpg 1280w, https:\/\/autorai.nl\/wp-content\/uploads\/2022\/02\/interieur1-240x180.jpg 240w, https:\/\/autorai.nl\/wp-content\/uploads\/2022\/02\/interieur1-960x720.jpg 960w, https:\/\/autorai.nl\/wp-content\/uploads\/2022\/02\/interieur1-360x270.jpg 360w\" sizes=\"auto, (max-width: 640px) 100vw, 640px\"><i class=\"fa fa-search-plus\" aria-hidden=\"true\"><\/i><br \/>\n\t\t\t\t\t\t<\/span><br \/>\n\t\t\t\t\t<\/figure>\n<figure>\n\t\t\t\t\t<span style=\"cursor: pointer\" data-src=\"https:\/\/autorai.nl\/wp-content\/uploads\/2022\/02\/14199855_63-1-1600x1063.jpg\" data-fancybox=\"galery-1\" title=\"\" itemscope=\"\" itemtype=\"https:\/\/schema.org\/ImageObject\"><br \/>\n\t\t\t\t\t\t\t<meta name=\"caption\" content=\"\"><img decoding=\"async\" width=\"360\" height=\"270\" src=\"https:\/\/autorai.nl\/wp-content\/uploads\/2022\/02\/14199855_63-1-360x270.jpg\" class=\"attachment-small size-small\" alt=\"Porsche 997 GT3 9ff interieur2\" loading=\"lazy\" itemprop=\"image\" srcset=\"https:\/\/autorai.nl\/wp-content\/uploads\/2022\/02\/14199855_63-1-360x270.jpg 360w, https:\/\/autorai.nl\/wp-content\/uploads\/2022\/02\/14199855_63-1-640x480.jpg 640w, https:\/\/autorai.nl\/wp-content\/uploads\/2022\/02\/14199855_63-1-1280x960.jpg 1280w, https:\/\/autorai.nl\/wp-content\/uploads\/2022\/02\/14199855_63-1-240x180.jpg 240w, https:\/\/autorai.nl\/wp-content\/uploads\/2022\/02\/14199855_63-1-960x720.jpg 960w\" sizes=\"auto, (max-width: 360px) 100vw, 360px\"><i class=\"fa fa-search-plus\" aria-hidden=\"true\"><\/i><br \/>\n\t\t\t\t\t\t<\/span><br \/>\n\t\t\t\t\t<\/figure>\n<figure>\n\t\t\t\t\t<span style=\"cursor: pointer\" data-src=\"https:\/\/autorai.nl\/wp-content\/uploads\/2022\/02\/interieur2-1600x1063.jpg\" data-fancybox=\"galery-1\" title=\"\" itemscope=\"\" itemtype=\"https:\/\/schema.org\/ImageObject\"><br \/>\n\t\t\t\t\t\t\t<meta name=\"caption\" content=\"\"><img decoding=\"async\" width=\"360\" height=\"270\" src=\"https:\/\/autorai.nl\/wp-content\/uploads\/2022\/02\/interieur2-360x270.jpg\" class=\"attachment-small size-small\" alt=\"Porsche 997 GT3 9ff interieur3\" loading=\"lazy\" itemprop=\"image\" srcset=\"https:\/\/autorai.nl\/wp-content\/uploads\/2022\/02\/interieur2-360x270.jpg 360w, https:\/\/autorai.nl\/wp-content\/uploads\/2022\/02\/interieur2-640x480.jpg 640w, https:\/\/autorai.nl\/wp-content\/uploads\/2022\/02\/interieur2-1280x960.jpg 1280w, https:\/\/autorai.nl\/wp-content\/uploads\/2022\/02\/interieur2-240x180.jpg 240w, https:\/\/autorai.nl\/wp-content\/uploads\/2022\/02\/interieur2-960x720.jpg 960w\" sizes=\"auto, (max-width: 360px) 100vw, 360px\"><i class=\"fa fa-search-plus\" aria-hidden=\"true\"><\/i><br \/>\n\t\t\t\t\t\t<\/span><br \/>\n\t\t\t\t\t<\/figure>\n<figure>\n\t\t\t\t\t<span style=\"cursor: pointer\" data-src=\"https:\/\/autorai.nl\/wp-content\/uploads\/2022\/02\/14199855_50-1600x1063.jpg\" data-fancybox=\"galery-1\" title=\"\" itemscope=\"\" itemtype=\"https:\/\/schema.org\/ImageObject\"><br \/>\n\t\t\t\t\t\t\t<meta name=\"caption\" content=\"\"><img decoding=\"async\" width=\"640\" height=\"480\" src=\"https:\/\/autorai.nl\/wp-content\/uploads\/2022\/02\/14199855_50-640x480.jpg\" class=\"attachment-medium size-medium\" alt=\"Porsche 997 GT3 9ff achterkant\" loading=\"lazy\" itemprop=\"image\" srcset=\"https:\/\/autorai.nl\/wp-content\/uploads\/2022\/02\/14199855_50-640x480.jpg 640w, https:\/\/autorai.nl\/wp-content\/uploads\/2022\/02\/14199855_50-1280x960.jpg 1280w, https:\/\/autorai.nl\/wp-content\/uploads\/2022\/02\/14199855_50-240x180.jpg 240w, https:\/\/autorai.nl\/wp-content\/uploads\/2022\/02\/14199855_50-960x720.jpg 960w, https:\/\/autorai.nl\/wp-content\/uploads\/2022\/02\/14199855_50-360x270.jpg 360w\" sizes=\"auto, (max-width: 640px) 100vw, 640px\"><i class=\"fa fa-search-plus\" aria-hidden=\"true\"><\/i><br \/>\n\t\t\t\t\t\t<\/span><br \/>\n\t\t\t\t\t<\/figure>\n<figure>\n\t\t\t\t\t<span style=\"cursor: pointer\" data-src=\"https:\/\/autorai.nl\/wp-content\/uploads\/2022\/02\/14199855_44-1600x1063.jpg\" data-fancybox=\"galery-1\" title=\"\" itemscope=\"\" itemtype=\"https:\/\/schema.org\/ImageObject\"><br \/>\n\t\t\t\t\t\t\t<meta name=\"caption\" content=\"\"><img decoding=\"async\" width=\"360\" height=\"270\" src=\"https:\/\/autorai.nl\/wp-content\/uploads\/2022\/02\/14199855_44-360x270.jpg\" class=\"attachment-small size-small\" alt=\"Porsche 997 GT3 9ff velg\" loading=\"lazy\" itemprop=\"image\" srcset=\"https:\/\/autorai.nl\/wp-content\/uploads\/2022\/02\/14199855_44-360x270.jpg 360w, https:\/\/autorai.nl\/wp-content\/uploads\/2022\/02\/14199855_44-640x480.jpg 640w, https:\/\/autorai.nl\/wp-content\/uploads\/2022\/02\/14199855_44-1280x960.jpg 1280w, https:\/\/autorai.nl\/wp-content\/uploads\/2022\/02\/14199855_44-240x180.jpg 240w, https:\/\/autorai.nl\/wp-content\/uploads\/2022\/02\/14199855_44-960x720.jpg 960w\" sizes=\"auto, (max-width: 360px) 100vw, 360px\"><i class=\"fa fa-search-plus\" aria-hidden=\"true\"><\/i><br \/>\n\t\t\t\t\t\t<\/span><br \/>\n\t\t\t\t\t<\/figure>\n<figure>\n\t\t\t\t\t<span style=\"cursor: pointer\" data-src=\"https:\/\/autorai.nl\/wp-content\/uploads\/2022\/02\/14199855_69-1600x1063.jpg\" data-fancybox=\"galery-1\" title=\"\" itemscope=\"\" itemtype=\"https:\/\/schema.org\/ImageObject\"><br \/>\n\t\t\t\t\t\t\t<meta name=\"caption\" content=\"\"><img decoding=\"async\" width=\"360\" height=\"270\" src=\"https:\/\/autorai.nl\/wp-content\/uploads\/2022\/02\/14199855_69-360x270.jpg\" class=\"attachment-small size-small\" alt=\"Porsche 997 GT3 9ff motor\" loading=\"lazy\" itemprop=\"image\" srcset=\"https:\/\/autorai.nl\/wp-content\/uploads\/2022\/02\/14199855_69-360x270.jpg 360w, https:\/\/autorai.nl\/wp-content\/uploads\/2022\/02\/14199855_69-640x480.jpg 640w, https:\/\/autorai.nl\/wp-content\/uploads\/2022\/02\/14199855_69-1280x960.jpg 1280w, https:\/\/autorai.nl\/wp-content\/uploads\/2022\/02\/14199855_69-240x180.jpg 240w, https:\/\/autorai.nl\/wp-content\/uploads\/2022\/02\/14199855_69-960x720.jpg 960w\" sizes=\"auto, (max-width: 360px) 100vw, 360px\"><i class=\"fa fa-search-plus\" aria-hidden=\"true\"><\/i><br \/>\n\t\t\t\t\t\t<\/span><br \/>\n\t\t\t\t\t<\/figure>\n<div class=\"clear\"><\/div>\n<\/div>\n","protected":false},"excerpt":{"rendered":"Porsche 911 997 GT3 Der Porsche in der Anzeige stammt aus der Generation 997, die Porsche von 2004 bis 2012&hellip;","protected":false},"author":0,"featured_media":116155,"comment_status":"open","ping_status":"open","sticky":false,"template":"","format":"standard","meta":{"footnotes":""},"categories":[125,138],"tags":[],"class_list":["post-116297","post","type-post","status-publish","format-standard","has-post-thumbnail","hentry","category-auto-nachrichten","category-lebensstil-spas"],"acf":[],"yoast_head":"<!-- This site is optimized with the Yoast SEO plugin v21.2 - https:\/\/yoast.com\/wordpress\/plugins\/seo\/ -->\n<title>Dieser Porsche hat mehr als 1000 PS - All cars news<\/title>\n<meta name=\"robots\" content=\"index, follow, max-snippet:-1, max-image-preview:large, max-video-preview:-1\" \/>\n<link rel=\"canonical\" href=\"https:\/\/all-car-news.com\/de\/dieser-porsche-hat-mehr-als-1000-ps\/\" \/>\n<meta property=\"og:locale\" content=\"de_DE\" \/>\n<meta property=\"og:type\" content=\"article\" \/>\n<meta property=\"og:title\" content=\"Dieser Porsche hat mehr als 1000 PS - All cars news\" \/>\n<meta property=\"og:description\" content=\"Porsche 911 997 GT3 Der Porsche in der Anzeige stammt aus der Generation 997, die Porsche von 2004 bis 2012 produzierte. Der Einstiegs-911 hatte damals 345 PS und 390 Nm. Dieses besondere Auto lief 2008 als wei\u00dfer GT3 vom Band, die schnellere und sportlichere Variante des 911, mit 415 PS und [\u2026]\" \/>\n<meta property=\"og:url\" content=\"https:\/\/all-car-news.com\/de\/dieser-porsche-hat-mehr-als-1000-ps\/\" \/>\n<meta property=\"og:site_name\" content=\"All cars news\" \/>\n<meta property=\"article:published_time\" content=\"2022-02-18T13:16:51+00:00\" \/>\n<meta property=\"og:image\" content=\"https:\/\/all-car-news.com\/wp-content\/uploads\/2022\/02\/header.jpg\" \/>\n\t<meta property=\"og:image:width\" content=\"1920\" \/>\n\t<meta property=\"og:image:height\" content=\"1080\" \/>\n\t<meta property=\"og:image:type\" content=\"image\/jpeg\" \/>\n<meta name=\"twitter:card\" content=\"summary_large_image\" \/>\n<meta name=\"twitter:label1\" content=\"Gesch\u00e4tzte Lesezeit\" \/>\n\t<meta name=\"twitter:data1\" content=\"1\u00a0Minute\" \/>\n<script type=\"application\/ld+json\" class=\"yoast-schema-graph\">{\"@context\":\"https:\/\/schema.org\",\"@graph\":[{\"@type\":\"Article\",\"@id\":\"https:\/\/all-car-news.com\/de\/dieser-porsche-hat-mehr-als-1000-ps\/#article\",\"isPartOf\":{\"@id\":\"https:\/\/all-car-news.com\/de\/dieser-porsche-hat-mehr-als-1000-ps\/\"},\"author\":{\"name\":\"\",\"@id\":\"\"},\"headline\":\"Dieser Porsche hat mehr als 1000 PS\",\"datePublished\":\"2022-02-18T13:16:51+00:00\",\"dateModified\":\"2022-02-18T13:16:51+00:00\",\"mainEntityOfPage\":{\"@id\":\"https:\/\/all-car-news.com\/de\/dieser-porsche-hat-mehr-als-1000-ps\/\"},\"wordCount\":275,\"commentCount\":0,\"publisher\":{\"@id\":\"https:\/\/all-car-news.com\/de\/#organization\"},\"articleSection\":[\"Auto Nachrichten\",\"Lebensstil &amp; Spa\u00df\"],\"inLanguage\":\"de\",\"potentialAction\":[{\"@type\":\"CommentAction\",\"name\":\"Comment\",\"target\":[\"https:\/\/all-car-news.com\/de\/dieser-porsche-hat-mehr-als-1000-ps\/#respond\"]}]},{\"@type\":\"WebPage\",\"@id\":\"https:\/\/all-car-news.com\/de\/dieser-porsche-hat-mehr-als-1000-ps\/\",\"url\":\"https:\/\/all-car-news.com\/de\/dieser-porsche-hat-mehr-als-1000-ps\/\",\"name\":\"Dieser Porsche hat mehr als 1000 PS - All cars news\",\"isPartOf\":{\"@id\":\"https:\/\/all-car-news.com\/de\/#website\"},\"datePublished\":\"2022-02-18T13:16:51+00:00\",\"dateModified\":\"2022-02-18T13:16:51+00:00\",\"breadcrumb\":{\"@id\":\"https:\/\/all-car-news.com\/de\/dieser-porsche-hat-mehr-als-1000-ps\/#breadcrumb\"},\"inLanguage\":\"de\",\"potentialAction\":[{\"@type\":\"ReadAction\",\"target\":[\"https:\/\/all-car-news.com\/de\/dieser-porsche-hat-mehr-als-1000-ps\/\"]}]},{\"@type\":\"BreadcrumbList\",\"@id\":\"https:\/\/all-car-news.com\/de\/dieser-porsche-hat-mehr-als-1000-ps\/#breadcrumb\",\"itemListElement\":[{\"@type\":\"ListItem\",\"position\":1,\"name\":\"Home\",\"item\":\"https:\/\/all-car-news.com\/de\/\"},{\"@type\":\"ListItem\",\"position\":2,\"name\":\"Dieser Porsche hat mehr als 1000 PS\"}]},{\"@type\":\"WebSite\",\"@id\":\"https:\/\/all-car-news.com\/de\/#website\",\"url\":\"https:\/\/all-car-news.com\/de\/\",\"name\":\"All cars news\",\"description\":\"\",\"publisher\":{\"@id\":\"https:\/\/all-car-news.com\/de\/#organization\"},\"potentialAction\":[{\"@type\":\"SearchAction\",\"target\":{\"@type\":\"EntryPoint\",\"urlTemplate\":\"https:\/\/all-car-news.com\/de\/?s={search_term_string}\"},\"query-input\":\"required name=search_term_string\"}],\"inLanguage\":\"de\"},{\"@type\":\"Organization\",\"@id\":\"https:\/\/all-car-news.com\/de\/#organization\",\"name\":\"All cars news\",\"url\":\"https:\/\/all-car-news.com\/de\/\",\"logo\":{\"@type\":\"ImageObject\",\"inLanguage\":\"de\",\"@id\":\"https:\/\/all-car-news.com\/de\/#\/schema\/logo\/image\/\",\"url\":\"https:\/\/all-car-news.com\/wp-content\/uploads\/2022\/02\/CMYK-AllCarNews_LANDSCAPE_300px-1.png\",\"contentUrl\":\"https:\/\/all-car-news.com\/wp-content\/uploads\/2022\/02\/CMYK-AllCarNews_LANDSCAPE_300px-1.png\",\"width\":300,\"height\":100,\"caption\":\"All cars news\"},\"image\":{\"@id\":\"https:\/\/all-car-news.com\/de\/#\/schema\/logo\/image\/\"}}]}<\/script>\n<!-- \/ Yoast SEO plugin. -->","yoast_head_json":{"title":"Dieser Porsche hat mehr als 1000 PS - All cars news","robots":{"index":"index","follow":"follow","max-snippet":"max-snippet:-1","max-image-preview":"max-image-preview:large","max-video-preview":"max-video-preview:-1"},"canonical":"https:\/\/all-car-news.com\/de\/dieser-porsche-hat-mehr-als-1000-ps\/","og_locale":"de_DE","og_type":"article","og_title":"Dieser Porsche hat mehr als 1000 PS - All cars news","og_description":"Porsche 911 997 GT3 Der Porsche in der Anzeige stammt aus der Generation 997, die Porsche von 2004 bis 2012 produzierte. Der Einstiegs-911 hatte damals 345 PS und 390 Nm. Dieses besondere Auto lief 2008 als wei\u00dfer GT3 vom Band, die schnellere und sportlichere Variante des 911, mit 415 PS und [\u2026]","og_url":"https:\/\/all-car-news.com\/de\/dieser-porsche-hat-mehr-als-1000-ps\/","og_site_name":"All cars news","article_published_time":"2022-02-18T13:16:51+00:00","og_image":[{"width":1920,"height":1080,"url":"https:\/\/all-car-news.com\/wp-content\/uploads\/2022\/02\/header.jpg","type":"image\/jpeg"}],"twitter_card":"summary_large_image","twitter_misc":{"Gesch\u00e4tzte Lesezeit":"1\u00a0Minute"},"schema":{"@context":"https:\/\/schema.org","@graph":[{"@type":"Article","@id":"https:\/\/all-car-news.com\/de\/dieser-porsche-hat-mehr-als-1000-ps\/#article","isPartOf":{"@id":"https:\/\/all-car-news.com\/de\/dieser-porsche-hat-mehr-als-1000-ps\/"},"author":{"name":"","@id":""},"headline":"Dieser Porsche hat mehr als 1000 PS","datePublished":"2022-02-18T13:16:51+00:00","dateModified":"2022-02-18T13:16:51+00:00","mainEntityOfPage":{"@id":"https:\/\/all-car-news.com\/de\/dieser-porsche-hat-mehr-als-1000-ps\/"},"wordCount":275,"commentCount":0,"publisher":{"@id":"https:\/\/all-car-news.com\/de\/#organization"},"articleSection":["Auto Nachrichten","Lebensstil &amp; Spa\u00df"],"inLanguage":"de","potentialAction":[{"@type":"CommentAction","name":"Comment","target":["https:\/\/all-car-news.com\/de\/dieser-porsche-hat-mehr-als-1000-ps\/#respond"]}]},{"@type":"WebPage","@id":"https:\/\/all-car-news.com\/de\/dieser-porsche-hat-mehr-als-1000-ps\/","url":"https:\/\/all-car-news.com\/de\/dieser-porsche-hat-mehr-als-1000-ps\/","name":"Dieser Porsche hat mehr als 1000 PS - All cars news","isPartOf":{"@id":"https:\/\/all-car-news.com\/de\/#website"},"datePublished":"2022-02-18T13:16:51+00:00","dateModified":"2022-02-18T13:16:51+00:00","breadcrumb":{"@id":"https:\/\/all-car-news.com\/de\/dieser-porsche-hat-mehr-als-1000-ps\/#breadcrumb"},"inLanguage":"de","potentialAction":[{"@type":"ReadAction","target":["https:\/\/all-car-news.com\/de\/dieser-porsche-hat-mehr-als-1000-ps\/"]}]},{"@type":"BreadcrumbList","@id":"https:\/\/all-car-news.com\/de\/dieser-porsche-hat-mehr-als-1000-ps\/#breadcrumb","itemListElement":[{"@type":"ListItem","position":1,"name":"Home","item":"https:\/\/all-car-news.com\/de\/"},{"@type":"ListItem","position":2,"name":"Dieser Porsche hat mehr als 1000 PS"}]},{"@type":"WebSite","@id":"https:\/\/all-car-news.com\/de\/#website","url":"https:\/\/all-car-news.com\/de\/","name":"All cars news","description":"","publisher":{"@id":"https:\/\/all-car-news.com\/de\/#organization"},"potentialAction":[{"@type":"SearchAction","target":{"@type":"EntryPoint","urlTemplate":"https:\/\/all-car-news.com\/de\/?s={search_term_string}"},"query-input":"required name=search_term_string"}],"inLanguage":"de"},{"@type":"Organization","@id":"https:\/\/all-car-news.com\/de\/#organization","name":"All cars news","url":"https:\/\/all-car-news.com\/de\/","logo":{"@type":"ImageObject","inLanguage":"de","@id":"https:\/\/all-car-news.com\/de\/#\/schema\/logo\/image\/","url":"https:\/\/all-car-news.com\/wp-content\/uploads\/2022\/02\/CMYK-AllCarNews_LANDSCAPE_300px-1.png","contentUrl":"https:\/\/all-car-news.com\/wp-content\/uploads\/2022\/02\/CMYK-AllCarNews_LANDSCAPE_300px-1.png","width":300,"height":100,"caption":"All cars news"},"image":{"@id":"https:\/\/all-car-news.com\/de\/#\/schema\/logo\/image\/"}}]}},"_links":{"self":[{"href":"https:\/\/all-car-news.com\/de\/wp-json\/wp\/v2\/posts\/116297","targetHints":{"allow":["GET"]}}],"collection":[{"href":"https:\/\/all-car-news.com\/de\/wp-json\/wp\/v2\/posts"}],"about":[{"href":"https:\/\/all-car-news.com\/de\/wp-json\/wp\/v2\/types\/post"}],"replies":[{"embeddable":true,"href":"https:\/\/all-car-news.com\/de\/wp-json\/wp\/v2\/comments?post=116297"}],"version-history":[{"count":0,"href":"https:\/\/all-car-news.com\/de\/wp-json\/wp\/v2\/posts\/116297\/revisions"}],"wp:featuredmedia":[{"embeddable":true,"href":"https:\/\/all-car-news.com\/de\/wp-json\/wp\/v2\/media\/116155"}],"wp:attachment":[{"href":"https:\/\/all-car-news.com\/de\/wp-json\/wp\/v2\/media?parent=116297"}],"wp:term":[{"taxonomy":"category","embeddable":true,"href":"https:\/\/all-car-news.com\/de\/wp-json\/wp\/v2\/categories?post=116297"},{"taxonomy":"post_tag","embeddable":true,"href":"https:\/\/all-car-news.com\/de\/wp-json\/wp\/v2\/tags?post=116297"}],"curies":[{"name":"wp","href":"https:\/\/api.w.org\/{rel}","templated":true}]}}