{"id":116291,"date":"2022-02-18T13:04:04","date_gmt":"2022-02-18T13:04:04","guid":{"rendered":"https:\/\/all-car-news.com\/bmw-motorrad-enthuellt-r18m-und-r18-aurora\/"},"modified":"2022-02-18T13:04:04","modified_gmt":"2022-02-18T13:04:04","slug":"bmw-motorrad-enthuellt-r18m-und-r18-aurora","status":"publish","type":"post","link":"https:\/\/all-car-news.com\/de\/bmw-motorrad-enthuellt-r18m-und-r18-aurora\/","title":{"rendered":"BMW Motorrad enth\u00fcllt R18M und R18 Aurora"},"content":{"rendered":"<h2>Verona Bike Expo<\/h2>\n<p>Die Verona Motor Bike Expo war die perfekte B\u00fchne, um italienischen und europ\u00e4ischen Enthusiasten zwei exklusive Motorrad-Custom-Projekte auf Basis der BMW R 18 vorzustellen. Die Motoren sind das Ergebnis der Zusammenarbeit von BMW Motorrad Italien und seinem H\u00e4ndlernetz. Der R18M ist ein Projekt, das von der italienischen Zeitschrift LowRide entwickelt und von American Dreams kreiert wurde, und der R18 Aurora wurde von Garage 221 im Auftrag von BMW Motorrad Roma kreiert.<\/p>\n<h2>BMW R18M<\/h2>\n<p>Den Buchstaben \u201eM\u201c erhalten nur sportliche BMW Produkte. Fr\u00fcher nur an Autos, doch seit kurzem darf das <a href=\"https:\/\/motorrai.nl\/motortest-bmw-m-1000-rr-2021\/\" target=\"_blank\" rel=\"noopener\">erste Motorrad<\/a> den Buchstaben tragen. Der R18M entstand aus der Idee heraus, dem BMW Cruiser ein schlankeres und sportlicheres Aussehen zu verleihen, ohne Schnickschnack, aber mit den Retro-Linien des R18. \u201eIm R18M-Design finden wir Anregungen aus der Tradition von BMW Motorrad und Bez\u00fcge zu den Vierr\u00e4dern: M steht f\u00fcr Motorsport\u201c, beschrieb LowRide-Direktor Giuseppe Roncen das Projekt. Das Fahrrad ist leichter und hat eine andere Sitzposition, was f\u00fcr ein angenehmeres Fahrgef\u00fchl sorgen soll. Au\u00dferdem hat sich bis auf den Auspuff nichts am Motor ver\u00e4ndert. Der R18M ist eindeutig an den drei M-Farben zu erkennen, die die wei\u00dfe und die schwarze Seite trennen. Das <a href=\"https:\/\/autorai.nl\/retro-m-logos-op-jouw-nieuwe-bmw\/\" target=\"_blank\" rel=\"noopener\">alte M-Logo<\/a> rundet das sportliche Retro-Image ab.<\/p>\n<p><em>Der Text wird unter den Bildern fortgesetzt<\/em><\/p>\n<div class=\"galery shuffle galery-24471\">\n<figure>\n\t\t\t<a href=\"https:\/\/motorrai.nl\/wp-content\/uploads\/2022\/01\/bmw-r-18-m-5.jpg\" data-fancybox=\"galery-24471\" title=\"\" itemscope=\"\" itemtype=\"https:\/\/schema.org\/ImageObject\"><br \/>\n\t\t\t\t<meta name=\"caption\" content=\"\"><img decoding=\"async\" src=\"https:\/\/motorrai.nl\/wp-content\/uploads\/2022\/01\/bmw-r-18-m-5-640x480.jpg\" sizes=\"(min-width:992px) 760px, 100vw\" srcset=\"https:\/\/motorrai.nl\/wp-content\/uploads\/2022\/01\/bmw-r-18-m-5-640x480.jpg 640w, https:\/\/motorrai.nl\/wp-content\/uploads\/2022\/01\/bmw-r-18-m-5-960x720.jpg 960w\" alt=\"\" itemprop=\"image\"><i class=\"fa fa-search-plus\" aria-hidden=\"true\"><\/i><br \/>\n\t\t\t<\/a><br \/>\n\t\t<\/figure>\n<figure>\n\t\t\t<a href=\"https:\/\/motorrai.nl\/wp-content\/uploads\/2022\/01\/bmw-r-18-m-6.jpg\" data-fancybox=\"galery-24471\" title=\"\" itemscope=\"\" itemtype=\"https:\/\/schema.org\/ImageObject\"><br \/>\n\t\t\t\t<meta name=\"caption\" content=\"\"><img decoding=\"async\" src=\"https:\/\/motorrai.nl\/wp-content\/uploads\/2022\/01\/bmw-r-18-m-6-360x270.jpg\" sizes=\"(min-width:992px) 380px, 50vw\" srcset=\"https:\/\/motorrai.nl\/wp-content\/uploads\/2022\/01\/bmw-r-18-m-6-360x270.jpg 360w, https:\/\/motorrai.nl\/wp-content\/uploads\/2022\/01\/bmw-r-18-m-6-640x480.jpg 640w,  \" alt=\"\" itemprop=\"image\"><i class=\"fa fa-search-plus\" aria-hidden=\"true\"><\/i><br \/>\n\t\t\t<\/a><br \/>\n\t\t<\/figure>\n<figure>\n\t\t\t<a href=\"https:\/\/motorrai.nl\/wp-content\/uploads\/2022\/01\/bmw-r-18-m-2.jpg\" data-fancybox=\"galery-24471\" title=\"\" itemscope=\"\" itemtype=\"https:\/\/schema.org\/ImageObject\"><br \/>\n\t\t\t\t<meta name=\"caption\" content=\"\"><img decoding=\"async\" src=\"https:\/\/motorrai.nl\/wp-content\/uploads\/2022\/01\/bmw-r-18-m-2-360x270.jpg\" sizes=\"(min-width:992px) 380px, 50vw\" srcset=\"https:\/\/motorrai.nl\/wp-content\/uploads\/2022\/01\/bmw-r-18-m-2-360x270.jpg 360w, https:\/\/motorrai.nl\/wp-content\/uploads\/2022\/01\/bmw-r-18-m-2-640x480.jpg 640w,  \" alt=\"\" itemprop=\"image\"><i class=\"fa fa-search-plus\" aria-hidden=\"true\"><\/i><br \/>\n\t\t\t<\/a><br \/>\n\t\t<\/figure>\n<figure>\n\t\t\t<a href=\"https:\/\/motorrai.nl\/wp-content\/uploads\/2022\/01\/bmw-r-18-m-3.jpg\" data-fancybox=\"galery-24471\" title=\"\" itemscope=\"\" itemtype=\"https:\/\/schema.org\/ImageObject\"><br \/>\n\t\t\t\t<meta name=\"caption\" content=\"\"><img decoding=\"async\" src=\"https:\/\/motorrai.nl\/wp-content\/uploads\/2022\/01\/bmw-r-18-m-3-640x480.jpg\" sizes=\"(min-width:992px) 760px, 100vw\" srcset=\"https:\/\/motorrai.nl\/wp-content\/uploads\/2022\/01\/bmw-r-18-m-3-640x480.jpg 640w, https:\/\/motorrai.nl\/wp-content\/uploads\/2022\/01\/bmw-r-18-m-3-960x720.jpg 960w\" alt=\"\" itemprop=\"image\"><i class=\"fa fa-search-plus\" aria-hidden=\"true\"><\/i><br \/>\n\t\t\t<\/a><br \/>\n\t\t<\/figure>\n<figure>\n\t\t\t<a href=\"https:\/\/motorrai.nl\/wp-content\/uploads\/2022\/01\/bmw-r-18-m-4.jpg\" data-fancybox=\"galery-24471\" title=\"\" itemscope=\"\" itemtype=\"https:\/\/schema.org\/ImageObject\"><br \/>\n\t\t\t\t<meta name=\"caption\" content=\"\"><img decoding=\"async\" src=\"https:\/\/motorrai.nl\/wp-content\/uploads\/2022\/01\/bmw-r-18-m-4-360x270.jpg\" sizes=\"(min-width:992px) 380px, 50vw\" srcset=\"https:\/\/motorrai.nl\/wp-content\/uploads\/2022\/01\/bmw-r-18-m-4-360x270.jpg 360w, https:\/\/motorrai.nl\/wp-content\/uploads\/2022\/01\/bmw-r-18-m-4-640x480.jpg 640w,  \" alt=\"\" itemprop=\"image\"><i class=\"fa fa-search-plus\" aria-hidden=\"true\"><\/i><br \/>\n\t\t\t<\/a><br \/>\n\t\t<\/figure>\n<figure>\n\t\t\t<a href=\"https:\/\/motorrai.nl\/wp-content\/uploads\/2022\/01\/bmw-r-18-m-1.jpg\" data-fancybox=\"galery-24471\" title=\"\" itemscope=\"\" itemtype=\"https:\/\/schema.org\/ImageObject\"><br \/>\n\t\t\t\t<meta name=\"caption\" content=\"\"><img decoding=\"async\" src=\"https:\/\/motorrai.nl\/wp-content\/uploads\/2022\/01\/bmw-r-18-m-1-360x270.jpg\" sizes=\"(min-width:992px) 380px, 50vw\" srcset=\"https:\/\/motorrai.nl\/wp-content\/uploads\/2022\/01\/bmw-r-18-m-1-360x270.jpg 360w, https:\/\/motorrai.nl\/wp-content\/uploads\/2022\/01\/bmw-r-18-m-1-640x480.jpg 640w,  \" alt=\"\" itemprop=\"image\"><i class=\"fa fa-search-plus\" aria-hidden=\"true\"><\/i><br \/>\n\t\t\t<\/a><br \/>\n\t\t<\/figure>\n<div class=\"clear\"><\/div>\n<\/div>\n<h2>BMW R18 Aurora<\/h2>\n<p>Der andere Custom R18 stammt von den Erbauern von Garage 221. Sie bevorzugen die klassische Seite. Diese Auswahl wird durch die Verwendung von Teilen aus anderen BMW-Modellen noch unterstrichen. Der Sattel ist zum Beispiel vom 1200 C aus dem Jahr 2005. Au\u00dferdem wurden Teile von einer 1982er R100 verwendet und ein Teil des Hilfsrahmens stammt von einer 1991er K75. Als Farbinspiration diente der RT100. Sch\u00f6nes Detail ist der \u00d6lk\u00fchler des R18 Aurora, bei dem die bekannten Nieren der BMW-Autos als Inspiration dienen.<\/p>\n<div class=\"galery shuffle galery-24471\">\n<figure>\n\t\t\t<a href=\"https:\/\/motorrai.nl\/wp-content\/uploads\/2022\/01\/bmw-r-18-aurora-1.jpg\" data-fancybox=\"galery-24471\" title=\"\" itemscope=\"\" itemtype=\"https:\/\/schema.org\/ImageObject\"><br \/>\n\t\t\t\t<meta name=\"caption\" content=\"\"><img decoding=\"async\" src=\"https:\/\/motorrai.nl\/wp-content\/uploads\/2022\/01\/bmw-r-18-aurora-1-640x480.jpg\" sizes=\"(min-width:992px) 760px, 100vw\" srcset=\"https:\/\/motorrai.nl\/wp-content\/uploads\/2022\/01\/bmw-r-18-aurora-1-640x480.jpg 640w, https:\/\/motorrai.nl\/wp-content\/uploads\/2022\/01\/bmw-r-18-aurora-1-960x720.jpg 960w\" alt=\"\" itemprop=\"image\"><i class=\"fa fa-search-plus\" aria-hidden=\"true\"><\/i><br \/>\n\t\t\t<\/a><br \/>\n\t\t<\/figure>\n<figure>\n\t\t\t<a href=\"https:\/\/motorrai.nl\/wp-content\/uploads\/2022\/01\/bmw-r-18-aurora-2.jpg\" data-fancybox=\"galery-24471\" title=\"\" itemscope=\"\" itemtype=\"https:\/\/schema.org\/ImageObject\"><br \/>\n\t\t\t\t<meta name=\"caption\" content=\"\"><img decoding=\"async\" src=\"https:\/\/motorrai.nl\/wp-content\/uploads\/2022\/01\/bmw-r-18-aurora-2-360x270.jpg\" sizes=\"(min-width:992px) 380px, 50vw\" srcset=\"https:\/\/motorrai.nl\/wp-content\/uploads\/2022\/01\/bmw-r-18-aurora-2-360x270.jpg 360w, https:\/\/motorrai.nl\/wp-content\/uploads\/2022\/01\/bmw-r-18-aurora-2-640x480.jpg 640w,  \" alt=\"\" itemprop=\"image\"><i class=\"fa fa-search-plus\" aria-hidden=\"true\"><\/i><br \/>\n\t\t\t<\/a><br \/>\n\t\t<\/figure>\n<figure>\n\t\t\t<a href=\"https:\/\/motorrai.nl\/wp-content\/uploads\/2022\/01\/bmw-r-18-aurora-3.jpg\" data-fancybox=\"galery-24471\" title=\"\" itemscope=\"\" itemtype=\"https:\/\/schema.org\/ImageObject\"><br \/>\n\t\t\t\t<meta name=\"caption\" content=\"\"><img decoding=\"async\" src=\"https:\/\/motorrai.nl\/wp-content\/uploads\/2022\/01\/bmw-r-18-aurora-3-360x270.jpg\" sizes=\"(min-width:992px) 380px, 50vw\" srcset=\"https:\/\/motorrai.nl\/wp-content\/uploads\/2022\/01\/bmw-r-18-aurora-3-360x270.jpg 360w, https:\/\/motorrai.nl\/wp-content\/uploads\/2022\/01\/bmw-r-18-aurora-3-640x480.jpg 640w,  \" alt=\"\" itemprop=\"image\"><i class=\"fa fa-search-plus\" aria-hidden=\"true\"><\/i><br \/>\n\t\t\t<\/a><br \/>\n\t\t<\/figure>\n<figure>\n\t\t\t<a href=\"https:\/\/motorrai.nl\/wp-content\/uploads\/2022\/01\/bmw-r-18-aurora-4.jpg\" data-fancybox=\"galery-24471\" title=\"\" itemscope=\"\" itemtype=\"https:\/\/schema.org\/ImageObject\"><br \/>\n\t\t\t\t<meta name=\"caption\" content=\"\"><img decoding=\"async\" src=\"https:\/\/motorrai.nl\/wp-content\/uploads\/2022\/01\/bmw-r-18-aurora-4-640x480.jpg\" sizes=\"(min-width:992px) 760px, 100vw\" srcset=\"https:\/\/motorrai.nl\/wp-content\/uploads\/2022\/01\/bmw-r-18-aurora-4-640x480.jpg 640w, https:\/\/motorrai.nl\/wp-content\/uploads\/2022\/01\/bmw-r-18-aurora-4-960x720.jpg 960w\" alt=\"\" itemprop=\"image\"><i class=\"fa fa-search-plus\" aria-hidden=\"true\"><\/i><br \/>\n\t\t\t<\/a><br \/>\n\t\t<\/figure>\n<figure>\n\t\t\t<a href=\"https:\/\/motorrai.nl\/wp-content\/uploads\/2022\/01\/bmw-r-18-aurora-5.jpg\" data-fancybox=\"galery-24471\" title=\"\" itemscope=\"\" itemtype=\"https:\/\/schema.org\/ImageObject\"><br \/>\n\t\t\t\t<meta name=\"caption\" content=\"\"><img decoding=\"async\" src=\"https:\/\/motorrai.nl\/wp-content\/uploads\/2022\/01\/bmw-r-18-aurora-5-360x270.jpg\" sizes=\"(min-width:992px) 380px, 50vw\" srcset=\"https:\/\/motorrai.nl\/wp-content\/uploads\/2022\/01\/bmw-r-18-aurora-5-360x270.jpg 360w, https:\/\/motorrai.nl\/wp-content\/uploads\/2022\/01\/bmw-r-18-aurora-5-640x480.jpg 640w,  \" alt=\"\" itemprop=\"image\"><i class=\"fa fa-search-plus\" aria-hidden=\"true\"><\/i><br \/>\n\t\t\t<\/a><br \/>\n\t\t<\/figure>\n<figure>\n\t\t\t<a href=\"https:\/\/motorrai.nl\/wp-content\/uploads\/2022\/01\/bmw-r-18-aurora-6.jpg\" data-fancybox=\"galery-24471\" title=\"\" itemscope=\"\" itemtype=\"https:\/\/schema.org\/ImageObject\"><br \/>\n\t\t\t\t<meta name=\"caption\" content=\"\"><img decoding=\"async\" src=\"https:\/\/motorrai.nl\/wp-content\/uploads\/2022\/01\/bmw-r-18-aurora-6-360x270.jpg\" sizes=\"(min-width:992px) 380px, 50vw\" srcset=\"https:\/\/motorrai.nl\/wp-content\/uploads\/2022\/01\/bmw-r-18-aurora-6-360x270.jpg 360w, https:\/\/motorrai.nl\/wp-content\/uploads\/2022\/01\/bmw-r-18-aurora-6-640x480.jpg 640w,  \" alt=\"\" itemprop=\"image\"><i class=\"fa fa-search-plus\" aria-hidden=\"true\"><\/i><br \/>\n\t\t\t<\/a><br \/>\n\t\t<\/figure>\n<div class=\"clear\"><\/div>\n<\/div>\n<p>&nbsp;<\/p>\n","protected":false},"excerpt":{"rendered":"Verona Bike Expo Die Verona Motor Bike Expo war die perfekte B\u00fchne, um italienischen und europ\u00e4ischen Enthusiasten zwei exklusive Motorrad-Custom-Projekte&hellip;","protected":false},"author":0,"featured_media":116143,"comment_status":"open","ping_status":"open","sticky":false,"template":"","format":"standard","meta":{"footnotes":""},"categories":[125],"tags":[],"class_list":["post-116291","post","type-post","status-publish","format-standard","has-post-thumbnail","hentry","category-auto-nachrichten"],"acf":[],"yoast_head":"<!-- This site is optimized with the Yoast SEO plugin v21.2 - https:\/\/yoast.com\/wordpress\/plugins\/seo\/ -->\n<title>BMW Motorrad enth\u00fcllt R18M und R18 Aurora - All cars news<\/title>\n<meta name=\"robots\" content=\"index, follow, max-snippet:-1, max-image-preview:large, max-video-preview:-1\" \/>\n<link rel=\"canonical\" href=\"https:\/\/all-car-news.com\/de\/bmw-motorrad-enthuellt-r18m-und-r18-aurora\/\" \/>\n<meta property=\"og:locale\" content=\"de_DE\" \/>\n<meta property=\"og:type\" content=\"article\" \/>\n<meta property=\"og:title\" content=\"BMW Motorrad enth\u00fcllt R18M und R18 Aurora - All cars news\" \/>\n<meta property=\"og:description\" content=\"Verona Bike Expo Die Verona Motor Bike Expo war die perfekte B\u00fchne, um italienischen und europ\u00e4ischen Enthusiasten zwei exklusive Motorrad-Custom-Projekte auf Basis der BMW R 18 zu pr\u00e4sentieren. Die Motoren sind das Ergebnis der Zusammenarbeit von BMW Motorrad Italien und seinem H\u00e4ndlernetz. Der R18M ist ein Projekt, das von der italienischen [\u2026]\" \/>\n<meta property=\"og:url\" content=\"https:\/\/all-car-news.com\/de\/bmw-motorrad-enthuellt-r18m-und-r18-aurora\/\" \/>\n<meta property=\"og:site_name\" content=\"All cars news\" \/>\n<meta property=\"article:published_time\" content=\"2022-02-18T13:04:04+00:00\" \/>\n<meta property=\"og:image\" content=\"https:\/\/all-car-news.com\/wp-content\/uploads\/2022\/01\/header.jpg\" \/>\n\t<meta property=\"og:image:width\" content=\"1920\" \/>\n\t<meta property=\"og:image:height\" content=\"1080\" \/>\n\t<meta property=\"og:image:type\" content=\"image\/jpeg\" \/>\n<meta name=\"twitter:card\" content=\"summary_large_image\" \/>\n<meta name=\"twitter:label1\" content=\"Gesch\u00e4tzte Lesezeit\" \/>\n\t<meta name=\"twitter:data1\" content=\"2\u00a0Minuten\" \/>\n<script type=\"application\/ld+json\" class=\"yoast-schema-graph\">{\"@context\":\"https:\/\/schema.org\",\"@graph\":[{\"@type\":\"Article\",\"@id\":\"https:\/\/all-car-news.com\/de\/bmw-motorrad-enthuellt-r18m-und-r18-aurora\/#article\",\"isPartOf\":{\"@id\":\"https:\/\/all-car-news.com\/de\/bmw-motorrad-enthuellt-r18m-und-r18-aurora\/\"},\"author\":{\"name\":\"\",\"@id\":\"\"},\"headline\":\"BMW Motorrad enth\u00fcllt R18M und R18 Aurora\",\"datePublished\":\"2022-02-18T13:04:04+00:00\",\"dateModified\":\"2022-02-18T13:04:04+00:00\",\"mainEntityOfPage\":{\"@id\":\"https:\/\/all-car-news.com\/de\/bmw-motorrad-enthuellt-r18m-und-r18-aurora\/\"},\"wordCount\":319,\"commentCount\":0,\"publisher\":{\"@id\":\"https:\/\/all-car-news.com\/de\/#organization\"},\"articleSection\":[\"Auto Nachrichten\"],\"inLanguage\":\"de\",\"potentialAction\":[{\"@type\":\"CommentAction\",\"name\":\"Comment\",\"target\":[\"https:\/\/all-car-news.com\/de\/bmw-motorrad-enthuellt-r18m-und-r18-aurora\/#respond\"]}]},{\"@type\":\"WebPage\",\"@id\":\"https:\/\/all-car-news.com\/de\/bmw-motorrad-enthuellt-r18m-und-r18-aurora\/\",\"url\":\"https:\/\/all-car-news.com\/de\/bmw-motorrad-enthuellt-r18m-und-r18-aurora\/\",\"name\":\"BMW Motorrad enth\u00fcllt R18M und R18 Aurora - All cars news\",\"isPartOf\":{\"@id\":\"https:\/\/all-car-news.com\/de\/#website\"},\"datePublished\":\"2022-02-18T13:04:04+00:00\",\"dateModified\":\"2022-02-18T13:04:04+00:00\",\"breadcrumb\":{\"@id\":\"https:\/\/all-car-news.com\/de\/bmw-motorrad-enthuellt-r18m-und-r18-aurora\/#breadcrumb\"},\"inLanguage\":\"de\",\"potentialAction\":[{\"@type\":\"ReadAction\",\"target\":[\"https:\/\/all-car-news.com\/de\/bmw-motorrad-enthuellt-r18m-und-r18-aurora\/\"]}]},{\"@type\":\"BreadcrumbList\",\"@id\":\"https:\/\/all-car-news.com\/de\/bmw-motorrad-enthuellt-r18m-und-r18-aurora\/#breadcrumb\",\"itemListElement\":[{\"@type\":\"ListItem\",\"position\":1,\"name\":\"Home\",\"item\":\"https:\/\/all-car-news.com\/de\/\"},{\"@type\":\"ListItem\",\"position\":2,\"name\":\"BMW Motorrad enth\u00fcllt R18M und R18 Aurora\"}]},{\"@type\":\"WebSite\",\"@id\":\"https:\/\/all-car-news.com\/de\/#website\",\"url\":\"https:\/\/all-car-news.com\/de\/\",\"name\":\"All cars news\",\"description\":\"\",\"publisher\":{\"@id\":\"https:\/\/all-car-news.com\/de\/#organization\"},\"potentialAction\":[{\"@type\":\"SearchAction\",\"target\":{\"@type\":\"EntryPoint\",\"urlTemplate\":\"https:\/\/all-car-news.com\/de\/?s={search_term_string}\"},\"query-input\":\"required name=search_term_string\"}],\"inLanguage\":\"de\"},{\"@type\":\"Organization\",\"@id\":\"https:\/\/all-car-news.com\/de\/#organization\",\"name\":\"All cars news\",\"url\":\"https:\/\/all-car-news.com\/de\/\",\"logo\":{\"@type\":\"ImageObject\",\"inLanguage\":\"de\",\"@id\":\"https:\/\/all-car-news.com\/de\/#\/schema\/logo\/image\/\",\"url\":\"https:\/\/all-car-news.com\/wp-content\/uploads\/2022\/02\/CMYK-AllCarNews_LANDSCAPE_300px-1.png\",\"contentUrl\":\"https:\/\/all-car-news.com\/wp-content\/uploads\/2022\/02\/CMYK-AllCarNews_LANDSCAPE_300px-1.png\",\"width\":300,\"height\":100,\"caption\":\"All cars news\"},\"image\":{\"@id\":\"https:\/\/all-car-news.com\/de\/#\/schema\/logo\/image\/\"}}]}<\/script>\n<!-- \/ Yoast SEO plugin. -->","yoast_head_json":{"title":"BMW Motorrad enth\u00fcllt R18M und R18 Aurora - All cars news","robots":{"index":"index","follow":"follow","max-snippet":"max-snippet:-1","max-image-preview":"max-image-preview:large","max-video-preview":"max-video-preview:-1"},"canonical":"https:\/\/all-car-news.com\/de\/bmw-motorrad-enthuellt-r18m-und-r18-aurora\/","og_locale":"de_DE","og_type":"article","og_title":"BMW Motorrad enth\u00fcllt R18M und R18 Aurora - All cars news","og_description":"Verona Bike Expo Die Verona Motor Bike Expo war die perfekte B\u00fchne, um italienischen und europ\u00e4ischen Enthusiasten zwei exklusive Motorrad-Custom-Projekte auf Basis der BMW R 18 zu pr\u00e4sentieren. Die Motoren sind das Ergebnis der Zusammenarbeit von BMW Motorrad Italien und seinem H\u00e4ndlernetz. Der R18M ist ein Projekt, das von der italienischen [\u2026]","og_url":"https:\/\/all-car-news.com\/de\/bmw-motorrad-enthuellt-r18m-und-r18-aurora\/","og_site_name":"All cars news","article_published_time":"2022-02-18T13:04:04+00:00","og_image":[{"width":1920,"height":1080,"url":"https:\/\/all-car-news.com\/wp-content\/uploads\/2022\/01\/header.jpg","type":"image\/jpeg"}],"twitter_card":"summary_large_image","twitter_misc":{"Gesch\u00e4tzte Lesezeit":"2\u00a0Minuten"},"schema":{"@context":"https:\/\/schema.org","@graph":[{"@type":"Article","@id":"https:\/\/all-car-news.com\/de\/bmw-motorrad-enthuellt-r18m-und-r18-aurora\/#article","isPartOf":{"@id":"https:\/\/all-car-news.com\/de\/bmw-motorrad-enthuellt-r18m-und-r18-aurora\/"},"author":{"name":"","@id":""},"headline":"BMW Motorrad enth\u00fcllt R18M und R18 Aurora","datePublished":"2022-02-18T13:04:04+00:00","dateModified":"2022-02-18T13:04:04+00:00","mainEntityOfPage":{"@id":"https:\/\/all-car-news.com\/de\/bmw-motorrad-enthuellt-r18m-und-r18-aurora\/"},"wordCount":319,"commentCount":0,"publisher":{"@id":"https:\/\/all-car-news.com\/de\/#organization"},"articleSection":["Auto Nachrichten"],"inLanguage":"de","potentialAction":[{"@type":"CommentAction","name":"Comment","target":["https:\/\/all-car-news.com\/de\/bmw-motorrad-enthuellt-r18m-und-r18-aurora\/#respond"]}]},{"@type":"WebPage","@id":"https:\/\/all-car-news.com\/de\/bmw-motorrad-enthuellt-r18m-und-r18-aurora\/","url":"https:\/\/all-car-news.com\/de\/bmw-motorrad-enthuellt-r18m-und-r18-aurora\/","name":"BMW Motorrad enth\u00fcllt R18M und R18 Aurora - All cars news","isPartOf":{"@id":"https:\/\/all-car-news.com\/de\/#website"},"datePublished":"2022-02-18T13:04:04+00:00","dateModified":"2022-02-18T13:04:04+00:00","breadcrumb":{"@id":"https:\/\/all-car-news.com\/de\/bmw-motorrad-enthuellt-r18m-und-r18-aurora\/#breadcrumb"},"inLanguage":"de","potentialAction":[{"@type":"ReadAction","target":["https:\/\/all-car-news.com\/de\/bmw-motorrad-enthuellt-r18m-und-r18-aurora\/"]}]},{"@type":"BreadcrumbList","@id":"https:\/\/all-car-news.com\/de\/bmw-motorrad-enthuellt-r18m-und-r18-aurora\/#breadcrumb","itemListElement":[{"@type":"ListItem","position":1,"name":"Home","item":"https:\/\/all-car-news.com\/de\/"},{"@type":"ListItem","position":2,"name":"BMW Motorrad enth\u00fcllt R18M und R18 Aurora"}]},{"@type":"WebSite","@id":"https:\/\/all-car-news.com\/de\/#website","url":"https:\/\/all-car-news.com\/de\/","name":"All cars news","description":"","publisher":{"@id":"https:\/\/all-car-news.com\/de\/#organization"},"potentialAction":[{"@type":"SearchAction","target":{"@type":"EntryPoint","urlTemplate":"https:\/\/all-car-news.com\/de\/?s={search_term_string}"},"query-input":"required name=search_term_string"}],"inLanguage":"de"},{"@type":"Organization","@id":"https:\/\/all-car-news.com\/de\/#organization","name":"All cars news","url":"https:\/\/all-car-news.com\/de\/","logo":{"@type":"ImageObject","inLanguage":"de","@id":"https:\/\/all-car-news.com\/de\/#\/schema\/logo\/image\/","url":"https:\/\/all-car-news.com\/wp-content\/uploads\/2022\/02\/CMYK-AllCarNews_LANDSCAPE_300px-1.png","contentUrl":"https:\/\/all-car-news.com\/wp-content\/uploads\/2022\/02\/CMYK-AllCarNews_LANDSCAPE_300px-1.png","width":300,"height":100,"caption":"All cars news"},"image":{"@id":"https:\/\/all-car-news.com\/de\/#\/schema\/logo\/image\/"}}]}},"_links":{"self":[{"href":"https:\/\/all-car-news.com\/de\/wp-json\/wp\/v2\/posts\/116291","targetHints":{"allow":["GET"]}}],"collection":[{"href":"https:\/\/all-car-news.com\/de\/wp-json\/wp\/v2\/posts"}],"about":[{"href":"https:\/\/all-car-news.com\/de\/wp-json\/wp\/v2\/types\/post"}],"replies":[{"embeddable":true,"href":"https:\/\/all-car-news.com\/de\/wp-json\/wp\/v2\/comments?post=116291"}],"version-history":[{"count":0,"href":"https:\/\/all-car-news.com\/de\/wp-json\/wp\/v2\/posts\/116291\/revisions"}],"wp:featuredmedia":[{"embeddable":true,"href":"https:\/\/all-car-news.com\/de\/wp-json\/wp\/v2\/media\/116143"}],"wp:attachment":[{"href":"https:\/\/all-car-news.com\/de\/wp-json\/wp\/v2\/media?parent=116291"}],"wp:term":[{"taxonomy":"category","embeddable":true,"href":"https:\/\/all-car-news.com\/de\/wp-json\/wp\/v2\/categories?post=116291"},{"taxonomy":"post_tag","embeddable":true,"href":"https:\/\/all-car-news.com\/de\/wp-json\/wp\/v2\/tags?post=116291"}],"curies":[{"name":"wp","href":"https:\/\/api.w.org\/{rel}","templated":true}]}}